{"id":69920,"date":"2014-10-15T08:51:09","date_gmt":"2014-10-15T11:51:09","guid":{"rendered":"http:\/\/franciscanos.org.br\/?p=69920"},"modified":"2020-11-12T11:20:48","modified_gmt":"2020-11-12T14:20:48","slug":"missionarios-ja-preparam-a-ordenacao-de-frei-marcos","status":"publish","type":"post","link":"https:\/\/franciscanos.org.br\/noticias\/missionarios-ja-preparam-a-ordenacao-de-frei-marcos.html","title":{"rendered":"Mission\u00e1rios j\u00e1 preparam a ordena\u00e7\u00e3o de Frei Marcos"},"content":{"rendered":"<p><strong>Frei Andr\u00e9 Luiz Henriques (texto) e\u00a0\u00a0Frei Augusto Luiz Gabriel (fotos)<\/strong><\/p>\n<p><strong>S\u00e3o Louren\u00e7o (MG)<\/strong> &#8211; A f\u00e9 nos ensina que a voca\u00e7\u00e3o \u00e9 um dom de Deus. S\u00e3o Louren\u00e7o, no sul de Minas Gerais, tem o privil\u00e9gio de poder contar entre os in\u00fameros dons com os quais o bom Deus agraciou esta cidade tamb\u00e9m este dom incompar\u00e1vel, que \u00e9 a alegria de ver tantos chamados \u00e0 vida religiosa e sacerdotal entre seus filhos.<\/p>\n<p>Frei Marcos Prado dos Santos, embora tenha nascido no munic\u00edpio de Carmo de Minas, \u00e9 um verdadeiro filho de S\u00e3o Louren\u00e7o. Aqui cresceu, fez amigos, foi coroinha. Aqui encontrou professores que o educaram e uma comunidade que o sustentou na f\u00e9. Aqui conheceu os frades franciscanos e viu-se apaixonado pelos ideais do Ser\u00e1fico Pai.<\/p>\n<p>Nesta ter\u00e7a-feira, na matriz de S\u00e3o Louren\u00e7o M\u00e1rtir, \u00e0s 18 horas, Frei Diego de Atalino Melo presidiu a Missa de Envio dos 21 mission\u00e1rios (9 frades, 3 irm\u00e3s e 9 leigos, incluindo jovens e vocacionados) que vieram de perto e de longe para visitar as fam\u00edlias das 8 comunidades que comp\u00f5em a Par\u00f3quia e, assim, junto do povo de Deus, preparar a festiva a\u00e7\u00e3o de gra\u00e7as por mais um filho da terra que \u00e9 ordenado pela Igreja para o servi\u00e7o de Deus e de Seu povo. Este \u00e9 o motivo pelo qual celebramos um tr\u00edduo e fazemos miss\u00e3o: porque o sacerd\u00f3cio \u00e9 um dom n\u00e3o apenas para aquele que \u00e9 ordenado, mas para toda a Igreja, para todo o povo de Deus, nos recordava Frei Diego em sua homilia.<\/p>\n<p>Estar novamente em S\u00e3o Louren\u00e7o \u00e9 estar em casa, n\u00e3o somente pelo grande carinho do povo pelos frades, que aqui residiram por mais de 70 anos, mas tamb\u00e9m pela acolhida sempre generosa dos irm\u00e3os e irm\u00e3s da Ordem Franciscana Secular, que se desdobram para nos oferecer hospedagem, comida, al\u00e9m de um abra\u00e7o fraterno e um sorriso verdadeiramente franciscano.<\/p>\n<p><img class=\"ngg_displayed_gallery mceItem\" src=\"http:\/\/franciscanos.org.br\/index.php\/nextgen-attach_to_post\/preview\/id--69922\" alt=\"\" \/><\/p>\n<p>&nbsp;<\/p>\n","protected":false},"excerpt":{"rendered":"<p>ordena\u00e7\u00e3o de Frei Marcos<\/p>\n","protected":false},"author":1,"featured_media":217606,"comment_status":"open","ping_status":"open","sticky":false,"template":"","format":"standard","meta":[],"categories":[1],"tags":[],"acf":[],"yoast_head":"<!-- This site is optimized with the Yoast SEO plugin v19.2 - https:\/\/yoast.com\/wordpress\/plugins\/seo\/ -->\n<title>Mission\u00e1rios j\u00e1 preparam a ordena\u00e7\u00e3o de Frei Marcos - Not\u00edcias - Franciscanos<\/title>\n<meta name=\"robots\" content=\"index, follow, max-snippet:-1, max-image-preview:large, max-video-preview:-1\" \/>\n<link rel=\"canonical\" href=\"https:\/\/franciscanos.org.br\/noticias\/missionarios-ja-preparam-a-ordenacao-de-frei-marcos.html\" \/>\n<meta property=\"og:locale\" content=\"pt_BR\" \/>\n<meta property=\"og:type\" content=\"article\" \/>\n<meta property=\"og:title\" content=\"Mission\u00e1rios j\u00e1 preparam a ordena\u00e7\u00e3o de Frei Marcos - Not\u00edcias - Franciscanos\" \/>\n<meta property=\"og:description\" content=\"ordena\u00e7\u00e3o de Frei Marcos\" \/>\n<meta property=\"og:url\" content=\"https:\/\/franciscanos.org.br\/noticias\/missionarios-ja-preparam-a-ordenacao-de-frei-marcos.html\" \/>\n<meta property=\"og:site_name\" content=\"Not\u00edcias - Franciscanos\" \/>\n<meta property=\"article:published_time\" content=\"2014-10-15T11:51:09+00:00\" \/>\n<meta property=\"article:modified_time\" content=\"2020-11-12T14:20:48+00:00\" \/>\n<meta property=\"og:image\" content=\"https:\/\/franciscanos.org.br\/noticias\/wp-content\/uploads\/2014\/10\/id-69922.jpg\" \/>\n\t<meta property=\"og:image:width\" content=\"273\" \/>\n\t<meta property=\"og:image:height\" content=\"180\" \/>\n\t<meta property=\"og:image:type\" content=\"image\/jpeg\" \/>\n<meta name=\"author\" content=\"admin\" \/>\n<meta name=\"twitter:card\" content=\"summary_large_image\" \/>\n<meta name=\"twitter:label1\" content=\"Escrito por\" \/>\n\t<meta name=\"twitter:data1\" content=\"admin\" \/>\n\t<meta name=\"twitter:label2\" content=\"Est. tempo de leitura\" \/>\n\t<meta name=\"twitter:data2\" content=\"2 minutos\" \/>\n<script type=\"application\/ld+json\" class=\"yoast-schema-graph\">{\"@context\":\"https:\/\/schema.org\",\"@graph\":[{\"@type\":\"WebSite\",\"@id\":\"https:\/\/franciscanos.org.br\/noticias\/#website\",\"url\":\"https:\/\/franciscanos.org.br\/noticias\/\",\"name\":\"Not\u00edcias - Franciscanos\",\"description\":\"Prov\u00edncia Franciscana da Imaculada Concei\u00e7\u00e3o do Brasil - Ordem dos Frades Menores - OFM\",\"potentialAction\":[{\"@type\":\"SearchAction\",\"target\":{\"@type\":\"EntryPoint\",\"urlTemplate\":\"https:\/\/franciscanos.org.br\/noticias\/?s={search_term_string}\"},\"query-input\":\"required name=search_term_string\"}],\"inLanguage\":\"pt-BR\"},{\"@type\":\"ImageObject\",\"inLanguage\":\"pt-BR\",\"@id\":\"https:\/\/franciscanos.org.br\/noticias\/missionarios-ja-preparam-a-ordenacao-de-frei-marcos.html#primaryimage\",\"url\":\"https:\/\/franciscanos.org.br\/noticias\/wp-content\/uploads\/2014\/10\/id-69922.jpg\",\"contentUrl\":\"https:\/\/franciscanos.org.br\/noticias\/wp-content\/uploads\/2014\/10\/id-69922.jpg\",\"width\":273,\"height\":180},{\"@type\":\"WebPage\",\"@id\":\"https:\/\/franciscanos.org.br\/noticias\/missionarios-ja-preparam-a-ordenacao-de-frei-marcos.html#webpage\",\"url\":\"https:\/\/franciscanos.org.br\/noticias\/missionarios-ja-preparam-a-ordenacao-de-frei-marcos.html\",\"name\":\"Mission\u00e1rios j\u00e1 preparam a ordena\u00e7\u00e3o de Frei Marcos - Not\u00edcias - Franciscanos\",\"isPartOf\":{\"@id\":\"https:\/\/franciscanos.org.br\/noticias\/#website\"},\"primaryImageOfPage\":{\"@id\":\"https:\/\/franciscanos.org.br\/noticias\/missionarios-ja-preparam-a-ordenacao-de-frei-marcos.html#primaryimage\"},\"datePublished\":\"2014-10-15T11:51:09+00:00\",\"dateModified\":\"2020-11-12T14:20:48+00:00\",\"author\":{\"@id\":\"https:\/\/franciscanos.org.br\/noticias\/#\/schema\/person\/b38fbf43118f02820bd932f2e4b14ad3\"},\"breadcrumb\":{\"@id\":\"https:\/\/franciscanos.org.br\/noticias\/missionarios-ja-preparam-a-ordenacao-de-frei-marcos.html#breadcrumb\"},\"inLanguage\":\"pt-BR\",\"potentialAction\":[{\"@type\":\"ReadAction\",\"target\":[\"https:\/\/franciscanos.org.br\/noticias\/missionarios-ja-preparam-a-ordenacao-de-frei-marcos.html\"]}]},{\"@type\":\"BreadcrumbList\",\"@id\":\"https:\/\/franciscanos.org.br\/noticias\/missionarios-ja-preparam-a-ordenacao-de-frei-marcos.html#breadcrumb\",\"itemListElement\":[{\"@type\":\"ListItem\",\"position\":1,\"name\":\"Home\",\"item\":\"https:\/\/franciscanos.org.br\/noticias\"},{\"@type\":\"ListItem\",\"position\":2,\"name\":\"Mission\u00e1rios j\u00e1 preparam a ordena\u00e7\u00e3o de Frei Marcos\"}]},{\"@type\":\"Person\",\"@id\":\"https:\/\/franciscanos.org.br\/noticias\/#\/schema\/person\/b38fbf43118f02820bd932f2e4b14ad3\",\"name\":\"admin\",\"image\":{\"@type\":\"ImageObject\",\"inLanguage\":\"pt-BR\",\"@id\":\"https:\/\/franciscanos.org.br\/noticias\/#\/schema\/person\/image\/\",\"url\":\"https:\/\/secure.gravatar.com\/avatar\/e8495742d34d0ba6448ea1c628263b3e?s=96&d=mm&r=g\",\"contentUrl\":\"https:\/\/secure.gravatar.com\/avatar\/e8495742d34d0ba6448ea1c628263b3e?s=96&d=mm&r=g\",\"caption\":\"admin\"},\"url\":\"https:\/\/franciscanos.org.br\/noticias\/author\/admin\"}]}<\/script>\n<!-- \/ Yoast SEO plugin. -->","yoast_head_json":{"title":"Mission\u00e1rios j\u00e1 preparam a ordena\u00e7\u00e3o de Frei Marcos - Not\u00edcias - Franciscanos","robots":{"index":"index","follow":"follow","max-snippet":"max-snippet:-1","max-image-preview":"max-image-preview:large","max-video-preview":"max-video-preview:-1"},"canonical":"https:\/\/franciscanos.org.br\/noticias\/missionarios-ja-preparam-a-ordenacao-de-frei-marcos.html","og_locale":"pt_BR","og_type":"article","og_title":"Mission\u00e1rios j\u00e1 preparam a ordena\u00e7\u00e3o de Frei Marcos - Not\u00edcias - Franciscanos","og_description":"ordena\u00e7\u00e3o de Frei Marcos","og_url":"https:\/\/franciscanos.org.br\/noticias\/missionarios-ja-preparam-a-ordenacao-de-frei-marcos.html","og_site_name":"Not\u00edcias - Franciscanos","article_published_time":"2014-10-15T11:51:09+00:00","article_modified_time":"2020-11-12T14:20:48+00:00","og_image":[{"width":273,"height":180,"url":"https:\/\/franciscanos.org.br\/noticias\/wp-content\/uploads\/2014\/10\/id-69922.jpg","type":"image\/jpeg"}],"author":"admin","twitter_card":"summary_large_image","twitter_misc":{"Escrito por":"admin","Est. tempo de leitura":"2 minutos"},"schema":{"@context":"https:\/\/schema.org","@graph":[{"@type":"WebSite","@id":"https:\/\/franciscanos.org.br\/noticias\/#website","url":"https:\/\/franciscanos.org.br\/noticias\/","name":"Not\u00edcias - Franciscanos","description":"Prov\u00edncia Franciscana da Imaculada Concei\u00e7\u00e3o do Brasil - Ordem dos Frades Menores - OFM","potentialAction":[{"@type":"SearchAction","target":{"@type":"EntryPoint","urlTemplate":"https:\/\/franciscanos.org.br\/noticias\/?s={search_term_string}"},"query-input":"required name=search_term_string"}],"inLanguage":"pt-BR"},{"@type":"ImageObject","inLanguage":"pt-BR","@id":"https:\/\/franciscanos.org.br\/noticias\/missionarios-ja-preparam-a-ordenacao-de-frei-marcos.html#primaryimage","url":"https:\/\/franciscanos.org.br\/noticias\/wp-content\/uploads\/2014\/10\/id-69922.jpg","contentUrl":"https:\/\/franciscanos.org.br\/noticias\/wp-content\/uploads\/2014\/10\/id-69922.jpg","width":273,"height":180},{"@type":"WebPage","@id":"https:\/\/franciscanos.org.br\/noticias\/missionarios-ja-preparam-a-ordenacao-de-frei-marcos.html#webpage","url":"https:\/\/franciscanos.org.br\/noticias\/missionarios-ja-preparam-a-ordenacao-de-frei-marcos.html","name":"Mission\u00e1rios j\u00e1 preparam a ordena\u00e7\u00e3o de Frei Marcos - Not\u00edcias - Franciscanos","isPartOf":{"@id":"https:\/\/franciscanos.org.br\/noticias\/#website"},"primaryImageOfPage":{"@id":"https:\/\/franciscanos.org.br\/noticias\/missionarios-ja-preparam-a-ordenacao-de-frei-marcos.html#primaryimage"},"datePublished":"2014-10-15T11:51:09+00:00","dateModified":"2020-11-12T14:20:48+00:00","author":{"@id":"https:\/\/franciscanos.org.br\/noticias\/#\/schema\/person\/b38fbf43118f02820bd932f2e4b14ad3"},"breadcrumb":{"@id":"https:\/\/franciscanos.org.br\/noticias\/missionarios-ja-preparam-a-ordenacao-de-frei-marcos.html#breadcrumb"},"inLanguage":"pt-BR","potentialAction":[{"@type":"ReadAction","target":["https:\/\/franciscanos.org.br\/noticias\/missionarios-ja-preparam-a-ordenacao-de-frei-marcos.html"]}]},{"@type":"BreadcrumbList","@id":"https:\/\/franciscanos.org.br\/noticias\/missionarios-ja-preparam-a-ordenacao-de-frei-marcos.html#breadcrumb","itemListElement":[{"@type":"ListItem","position":1,"name":"Home","item":"https:\/\/franciscanos.org.br\/noticias"},{"@type":"ListItem","position":2,"name":"Mission\u00e1rios j\u00e1 preparam a ordena\u00e7\u00e3o de Frei Marcos"}]},{"@type":"Person","@id":"https:\/\/franciscanos.org.br\/noticias\/#\/schema\/person\/b38fbf43118f02820bd932f2e4b14ad3","name":"admin","image":{"@type":"ImageObject","inLanguage":"pt-BR","@id":"https:\/\/franciscanos.org.br\/noticias\/#\/schema\/person\/image\/","url":"https:\/\/secure.gravatar.com\/avatar\/e8495742d34d0ba6448ea1c628263b3e?s=96&d=mm&r=g","contentUrl":"https:\/\/secure.gravatar.com\/avatar\/e8495742d34d0ba6448ea1c628263b3e?s=96&d=mm&r=g","caption":"admin"},"url":"https:\/\/franciscanos.org.br\/noticias\/author\/admin"}]}},"_links":{"self":[{"href":"https:\/\/franciscanos.org.br\/noticias\/wp-json\/wp\/v2\/posts\/69920"}],"collection":[{"href":"https:\/\/franciscanos.org.br\/noticias\/wp-json\/wp\/v2\/posts"}],"about":[{"href":"https:\/\/franciscanos.org.br\/noticias\/wp-json\/wp\/v2\/types\/post"}],"author":[{"embeddable":true,"href":"https:\/\/franciscanos.org.br\/noticias\/wp-json\/wp\/v2\/users\/1"}],"replies":[{"embeddable":true,"href":"https:\/\/franciscanos.org.br\/noticias\/wp-json\/wp\/v2\/comments?post=69920"}],"version-history":[{"count":1,"href":"https:\/\/franciscanos.org.br\/noticias\/wp-json\/wp\/v2\/posts\/69920\/revisions"}],"predecessor-version":[{"id":229394,"href":"https:\/\/franciscanos.org.br\/noticias\/wp-json\/wp\/v2\/posts\/69920\/revisions\/229394"}],"wp:featuredmedia":[{"embeddable":true,"href":"https:\/\/franciscanos.org.br\/noticias\/wp-json\/wp\/v2\/media\/217606"}],"wp:attachment":[{"href":"https:\/\/franciscanos.org.br\/noticias\/wp-json\/wp\/v2\/media?parent=69920"}],"wp:term":[{"taxonomy":"category","embeddable":true,"href":"https:\/\/franciscanos.org.br\/noticias\/wp-json\/wp\/v2\/categories?post=69920"},{"taxonomy":"post_tag","embeddable":true,"href":"https:\/\/franciscanos.org.br\/noticias\/wp-json\/wp\/v2\/tags?post=69920"}],"curies":[{"name":"wp","href":"https:\/\/api.w.org\/{rel}","templated":true}]}}