{"id":69815,"date":"2014-10-15T08:51:02","date_gmt":"2014-10-15T11:51:02","guid":{"rendered":"http:\/\/franciscanos.org.br\/?p=69815"},"modified":"2020-06-24T10:03:47","modified_gmt":"2020-06-24T13:03:47","slug":"frei-marcos-sera-ordenado-presbitero-no-sabado","status":"publish","type":"post","link":"https:\/\/franciscanos.org.br\/noticias\/frei-marcos-sera-ordenado-presbitero-no-sabado.html","title":{"rendered":"Frei Marcos ser\u00e1 ordenado presb\u00edtero no s\u00e1bado"},"content":{"rendered":"<p><strong><img loading=\"lazy\" class=\"alignleft wp-image-197429 size-full\" src=\"https:\/\/franciscanos.org.br\/noticias\/wp-content\/uploads\/2014\/10\/marcos.jpg\" alt=\"\" width=\"500\" height=\"544\" srcset=\"https:\/\/franciscanos.org.br\/noticias\/wp-content\/uploads\/2014\/10\/marcos.jpg 500w, https:\/\/franciscanos.org.br\/noticias\/wp-content\/uploads\/2014\/10\/marcos-414x450.jpg 414w, https:\/\/franciscanos.org.br\/noticias\/wp-content\/uploads\/2014\/10\/marcos-150x163.jpg 150w\" sizes=\"(max-width: 500px) 100vw, 500px\" \/>Moacir Beggo<\/strong><\/p>\n<p><em>No dia 18 de outubro, \u00e0s 16 horas, <strong>Frei Marcos Prado dos Santos<\/strong> ser\u00e1 ordenado presb\u00edtero pelo bispo Dom Diamantino Prata de Carvalho, OFM, da Diocese de Campanha (MG). No domingo, 19 de outubro, ele vai celebrar a Primeira Missa \u00e0s 10 horas. Tanto a ordena\u00e7\u00e3o como as prim\u00edcias ser\u00e3o na Par\u00f3quia S\u00e3o Louren\u00e7o, no centro de S\u00e3o Louren\u00e7o (MG). Nesta entrevista, esse mineiro de Carmo de Minas fala um pouco do minist\u00e9rio que vai assumir, dos desafios, e da orienta\u00e7\u00e3o do Papa Francisco para que ele tenha o \u201ccheiro das ovelhas\u201d. Conhe\u00e7a um pouco mais o futuro presb\u00edtero da Prov\u00edncia, que escolheu como lema para a sua ordena\u00e7\u00e3o: \u201cA messe \u00e9 grande, mas os trabalhadores s\u00e3o poucos. Pedi, pois, ao dono da messe que mande trabalhadores para a colheita\u201d (Lc 10,2).<\/em><\/p>\n<p><strong>Site Franciscanos<\/strong>\u00a0&#8211;<em> O que representa para voc\u00ea chegar \u00e0 ordena\u00e7\u00e3o presbiteral depois de tantos anos de estudo?<\/em><\/p>\n<p><strong>Frei Marcos<\/strong> &#8211; Depois de anos de estudo, da pr\u00e1tica pastoral constante e de cada dia dedicado ao seguimento de Jesus, sinto-me feliz por continuar a miss\u00e3o do discipulado, sendo fiel, colocando a minha vida a servi\u00e7o da Prov\u00edncia e da Igreja. Este momento especial em minha vida, de minha querida fam\u00edlia, que est\u00e1 em S\u00e3o Louren\u00e7o, e de meus estimados irm\u00e3os na fraternidade, n\u00e3o se resume apenas em mais uma conquista ou uma vit\u00f3ria, mas a maior conquista e vit\u00f3ria \u00e9 a doa\u00e7\u00e3o de vida, deixando-me modelar a cada dia pelo Evangelho e seu santo modo de operar. A maior riqueza, a vit\u00f3ria, \u00e9 colocar-me a servi\u00e7o pela causa do Reino de Deus. Este tesouro n\u00e3o se corrompe, muito menos \u00e9 entregue \u00e0s tra\u00e7as. E, quando olho para vida de S\u00e3o Francisco de Assis, enxergo uma grande virtude franciscana: ser capaz de viver em constante desapego, ser capaz de seguir o exemplo de Nosso Senhor Jesus Cristo, vivendo desta felicidade constante do desapego; tenho a felicidade de saber que a luta n\u00e3o \u00e9 para mim mesmo, mas para o povo de Deus. Por isso, tenho consci\u00eancia de que n\u00e3o tenho que estar em primeiro lugar, mas, pelo contr\u00e1rio, talvez o lugar que me \u00e9 concedido seja o \u00faltimo. Porque, na luta para ser servo, o mais importante \u00e9 servir. E sei que neste mundo poucos s\u00e3o os oper\u00e1rios e poucos ainda querem lutar para serem servos! Para mim o ser servo significa: \u201cn\u00e3o levar consigo coisa alguma para o caminho, nem bord\u00e3o, nem mochila, nem p\u00e3o, nem dinheiro, nem ter duas t\u00fanicas\u201d (Lc 9,3). Minha felicidade n\u00e3o se resume em ser servo de quem eu sou, mas de quem me escolheu, por isso, para alcan\u00e7ar esta plenitude do m\u00fanus apost\u00f3lico, sei que quem me escolheu, me dar\u00e1 tudo e, ao mesmo tempo, n\u00e3o deverei ter nada, sen\u00e3o somente o desejo e a vontade de fazer a Sua vontade, ou seja, pregar com fervor o Evangelho. E, desta maneira, com o nada ser feliz em tudo. Por isso, minha felicidade e alegria em servir se reflete na seguran\u00e7a de quem descobriu o maior de todos os tesouros: estar sempre a servi\u00e7o de Jesus e do povo de Deus.<\/p>\n<p><strong>Site Franciscanos<\/strong>\u00a0\u2013 <em>O que voc\u00ea acha da frase do Papa de que o presb\u00edtero tem que ter o \u201ccheiro das ovelhas\u201d?<\/em><\/p>\n<p><strong>Frei Marcos<\/strong> &#8211; Ser presb\u00edtero \u00e9 ter sempre intimidade com Jesus, tendo uma vida profunda de ora\u00e7\u00e3o, f\u00e9 e devo\u00e7\u00e3o, mas o ser presb\u00edtero tamb\u00e9m \u00e9 se ocupar a cada dia com as p\u00e1ginas da hist\u00f3ria de vida de cada um que faz parte da comunidade de f\u00e9, ou seja, o povo de Deus. O ouvir constantemente a Deus traduz-se no ouvir tamb\u00e9m o constante apelo do povo de Deus, porque os efeitos da amizade, da intimidade com Deus, estar\u00e3o profundamente mergulhados na rela\u00e7\u00e3o de aux\u00edlio, atendimento da comunidade, e na vida de cada fiel, que necessita encontrar a Jesus. Basta olhar ao redor da par\u00f3quia de Santo Amaro, e a partir desta realidade visualizar as muitas necessidades do povo de Deus. Quando se assume a miss\u00e3o de Jesus, se assume tamb\u00e9m a miss\u00e3o da comunidade de f\u00e9, e neste sentido \u00e9 essencial para o pastor ter o \u201ccheiro das suas ovelhas\u201d; portanto, acredito que a vida de um presb\u00edtero somente tem sentido se \u00e9 vivida junto da comunidade de f\u00e9, encontrando na comunidade o sentido maior de se viver: sendo sentinela, servindo sempre, pois um sacerdote mission\u00e1rio que ama a Jesus deve assumir a cada dia o servi\u00e7o e miss\u00e3o da Igreja, uma Igreja que \u00e9 comunidade e convers\u00e3o. Eu tenho certeza que a cada dia devemos exercer o servi\u00e7o ao povo de Deus, descobrindo e redescobrindo o chamado de nossa voca\u00e7\u00e3o, onde quer que Deus nos conduza, \u201cpregar a palavra, insistir oportuna e inoportunamente, repreender, exortar com toda a paci\u00eancia e empenho de instruir\u201d (2 Tm 4,2) e com amor. O Papa Francisco com a expres\u00e3o \u201ccheiro das ovelhas\u201d quer que o Presb\u00edtero sempre seja amigo de Deus e de seu povo, cuidando de cada cora\u00e7\u00e3o, aproximando-se e aproximando cada um da morada paterna.<\/p>\n<p><strong>Site Franciscanos<\/strong>\u00a0&#8211; <em>Quais os desafios que um jovem presb\u00edtero tem neste momento da Igreja?<\/em><\/p>\n<p><strong>Frei Marcos<\/strong> &#8211; Um jovem presb\u00edtero deve sempre se manter fiel ao povo de Deus. E, a partir desta fidelidade, mergulhar de cora\u00e7\u00e3o na evangeliza\u00e7\u00e3o, levando a Palavra de Deus a todas as pessoas. Hoje, principalmente no contexto da evangeliza\u00e7\u00e3o atual, deve-se atender aos sinais dos tempos. Eis um grande desafio, atender aos sinais dos tempos na fraternidade, na comunidade, na dimens\u00e3o eclesial. Como dizia Santa Clara: \u201cN\u00e3o perca de vista o ponto de partida\u201d, n\u00e3o se pode permitir perder de vista o ponto de partida, o primeiro amor, o desejo e a vontade de fazer a vontade daquele que envia. O presb\u00edtero de hoje \u00e9 aquele que, na Igreja, povo de Deus, coloca-se como servidor, em uma voca\u00e7\u00e3o permanente e decidida, com discri\u00e7\u00e3o, para atender aos pobres e ricos, em sentido material e principalmente espiritual. Alimentar, com a Palavra de Deus, o povo, que est\u00e1 sedento. E para um jovem presb\u00edtero, posicionar-se diante de uma sociedade em constante mudan\u00e7a, \u00e9 um grande desafio, uma sociedade centralizada no econ\u00f4mico, onde muitas vezes a religiosidade est\u00e1 se deslocando para o anonimato, e a maioria das pessoas n\u00e3o veem mais sentido na esfera religiosa, ou seja, n\u00e3o se cultiva mais a f\u00e9, a devo\u00e7\u00e3o, a caridade, enfim, o amor ao pr\u00f3ximo parece tender a um enfraquecimento. O Deus que \u00e9 amor deixa de ser o essencial da vida das pessoas. \u00c9 nesta dimens\u00e3o de vida que se deve manter fiel, para ajudar no an\u00fancio do Evangelho, para resgatar o cora\u00e7\u00e3o das pessoas perdidas, e, a partir da experi\u00eancia pessoal, ser um exemplo de f\u00e9 e devo\u00e7\u00e3o como S\u00e3o Francisco de Assis. Tenho certeza de que ser presb\u00edtero na sociedade de hoje \u00e9 dar prioridade \u00e0 comunidade formada pelo Povo de Deus, levando a mensagem do Evangelho a todas as pessoas, fazendo nascer o fruto em terra seca, e desta forma demonstrar que somente se encontra seguran\u00e7a nas m\u00e3os de Deus. Jesus, para mim, sempre foi um porto seguro, e na hora em que eu mais precisei, Ele estava presente em minha vida. Quero levar este Jesus, presente na Eucaristia, a todas as pessoas necessitadas. A Eucaristia hoje deve ser um sinal da presen\u00e7a de Deus entre n\u00f3s, n\u00e3o de maneira superficial, mas em profundidade, dando-nos uma identidade pessoal de abertura e di\u00e1logo constante com Deus. Ser um jovem presb\u00edtero hoje \u00e9 levar o Cristo eucar\u00edstico para dentro do cora\u00e7\u00e3o de cada fiel! Assim como Ele habita em nosso cora\u00e7\u00e3o.<\/p>\n<p><strong>Site Franciscanos<\/strong>\u00a0&#8211; <em>Como se deu o seu discernimento vocacional?<\/em><\/p>\n<p><strong>Frei Marcos<\/strong> &#8211; Eu era bem jovem quando comecei a participar dos encontros vocacionais com Frei Diamantino, hoje bispo da Diocese de Campanha, no Sul de Minas. Naquela \u00e9poca, buscando o discernimento vocacional, tamb\u00e9m estava em contato com os Redentoristas, j\u00e1 que, com apenas nove anos, tive contato com eles quando fui com minha av\u00f3 Maria Aparecida ao Semin\u00e1rio Santo Afonso, na cidade de Aparecida, no Vale do Para\u00edba (SP). Fui, durante um longo tempo, assistido pelos Redentoristas, sem deixar de fazer todos os encontros vocacionais na Par\u00f3quia de S\u00e3o Louren\u00e7o M\u00e1rtir, que era franciscana. Sempre ouvia falar de S\u00e3o Francisco de Assis e o admirava por seu exemplo de vida. Aos poucos, fui nutrindo certa paix\u00e3o pela vida franciscana. Mesmo assim decidi entrar na Congrega\u00e7\u00e3o do Sant\u00edssimo Redentor e morei no Semin\u00e1rio Santo Afonso, em Aparecida. Mas n\u00e3o fiquei muito tempo. Sa\u00ed em 1999 e, nos anos seguintes, continuei a fazer os encontros vocacionais com Frei Perceval Canuto. Amadureci minha voca\u00e7\u00e3o franciscana e me decidi pelo carisma franciscano, bem diferente do carisma de Santo Afonso, principalmente em rela\u00e7\u00e3o ao modo de vida, \u00e0 viv\u00eancia dos votos na vida religiosa. Para exercer tudo isso com gratid\u00e3o de cora\u00e7\u00e3o, decidi seguir os passos de Jesus Cristo, a exemplo de S\u00e3o Francisco de Assis.<\/p>\n<p><strong>Site Franciscanos<\/strong>\u00a0&#8211; <em>Como S\u00e3o Francisco entrou em sua vida?<\/em><\/p>\n<p><strong>Frei Marcos<\/strong> &#8211; A minha catequese toda foi assistida por Frei Aymor\u00e9 Dalm\u00e9dico, que morava e trabalhava na Par\u00f3quia de S\u00e3o Louren\u00e7o. Portanto, sempre estive perto dos frades, sempre vivenciei a vida e os valores da fraternidade que conhecia. Mesmo durante a catequese, depois na \u00e9poca dos encontros vocacionais, com Frei Diamantino e, mais tarde, com Frei Perceval, aprofundei-me nos escritos e na vida de S\u00e3o Francisco, grande santo e patrono de todas as criaturas. Antes, ainda, conheci um S\u00e3o Francisco na escola que amava a natureza e cuidava de todos os animais. E quando era coroinha, na Par\u00f3quia de S\u00e3o Louren\u00e7o, sempre admirei a maneira como os frades celebravam e falavam dos valores da vida. Suas prega\u00e7\u00f5es e homilias eram cativantes. Era uma extens\u00e3o da vida de S\u00e3o Francisco de Assis na sua simplicidade e amor a todas as coisas criadas por Deus.<\/p>\n<p><strong>Site Franciscanos<\/strong>\u00a0&#8211;<em> Fale um pouco de sua fam\u00edlia e de sua cidade, Carmo de Minas.<\/em><\/p>\n<p><strong>Frei Marcos<\/strong> &#8211; Em linhas gerais, quando era pequeno, minha fam\u00edlia morava em Carmo de Minas. Meus pais, av\u00f3s e todos os parentes ainda estavam no campo, mas foram seduzidos por uma vida longe daquele lugar, talvez uma vida melhor. Eu tinha pouca idade quando minha fam\u00edlia iniciara um \u00eaxodo de Carmo de Minas. Alguns decidiram ir para o Rio de Janeiro, e at\u00e9 hoje moram por l\u00e1, outros foram para S\u00e3o Paulo e alguns residem no Tri\u00e2ngulo Mineiro. Mas, escapei de morar no Rio de Janeiro, pois minha m\u00e3e achou que era muito longe. Fomos para a cidade mais pr\u00f3xima, S\u00e3o Louren\u00e7o. Meus pais se separaram. Meu pai continuou em Carmo de Minas e depois foi para Belo Horizonte, e minha m\u00e3e com meus av\u00f3s, uma tia e meu irm\u00e3o, ficamos em S\u00e3o Louren\u00e7o. Desde pequeno, cresci em S\u00e3o Louren\u00e7o, onde minha fam\u00edlia se dedicou ao trabalho no Hotel Beira Parque.<\/p>\n<p><strong>Site Franciscanos<\/strong>\u00a0\u2013 <em>Deixe uma mensagem aos sobre esta miss\u00e3o que est\u00e1 assumindo.<\/em><\/p>\n<p><strong>Frei Marcos<\/strong> &#8211; Santo Agostinho dizia: \u201cTarde Vos amei, \u00f3 Beleza t\u00e3o antiga e t\u00e3o nova, tarde Vos amei! Eis que habit\u00e1veis dentro de mim, e eu, l\u00e1 fora, a procurar-Vos!\u201d. Vejo que os jovens de hoje andam meio preocupados com a beleza, ou seja, um padr\u00e3o de beleza, onde as pessoas querem, dentro de um contexto, serem lindas, perfeitas, evidenciando apenas a exterioridade da exist\u00eancia. Mas, \u00e0s vezes, se esquecem da maior perfei\u00e7\u00e3o que um dia conheceram: o Deus que habita com seu Esp\u00edrito Santo o cora\u00e7\u00e3o de cada pessoa. Deus proporciona uma felicidade que n\u00e3o passa, que n\u00e3o \u00e9 uma vitrine, que n\u00e3o muda de acordo com a moda. Ao encontrar a Deus, muitos jovens deveriam se preocupar menos com a beleza e tentar buscar primeiramente a alegria e o prazer em viver as coisas \u00fanicas e simples do dia a dia. Como a mulher samaritana, cada um de n\u00f3s tem a oportunidade de viver no dia a dia o verdadeiro Amor, n\u00e3o aquele que oprime e que deixa estagnado no lugar, mas aquele Amor que d\u00e1 asas. Este \u00e9 o amor que nos ensina a agarrar-nos \u00e0s coisas de Deus; as coisas de Deus n\u00e3o s\u00e3o passageiras. O Papa Francisco nos diz que \u201ca grande esperan\u00e7a que a f\u00e9 nos d\u00e1 \u00e9 saber que mesmo em meio \u00e0s dificuldades Deus atua e nos surpreende\u201d. Portanto, jovem, n\u00e3o tenha medo, caminhe sempre com o cora\u00e7\u00e3o voltado para Deus!<\/p>\n","protected":false},"excerpt":{"rendered":"<p>Ordena\u00e7\u00e3o presbiteral<\/p>\n","protected":false},"author":1,"featured_media":219418,"comment_status":"open","ping_status":"open","sticky":false,"template":"","format":"standard","meta":[],"categories":[758],"tags":[157],"acf":[],"yoast_head":"<!-- This site is optimized with the Yoast SEO plugin v19.2 - https:\/\/yoast.com\/wordpress\/plugins\/seo\/ -->\n<title>Frei Marcos ser\u00e1 ordenado presb\u00edtero no s\u00e1bado - Not\u00edcias - Franciscanos<\/title>\n<meta name=\"robots\" content=\"index, follow, max-snippet:-1, max-image-preview:large, max-video-preview:-1\" \/>\n<link rel=\"canonical\" href=\"https:\/\/franciscanos.org.br\/noticias\/frei-marcos-sera-ordenado-presbitero-no-sabado.html\" \/>\n<meta property=\"og:locale\" content=\"pt_BR\" \/>\n<meta property=\"og:type\" content=\"article\" \/>\n<meta property=\"og:title\" content=\"Frei Marcos ser\u00e1 ordenado presb\u00edtero no s\u00e1bado - Not\u00edcias - Franciscanos\" \/>\n<meta property=\"og:description\" content=\"Ordena\u00e7\u00e3o presbiteral\" \/>\n<meta property=\"og:url\" content=\"https:\/\/franciscanos.org.br\/noticias\/frei-marcos-sera-ordenado-presbitero-no-sabado.html\" \/>\n<meta property=\"og:site_name\" content=\"Not\u00edcias - Franciscanos\" \/>\n<meta property=\"article:published_time\" content=\"2014-10-15T11:51:02+00:00\" \/>\n<meta property=\"article:modified_time\" content=\"2020-06-24T13:03:47+00:00\" \/>\n<meta property=\"og:image\" content=\"https:\/\/franciscanos.org.br\/noticias\/wp-content\/uploads\/2014\/10\/marcos-1.jpg\" \/>\n\t<meta property=\"og:image:width\" content=\"273\" \/>\n\t<meta property=\"og:image:height\" content=\"182\" \/>\n\t<meta property=\"og:image:type\" content=\"image\/jpeg\" \/>\n<meta name=\"author\" content=\"admin\" \/>\n<meta name=\"twitter:card\" content=\"summary_large_image\" \/>\n<meta name=\"twitter:label1\" content=\"Escrito por\" \/>\n\t<meta name=\"twitter:data1\" content=\"admin\" \/>\n\t<meta name=\"twitter:label2\" content=\"Est. tempo de leitura\" \/>\n\t<meta name=\"twitter:data2\" content=\"11 minutos\" \/>\n<script type=\"application\/ld+json\" class=\"yoast-schema-graph\">{\"@context\":\"https:\/\/schema.org\",\"@graph\":[{\"@type\":\"WebSite\",\"@id\":\"https:\/\/franciscanos.org.br\/noticias\/#website\",\"url\":\"https:\/\/franciscanos.org.br\/noticias\/\",\"name\":\"Not\u00edcias - Franciscanos\",\"description\":\"Prov\u00edncia Franciscana da Imaculada Concei\u00e7\u00e3o do Brasil - Ordem dos Frades Menores - OFM\",\"potentialAction\":[{\"@type\":\"SearchAction\",\"target\":{\"@type\":\"EntryPoint\",\"urlTemplate\":\"https:\/\/franciscanos.org.br\/noticias\/?s={search_term_string}\"},\"query-input\":\"required name=search_term_string\"}],\"inLanguage\":\"pt-BR\"},{\"@type\":\"ImageObject\",\"inLanguage\":\"pt-BR\",\"@id\":\"https:\/\/franciscanos.org.br\/noticias\/frei-marcos-sera-ordenado-presbitero-no-sabado.html#primaryimage\",\"url\":\"https:\/\/franciscanos.org.br\/noticias\/wp-content\/uploads\/2014\/10\/marcos-1.jpg\",\"contentUrl\":\"https:\/\/franciscanos.org.br\/noticias\/wp-content\/uploads\/2014\/10\/marcos-1.jpg\",\"width\":273,\"height\":182},{\"@type\":\"WebPage\",\"@id\":\"https:\/\/franciscanos.org.br\/noticias\/frei-marcos-sera-ordenado-presbitero-no-sabado.html#webpage\",\"url\":\"https:\/\/franciscanos.org.br\/noticias\/frei-marcos-sera-ordenado-presbitero-no-sabado.html\",\"name\":\"Frei Marcos ser\u00e1 ordenado presb\u00edtero no s\u00e1bado - Not\u00edcias - Franciscanos\",\"isPartOf\":{\"@id\":\"https:\/\/franciscanos.org.br\/noticias\/#website\"},\"primaryImageOfPage\":{\"@id\":\"https:\/\/franciscanos.org.br\/noticias\/frei-marcos-sera-ordenado-presbitero-no-sabado.html#primaryimage\"},\"datePublished\":\"2014-10-15T11:51:02+00:00\",\"dateModified\":\"2020-06-24T13:03:47+00:00\",\"author\":{\"@id\":\"https:\/\/franciscanos.org.br\/noticias\/#\/schema\/person\/b38fbf43118f02820bd932f2e4b14ad3\"},\"breadcrumb\":{\"@id\":\"https:\/\/franciscanos.org.br\/noticias\/frei-marcos-sera-ordenado-presbitero-no-sabado.html#breadcrumb\"},\"inLanguage\":\"pt-BR\",\"potentialAction\":[{\"@type\":\"ReadAction\",\"target\":[\"https:\/\/franciscanos.org.br\/noticias\/frei-marcos-sera-ordenado-presbitero-no-sabado.html\"]}]},{\"@type\":\"BreadcrumbList\",\"@id\":\"https:\/\/franciscanos.org.br\/noticias\/frei-marcos-sera-ordenado-presbitero-no-sabado.html#breadcrumb\",\"itemListElement\":[{\"@type\":\"ListItem\",\"position\":1,\"name\":\"Home\",\"item\":\"https:\/\/franciscanos.org.br\/noticias\"},{\"@type\":\"ListItem\",\"position\":2,\"name\":\"Frei Marcos ser\u00e1 ordenado presb\u00edtero no s\u00e1bado\"}]},{\"@type\":\"Person\",\"@id\":\"https:\/\/franciscanos.org.br\/noticias\/#\/schema\/person\/b38fbf43118f02820bd932f2e4b14ad3\",\"name\":\"admin\",\"image\":{\"@type\":\"ImageObject\",\"inLanguage\":\"pt-BR\",\"@id\":\"https:\/\/franciscanos.org.br\/noticias\/#\/schema\/person\/image\/\",\"url\":\"https:\/\/secure.gravatar.com\/avatar\/e8495742d34d0ba6448ea1c628263b3e?s=96&d=mm&r=g\",\"contentUrl\":\"https:\/\/secure.gravatar.com\/avatar\/e8495742d34d0ba6448ea1c628263b3e?s=96&d=mm&r=g\",\"caption\":\"admin\"},\"url\":\"https:\/\/franciscanos.org.br\/noticias\/author\/admin\"}]}<\/script>\n<!-- \/ Yoast SEO plugin. -->","yoast_head_json":{"title":"Frei Marcos ser\u00e1 ordenado presb\u00edtero no s\u00e1bado - Not\u00edcias - Franciscanos","robots":{"index":"index","follow":"follow","max-snippet":"max-snippet:-1","max-image-preview":"max-image-preview:large","max-video-preview":"max-video-preview:-1"},"canonical":"https:\/\/franciscanos.org.br\/noticias\/frei-marcos-sera-ordenado-presbitero-no-sabado.html","og_locale":"pt_BR","og_type":"article","og_title":"Frei Marcos ser\u00e1 ordenado presb\u00edtero no s\u00e1bado - Not\u00edcias - Franciscanos","og_description":"Ordena\u00e7\u00e3o presbiteral","og_url":"https:\/\/franciscanos.org.br\/noticias\/frei-marcos-sera-ordenado-presbitero-no-sabado.html","og_site_name":"Not\u00edcias - Franciscanos","article_published_time":"2014-10-15T11:51:02+00:00","article_modified_time":"2020-06-24T13:03:47+00:00","og_image":[{"width":273,"height":182,"url":"https:\/\/franciscanos.org.br\/noticias\/wp-content\/uploads\/2014\/10\/marcos-1.jpg","type":"image\/jpeg"}],"author":"admin","twitter_card":"summary_large_image","twitter_misc":{"Escrito por":"admin","Est. tempo de leitura":"11 minutos"},"schema":{"@context":"https:\/\/schema.org","@graph":[{"@type":"WebSite","@id":"https:\/\/franciscanos.org.br\/noticias\/#website","url":"https:\/\/franciscanos.org.br\/noticias\/","name":"Not\u00edcias - Franciscanos","description":"Prov\u00edncia Franciscana da Imaculada Concei\u00e7\u00e3o do Brasil - Ordem dos Frades Menores - OFM","potentialAction":[{"@type":"SearchAction","target":{"@type":"EntryPoint","urlTemplate":"https:\/\/franciscanos.org.br\/noticias\/?s={search_term_string}"},"query-input":"required name=search_term_string"}],"inLanguage":"pt-BR"},{"@type":"ImageObject","inLanguage":"pt-BR","@id":"https:\/\/franciscanos.org.br\/noticias\/frei-marcos-sera-ordenado-presbitero-no-sabado.html#primaryimage","url":"https:\/\/franciscanos.org.br\/noticias\/wp-content\/uploads\/2014\/10\/marcos-1.jpg","contentUrl":"https:\/\/franciscanos.org.br\/noticias\/wp-content\/uploads\/2014\/10\/marcos-1.jpg","width":273,"height":182},{"@type":"WebPage","@id":"https:\/\/franciscanos.org.br\/noticias\/frei-marcos-sera-ordenado-presbitero-no-sabado.html#webpage","url":"https:\/\/franciscanos.org.br\/noticias\/frei-marcos-sera-ordenado-presbitero-no-sabado.html","name":"Frei Marcos ser\u00e1 ordenado presb\u00edtero no s\u00e1bado - Not\u00edcias - Franciscanos","isPartOf":{"@id":"https:\/\/franciscanos.org.br\/noticias\/#website"},"primaryImageOfPage":{"@id":"https:\/\/franciscanos.org.br\/noticias\/frei-marcos-sera-ordenado-presbitero-no-sabado.html#primaryimage"},"datePublished":"2014-10-15T11:51:02+00:00","dateModified":"2020-06-24T13:03:47+00:00","author":{"@id":"https:\/\/franciscanos.org.br\/noticias\/#\/schema\/person\/b38fbf43118f02820bd932f2e4b14ad3"},"breadcrumb":{"@id":"https:\/\/franciscanos.org.br\/noticias\/frei-marcos-sera-ordenado-presbitero-no-sabado.html#breadcrumb"},"inLanguage":"pt-BR","potentialAction":[{"@type":"ReadAction","target":["https:\/\/franciscanos.org.br\/noticias\/frei-marcos-sera-ordenado-presbitero-no-sabado.html"]}]},{"@type":"BreadcrumbList","@id":"https:\/\/franciscanos.org.br\/noticias\/frei-marcos-sera-ordenado-presbitero-no-sabado.html#breadcrumb","itemListElement":[{"@type":"ListItem","position":1,"name":"Home","item":"https:\/\/franciscanos.org.br\/noticias"},{"@type":"ListItem","position":2,"name":"Frei Marcos ser\u00e1 ordenado presb\u00edtero no s\u00e1bado"}]},{"@type":"Person","@id":"https:\/\/franciscanos.org.br\/noticias\/#\/schema\/person\/b38fbf43118f02820bd932f2e4b14ad3","name":"admin","image":{"@type":"ImageObject","inLanguage":"pt-BR","@id":"https:\/\/franciscanos.org.br\/noticias\/#\/schema\/person\/image\/","url":"https:\/\/secure.gravatar.com\/avatar\/e8495742d34d0ba6448ea1c628263b3e?s=96&d=mm&r=g","contentUrl":"https:\/\/secure.gravatar.com\/avatar\/e8495742d34d0ba6448ea1c628263b3e?s=96&d=mm&r=g","caption":"admin"},"url":"https:\/\/franciscanos.org.br\/noticias\/author\/admin"}]}},"_links":{"self":[{"href":"https:\/\/franciscanos.org.br\/noticias\/wp-json\/wp\/v2\/posts\/69815"}],"collection":[{"href":"https:\/\/franciscanos.org.br\/noticias\/wp-json\/wp\/v2\/posts"}],"about":[{"href":"https:\/\/franciscanos.org.br\/noticias\/wp-json\/wp\/v2\/types\/post"}],"author":[{"embeddable":true,"href":"https:\/\/franciscanos.org.br\/noticias\/wp-json\/wp\/v2\/users\/1"}],"replies":[{"embeddable":true,"href":"https:\/\/franciscanos.org.br\/noticias\/wp-json\/wp\/v2\/comments?post=69815"}],"version-history":[{"count":1,"href":"https:\/\/franciscanos.org.br\/noticias\/wp-json\/wp\/v2\/posts\/69815\/revisions"}],"predecessor-version":[{"id":226677,"href":"https:\/\/franciscanos.org.br\/noticias\/wp-json\/wp\/v2\/posts\/69815\/revisions\/226677"}],"wp:featuredmedia":[{"embeddable":true,"href":"https:\/\/franciscanos.org.br\/noticias\/wp-json\/wp\/v2\/media\/219418"}],"wp:attachment":[{"href":"https:\/\/franciscanos.org.br\/noticias\/wp-json\/wp\/v2\/media?parent=69815"}],"wp:term":[{"taxonomy":"category","embeddable":true,"href":"https:\/\/franciscanos.org.br\/noticias\/wp-json\/wp\/v2\/categories?post=69815"},{"taxonomy":"post_tag","embeddable":true,"href":"https:\/\/franciscanos.org.br\/noticias\/wp-json\/wp\/v2\/tags?post=69815"}],"curies":[{"name":"wp","href":"https:\/\/api.w.org\/{rel}","templated":true}]}}