{"id":69648,"date":"2014-10-10T10:34:30","date_gmt":"2014-10-10T13:34:30","guid":{"rendered":"http:\/\/franciscanos.org.br\/?p=69648"},"modified":"2019-02-08T07:35:31","modified_gmt":"2019-02-08T09:35:31","slug":"faxina-e-puntel-no-2o-encontro-provincial-da-frente-da-comunicacao","status":"publish","type":"post","link":"https:\/\/franciscanos.org.br\/noticias\/faxina-e-puntel-no-2o-encontro-provincial-da-frente-da-comunicacao.html","title":{"rendered":"Faxina e Puntel no 2\u00ba Encontro da Frente da Comunica\u00e7\u00e3o"},"content":{"rendered":"<p><img loading=\"lazy\" class=\"alignnone size-full wp-image-197432\" src=\"https:\/\/franciscanos.org.br\/noticias\/wp-content\/uploads\/2014\/10\/faxina.jpg\" alt=\"\" width=\"890\" height=\"436\" srcset=\"https:\/\/franciscanos.org.br\/noticias\/wp-content\/uploads\/2014\/10\/faxina.jpg 890w, https:\/\/franciscanos.org.br\/noticias\/wp-content\/uploads\/2014\/10\/faxina-450x220.jpg 450w, https:\/\/franciscanos.org.br\/noticias\/wp-content\/uploads\/2014\/10\/faxina-768x376.jpg 768w, https:\/\/franciscanos.org.br\/noticias\/wp-content\/uploads\/2014\/10\/faxina-150x73.jpg 150w\" sizes=\"(max-width: 890px) 100vw, 890px\" \/><\/p>\n<p>Dois grandes comunicadores e professores, Elson Faxina e Joana Puntel, conduzir\u00e3o as reflex\u00f5es do 2\u00ba Encontro Provincial da Frente de Evangeliza\u00e7\u00e3o da Comunica\u00e7\u00e3o, que ser\u00e1 realizado nos dias 13 e 14 de outubro, em Rondinha (PR). O evento tem 46 inscritos de todos os servi\u00e7os e frentes no campo da comunica\u00e7\u00e3o na Prov\u00edncia Franciscana da Imaculada Concei\u00e7\u00e3o.<\/p>\n<p>Segundo o coordenador da Frente, Frei Gustavo Medella, o primeiro encontro foi muito bem avaliado e os participantes foram quase un\u00e2nimes em pedir a realiza\u00e7\u00e3o de um segundo encontro. &#8220;Atendendo a este apelo e conscientes de que temos ainda muito a crescer na comunh\u00e3o e na colabora\u00e7\u00e3o \u00e9 que vamos para este segundo encontro. A expectativa sairmos de Rondinha com indica\u00e7\u00f5es de passos bem concretos e objetivos para o futuro de nossa Frente de Evangeliza\u00e7\u00e3o da Comunica\u00e7\u00e3o. Percebo nos inscritos um esp\u00edrito vibrante e dispon\u00edvel, o que me enche de alegria, esperan\u00e7a e entusiasmo&#8221;, acredita Frei Gustavo.<\/p>\n<p>A Frente da Evangeliza\u00e7\u00e3o na Comunica\u00e7\u00e3o foi criada no \u00faltimo Cap\u00edtulo Provincial e vem promovendo a aproxima\u00e7\u00e3o e o esp\u00edrito de comunh\u00e3o e interajuda entre as diferentes frentes no campo da comunica\u00e7\u00e3o. Para ajudar neste processo, no dia 13, o professor Elson vai abordar &#8220;Comunica\u00e7\u00e3o na Perspectiva Cidad\u00e3&#8221; na parte da manh\u00e3 e a professora Joana Puntel falar\u00e1 sobre o tema &#8220;O que a Igreja espera da Comunica\u00e7\u00e3o&#8221;, tendo como base o Diret\u00f3rio de Comunica\u00e7\u00e3o da CNBB, lan\u00e7ado recentemente.<\/p>\n<p>Faxina \u00e9 professor da Universidade Federal do Paran\u00e1 e Assessor de Comunica\u00e7\u00e3o da Secretaria de Estado da Justi\u00e7a, Cidadania e Direitos Humanos do Paran\u00e1. \u00c9 doutor em Ci\u00eancias da Comunica\u00e7\u00e3o pela Unisinos (2012), mestre em Ci\u00eancias da Comunica\u00e7\u00e3o, na \u00e1rea de Cinema, R\u00e1dio e Televis\u00e3o, pela ECA\/USP (2001) e se graduou em Comunica\u00e7\u00e3o Social &#8211; Habilita\u00e7\u00e3o Polivalente, pela Pontif\u00edcia Universidade Cat\u00f3lica do Paran\u00e1 (1981). Tem experi\u00eancia em r\u00e1dio, televis\u00e3o, assessoria de comunica\u00e7\u00e3o e mobiliza\u00e7\u00e3o social, atuando principalmente nos seguintes temas: comunica\u00e7\u00e3o &#8211; jornalismo, TV p\u00fablica, telejornais, programas de debates e entrevistas, radiojornalismo, v\u00eddeo-document\u00e1rio, planejamento em comunica\u00e7\u00e3o, cidadania e movimentos sociais.<\/p>\n<p>Puntel, al\u00e9m de Coordenadora do Curso de Jornalismo da Faculdade Paulus de Tecnologia e Comunica\u00e7\u00e3o (FAPCOM), \u00e9 docente no curso de Especializa\u00e7\u00e3o Cultura e Meios de Comunica\u00e7\u00e3o do SEPAC que se realiza em conv\u00eanio com a PUC-SP\/COGEAE.\u00a0Doutora em Ci\u00eancias da Comunica\u00e7\u00e3o pela Universidade de S\u00e3o Paulo (1996) e pela Simon Fraser University (1991). Possui P\u00f3s-doutorado em Cultura da Comunica\u00e7\u00e3o no The London School of Economics and Political Science &#8211; LSE, Inglaterra (2002). Mestrado em Comunica\u00e7\u00e3o Social pela Universidade Metodista de S\u00e3o Paulo (1985) e gradua\u00e7\u00e3o em Jornalismo pela Faculdade de Comunica\u00e7\u00e3o Social Casper L\u00edbero (1975). Seu campo de atua\u00e7\u00e3o compreende os temas de: jornalismo, cidadania, pol\u00edtica de comunica\u00e7\u00e3o, igreja, religi\u00e3o, cultura, meios de comunica\u00e7\u00e3o de massa, \u00e9tica da comunica\u00e7\u00e3o. \u00c9 membro da INTERCOM.<\/p>\n<p>No final da tarde, os participantes se reunir\u00e3o em grupos para chegarem a tr\u00eas a\u00e7\u00f5es pr\u00e1ticas de comunica\u00e7\u00e3o a partir do estudo realizado. No dia 14, Frei Gustavo vai abordar a comunica\u00e7\u00e3o na Prov\u00edncia, quando ser\u00e1 apresentada uma s\u00edntese dos trabalhos em grupo e ser\u00e1 definido um calend\u00e1rio da Comunica\u00e7\u00e3o Provincial 2015.<\/p>\n","protected":false},"excerpt":{"rendered":"<p>Frente da Comunica\u00e7\u00e3o<\/p>\n","protected":false},"author":1,"featured_media":199932,"comment_status":"open","ping_status":"open","sticky":false,"template":"","format":"standard","meta":[],"categories":[1],"tags":[550],"acf":[],"yoast_head":"<!-- This site is optimized with the Yoast SEO plugin v19.2 - https:\/\/yoast.com\/wordpress\/plugins\/seo\/ -->\n<title>Faxina e Puntel no 2\u00ba Encontro da Frente da Comunica\u00e7\u00e3o - Not\u00edcias - Franciscanos<\/title>\n<meta name=\"robots\" content=\"index, follow, max-snippet:-1, max-image-preview:large, max-video-preview:-1\" \/>\n<link rel=\"canonical\" href=\"https:\/\/franciscanos.org.br\/noticias\/faxina-e-puntel-no-2o-encontro-provincial-da-frente-da-comunicacao.html\" \/>\n<meta property=\"og:locale\" content=\"pt_BR\" \/>\n<meta property=\"og:type\" content=\"article\" \/>\n<meta property=\"og:title\" content=\"Faxina e Puntel no 2\u00ba Encontro da Frente da Comunica\u00e7\u00e3o - Not\u00edcias - Franciscanos\" \/>\n<meta property=\"og:description\" content=\"Frente da Comunica\u00e7\u00e3o\" \/>\n<meta property=\"og:url\" content=\"https:\/\/franciscanos.org.br\/noticias\/faxina-e-puntel-no-2o-encontro-provincial-da-frente-da-comunicacao.html\" \/>\n<meta property=\"og:site_name\" content=\"Not\u00edcias - Franciscanos\" \/>\n<meta property=\"article:published_time\" content=\"2014-10-10T13:34:30+00:00\" \/>\n<meta property=\"article:modified_time\" content=\"2019-02-08T09:35:31+00:00\" \/>\n<meta property=\"og:image\" content=\"https:\/\/franciscanos.org.br\/noticias\/wp-content\/uploads\/2014\/10\/faxina-1.jpg\" \/>\n\t<meta property=\"og:image:width\" content=\"273\" \/>\n\t<meta property=\"og:image:height\" content=\"181\" \/>\n\t<meta property=\"og:image:type\" content=\"image\/jpeg\" \/>\n<meta name=\"author\" content=\"admin\" \/>\n<meta name=\"twitter:card\" content=\"summary_large_image\" \/>\n<meta name=\"twitter:label1\" content=\"Escrito por\" \/>\n\t<meta name=\"twitter:data1\" content=\"admin\" \/>\n\t<meta name=\"twitter:label2\" content=\"Est. tempo de leitura\" \/>\n\t<meta name=\"twitter:data2\" content=\"3 minutos\" \/>\n<script type=\"application\/ld+json\" class=\"yoast-schema-graph\">{\"@context\":\"https:\/\/schema.org\",\"@graph\":[{\"@type\":\"WebSite\",\"@id\":\"https:\/\/franciscanos.org.br\/noticias\/#website\",\"url\":\"https:\/\/franciscanos.org.br\/noticias\/\",\"name\":\"Not\u00edcias - Franciscanos\",\"description\":\"Prov\u00edncia Franciscana da Imaculada Concei\u00e7\u00e3o do Brasil - Ordem dos Frades Menores - OFM\",\"potentialAction\":[{\"@type\":\"SearchAction\",\"target\":{\"@type\":\"EntryPoint\",\"urlTemplate\":\"https:\/\/franciscanos.org.br\/noticias\/?s={search_term_string}\"},\"query-input\":\"required name=search_term_string\"}],\"inLanguage\":\"pt-BR\"},{\"@type\":\"ImageObject\",\"inLanguage\":\"pt-BR\",\"@id\":\"https:\/\/franciscanos.org.br\/noticias\/faxina-e-puntel-no-2o-encontro-provincial-da-frente-da-comunicacao.html#primaryimage\",\"url\":\"https:\/\/franciscanos.org.br\/noticias\/wp-content\/uploads\/2014\/10\/faxina-1.jpg\",\"contentUrl\":\"https:\/\/franciscanos.org.br\/noticias\/wp-content\/uploads\/2014\/10\/faxina-1.jpg\",\"width\":273,\"height\":181},{\"@type\":\"WebPage\",\"@id\":\"https:\/\/franciscanos.org.br\/noticias\/faxina-e-puntel-no-2o-encontro-provincial-da-frente-da-comunicacao.html#webpage\",\"url\":\"https:\/\/franciscanos.org.br\/noticias\/faxina-e-puntel-no-2o-encontro-provincial-da-frente-da-comunicacao.html\",\"name\":\"Faxina e Puntel no 2\u00ba Encontro da Frente da Comunica\u00e7\u00e3o - Not\u00edcias - Franciscanos\",\"isPartOf\":{\"@id\":\"https:\/\/franciscanos.org.br\/noticias\/#website\"},\"primaryImageOfPage\":{\"@id\":\"https:\/\/franciscanos.org.br\/noticias\/faxina-e-puntel-no-2o-encontro-provincial-da-frente-da-comunicacao.html#primaryimage\"},\"datePublished\":\"2014-10-10T13:34:30+00:00\",\"dateModified\":\"2019-02-08T09:35:31+00:00\",\"author\":{\"@id\":\"https:\/\/franciscanos.org.br\/noticias\/#\/schema\/person\/b38fbf43118f02820bd932f2e4b14ad3\"},\"breadcrumb\":{\"@id\":\"https:\/\/franciscanos.org.br\/noticias\/faxina-e-puntel-no-2o-encontro-provincial-da-frente-da-comunicacao.html#breadcrumb\"},\"inLanguage\":\"pt-BR\",\"potentialAction\":[{\"@type\":\"ReadAction\",\"target\":[\"https:\/\/franciscanos.org.br\/noticias\/faxina-e-puntel-no-2o-encontro-provincial-da-frente-da-comunicacao.html\"]}]},{\"@type\":\"BreadcrumbList\",\"@id\":\"https:\/\/franciscanos.org.br\/noticias\/faxina-e-puntel-no-2o-encontro-provincial-da-frente-da-comunicacao.html#breadcrumb\",\"itemListElement\":[{\"@type\":\"ListItem\",\"position\":1,\"name\":\"Home\",\"item\":\"https:\/\/franciscanos.org.br\/noticias\"},{\"@type\":\"ListItem\",\"position\":2,\"name\":\"Faxina e Puntel no 2\u00ba Encontro da Frente da Comunica\u00e7\u00e3o\"}]},{\"@type\":\"Person\",\"@id\":\"https:\/\/franciscanos.org.br\/noticias\/#\/schema\/person\/b38fbf43118f02820bd932f2e4b14ad3\",\"name\":\"admin\",\"image\":{\"@type\":\"ImageObject\",\"inLanguage\":\"pt-BR\",\"@id\":\"https:\/\/franciscanos.org.br\/noticias\/#\/schema\/person\/image\/\",\"url\":\"https:\/\/secure.gravatar.com\/avatar\/e8495742d34d0ba6448ea1c628263b3e?s=96&d=mm&r=g\",\"contentUrl\":\"https:\/\/secure.gravatar.com\/avatar\/e8495742d34d0ba6448ea1c628263b3e?s=96&d=mm&r=g\",\"caption\":\"admin\"},\"url\":\"https:\/\/franciscanos.org.br\/noticias\/author\/admin\"}]}<\/script>\n<!-- \/ Yoast SEO plugin. -->","yoast_head_json":{"title":"Faxina e Puntel no 2\u00ba Encontro da Frente da Comunica\u00e7\u00e3o - Not\u00edcias - Franciscanos","robots":{"index":"index","follow":"follow","max-snippet":"max-snippet:-1","max-image-preview":"max-image-preview:large","max-video-preview":"max-video-preview:-1"},"canonical":"https:\/\/franciscanos.org.br\/noticias\/faxina-e-puntel-no-2o-encontro-provincial-da-frente-da-comunicacao.html","og_locale":"pt_BR","og_type":"article","og_title":"Faxina e Puntel no 2\u00ba Encontro da Frente da Comunica\u00e7\u00e3o - Not\u00edcias - Franciscanos","og_description":"Frente da Comunica\u00e7\u00e3o","og_url":"https:\/\/franciscanos.org.br\/noticias\/faxina-e-puntel-no-2o-encontro-provincial-da-frente-da-comunicacao.html","og_site_name":"Not\u00edcias - Franciscanos","article_published_time":"2014-10-10T13:34:30+00:00","article_modified_time":"2019-02-08T09:35:31+00:00","og_image":[{"width":273,"height":181,"url":"https:\/\/franciscanos.org.br\/noticias\/wp-content\/uploads\/2014\/10\/faxina-1.jpg","type":"image\/jpeg"}],"author":"admin","twitter_card":"summary_large_image","twitter_misc":{"Escrito por":"admin","Est. tempo de leitura":"3 minutos"},"schema":{"@context":"https:\/\/schema.org","@graph":[{"@type":"WebSite","@id":"https:\/\/franciscanos.org.br\/noticias\/#website","url":"https:\/\/franciscanos.org.br\/noticias\/","name":"Not\u00edcias - Franciscanos","description":"Prov\u00edncia Franciscana da Imaculada Concei\u00e7\u00e3o do Brasil - Ordem dos Frades Menores - OFM","potentialAction":[{"@type":"SearchAction","target":{"@type":"EntryPoint","urlTemplate":"https:\/\/franciscanos.org.br\/noticias\/?s={search_term_string}"},"query-input":"required name=search_term_string"}],"inLanguage":"pt-BR"},{"@type":"ImageObject","inLanguage":"pt-BR","@id":"https:\/\/franciscanos.org.br\/noticias\/faxina-e-puntel-no-2o-encontro-provincial-da-frente-da-comunicacao.html#primaryimage","url":"https:\/\/franciscanos.org.br\/noticias\/wp-content\/uploads\/2014\/10\/faxina-1.jpg","contentUrl":"https:\/\/franciscanos.org.br\/noticias\/wp-content\/uploads\/2014\/10\/faxina-1.jpg","width":273,"height":181},{"@type":"WebPage","@id":"https:\/\/franciscanos.org.br\/noticias\/faxina-e-puntel-no-2o-encontro-provincial-da-frente-da-comunicacao.html#webpage","url":"https:\/\/franciscanos.org.br\/noticias\/faxina-e-puntel-no-2o-encontro-provincial-da-frente-da-comunicacao.html","name":"Faxina e Puntel no 2\u00ba Encontro da Frente da Comunica\u00e7\u00e3o - Not\u00edcias - Franciscanos","isPartOf":{"@id":"https:\/\/franciscanos.org.br\/noticias\/#website"},"primaryImageOfPage":{"@id":"https:\/\/franciscanos.org.br\/noticias\/faxina-e-puntel-no-2o-encontro-provincial-da-frente-da-comunicacao.html#primaryimage"},"datePublished":"2014-10-10T13:34:30+00:00","dateModified":"2019-02-08T09:35:31+00:00","author":{"@id":"https:\/\/franciscanos.org.br\/noticias\/#\/schema\/person\/b38fbf43118f02820bd932f2e4b14ad3"},"breadcrumb":{"@id":"https:\/\/franciscanos.org.br\/noticias\/faxina-e-puntel-no-2o-encontro-provincial-da-frente-da-comunicacao.html#breadcrumb"},"inLanguage":"pt-BR","potentialAction":[{"@type":"ReadAction","target":["https:\/\/franciscanos.org.br\/noticias\/faxina-e-puntel-no-2o-encontro-provincial-da-frente-da-comunicacao.html"]}]},{"@type":"BreadcrumbList","@id":"https:\/\/franciscanos.org.br\/noticias\/faxina-e-puntel-no-2o-encontro-provincial-da-frente-da-comunicacao.html#breadcrumb","itemListElement":[{"@type":"ListItem","position":1,"name":"Home","item":"https:\/\/franciscanos.org.br\/noticias"},{"@type":"ListItem","position":2,"name":"Faxina e Puntel no 2\u00ba Encontro da Frente da Comunica\u00e7\u00e3o"}]},{"@type":"Person","@id":"https:\/\/franciscanos.org.br\/noticias\/#\/schema\/person\/b38fbf43118f02820bd932f2e4b14ad3","name":"admin","image":{"@type":"ImageObject","inLanguage":"pt-BR","@id":"https:\/\/franciscanos.org.br\/noticias\/#\/schema\/person\/image\/","url":"https:\/\/secure.gravatar.com\/avatar\/e8495742d34d0ba6448ea1c628263b3e?s=96&d=mm&r=g","contentUrl":"https:\/\/secure.gravatar.com\/avatar\/e8495742d34d0ba6448ea1c628263b3e?s=96&d=mm&r=g","caption":"admin"},"url":"https:\/\/franciscanos.org.br\/noticias\/author\/admin"}]}},"_links":{"self":[{"href":"https:\/\/franciscanos.org.br\/noticias\/wp-json\/wp\/v2\/posts\/69648"}],"collection":[{"href":"https:\/\/franciscanos.org.br\/noticias\/wp-json\/wp\/v2\/posts"}],"about":[{"href":"https:\/\/franciscanos.org.br\/noticias\/wp-json\/wp\/v2\/types\/post"}],"author":[{"embeddable":true,"href":"https:\/\/franciscanos.org.br\/noticias\/wp-json\/wp\/v2\/users\/1"}],"replies":[{"embeddable":true,"href":"https:\/\/franciscanos.org.br\/noticias\/wp-json\/wp\/v2\/comments?post=69648"}],"version-history":[{"count":0,"href":"https:\/\/franciscanos.org.br\/noticias\/wp-json\/wp\/v2\/posts\/69648\/revisions"}],"wp:featuredmedia":[{"embeddable":true,"href":"https:\/\/franciscanos.org.br\/noticias\/wp-json\/wp\/v2\/media\/199932"}],"wp:attachment":[{"href":"https:\/\/franciscanos.org.br\/noticias\/wp-json\/wp\/v2\/media?parent=69648"}],"wp:term":[{"taxonomy":"category","embeddable":true,"href":"https:\/\/franciscanos.org.br\/noticias\/wp-json\/wp\/v2\/categories?post=69648"},{"taxonomy":"post_tag","embeddable":true,"href":"https:\/\/franciscanos.org.br\/noticias\/wp-json\/wp\/v2\/tags?post=69648"}],"curies":[{"name":"wp","href":"https:\/\/api.w.org\/{rel}","templated":true}]}}