{"id":69482,"date":"2014-10-06T10:57:24","date_gmt":"2014-10-06T13:57:24","guid":{"rendered":"http:\/\/franciscanos.org.br\/?p=69482"},"modified":"2020-06-10T17:13:58","modified_gmt":"2020-06-10T20:13:58","slug":"ofs-e-pastoral-familiar-doam-enxovais-as-gestantes-carentes","status":"publish","type":"post","link":"https:\/\/franciscanos.org.br\/noticias\/ofs-e-pastoral-familiar-doam-enxovais-as-gestantes-carentes.html","title":{"rendered":"OFS e Pastoral Familiar doam enxovais \u00e0s gestantes carentes"},"content":{"rendered":"<p><a href=\"http:\/\/franciscanos.org.br\/wp-content\/uploads\/2014\/10\/principal3.jpg\"><img loading=\"lazy\" src=\"http:\/\/franciscanos.org.br\/wp-content\/uploads\/2014\/10\/principal3.jpg\" alt=\"principal\" width=\"820\" height=\"399\" \/><\/a><\/p>\n<p>A Semana Nacional da Vida \u00e9 realizada em todo o pa\u00eds, a partir do dia 1\u00ba de outubro e culminando com o Dia do Nascituro, dia 8 de outubro. Nesse per\u00edodo h\u00e1 intensa programa\u00e7\u00e3o nas dioceses, par\u00f3quias e comunidades. Este ano o tema de reflex\u00e3o \u00e9 \u201cVida e Miss\u00e3o: lan\u00e7ar as redes em \u00e1guas mais profundas\u201d.<\/p>\n<p>A semana foi institu\u00edda em 2005, pela 43\u00aa Assembleia Geral da CNBB. O Dia do Nascituro \u00e9 dedicado ao novo ser humano, \u00e0 crian\u00e7a que ainda vive dentro da barriga da m\u00e3e. A data\u00a0\u00e9 fixa no calend\u00e1rio da Confer\u00eancia Nacional dos Bispos do Brasil (CNBB) e prop\u00f5e \u00e0 sociedade o debate sobre os cuidados, prote\u00e7\u00e3o e a dignidade da vida humana, em todas as suas fases, desde a concep\u00e7\u00e3o at\u00e9 seu fim natural.<\/p>\n<p>Para celebrar a Semana Nacional da Vida, a Pastoral Familiar da Catedral de Santo Ant\u00f4nio, em Duque de Caxias, promoveu com o apoio da Fraternidade Santo Ant\u00f4nio, vinculada \u00e0 Ordem Franciscana Secular (OFS), e da Pastoral da Aids, a entrega de enxovais de beb\u00ea com banheira a 33 gestantes da par\u00f3quia. A campanha \u00e9 um gesto concreto que a Pastoral Familiar e a Fraternidade Santo Ant\u00f4nio realizam anualmente para aprofundar o valor \u00fanico da vida.<\/p>\n<p>O Dia do Nascituro celebra o direito \u00e0 prote\u00e7\u00e3o da vida e sa\u00fade, \u00e0 alimenta\u00e7\u00e3o, ao respeito e a um nascimento sadio. O objetivo da data \u00e9 suscitar nas consci\u00eancias, nas fam\u00edlias e na sociedade o reconhecimento do sentido e valor da vida humana em todos os seus momentos.<\/p>\n<p><strong>Breve Hist\u00f3rico da Ordem Franciscana Secular<\/strong><\/p>\n<p>A Ordem dos Frades Menores (OFM) nasceu em 1210, e a Ordem de Santa Clara (as Clarissas), em 1212. Foi tamb\u00e9m nessa \u00e9poca que nasceu a Ordem Franciscana Secular (OFS), tendo como ideal viver o Evangelho em todos os lugares onde se encontravam. Homens e mulheres, casados e solteiros, em meio \u00e0s fam\u00edlias, buscando viver o mesmo ideal que tanto atraiu Francisco de Assis. A Ordem foi aprovada pelo Papa Hon\u00f3rio III em 1221. Luqu\u00e9sio e Buonadona s\u00e3o considerados os primeiros franciscanos seculares pois, segundo a tradi\u00e7\u00e3o, esse foi o primeiro casal que S\u00e3o Francisco aceitou na Ordem Secular daquele tempo.<\/p>\n<p>Hoje, mais do que nunca, os Franciscanos Seculares sentem-se comprometidos a viver o Evangelho cada dia e em toda circunst\u00e2ncia, segundo a pr\u00f3pria voca\u00e7\u00e3o e os dons recebidos. A OFS apresenta-se como uma experi\u00eancia de vida crist\u00e3, partilhada por mulheres e homens sem discrimina\u00e7\u00e3o, sendo hoje um verdadeiro ex\u00e9rcito franciscano de Deus espalhado por todo o mundo.<\/p>\n<p>\u201cA Ordem Franciscana Secular \u00e9 a mais antiga forma de organiza\u00e7\u00e3o de Leigos que, guiados pela Igreja, unidos em fraternidade e inspirando-se no ideal de S\u00e3o Francisco de Assis, se empenham em testemunhar com a vida o Evangelho de Jesus Cristo e se dedicam ao apostolado no estado laical\u201d. (beato Jo\u00e3o Paulo II).<\/p>\n<p>Na Diocese de Duque de Caxias e S\u00e3o Jo\u00e3o de Meriti temos fraternidades na Igreja Matriz de S\u00e3o Jo\u00e3o Batista (S\u00e3o Jo\u00e3o de Meriti), na Catedral de Santo Ant\u00f4nio (Duque de Caxias) e na Comunidade Cat\u00f3lica de Sant\u2019Ana (Jardim Primavera\/Duque de Caxias), que re\u00fanem irm\u00e3os e irm\u00e3s que buscam seguir o Santo Evangelho tendo como modelo e fonte de inspira\u00e7\u00e3o, S\u00e3o Francisco de Assis.<\/p>\n<p>A Fraternidade Santo Ant\u00f4nio existe h\u00e1 54 anos e se re\u00fane, mensalmente, na Catedral de Santo Ant\u00f4nio de Duque de Caxias, todo 4\u00ba domingo do m\u00eas, ap\u00f3s a Santa Missa das 7h00, no pr\u00e9dio anexo, sala 106. A Catedral de Santo Ant\u00f4nio fica localizada na Avenida Leonel de Moura Brizola, 1861, Centro, Duque de Caxias.<\/p>\n<p><em>Informa\u00e7\u00f5es pelo telefone 3352-9900 ou pelo correio eletr\u00f4nico <a href=\"mailto:ofs.santoantonio@gmail.com\">ofs.santoantonio@gmail.com<\/a><\/em><\/p>\n","protected":false},"excerpt":{"rendered":"<p>OFS Duque de Caxias<\/p>\n","protected":false},"author":1,"featured_media":207101,"comment_status":"open","ping_status":"open","sticky":false,"template":"","format":"standard","meta":[],"categories":[1],"tags":[60],"acf":[],"yoast_head":"<!-- This site is optimized with the Yoast SEO plugin v19.2 - https:\/\/yoast.com\/wordpress\/plugins\/seo\/ -->\n<title>OFS e Pastoral Familiar doam enxovais \u00e0s gestantes carentes - Not\u00edcias - Franciscanos<\/title>\n<meta name=\"robots\" content=\"index, follow, max-snippet:-1, max-image-preview:large, max-video-preview:-1\" \/>\n<link rel=\"canonical\" href=\"https:\/\/franciscanos.org.br\/noticias\/ofs-e-pastoral-familiar-doam-enxovais-as-gestantes-carentes.html\" \/>\n<meta property=\"og:locale\" content=\"pt_BR\" \/>\n<meta property=\"og:type\" content=\"article\" \/>\n<meta property=\"og:title\" content=\"OFS e Pastoral Familiar doam enxovais \u00e0s gestantes carentes - Not\u00edcias - Franciscanos\" \/>\n<meta property=\"og:description\" content=\"OFS Duque de Caxias\" \/>\n<meta property=\"og:url\" content=\"https:\/\/franciscanos.org.br\/noticias\/ofs-e-pastoral-familiar-doam-enxovais-as-gestantes-carentes.html\" \/>\n<meta property=\"og:site_name\" content=\"Not\u00edcias - Franciscanos\" \/>\n<meta property=\"article:published_time\" content=\"2014-10-06T13:57:24+00:00\" \/>\n<meta property=\"article:modified_time\" content=\"2020-06-10T20:13:58+00:00\" \/>\n<meta property=\"og:image\" content=\"https:\/\/franciscanos.org.br\/noticias\/wp-content\/uploads\/2014\/10\/principal_0207.jpg\" \/>\n\t<meta property=\"og:image:width\" content=\"273\" \/>\n\t<meta property=\"og:image:height\" content=\"181\" \/>\n\t<meta property=\"og:image:type\" content=\"image\/jpeg\" \/>\n<meta name=\"author\" content=\"admin\" \/>\n<meta name=\"twitter:card\" content=\"summary_large_image\" \/>\n<meta name=\"twitter:label1\" content=\"Escrito por\" \/>\n\t<meta name=\"twitter:data1\" content=\"admin\" \/>\n\t<meta name=\"twitter:label2\" content=\"Est. tempo de leitura\" \/>\n\t<meta name=\"twitter:data2\" content=\"3 minutos\" \/>\n<script type=\"application\/ld+json\" class=\"yoast-schema-graph\">{\"@context\":\"https:\/\/schema.org\",\"@graph\":[{\"@type\":\"WebSite\",\"@id\":\"https:\/\/franciscanos.org.br\/noticias\/#website\",\"url\":\"https:\/\/franciscanos.org.br\/noticias\/\",\"name\":\"Not\u00edcias - Franciscanos\",\"description\":\"Prov\u00edncia Franciscana da Imaculada Concei\u00e7\u00e3o do Brasil - Ordem dos Frades Menores - OFM\",\"potentialAction\":[{\"@type\":\"SearchAction\",\"target\":{\"@type\":\"EntryPoint\",\"urlTemplate\":\"https:\/\/franciscanos.org.br\/noticias\/?s={search_term_string}\"},\"query-input\":\"required name=search_term_string\"}],\"inLanguage\":\"pt-BR\"},{\"@type\":\"ImageObject\",\"inLanguage\":\"pt-BR\",\"@id\":\"https:\/\/franciscanos.org.br\/noticias\/ofs-e-pastoral-familiar-doam-enxovais-as-gestantes-carentes.html#primaryimage\",\"url\":\"https:\/\/franciscanos.org.br\/noticias\/wp-content\/uploads\/2014\/10\/principal_0207.jpg\",\"contentUrl\":\"https:\/\/franciscanos.org.br\/noticias\/wp-content\/uploads\/2014\/10\/principal_0207.jpg\",\"width\":273,\"height\":181},{\"@type\":\"WebPage\",\"@id\":\"https:\/\/franciscanos.org.br\/noticias\/ofs-e-pastoral-familiar-doam-enxovais-as-gestantes-carentes.html#webpage\",\"url\":\"https:\/\/franciscanos.org.br\/noticias\/ofs-e-pastoral-familiar-doam-enxovais-as-gestantes-carentes.html\",\"name\":\"OFS e Pastoral Familiar doam enxovais \u00e0s gestantes carentes - Not\u00edcias - Franciscanos\",\"isPartOf\":{\"@id\":\"https:\/\/franciscanos.org.br\/noticias\/#website\"},\"primaryImageOfPage\":{\"@id\":\"https:\/\/franciscanos.org.br\/noticias\/ofs-e-pastoral-familiar-doam-enxovais-as-gestantes-carentes.html#primaryimage\"},\"datePublished\":\"2014-10-06T13:57:24+00:00\",\"dateModified\":\"2020-06-10T20:13:58+00:00\",\"author\":{\"@id\":\"https:\/\/franciscanos.org.br\/noticias\/#\/schema\/person\/b38fbf43118f02820bd932f2e4b14ad3\"},\"breadcrumb\":{\"@id\":\"https:\/\/franciscanos.org.br\/noticias\/ofs-e-pastoral-familiar-doam-enxovais-as-gestantes-carentes.html#breadcrumb\"},\"inLanguage\":\"pt-BR\",\"potentialAction\":[{\"@type\":\"ReadAction\",\"target\":[\"https:\/\/franciscanos.org.br\/noticias\/ofs-e-pastoral-familiar-doam-enxovais-as-gestantes-carentes.html\"]}]},{\"@type\":\"BreadcrumbList\",\"@id\":\"https:\/\/franciscanos.org.br\/noticias\/ofs-e-pastoral-familiar-doam-enxovais-as-gestantes-carentes.html#breadcrumb\",\"itemListElement\":[{\"@type\":\"ListItem\",\"position\":1,\"name\":\"Home\",\"item\":\"https:\/\/franciscanos.org.br\/noticias\"},{\"@type\":\"ListItem\",\"position\":2,\"name\":\"OFS e Pastoral Familiar doam enxovais \u00e0s gestantes carentes\"}]},{\"@type\":\"Person\",\"@id\":\"https:\/\/franciscanos.org.br\/noticias\/#\/schema\/person\/b38fbf43118f02820bd932f2e4b14ad3\",\"name\":\"admin\",\"image\":{\"@type\":\"ImageObject\",\"inLanguage\":\"pt-BR\",\"@id\":\"https:\/\/franciscanos.org.br\/noticias\/#\/schema\/person\/image\/\",\"url\":\"https:\/\/secure.gravatar.com\/avatar\/e8495742d34d0ba6448ea1c628263b3e?s=96&d=mm&r=g\",\"contentUrl\":\"https:\/\/secure.gravatar.com\/avatar\/e8495742d34d0ba6448ea1c628263b3e?s=96&d=mm&r=g\",\"caption\":\"admin\"},\"url\":\"https:\/\/franciscanos.org.br\/noticias\/author\/admin\"}]}<\/script>\n<!-- \/ Yoast SEO plugin. -->","yoast_head_json":{"title":"OFS e Pastoral Familiar doam enxovais \u00e0s gestantes carentes - Not\u00edcias - Franciscanos","robots":{"index":"index","follow":"follow","max-snippet":"max-snippet:-1","max-image-preview":"max-image-preview:large","max-video-preview":"max-video-preview:-1"},"canonical":"https:\/\/franciscanos.org.br\/noticias\/ofs-e-pastoral-familiar-doam-enxovais-as-gestantes-carentes.html","og_locale":"pt_BR","og_type":"article","og_title":"OFS e Pastoral Familiar doam enxovais \u00e0s gestantes carentes - Not\u00edcias - Franciscanos","og_description":"OFS Duque de Caxias","og_url":"https:\/\/franciscanos.org.br\/noticias\/ofs-e-pastoral-familiar-doam-enxovais-as-gestantes-carentes.html","og_site_name":"Not\u00edcias - Franciscanos","article_published_time":"2014-10-06T13:57:24+00:00","article_modified_time":"2020-06-10T20:13:58+00:00","og_image":[{"width":273,"height":181,"url":"https:\/\/franciscanos.org.br\/noticias\/wp-content\/uploads\/2014\/10\/principal_0207.jpg","type":"image\/jpeg"}],"author":"admin","twitter_card":"summary_large_image","twitter_misc":{"Escrito por":"admin","Est. tempo de leitura":"3 minutos"},"schema":{"@context":"https:\/\/schema.org","@graph":[{"@type":"WebSite","@id":"https:\/\/franciscanos.org.br\/noticias\/#website","url":"https:\/\/franciscanos.org.br\/noticias\/","name":"Not\u00edcias - Franciscanos","description":"Prov\u00edncia Franciscana da Imaculada Concei\u00e7\u00e3o do Brasil - Ordem dos Frades Menores - OFM","potentialAction":[{"@type":"SearchAction","target":{"@type":"EntryPoint","urlTemplate":"https:\/\/franciscanos.org.br\/noticias\/?s={search_term_string}"},"query-input":"required name=search_term_string"}],"inLanguage":"pt-BR"},{"@type":"ImageObject","inLanguage":"pt-BR","@id":"https:\/\/franciscanos.org.br\/noticias\/ofs-e-pastoral-familiar-doam-enxovais-as-gestantes-carentes.html#primaryimage","url":"https:\/\/franciscanos.org.br\/noticias\/wp-content\/uploads\/2014\/10\/principal_0207.jpg","contentUrl":"https:\/\/franciscanos.org.br\/noticias\/wp-content\/uploads\/2014\/10\/principal_0207.jpg","width":273,"height":181},{"@type":"WebPage","@id":"https:\/\/franciscanos.org.br\/noticias\/ofs-e-pastoral-familiar-doam-enxovais-as-gestantes-carentes.html#webpage","url":"https:\/\/franciscanos.org.br\/noticias\/ofs-e-pastoral-familiar-doam-enxovais-as-gestantes-carentes.html","name":"OFS e Pastoral Familiar doam enxovais \u00e0s gestantes carentes - Not\u00edcias - Franciscanos","isPartOf":{"@id":"https:\/\/franciscanos.org.br\/noticias\/#website"},"primaryImageOfPage":{"@id":"https:\/\/franciscanos.org.br\/noticias\/ofs-e-pastoral-familiar-doam-enxovais-as-gestantes-carentes.html#primaryimage"},"datePublished":"2014-10-06T13:57:24+00:00","dateModified":"2020-06-10T20:13:58+00:00","author":{"@id":"https:\/\/franciscanos.org.br\/noticias\/#\/schema\/person\/b38fbf43118f02820bd932f2e4b14ad3"},"breadcrumb":{"@id":"https:\/\/franciscanos.org.br\/noticias\/ofs-e-pastoral-familiar-doam-enxovais-as-gestantes-carentes.html#breadcrumb"},"inLanguage":"pt-BR","potentialAction":[{"@type":"ReadAction","target":["https:\/\/franciscanos.org.br\/noticias\/ofs-e-pastoral-familiar-doam-enxovais-as-gestantes-carentes.html"]}]},{"@type":"BreadcrumbList","@id":"https:\/\/franciscanos.org.br\/noticias\/ofs-e-pastoral-familiar-doam-enxovais-as-gestantes-carentes.html#breadcrumb","itemListElement":[{"@type":"ListItem","position":1,"name":"Home","item":"https:\/\/franciscanos.org.br\/noticias"},{"@type":"ListItem","position":2,"name":"OFS e Pastoral Familiar doam enxovais \u00e0s gestantes carentes"}]},{"@type":"Person","@id":"https:\/\/franciscanos.org.br\/noticias\/#\/schema\/person\/b38fbf43118f02820bd932f2e4b14ad3","name":"admin","image":{"@type":"ImageObject","inLanguage":"pt-BR","@id":"https:\/\/franciscanos.org.br\/noticias\/#\/schema\/person\/image\/","url":"https:\/\/secure.gravatar.com\/avatar\/e8495742d34d0ba6448ea1c628263b3e?s=96&d=mm&r=g","contentUrl":"https:\/\/secure.gravatar.com\/avatar\/e8495742d34d0ba6448ea1c628263b3e?s=96&d=mm&r=g","caption":"admin"},"url":"https:\/\/franciscanos.org.br\/noticias\/author\/admin"}]}},"_links":{"self":[{"href":"https:\/\/franciscanos.org.br\/noticias\/wp-json\/wp\/v2\/posts\/69482"}],"collection":[{"href":"https:\/\/franciscanos.org.br\/noticias\/wp-json\/wp\/v2\/posts"}],"about":[{"href":"https:\/\/franciscanos.org.br\/noticias\/wp-json\/wp\/v2\/types\/post"}],"author":[{"embeddable":true,"href":"https:\/\/franciscanos.org.br\/noticias\/wp-json\/wp\/v2\/users\/1"}],"replies":[{"embeddable":true,"href":"https:\/\/franciscanos.org.br\/noticias\/wp-json\/wp\/v2\/comments?post=69482"}],"version-history":[{"count":1,"href":"https:\/\/franciscanos.org.br\/noticias\/wp-json\/wp\/v2\/posts\/69482\/revisions"}],"predecessor-version":[{"id":226164,"href":"https:\/\/franciscanos.org.br\/noticias\/wp-json\/wp\/v2\/posts\/69482\/revisions\/226164"}],"wp:featuredmedia":[{"embeddable":true,"href":"https:\/\/franciscanos.org.br\/noticias\/wp-json\/wp\/v2\/media\/207101"}],"wp:attachment":[{"href":"https:\/\/franciscanos.org.br\/noticias\/wp-json\/wp\/v2\/media?parent=69482"}],"wp:term":[{"taxonomy":"category","embeddable":true,"href":"https:\/\/franciscanos.org.br\/noticias\/wp-json\/wp\/v2\/categories?post=69482"},{"taxonomy":"post_tag","embeddable":true,"href":"https:\/\/franciscanos.org.br\/noticias\/wp-json\/wp\/v2\/tags?post=69482"}],"curies":[{"name":"wp","href":"https:\/\/api.w.org\/{rel}","templated":true}]}}