{"id":6916,"date":"2011-11-30T11:23:00","date_gmt":"2011-11-30T11:23:00","guid":{"rendered":"http:\/\/new.franciscanos.org.br\/?p=6916"},"modified":"2019-07-02T13:59:03","modified_gmt":"2019-07-02T16:59:03","slug":"nova-presenca-franciscana-na-amazonia","status":"publish","type":"post","link":"https:\/\/franciscanos.org.br\/noticias\/nova-presenca-franciscana-na-amazonia.html","title":{"rendered":"Nova presen\u00e7a franciscana na Amaz\u00f4nia"},"content":{"rendered":"<p><img loading=\"lazy\" class=\"wp-image-199187 size-full aligncenter\" src=\"https:\/\/franciscanos.org.br\/noticias\/wp-content\/uploads\/2011\/11\/amazonia.jpg\" alt=\"\" width=\"830\" height=\"397\" srcset=\"https:\/\/franciscanos.org.br\/noticias\/wp-content\/uploads\/2011\/11\/amazonia.jpg 830w, https:\/\/franciscanos.org.br\/noticias\/wp-content\/uploads\/2011\/11\/amazonia-450x215.jpg 450w, https:\/\/franciscanos.org.br\/noticias\/wp-content\/uploads\/2011\/11\/amazonia-768x367.jpg 768w, https:\/\/franciscanos.org.br\/noticias\/wp-content\/uploads\/2011\/11\/amazonia-150x72.jpg 150w\" sizes=\"(max-width: 830px) 100vw, 830px\" \/><\/p>\n<p>Um percurso de alguns anos, com debates e reflex\u00f5es em diferentes inst\u00e2ncias sobre o tema da Amaz\u00f4nia, levando em considera\u00e7\u00e3o a nossa presen\u00e7a hist\u00f3rica e os desafios atuais, nos impeliu a elaborar o projeto de uma presen\u00e7a renovada e com novas sensibilidades.<\/p>\n<p>O nosso Cap\u00edtulo geral de 2009 optou por assumir o compromisso de um <em>Projeto Integral na Amaz\u00f4nia<\/em> mediante o refor\u00e7o da presen\u00e7a hist\u00f3rica, a cria\u00e7\u00e3o de novas Fraternidades e uma rede de solidariedade em \u00e2mbito de toda a Ordem, da Fam\u00edlia Franciscana e de outros grupos. Tal decis\u00e3o capitular, de n\u00famero 24, passou a ser denominado <em>Projeto Amaz\u00f4nia<\/em> e que se situa em meio a outras decis\u00f5es de car\u00e1ter claramente mission\u00e1rio.<\/p>\n<p>O \u201c<em>Projeto Integral<\/em>\u201d se compreende no sentido de tomar em considera\u00e7\u00e3o as riquezas da biodiversidade e da natureza, hoje\u00a0agredidas sistematicamente, e a diversidade de povos e culturas que est\u00e3o sendo amea\u00e7adas. Trata-se de continuar anunciando o Evangelho na \u00f3tica franciscana \u00e0s popula\u00e7\u00f5es amaz\u00f4nicas, como se faz naquele territ\u00f3rio desde o s\u00e9culo XVI, por\u00e9m com um compromisso e uma aten\u00e7\u00e3o particulares para com a cria\u00e7\u00e3o como casa de todos os seres e com o apoio \u00e0s popula\u00e7\u00f5es mais fr\u00e1geis e amea\u00e7adas. Neste contexto, a evangeliza\u00e7\u00e3o tem um v\u00ednculo obrigat\u00f3rio com a defesa dos direitos humanos e da pr\u00f3pria natureza. \u201c<em>\u00c9 imposs\u00edvel aceitar que na evangeliza\u00e7\u00e3o se possa ou se deva descuidar da import\u00e2ncia dos problemas, hoje t\u00e3o debatidos, que dizem respeito \u00e0 justi\u00e7a, \u00e0 liberta\u00e7\u00e3o, ao desenvolvimento e \u00e0 paz no mundo. Seria esquecer a li\u00e7\u00e3o que nos vem do Evangelho sobre o amor ao pr\u00f3ximo sofrido e necessitado.<\/em>\u201d (EN, 31) O nosso Ministro geral Frei Jos\u00e9 Carballo pede aos Ministros e Cust\u00f3dios da Ordem, em especial aos da Am\u00e9rica Latina, que criem nas suas Entidades a consci\u00eancia sobre a import\u00e2ncia da Amaz\u00f4nia para a humanidade e sustentarem com frades id\u00f4neos a Igreja e as Entidades desta regi\u00e3o em vista de uma presen\u00e7a franciscana significativa. (Introdu\u00e7\u00e3o ao folder <em>Presen\u00e7a Franciscana na Amaz\u00f4nia<\/em>).<\/p>\n<p><strong>O MOMENTO ATUAL DO PROJETO<\/strong><br \/>\nNo momento atual chegamos \u00e0 constitui\u00e7\u00e3o de uma nova Fraternidade com seis (6) mission\u00e1rios de diferentes pa\u00edses, Entidades e culturas. S\u00e3o frades provenientes das quatro Confer\u00eancias da Am\u00e9rica Latina. Cada um foi apresentado pelo seu Ministro provincial ou Cust\u00f3dio ao Ministro geral como candidato id\u00f4neo para esta miss\u00e3o. E cada um recebeu j\u00e1 a obedi\u00eancia do Ministro geral. Um encontro em Quito, Equador, no fim de outubro e in\u00edcio de novembro deste ano de 2011, foi o ponto de refer\u00eancia para encaminhar a concretiza\u00e7\u00e3o desta nova Fraternidade na Amaz\u00f4nia. Tal encontro consistiu em reunir os candidatos para um primeiro momento formativo juntos. Houve a presen\u00e7a dos quatro (4) Presidentes das Confer\u00eancias da UCLAF, do Animador geral para a Evangeliza\u00e7\u00e3o, do Diretor geral do Escrit\u00f3rio de Justi\u00e7a, Paz e Integridade da Cria\u00e7\u00e3o (JPIC), de um Definidor geral para Am\u00e9rica Latina, de um mission\u00e1rio de longa experi\u00eancia na regi\u00e3o amaz\u00f4nica e dos seis mission\u00e1rios.<\/p>\n<p>Como primeiro passo foi feita uma longa partilha sobre as experi\u00eancias mission\u00e1rias de cada um, sobre as motiva\u00e7\u00f5es e o compromisso em rela\u00e7\u00e3o ao Projeto Amaz\u00f4nia. Depois foi apresentada a Mem\u00f3ria do itiner\u00e1rio percorrido at\u00e9 aqui em rela\u00e7\u00e3o a\u00a0este Projeto. Seguiu-se uma ampla reflex\u00e3o e discuss\u00e3o sobre a nova presen\u00e7a mission\u00e1ria na Amaz\u00f4nia, com a ativa participa\u00e7\u00e3o de todos. Durante o encontro rezamos, celebramos, fizemos leitura orante da Palavra.<\/p>\n<p>Uma segunda etapa consistiu em participar do III ENCONTRO AMERICANO sobre JPIC, com um particular acento reservado ao tema da Amaz\u00f4nia. Foram quatro dias muito ricos em partilha sobre as experi\u00eancias mission\u00e1rias na Amaz\u00f4nia e de reflex\u00e3o sobre tem\u00e1ticas relativas \u00e0quela realidade e sobre os desafios atuais. Houve um amplo espa\u00e7o para apresentar o Projeto Amaz\u00f4nia a toda a Assembl\u00e9ia a qual no fim escolheu os elementos mais relevantes e os compromissos em n\u00edvel pessoal, de Fraternidade e de Institui\u00e7\u00e3o.<\/p>\n<p>A terceira etapa foi caracterizada por aspectos pr\u00e1ticos para o in\u00edcio da nova Fraternidade:<\/p>\n<ul>\n<li>Todos os mission\u00e1rios se encontrar\u00e3o em Lima, Peru, no dia 1\u00b0 de fevereiro de 2012, e ser\u00e3o acolhidos por Frei Mauro Vallejo, Ministro da Prov\u00edncia S. Francisco Solano, que ser\u00e1 a Entidade de refer\u00eancia jur\u00eddica para a Fraternidade, e far\u00e3o visitas \u00e0s Fraternidades locais para criar uma primeira rela\u00e7\u00e3o de familiaridade.<\/li>\n<li>Os seis mission\u00e1rios se apresentam ao centro m\u00e9dico local, pertencente \u00e0quela Prov\u00edncia, para deixar os seus dados referentes ao estado de sa\u00fade.<\/li>\n<li>Os seis mission\u00e1rios participar\u00e3o do programa de forma\u00e7\u00e3o permanente daquela Prov\u00edncia previsto para a data de 7 a 10 de<br \/>\nfevereiro.<\/li>\n<li>Em seguida, empreender\u00e3o a viagem rumo a Requena em companhia de Frei Mauro Vallejo e do ec\u00f4nomo provincial.<\/li>\n<li>Na chegada a Requena ser\u00e3o acolhidos por D. Juan Oliver, bispo do Vicariato, e por Frei Lorenzo Alonso, mission\u00e1rio na regi\u00e3o.<\/li>\n<li>Durante os primeiros dias Frei Mauro e o ec\u00f4nomo permanecer\u00e3o com os mission\u00e1rios para arrumar as depend\u00eancias da moradia.<\/li>\n<li>Nos primeiros dias de mar\u00e7o haver\u00e1 a assembl\u00e9ia pastoral do Vicariato da qual a nova Fraternidade participar\u00e1 para uma<br \/>\nprogressiva inser\u00e7\u00e3o na realidade da Igreja local.<\/li>\n<li>No que se refere \u00e0 resid\u00eancia da Fraternidade, decidiu-se permanecer por um per\u00edodo inicial na pequena cidade de Requena em vista da consolida\u00e7\u00e3o da Fraternidade, do conhecimento do territ\u00f3rio, de uma conviv\u00eancia mais demorada com o pastor; em seguida, com um discernimento entre os mission\u00e1rios e em di\u00e1logo com o bispo, podem escolher o lugar mais est\u00e1vel<br \/>\ndentro do Vicariato de Requena.<\/li>\n<li>O acompanhamento da Fraternidade \u00e9 confiado ao Ministro provincial da Prov\u00edncia S. Francisco Solano e do bispo do Vicariato de Requena, em comunh\u00e3o com o Presidente da UCLAF e o Governo geral da Ordem.<\/li>\n<li>Para o sustento econ\u00f4mico desta Fraternidade e da sua miss\u00e3o se compromete o Conselho Diretor da UCLAF; se criou um Fundo especial por parte da Prov\u00edncia S. Francisco Solano; cada Presidente de Confer\u00eancia da Am\u00e9rica Latina vai envolver as Entidades para uma contribui\u00e7\u00e3o ao sustento; se contar\u00e1 com ajudas do Vicariato de Requena, de Koch Fondation e do Secretariado geral para as Miss\u00f5es e a Evangeliza\u00e7\u00e3o.<\/li>\n<\/ul>\n<p><strong>A FRATERNIDADE E ALGUNS TRA\u00c7OS DO SEU ROSTO <\/strong><br \/>\nAntes de mais nada os tra\u00e7os do rosto desta nova Fraternidade ser\u00e3o caracterizados pela contribui\u00e7\u00e3o de cada Frade mission\u00e1rio que a comp\u00f5e: <em>Fr. Atilio Battistuz, <\/em>da Prov\u00edncia da Imaculada, Brasil<em>; Fr. Ademir Francisco Matilde, <\/em>da Cust\u00f3dia S. Cora\u00e7\u00e3o de Jesus, Brasil<em>; Fr. Eugenio Ortiz, <\/em>da Prov\u00edncia S. Miguel, Argentina<em>; Fr. Bernardo Gonz\u00e1lez Guerrero<\/em>, da Prov\u00edncia S. Francisco y Santiago, M\u00e9xico; <em>Fr. Vicente Patricio Guerra Torres<\/em>, da Prov\u00edncia S. Francisco, Equador; <em>Fr. Edel Chanchari<\/em>, da Prov\u00edncia S. Francisco Solano, Peru.<\/p>\n<p>A primeira grande tarefa ser\u00e1 construir uma verdadeira Fraternidade, na qual a diversidade dos irm\u00e3os \u00e9 respeitada e promovida como uma riqueza, mas na qual se vive tamb\u00e9m a comunh\u00e3o interpessoal e fraterna.<\/p>\n<p>A Fraternidade \u00e9 orientada a ser verdadeiramente uma Fraternidade mission\u00e1ria e evangelizadora, sem que os membros se espalhem para assumir v\u00e1rias par\u00f3quias ou v\u00e1rios projetos individuais. Os Frades da Fraternidade podem at\u00e9 assumir pouco\u00a0a pouco compromissos diversos, mas sempre em base ao discernimento na Fraternidade e mantendo a comunh\u00e3o fraterna. Al\u00e9m disso, a Fraternidade n\u00e3o \u00e9 destinada a resolver todos os problemas eclesiais ou sociais ou ecol\u00f3gicos da regi\u00e3o. Esta \u00e9 enviada para ser uma presen\u00e7a evang\u00e9lica e franciscana, dando prioridade aos valores pr\u00f3prios do nosso carisma, isto \u00e9 \u00e0 dimens\u00e3o contemplativa, \u00e0 vida fraterna em comum, \u00e0 minoridade, ao esp\u00edrito mission\u00e1rio em fraternidade. A primeira atitude dever\u00e1 ser a do discipulado, para escutar, contemplar, aprender, conhecer, aproximar-se e criar rela\u00e7\u00f5es de amizade e fraternidade.<\/p>\n<p>A Fraternidade mission\u00e1ria buscar\u00e1 desenvolver dois movimentos: um de inser\u00e7\u00e3o na Igreja e nas realidades locais, isto \u00e9 no Vicariato de Requena, que tem um territ\u00f3rio imenso com pouqu\u00edssimos agentes de pastoral; outro \u00e9 de itiner\u00e2ncia e mobilidade rumo \u00e0 realidade pan-amaz\u00f4nica, procurando construir contatos, formas de articula\u00e7\u00e3o e de solidariedade com outras presen\u00e7as franciscanas e de outros grupos.<\/p>\n<p>Esperamos que a Fraternidade possa ser uma presen\u00e7a nova no sentido de novas atitudes, de leitura e interpreta\u00e7\u00e3o dos sinais dos tempos e dos lugares, de nova sensibilidade e compromisso para com a defesa e promo\u00e7\u00e3o dos direitos das popula\u00e7\u00f5es locais, dos mais pobres, dos ind\u00edgenas, com suas culturas e religiosidade, como tamb\u00e9m em rela\u00e7\u00e3o \u00e0 natureza, ao ambiente e a todos os seres. Em rela\u00e7\u00e3o \u00e0 Igreja local ter\u00e1 a tarefa de ajud\u00e1-la a criar um rosto mais inculturado, com forma\u00e7\u00e3o de comunidades, com seus minist\u00e9rios e com voca\u00e7\u00f5es locais.<\/p>\n<p>O Definit\u00f3rio geral insiste que haja um cuidado particular para um bom in\u00edcio do projeto, levando a s\u00e9rio a caracter\u00edstica de uma Fraternidade mission\u00e1ria evangelizadora em chave franciscana e de di\u00e1logo simp\u00e1tico e cr\u00edtico com o mundo circunstante. O Definit\u00f3rio pede tamb\u00e9m \u00e0 Fraternidade que elabore em seguida um projeto de vida e miss\u00e3o e os Estatutos peculiares para clarear bem os pap\u00e9is dos diferentes sujeitos implicados (a pr\u00f3pria Fraternidade, o Vicariato, a Prov\u00edncia de refer\u00eancia jur\u00eddica, a UCLAF, o Governo geral e os organismos da C\u00faria geral).<\/p>\n<p>Um aspecto que se tornou muito claro ao longo do caminho de prepara\u00e7\u00e3o do Projeto \u00e9 que a pr\u00f3pria Fraternidade com os seus membros dever\u00e1 assumir um papel decisivo em dar um rosto concreto \u00e0 presen\u00e7a franciscana e no dar vida ao <em>Projeto Integral na Amaz\u00f4nia<\/em>. A esperan\u00e7a \u00e9 que esta seja a primeira Fraternidade entre outras que vir\u00e3o a formar-se mais adiante.<\/p>\n<p><strong>Fr. Nestor In\u00e1cio Schwerz ofm<\/strong><br \/>\nDefinidor geral e Coordenador da Comiss\u00e3o pro Amaz\u00f4nia<\/p>\n","protected":false},"excerpt":{"rendered":"<p>OFM<\/p>\n","protected":false},"author":1,"featured_media":207129,"comment_status":"closed","ping_status":"open","sticky":false,"template":"","format":"standard","meta":[],"categories":[1],"tags":[201,128],"acf":[],"yoast_head":"<!-- This site is optimized with the Yoast SEO plugin v19.2 - https:\/\/yoast.com\/wordpress\/plugins\/seo\/ -->\n<title>Nova presen\u00e7a franciscana na Amaz\u00f4nia - Not\u00edcias - Franciscanos<\/title>\n<meta name=\"robots\" content=\"index, follow, max-snippet:-1, max-image-preview:large, max-video-preview:-1\" \/>\n<link rel=\"canonical\" href=\"https:\/\/franciscanos.org.br\/noticias\/nova-presenca-franciscana-na-amazonia.html\" \/>\n<meta property=\"og:locale\" content=\"pt_BR\" \/>\n<meta property=\"og:type\" content=\"article\" \/>\n<meta property=\"og:title\" content=\"Nova presen\u00e7a franciscana na Amaz\u00f4nia - Not\u00edcias - Franciscanos\" \/>\n<meta property=\"og:description\" content=\"OFM\" \/>\n<meta property=\"og:url\" content=\"https:\/\/franciscanos.org.br\/noticias\/nova-presenca-franciscana-na-amazonia.html\" \/>\n<meta property=\"og:site_name\" content=\"Not\u00edcias - Franciscanos\" \/>\n<meta property=\"article:published_time\" content=\"2011-11-30T11:23:00+00:00\" \/>\n<meta property=\"article:modified_time\" content=\"2019-07-02T16:59:03+00:00\" \/>\n<meta property=\"og:image\" content=\"https:\/\/franciscanos.org.br\/noticias\/wp-content\/uploads\/2011\/11\/amazonia-1.jpg\" \/>\n\t<meta property=\"og:image:width\" content=\"273\" \/>\n\t<meta property=\"og:image:height\" content=\"181\" \/>\n\t<meta property=\"og:image:type\" content=\"image\/jpeg\" \/>\n<meta name=\"author\" content=\"admin\" \/>\n<meta name=\"twitter:card\" content=\"summary_large_image\" \/>\n<meta name=\"twitter:label1\" content=\"Escrito por\" \/>\n\t<meta name=\"twitter:data1\" content=\"admin\" \/>\n\t<meta name=\"twitter:label2\" content=\"Est. tempo de leitura\" \/>\n\t<meta name=\"twitter:data2\" content=\"9 minutos\" \/>\n<script type=\"application\/ld+json\" class=\"yoast-schema-graph\">{\"@context\":\"https:\/\/schema.org\",\"@graph\":[{\"@type\":\"WebSite\",\"@id\":\"https:\/\/franciscanos.org.br\/noticias\/#website\",\"url\":\"https:\/\/franciscanos.org.br\/noticias\/\",\"name\":\"Not\u00edcias - Franciscanos\",\"description\":\"Prov\u00edncia Franciscana da Imaculada Concei\u00e7\u00e3o do Brasil - Ordem dos Frades Menores - OFM\",\"potentialAction\":[{\"@type\":\"SearchAction\",\"target\":{\"@type\":\"EntryPoint\",\"urlTemplate\":\"https:\/\/franciscanos.org.br\/noticias\/?s={search_term_string}\"},\"query-input\":\"required name=search_term_string\"}],\"inLanguage\":\"pt-BR\"},{\"@type\":\"ImageObject\",\"inLanguage\":\"pt-BR\",\"@id\":\"https:\/\/franciscanos.org.br\/noticias\/nova-presenca-franciscana-na-amazonia.html#primaryimage\",\"url\":\"https:\/\/franciscanos.org.br\/noticias\/wp-content\/uploads\/2011\/11\/amazonia-1.jpg\",\"contentUrl\":\"https:\/\/franciscanos.org.br\/noticias\/wp-content\/uploads\/2011\/11\/amazonia-1.jpg\",\"width\":273,\"height\":181},{\"@type\":\"WebPage\",\"@id\":\"https:\/\/franciscanos.org.br\/noticias\/nova-presenca-franciscana-na-amazonia.html#webpage\",\"url\":\"https:\/\/franciscanos.org.br\/noticias\/nova-presenca-franciscana-na-amazonia.html\",\"name\":\"Nova presen\u00e7a franciscana na Amaz\u00f4nia - Not\u00edcias - Franciscanos\",\"isPartOf\":{\"@id\":\"https:\/\/franciscanos.org.br\/noticias\/#website\"},\"primaryImageOfPage\":{\"@id\":\"https:\/\/franciscanos.org.br\/noticias\/nova-presenca-franciscana-na-amazonia.html#primaryimage\"},\"datePublished\":\"2011-11-30T11:23:00+00:00\",\"dateModified\":\"2019-07-02T16:59:03+00:00\",\"author\":{\"@id\":\"https:\/\/franciscanos.org.br\/noticias\/#\/schema\/person\/b38fbf43118f02820bd932f2e4b14ad3\"},\"breadcrumb\":{\"@id\":\"https:\/\/franciscanos.org.br\/noticias\/nova-presenca-franciscana-na-amazonia.html#breadcrumb\"},\"inLanguage\":\"pt-BR\",\"potentialAction\":[{\"@type\":\"ReadAction\",\"target\":[\"https:\/\/franciscanos.org.br\/noticias\/nova-presenca-franciscana-na-amazonia.html\"]}]},{\"@type\":\"BreadcrumbList\",\"@id\":\"https:\/\/franciscanos.org.br\/noticias\/nova-presenca-franciscana-na-amazonia.html#breadcrumb\",\"itemListElement\":[{\"@type\":\"ListItem\",\"position\":1,\"name\":\"Home\",\"item\":\"https:\/\/franciscanos.org.br\/noticias\"},{\"@type\":\"ListItem\",\"position\":2,\"name\":\"Nova presen\u00e7a franciscana na Amaz\u00f4nia\"}]},{\"@type\":\"Person\",\"@id\":\"https:\/\/franciscanos.org.br\/noticias\/#\/schema\/person\/b38fbf43118f02820bd932f2e4b14ad3\",\"name\":\"admin\",\"image\":{\"@type\":\"ImageObject\",\"inLanguage\":\"pt-BR\",\"@id\":\"https:\/\/franciscanos.org.br\/noticias\/#\/schema\/person\/image\/\",\"url\":\"https:\/\/secure.gravatar.com\/avatar\/e8495742d34d0ba6448ea1c628263b3e?s=96&d=mm&r=g\",\"contentUrl\":\"https:\/\/secure.gravatar.com\/avatar\/e8495742d34d0ba6448ea1c628263b3e?s=96&d=mm&r=g\",\"caption\":\"admin\"},\"url\":\"https:\/\/franciscanos.org.br\/noticias\/author\/admin\"}]}<\/script>\n<!-- \/ Yoast SEO plugin. -->","yoast_head_json":{"title":"Nova presen\u00e7a franciscana na Amaz\u00f4nia - Not\u00edcias - Franciscanos","robots":{"index":"index","follow":"follow","max-snippet":"max-snippet:-1","max-image-preview":"max-image-preview:large","max-video-preview":"max-video-preview:-1"},"canonical":"https:\/\/franciscanos.org.br\/noticias\/nova-presenca-franciscana-na-amazonia.html","og_locale":"pt_BR","og_type":"article","og_title":"Nova presen\u00e7a franciscana na Amaz\u00f4nia - Not\u00edcias - Franciscanos","og_description":"OFM","og_url":"https:\/\/franciscanos.org.br\/noticias\/nova-presenca-franciscana-na-amazonia.html","og_site_name":"Not\u00edcias - Franciscanos","article_published_time":"2011-11-30T11:23:00+00:00","article_modified_time":"2019-07-02T16:59:03+00:00","og_image":[{"width":273,"height":181,"url":"https:\/\/franciscanos.org.br\/noticias\/wp-content\/uploads\/2011\/11\/amazonia-1.jpg","type":"image\/jpeg"}],"author":"admin","twitter_card":"summary_large_image","twitter_misc":{"Escrito por":"admin","Est. tempo de leitura":"9 minutos"},"schema":{"@context":"https:\/\/schema.org","@graph":[{"@type":"WebSite","@id":"https:\/\/franciscanos.org.br\/noticias\/#website","url":"https:\/\/franciscanos.org.br\/noticias\/","name":"Not\u00edcias - Franciscanos","description":"Prov\u00edncia Franciscana da Imaculada Concei\u00e7\u00e3o do Brasil - Ordem dos Frades Menores - OFM","potentialAction":[{"@type":"SearchAction","target":{"@type":"EntryPoint","urlTemplate":"https:\/\/franciscanos.org.br\/noticias\/?s={search_term_string}"},"query-input":"required name=search_term_string"}],"inLanguage":"pt-BR"},{"@type":"ImageObject","inLanguage":"pt-BR","@id":"https:\/\/franciscanos.org.br\/noticias\/nova-presenca-franciscana-na-amazonia.html#primaryimage","url":"https:\/\/franciscanos.org.br\/noticias\/wp-content\/uploads\/2011\/11\/amazonia-1.jpg","contentUrl":"https:\/\/franciscanos.org.br\/noticias\/wp-content\/uploads\/2011\/11\/amazonia-1.jpg","width":273,"height":181},{"@type":"WebPage","@id":"https:\/\/franciscanos.org.br\/noticias\/nova-presenca-franciscana-na-amazonia.html#webpage","url":"https:\/\/franciscanos.org.br\/noticias\/nova-presenca-franciscana-na-amazonia.html","name":"Nova presen\u00e7a franciscana na Amaz\u00f4nia - Not\u00edcias - Franciscanos","isPartOf":{"@id":"https:\/\/franciscanos.org.br\/noticias\/#website"},"primaryImageOfPage":{"@id":"https:\/\/franciscanos.org.br\/noticias\/nova-presenca-franciscana-na-amazonia.html#primaryimage"},"datePublished":"2011-11-30T11:23:00+00:00","dateModified":"2019-07-02T16:59:03+00:00","author":{"@id":"https:\/\/franciscanos.org.br\/noticias\/#\/schema\/person\/b38fbf43118f02820bd932f2e4b14ad3"},"breadcrumb":{"@id":"https:\/\/franciscanos.org.br\/noticias\/nova-presenca-franciscana-na-amazonia.html#breadcrumb"},"inLanguage":"pt-BR","potentialAction":[{"@type":"ReadAction","target":["https:\/\/franciscanos.org.br\/noticias\/nova-presenca-franciscana-na-amazonia.html"]}]},{"@type":"BreadcrumbList","@id":"https:\/\/franciscanos.org.br\/noticias\/nova-presenca-franciscana-na-amazonia.html#breadcrumb","itemListElement":[{"@type":"ListItem","position":1,"name":"Home","item":"https:\/\/franciscanos.org.br\/noticias"},{"@type":"ListItem","position":2,"name":"Nova presen\u00e7a franciscana na Amaz\u00f4nia"}]},{"@type":"Person","@id":"https:\/\/franciscanos.org.br\/noticias\/#\/schema\/person\/b38fbf43118f02820bd932f2e4b14ad3","name":"admin","image":{"@type":"ImageObject","inLanguage":"pt-BR","@id":"https:\/\/franciscanos.org.br\/noticias\/#\/schema\/person\/image\/","url":"https:\/\/secure.gravatar.com\/avatar\/e8495742d34d0ba6448ea1c628263b3e?s=96&d=mm&r=g","contentUrl":"https:\/\/secure.gravatar.com\/avatar\/e8495742d34d0ba6448ea1c628263b3e?s=96&d=mm&r=g","caption":"admin"},"url":"https:\/\/franciscanos.org.br\/noticias\/author\/admin"}]}},"_links":{"self":[{"href":"https:\/\/franciscanos.org.br\/noticias\/wp-json\/wp\/v2\/posts\/6916"}],"collection":[{"href":"https:\/\/franciscanos.org.br\/noticias\/wp-json\/wp\/v2\/posts"}],"about":[{"href":"https:\/\/franciscanos.org.br\/noticias\/wp-json\/wp\/v2\/types\/post"}],"author":[{"embeddable":true,"href":"https:\/\/franciscanos.org.br\/noticias\/wp-json\/wp\/v2\/users\/1"}],"replies":[{"embeddable":true,"href":"https:\/\/franciscanos.org.br\/noticias\/wp-json\/wp\/v2\/comments?post=6916"}],"version-history":[{"count":0,"href":"https:\/\/franciscanos.org.br\/noticias\/wp-json\/wp\/v2\/posts\/6916\/revisions"}],"wp:featuredmedia":[{"embeddable":true,"href":"https:\/\/franciscanos.org.br\/noticias\/wp-json\/wp\/v2\/media\/207129"}],"wp:attachment":[{"href":"https:\/\/franciscanos.org.br\/noticias\/wp-json\/wp\/v2\/media?parent=6916"}],"wp:term":[{"taxonomy":"category","embeddable":true,"href":"https:\/\/franciscanos.org.br\/noticias\/wp-json\/wp\/v2\/categories?post=6916"},{"taxonomy":"post_tag","embeddable":true,"href":"https:\/\/franciscanos.org.br\/noticias\/wp-json\/wp\/v2\/tags?post=6916"}],"curies":[{"name":"wp","href":"https:\/\/api.w.org\/{rel}","templated":true}]}}