{"id":69032,"date":"2014-10-03T12:12:09","date_gmt":"2014-10-03T15:12:09","guid":{"rendered":"http:\/\/franciscanos.org.br\/?p=69032"},"modified":"2020-02-11T13:33:45","modified_gmt":"2020-02-11T16:33:45","slug":"teatro-bom-jesus-sera-palco-do-iv-encontro-fae-de-corais-universitarios","status":"publish","type":"post","link":"https:\/\/franciscanos.org.br\/noticias\/teatro-bom-jesus-sera-palco-do-iv-encontro-fae-de-corais-universitarios.html","title":{"rendered":"Teatro Bom Jesus ser\u00e1 palco do IV Encontro FAE de Corais Universit\u00e1rios"},"content":{"rendered":"<p><em><a href=\"http:\/\/franciscanos.org.br\/wp-content\/uploads\/2014\/10\/fae.jpg\"><img loading=\"lazy\" class=\"alignleft size-full wp-image-66346\" src=\"http:\/\/franciscanos.org.br\/wp-content\/uploads\/2014\/09\/fae.jpg\" alt=\"fae\" width=\"450\" height=\"298\" \/><\/a>Evento celebra a Semana Franciscana e o ingresso ser\u00e1 um quilo de alimento n\u00e3o perec\u00edvel<\/em><\/p>\n<p><strong>Curitiba (PR)<\/strong> &#8211; Acontece, neste s\u00e1bado (04\/10), \u00e0s 19h30, o IV Encontro FAE de Corais Universit\u00e1rios. O evento, que ocorre no Teatro Bom Jesus, celebra a Semana Franciscana e re\u00fane diversos corais em homenagem a S\u00e3o Francisco de Assis. Estar\u00e3o presentes: Coral FAE, Coral Bom Jesus Lourdes, Coral UTFPR, Coral Champagnat (PUC\/PR), Coral EMBAP, Coral FAP, Vocal Segunda\/Sabado (Universidade Tuiuti). A entrada ser\u00e1 um 1 kg de alimento n\u00e3o perec\u00edvel que ser\u00e3o revertidos as a\u00e7\u00f5es sociais da Pastoral Universit\u00e1ria.<\/p>\n<p>O evento, promovido pela FAE Centro Universit\u00e1rio, explorar\u00e1 as virtudes franciscanas, celebrando seus ensinamentos por meio de cl\u00e1ssicos da m\u00fasica popular brasileira, internacional, sacra e erudita. Os grupos tamb\u00e9m entoar\u00e3o c\u00e2nticos como: \u201cAve Maria\u201d, \u201cFratello Sole, Sorella Luna\u201d, entre outros.<\/p>\n<p><strong>SERVI\u00c7O:<br \/>\n<\/strong><strong>IV Encontro FAE de Corais Universit\u00e1rios<br \/>\n<\/strong><strong>Sobre<\/strong>: Em celebra\u00e7\u00e3o a Semana Franciscana acontece o IV Encontro FAE de Corais Universit\u00e1rios. No palco estar\u00e3o presentes: Coral FAE, Coral Bom Jesus Lourdes, Coral UTFPR, Coral Champagnat (PUC\/PR), Coral EMBAP, Coral FAP, Vocal SegundaSabado (Universidade Tuiuti). O vasto repert\u00f3rio faz um passeio pela vida de S\u00e3o Francisco atrav\u00e9s de m\u00fasicas populares.<br \/>\n<strong>Quando<\/strong>: dia 4 de outubro (s\u00e1bado)<br \/>\n<strong>Hor\u00e1rio<\/strong>: 19h30.<br \/>\n<strong>Local<\/strong>: Teatro Bom Jesus &#8211; Rua 24 de Maio, 135, Centro, Curitiba, PR<br \/>\n<strong>Entrada<\/strong>: 1kg de alimento n\u00e3o perec\u00edvel.<br \/>\n<strong>Mais informa\u00e7\u00f5es<\/strong>: <a href=\"http:\/\/www.fae.edu\/eventos\">www.fae.edu\/eventos<\/a><\/p>\n<h3><strong>Sobre a FAE Centro Universit\u00e1rio<\/strong><\/h3>\n<p>A <strong>FAE Centro Universit\u00e1rio<\/strong> \u00e9 reconhecida pela excel\u00eancia do ensino e pela forma\u00e7\u00e3o humanista. A institui\u00e7\u00e3o tem mais de 55 anos de hist\u00f3riae, pelo sexto ano seguido, \u00e9 apontada pelo MEC como a melhor institui\u00e7\u00e3o privada de ensino universit\u00e1rio de Curitiba.<\/p>\n<p>Com unidades em Curitiba, S\u00e3o Jos\u00e9 dos Pinhais e Blumenau, \u00e9 refer\u00eancia pela forma\u00e7\u00e3o de profissionais altamente qualificados. S\u00e3o oferecidos diversos cursos de gradua\u00e7\u00e3o, P\u00f3s-Gradua\u00e7\u00e3o com especializa\u00e7\u00f5es na modalidade <em>lato sensu <\/em>e quatro programas de MBA. Al\u00e9m de Educa\u00e7\u00e3o Executiva, Educa\u00e7\u00e3o a Dist\u00e2ncia e Programas In Company. Mais informa\u00e7\u00f5es <a href=\"http:\/\/www.fae.edu\/\">www.fae.edu<\/a>.<\/p>\n<p>O Grupo Bom Jesus ainda conta com unidades de educa\u00e7\u00e3o b\u00e1sica espalhadas pelo Paran\u00e1, Santa Catarina, Rio Grande do Sul, S\u00e3o Paulo e Rio de Janeiro. Tamb\u00e9m faz parte do Grupo o Teatro Bom Jesus (<a href=\"http:\/\/www.teatrobomjesus.com.br\/\">www.teatrobomjesus.com.br<\/a>), a Viva Esporte Academia (<a href=\"http:\/\/www.vivaesporteacademia.com.br\/\">www.vivaesporteacademia.com.br<\/a>) e o Lace Language Center (<a href=\"http:\/\/www.lacelc.com.br\/\">www.lacelc.com.br<\/a>).<\/p>\n","protected":false},"excerpt":{"rendered":"<p>Corais Universit\u00e1rios<\/p>\n","protected":false},"author":1,"featured_media":219247,"comment_status":"open","ping_status":"open","sticky":false,"template":"","format":"standard","meta":[],"categories":[1],"tags":[],"acf":[],"yoast_head":"<!-- This site is optimized with the Yoast SEO plugin v19.2 - https:\/\/yoast.com\/wordpress\/plugins\/seo\/ -->\n<title>Teatro Bom Jesus ser\u00e1 palco do IV Encontro FAE de Corais Universit\u00e1rios - Not\u00edcias - Franciscanos<\/title>\n<meta name=\"robots\" content=\"index, follow, max-snippet:-1, max-image-preview:large, max-video-preview:-1\" \/>\n<link rel=\"canonical\" href=\"https:\/\/franciscanos.org.br\/noticias\/teatro-bom-jesus-sera-palco-do-iv-encontro-fae-de-corais-universitarios.html\" \/>\n<meta property=\"og:locale\" content=\"pt_BR\" \/>\n<meta property=\"og:type\" content=\"article\" \/>\n<meta property=\"og:title\" content=\"Teatro Bom Jesus ser\u00e1 palco do IV Encontro FAE de Corais Universit\u00e1rios - Not\u00edcias - Franciscanos\" \/>\n<meta property=\"og:description\" content=\"Corais Universit\u00e1rios\" \/>\n<meta property=\"og:url\" content=\"https:\/\/franciscanos.org.br\/noticias\/teatro-bom-jesus-sera-palco-do-iv-encontro-fae-de-corais-universitarios.html\" \/>\n<meta property=\"og:site_name\" content=\"Not\u00edcias - Franciscanos\" \/>\n<meta property=\"article:published_time\" content=\"2014-10-03T15:12:09+00:00\" \/>\n<meta property=\"article:modified_time\" content=\"2020-02-11T16:33:45+00:00\" \/>\n<meta property=\"og:image\" content=\"https:\/\/franciscanos.org.br\/noticias\/wp-content\/uploads\/2014\/09\/fae.jpg\" \/>\n\t<meta property=\"og:image:width\" content=\"273\" \/>\n\t<meta property=\"og:image:height\" content=\"181\" \/>\n\t<meta property=\"og:image:type\" content=\"image\/jpeg\" \/>\n<meta name=\"author\" content=\"admin\" \/>\n<meta name=\"twitter:card\" content=\"summary_large_image\" \/>\n<meta name=\"twitter:label1\" content=\"Escrito por\" \/>\n\t<meta name=\"twitter:data1\" content=\"admin\" \/>\n\t<meta name=\"twitter:label2\" content=\"Est. tempo de leitura\" \/>\n\t<meta name=\"twitter:data2\" content=\"2 minutos\" \/>\n<script type=\"application\/ld+json\" class=\"yoast-schema-graph\">{\"@context\":\"https:\/\/schema.org\",\"@graph\":[{\"@type\":\"WebSite\",\"@id\":\"https:\/\/franciscanos.org.br\/noticias\/#website\",\"url\":\"https:\/\/franciscanos.org.br\/noticias\/\",\"name\":\"Not\u00edcias - Franciscanos\",\"description\":\"Prov\u00edncia Franciscana da Imaculada Concei\u00e7\u00e3o do Brasil - Ordem dos Frades Menores - OFM\",\"potentialAction\":[{\"@type\":\"SearchAction\",\"target\":{\"@type\":\"EntryPoint\",\"urlTemplate\":\"https:\/\/franciscanos.org.br\/noticias\/?s={search_term_string}\"},\"query-input\":\"required name=search_term_string\"}],\"inLanguage\":\"pt-BR\"},{\"@type\":\"ImageObject\",\"inLanguage\":\"pt-BR\",\"@id\":\"https:\/\/franciscanos.org.br\/noticias\/teatro-bom-jesus-sera-palco-do-iv-encontro-fae-de-corais-universitarios.html#primaryimage\",\"url\":\"https:\/\/franciscanos.org.br\/noticias\/wp-content\/uploads\/2014\/09\/fae.jpg\",\"contentUrl\":\"https:\/\/franciscanos.org.br\/noticias\/wp-content\/uploads\/2014\/09\/fae.jpg\",\"width\":273,\"height\":181},{\"@type\":\"WebPage\",\"@id\":\"https:\/\/franciscanos.org.br\/noticias\/teatro-bom-jesus-sera-palco-do-iv-encontro-fae-de-corais-universitarios.html#webpage\",\"url\":\"https:\/\/franciscanos.org.br\/noticias\/teatro-bom-jesus-sera-palco-do-iv-encontro-fae-de-corais-universitarios.html\",\"name\":\"Teatro Bom Jesus ser\u00e1 palco do IV Encontro FAE de Corais Universit\u00e1rios - Not\u00edcias - Franciscanos\",\"isPartOf\":{\"@id\":\"https:\/\/franciscanos.org.br\/noticias\/#website\"},\"primaryImageOfPage\":{\"@id\":\"https:\/\/franciscanos.org.br\/noticias\/teatro-bom-jesus-sera-palco-do-iv-encontro-fae-de-corais-universitarios.html#primaryimage\"},\"datePublished\":\"2014-10-03T15:12:09+00:00\",\"dateModified\":\"2020-02-11T16:33:45+00:00\",\"author\":{\"@id\":\"https:\/\/franciscanos.org.br\/noticias\/#\/schema\/person\/b38fbf43118f02820bd932f2e4b14ad3\"},\"breadcrumb\":{\"@id\":\"https:\/\/franciscanos.org.br\/noticias\/teatro-bom-jesus-sera-palco-do-iv-encontro-fae-de-corais-universitarios.html#breadcrumb\"},\"inLanguage\":\"pt-BR\",\"potentialAction\":[{\"@type\":\"ReadAction\",\"target\":[\"https:\/\/franciscanos.org.br\/noticias\/teatro-bom-jesus-sera-palco-do-iv-encontro-fae-de-corais-universitarios.html\"]}]},{\"@type\":\"BreadcrumbList\",\"@id\":\"https:\/\/franciscanos.org.br\/noticias\/teatro-bom-jesus-sera-palco-do-iv-encontro-fae-de-corais-universitarios.html#breadcrumb\",\"itemListElement\":[{\"@type\":\"ListItem\",\"position\":1,\"name\":\"Home\",\"item\":\"https:\/\/franciscanos.org.br\/noticias\"},{\"@type\":\"ListItem\",\"position\":2,\"name\":\"Teatro Bom Jesus ser\u00e1 palco do IV Encontro FAE de Corais Universit\u00e1rios\"}]},{\"@type\":\"Person\",\"@id\":\"https:\/\/franciscanos.org.br\/noticias\/#\/schema\/person\/b38fbf43118f02820bd932f2e4b14ad3\",\"name\":\"admin\",\"image\":{\"@type\":\"ImageObject\",\"inLanguage\":\"pt-BR\",\"@id\":\"https:\/\/franciscanos.org.br\/noticias\/#\/schema\/person\/image\/\",\"url\":\"https:\/\/secure.gravatar.com\/avatar\/e8495742d34d0ba6448ea1c628263b3e?s=96&d=mm&r=g\",\"contentUrl\":\"https:\/\/secure.gravatar.com\/avatar\/e8495742d34d0ba6448ea1c628263b3e?s=96&d=mm&r=g\",\"caption\":\"admin\"},\"url\":\"https:\/\/franciscanos.org.br\/noticias\/author\/admin\"}]}<\/script>\n<!-- \/ Yoast SEO plugin. -->","yoast_head_json":{"title":"Teatro Bom Jesus ser\u00e1 palco do IV Encontro FAE de Corais Universit\u00e1rios - Not\u00edcias - Franciscanos","robots":{"index":"index","follow":"follow","max-snippet":"max-snippet:-1","max-image-preview":"max-image-preview:large","max-video-preview":"max-video-preview:-1"},"canonical":"https:\/\/franciscanos.org.br\/noticias\/teatro-bom-jesus-sera-palco-do-iv-encontro-fae-de-corais-universitarios.html","og_locale":"pt_BR","og_type":"article","og_title":"Teatro Bom Jesus ser\u00e1 palco do IV Encontro FAE de Corais Universit\u00e1rios - Not\u00edcias - Franciscanos","og_description":"Corais Universit\u00e1rios","og_url":"https:\/\/franciscanos.org.br\/noticias\/teatro-bom-jesus-sera-palco-do-iv-encontro-fae-de-corais-universitarios.html","og_site_name":"Not\u00edcias - Franciscanos","article_published_time":"2014-10-03T15:12:09+00:00","article_modified_time":"2020-02-11T16:33:45+00:00","og_image":[{"width":273,"height":181,"url":"https:\/\/franciscanos.org.br\/noticias\/wp-content\/uploads\/2014\/09\/fae.jpg","type":"image\/jpeg"}],"author":"admin","twitter_card":"summary_large_image","twitter_misc":{"Escrito por":"admin","Est. tempo de leitura":"2 minutos"},"schema":{"@context":"https:\/\/schema.org","@graph":[{"@type":"WebSite","@id":"https:\/\/franciscanos.org.br\/noticias\/#website","url":"https:\/\/franciscanos.org.br\/noticias\/","name":"Not\u00edcias - Franciscanos","description":"Prov\u00edncia Franciscana da Imaculada Concei\u00e7\u00e3o do Brasil - Ordem dos Frades Menores - OFM","potentialAction":[{"@type":"SearchAction","target":{"@type":"EntryPoint","urlTemplate":"https:\/\/franciscanos.org.br\/noticias\/?s={search_term_string}"},"query-input":"required name=search_term_string"}],"inLanguage":"pt-BR"},{"@type":"ImageObject","inLanguage":"pt-BR","@id":"https:\/\/franciscanos.org.br\/noticias\/teatro-bom-jesus-sera-palco-do-iv-encontro-fae-de-corais-universitarios.html#primaryimage","url":"https:\/\/franciscanos.org.br\/noticias\/wp-content\/uploads\/2014\/09\/fae.jpg","contentUrl":"https:\/\/franciscanos.org.br\/noticias\/wp-content\/uploads\/2014\/09\/fae.jpg","width":273,"height":181},{"@type":"WebPage","@id":"https:\/\/franciscanos.org.br\/noticias\/teatro-bom-jesus-sera-palco-do-iv-encontro-fae-de-corais-universitarios.html#webpage","url":"https:\/\/franciscanos.org.br\/noticias\/teatro-bom-jesus-sera-palco-do-iv-encontro-fae-de-corais-universitarios.html","name":"Teatro Bom Jesus ser\u00e1 palco do IV Encontro FAE de Corais Universit\u00e1rios - Not\u00edcias - Franciscanos","isPartOf":{"@id":"https:\/\/franciscanos.org.br\/noticias\/#website"},"primaryImageOfPage":{"@id":"https:\/\/franciscanos.org.br\/noticias\/teatro-bom-jesus-sera-palco-do-iv-encontro-fae-de-corais-universitarios.html#primaryimage"},"datePublished":"2014-10-03T15:12:09+00:00","dateModified":"2020-02-11T16:33:45+00:00","author":{"@id":"https:\/\/franciscanos.org.br\/noticias\/#\/schema\/person\/b38fbf43118f02820bd932f2e4b14ad3"},"breadcrumb":{"@id":"https:\/\/franciscanos.org.br\/noticias\/teatro-bom-jesus-sera-palco-do-iv-encontro-fae-de-corais-universitarios.html#breadcrumb"},"inLanguage":"pt-BR","potentialAction":[{"@type":"ReadAction","target":["https:\/\/franciscanos.org.br\/noticias\/teatro-bom-jesus-sera-palco-do-iv-encontro-fae-de-corais-universitarios.html"]}]},{"@type":"BreadcrumbList","@id":"https:\/\/franciscanos.org.br\/noticias\/teatro-bom-jesus-sera-palco-do-iv-encontro-fae-de-corais-universitarios.html#breadcrumb","itemListElement":[{"@type":"ListItem","position":1,"name":"Home","item":"https:\/\/franciscanos.org.br\/noticias"},{"@type":"ListItem","position":2,"name":"Teatro Bom Jesus ser\u00e1 palco do IV Encontro FAE de Corais Universit\u00e1rios"}]},{"@type":"Person","@id":"https:\/\/franciscanos.org.br\/noticias\/#\/schema\/person\/b38fbf43118f02820bd932f2e4b14ad3","name":"admin","image":{"@type":"ImageObject","inLanguage":"pt-BR","@id":"https:\/\/franciscanos.org.br\/noticias\/#\/schema\/person\/image\/","url":"https:\/\/secure.gravatar.com\/avatar\/e8495742d34d0ba6448ea1c628263b3e?s=96&d=mm&r=g","contentUrl":"https:\/\/secure.gravatar.com\/avatar\/e8495742d34d0ba6448ea1c628263b3e?s=96&d=mm&r=g","caption":"admin"},"url":"https:\/\/franciscanos.org.br\/noticias\/author\/admin"}]}},"_links":{"self":[{"href":"https:\/\/franciscanos.org.br\/noticias\/wp-json\/wp\/v2\/posts\/69032"}],"collection":[{"href":"https:\/\/franciscanos.org.br\/noticias\/wp-json\/wp\/v2\/posts"}],"about":[{"href":"https:\/\/franciscanos.org.br\/noticias\/wp-json\/wp\/v2\/types\/post"}],"author":[{"embeddable":true,"href":"https:\/\/franciscanos.org.br\/noticias\/wp-json\/wp\/v2\/users\/1"}],"replies":[{"embeddable":true,"href":"https:\/\/franciscanos.org.br\/noticias\/wp-json\/wp\/v2\/comments?post=69032"}],"version-history":[{"count":0,"href":"https:\/\/franciscanos.org.br\/noticias\/wp-json\/wp\/v2\/posts\/69032\/revisions"}],"wp:featuredmedia":[{"embeddable":true,"href":"https:\/\/franciscanos.org.br\/noticias\/wp-json\/wp\/v2\/media\/219247"}],"wp:attachment":[{"href":"https:\/\/franciscanos.org.br\/noticias\/wp-json\/wp\/v2\/media?parent=69032"}],"wp:term":[{"taxonomy":"category","embeddable":true,"href":"https:\/\/franciscanos.org.br\/noticias\/wp-json\/wp\/v2\/categories?post=69032"},{"taxonomy":"post_tag","embeddable":true,"href":"https:\/\/franciscanos.org.br\/noticias\/wp-json\/wp\/v2\/tags?post=69032"}],"curies":[{"name":"wp","href":"https:\/\/api.w.org\/{rel}","templated":true}]}}