{"id":68703,"date":"2014-10-01T14:31:43","date_gmt":"2014-10-01T17:31:43","guid":{"rendered":"http:\/\/franciscanos.org.br\/?p=68703"},"modified":"2020-11-12T10:40:14","modified_gmt":"2020-11-12T13:40:14","slug":"frei-gustavo-a-natureza-e-que-cuida-de-nos","status":"publish","type":"post","link":"https:\/\/franciscanos.org.br\/noticias\/frei-gustavo-a-natureza-e-que-cuida-de-nos.html","title":{"rendered":"Frei Gustavo: &#8220;A natureza \u00e9 que cuida de n\u00f3s&#8221;"},"content":{"rendered":"<p><img loading=\"lazy\" src=\"http:\/\/franciscanos.org.br\/wp-content\/uploads\/2014\/10\/zoo.jpg\" alt=\"zoo\" width=\"820\" height=\"378\" \/><\/p>\n<p><strong>Moacir Beggo<\/strong><\/p>\n<p><strong>S\u00e3o Paulo (SP)<\/strong> &#8211; Em clima de festa pelo Patrono da Ecologia, S\u00e3o Francisco de Assis, um grupo de frades do Convento S\u00e3o Francisco fez nesta quarta-feira, 1\u00ba de outubro, uma celebra\u00e7\u00e3o franciscana no Parque Zool\u00f3gico de S\u00e3o Paulo, onde com os funcion\u00e1rios, visitantes e vocacionados agradeceram a Deus pela grande obra da cria\u00e7\u00e3o.<\/p>\n<p>A celebra\u00e7\u00e3o aconteceu exatamente no lago onde est\u00e1 a imagem de S\u00e3o Francisco de Assis, que foi doada pela Prov\u00edncia Franciscana da Imaculada Concei\u00e7\u00e3o, quando celebrou 300 anos de funda\u00e7\u00e3o, em 1975. Frei Gustavo Medella presidiu a celebra\u00e7\u00e3o e lembrou que os frades se sentiam em casa por estar no ambiente de cultivo da educa\u00e7\u00e3o, da consci\u00eancia do respeito pela natureza, da forma\u00e7\u00e3o da juventude, do cuidado com as esp\u00e9cies, dos estudos das esp\u00e9cies. &#8220;Porque S\u00e3o Francisco, sabendo-se origin\u00e1rio de uma \u00fanica e universal fonte de amor, que \u00e9 Deus, considerava todas as criaturas vivas e n\u00e3o-vivas, animadas e inanimadas como seus irm\u00e3os e irm\u00e3s. Ent\u00e3o, n\u00f3s podemos dizer que estamos aqui em fam\u00edlia. \u00c9 uma grande alegria estar aqui com todos aqueles que t\u00eam a miss\u00e3o de levar adiante este trabalho t\u00e3o bonito na Funda\u00e7\u00e3o do Zool\u00f3gico de S\u00e3o Paulo&#8221;, disse o celebrante na acolhida.<\/p>\n<div id=\"attachment_68775\" style=\"width: 410px\" class=\"wp-caption alignright\"><a href=\"http:\/\/franciscanos.org.br\/wp-content\/uploads\/2014\/10\/bressan.jpg\"><img aria-describedby=\"caption-attachment-68775\" loading=\"lazy\" class=\"wp-image-68775 size-full\" src=\"http:\/\/franciscanos.org.br\/wp-content\/uploads\/2014\/10\/bressan.jpg\" alt=\"bressan\" width=\"400\" height=\"267\" \/><\/a><p id=\"caption-attachment-68775\" class=\"wp-caption-text\">Paulo Bressan, diretor-presidente da Funda\u00e7\u00e3o<\/p><\/div>\n<p>Depois da leitura de um trecho da biografia de S\u00e3o Francisco, tirada dos Escritos Franciscanos, Frei Medella refletiu que, com frequ\u00eancia, at\u00e9 por uma quest\u00e3o de necessidade de urg\u00eancia, h\u00e1 um clamor pelo cuidado da natureza, para que a humanidade tenha possibilidade de sobreviv\u00eancia no futuro. &#8220;\u00c9 um apelo justo, necess\u00e1rio e leg\u00edtimo. No entanto, se n\u00f3s pensarmos com bastante crit\u00e9rio, tamb\u00e9m poderemos chegar \u00e0 conclus\u00e3o que muito mais que sermos cuidadores da natureza, \u00e9 ela que cuida de n\u00f3s. O que seria de n\u00f3s se n\u00e3o houvesse a \u00e1gua, que nos hidrata e fecunda o solo? O que seria de n\u00f3s sem a terra, que produz alimentos? O que seria de n\u00f3s sem o sol? N\u00e3o ter\u00edamos vida. Portanto, somos cuidados pela natureza, mas essa consci\u00eancia em diversas vezes nos escapa e n\u00f3s nos consideramos os cuidadores, os dominadores. \u00c9 por esse motivo que cuidar da natureza, cuidar da preserva\u00e7\u00e3o das esp\u00e9cies, respeitar cada ser vivo, \u00e9 cuidar, respeitar, e atender o ser humano, principalmente, nas suas necessidades&#8221;, enfatizou Frei Gustavo, dando os parab\u00e9ns ao Zool\u00f3gico de S\u00e3o Paulo por esse &#8220;trabalho incans\u00e1vel, que o sei dif\u00edcil e exige grande dose de idealismo&#8221;.<\/p>\n<div id=\"attachment_68776\" style=\"width: 510px\" class=\"wp-caption alignleft\"><a href=\"http:\/\/franciscanos.org.br\/wp-content\/uploads\/2014\/10\/oficial.jpg\"><img aria-describedby=\"caption-attachment-68776\" loading=\"lazy\" class=\"wp-image-68776 size-full\" src=\"http:\/\/franciscanos.org.br\/wp-content\/uploads\/2014\/10\/oficial.jpg\" alt=\"oficial\" width=\"500\" height=\"375\" \/><\/a><p id=\"caption-attachment-68776\" class=\"wp-caption-text\">Frades, funcion\u00e1rios e vocacionados<\/p><\/div>\n<p>Falando os funcion\u00e1rios, disse que, com o seu trabalho, acreditam naquilo de mais belo no cora\u00e7\u00e3o do ser humano, naquilo que h\u00e1 de mais nobre na exist\u00eancia de cada pessoa: fomentar esse esp\u00edrito de carinho, de servi\u00e7o, de respeito e de cuidado.<\/p>\n<p>&#8220;Quanto bem voc\u00eas n\u00e3o fazem aos milhares de visitantes que aqui chegam todos os anos, como essa crian\u00e7ada que agora acaba de adentrar nos port\u00f5es. Continuem com entusiasmo fomentando nos seus interlocutores o respeito pela natureza, o amor pela cria\u00e7\u00e3o e tenham certeza: voc\u00eas estar\u00e3o sendo construtores do Reino de Deus, voc\u00eas estar\u00e3o sendo colaboradores da primeira hora do sonho de Francisco de Assis, que foi o de levar o Evangelho de Nosso Senhor Jesus Cristo a todo o universo e a toda criatura&#8221;, disse Frei Gustavo.<\/p>\n<p>Segundo o frade, professando ou n\u00e3o a f\u00e9 cat\u00f3lica, os funcion\u00e1rios do Zool\u00f3gico, que se engajam na causa da forma\u00e7\u00e3o, do cuidado e do respeito, s\u00e3o evangelizadores, disc\u00edpulos de Francisco de Assis. &#8220;Que Deus ilumine e aben\u00e7oe o trabalho de voc\u00eas e que todos n\u00f3s tenhamos este carinho e respeito por todos os bens da cria\u00e7\u00e3o&#8221;, pediu.<\/p>\n<p>Paulo Bressan, diretor-presidente da Funda\u00e7\u00e3o Parque Zool\u00f3gico de S\u00e3o Paulo, ficou muito contente com a presen\u00e7a dos frades. Ele lembrou que j\u00e1 \u00e9 uma tradi\u00e7\u00e3o desde 1975 a b\u00ean\u00e7\u00e3o de S\u00e3o Francisco no Zool\u00f3gico. &#8220;Todo ano, se n\u00e3o for com os franciscanos, n\u00f3s sempre fazemos aqui uma homenagem em sintonia com a filosofia de S\u00e3o Francisco&#8221;, disse, lembrando tamb\u00e9m um ritual da lavagem da est\u00e1tua de S\u00e3o Francisco, que hoje \u00e9 um &#8220;porto seguro&#8221; das aves.<\/p>\n<div id=\"attachment_68777\" style=\"width: 327px\" class=\"wp-caption alignright\"><a href=\"http:\/\/franciscanos.org.br\/wp-content\/uploads\/2014\/10\/junqueira.jpg\"><img aria-describedby=\"caption-attachment-68777\" loading=\"lazy\" class=\"wp-image-68777 size-full\" src=\"http:\/\/franciscanos.org.br\/wp-content\/uploads\/2014\/10\/junqueira.jpg\" alt=\"junqueira\" width=\"317\" height=\"400\" \/><\/a><p id=\"caption-attachment-68777\" class=\"wp-caption-text\">Fernanda Junqueira Vaz<\/p><\/div>\n<p>&#8220;Essa parceria com voc\u00eas \u00e9 muito importante para n\u00f3s, para os nossos profissionais, sejam eles t\u00e9cnicos, operacionais, administradores, mas especialmente porque todo este grupo de pessoas trabalha diuturnamente pelo bem-estar dos animais. Ent\u00e3o, \u00e9 uma pr\u00e1tica nossa e, se n\u00e3o fosse essa convic\u00e7\u00e3o e amor aos animais, n\u00e3o haveria raz\u00e3o de existir&#8221;, explicou Bressan.<\/p>\n<p>Segundo ele, n\u00e3o haveria raz\u00e3o de existir se n\u00e3o fosse &#8220;para passar isso aos jovens, crian\u00e7as e at\u00e9 n\u00f3s, adultos, que precisamos sistematicamente de um refor\u00e7o nessa linha de pensamento e de postura. Ent\u00e3o, para n\u00f3s, essa participa\u00e7\u00e3o de voc\u00eas, \u00e9 um est\u00edmulo para continuarmos passando essa mensagem de S\u00e3o Francisco, que \u00e9 muito viva hoje. A gente tem certeza e convic\u00e7\u00e3o que esta institui\u00e7\u00e3o contribui para isso. Sem d\u00favida, \u00e9 um trabalho dif\u00edcil, mas todos os nossos funcion\u00e1rios o fazem com muito amor&#8221;, completou.<\/p>\n<p>Exemplo disso \u00e9 a funcion\u00e1ria Fernanda Junqueira Vaz. &#8220;Estou muito emocionada. Sou devota de S\u00e3o Francisco e \u00e9 muito bonito ver uma celebra\u00e7\u00e3o que resgata esse amor que o santo tinha pelos animais&#8221;, disse a bi\u00f3loga, que trabalha no Zool\u00f3gico desde 1996, quando entrou como estagi\u00e1ria. &#8220;Desde pequena gostava de animais, cresci j\u00e1 sabendo que ia trabalhar com animais. N\u00e3o sabia se cursaria veterin\u00e1ria ou biologia. Mas a\u00ed com o tempo vi que seria bi\u00f3loga mesmo&#8221;, contou a moradora de uma vila com o nome de S\u00e3o Francisco, no Butant\u00e3.<\/p>\n<p>A est\u00e1tua de S\u00e3o Francisco de Assis foi inaugurada tamb\u00e9m em um s\u00e1bado no Parque Zool\u00f3gico de S\u00e3o Paulo: 6 de dezembro de 1975. O idealizador foi o guardi\u00e3o do Convento S\u00e3o Francisco, Frei Edgar Weist. A imagem mede 2,20m e pesa cerca de 3 toneladas; \u00e9 de cimento armado, revestida de uma p\u00e1tina. Colocada no \u201cLago dos Cisnes\u201d, a est\u00e1tua tem um lobo e ovelha aos p\u00e9s, uma pomba \u00e0 m\u00e3o.<\/p>\n<p>S\u00e3o Francisco foi proclamado Patrono da Ecologia pelo Papa Jo\u00e3o Paulo II no dia 29 de outubro de 1979.<\/p>\n","protected":false},"excerpt":{"rendered":"<p>No Zool\u00f3gico<\/p>\n","protected":false},"author":1,"featured_media":211960,"comment_status":"open","ping_status":"open","sticky":false,"template":"","format":"standard","meta":[],"categories":[1],"tags":[],"acf":[],"yoast_head":"<!-- This site is optimized with the Yoast SEO plugin v19.2 - https:\/\/yoast.com\/wordpress\/plugins\/seo\/ -->\n<title>Frei Gustavo: &quot;A natureza \u00e9 que cuida de n\u00f3s&quot; - Not\u00edcias - Franciscanos<\/title>\n<meta name=\"robots\" content=\"index, follow, max-snippet:-1, max-image-preview:large, max-video-preview:-1\" \/>\n<link rel=\"canonical\" href=\"https:\/\/franciscanos.org.br\/noticias\/frei-gustavo-a-natureza-e-que-cuida-de-nos.html\" \/>\n<meta property=\"og:locale\" content=\"pt_BR\" \/>\n<meta property=\"og:type\" content=\"article\" \/>\n<meta property=\"og:title\" content=\"Frei Gustavo: &quot;A natureza \u00e9 que cuida de n\u00f3s&quot; - Not\u00edcias - Franciscanos\" \/>\n<meta property=\"og:description\" content=\"No Zool\u00f3gico\" \/>\n<meta property=\"og:url\" content=\"https:\/\/franciscanos.org.br\/noticias\/frei-gustavo-a-natureza-e-que-cuida-de-nos.html\" \/>\n<meta property=\"og:site_name\" content=\"Not\u00edcias - Franciscanos\" \/>\n<meta property=\"article:published_time\" content=\"2014-10-01T17:31:43+00:00\" \/>\n<meta property=\"article:modified_time\" content=\"2020-11-12T13:40:14+00:00\" \/>\n<meta property=\"og:image\" content=\"https:\/\/franciscanos.org.br\/noticias\/wp-content\/uploads\/2014\/10\/oficial-zoo.jpg\" \/>\n\t<meta property=\"og:image:width\" content=\"273\" \/>\n\t<meta property=\"og:image:height\" content=\"180\" \/>\n\t<meta property=\"og:image:type\" content=\"image\/jpeg\" \/>\n<meta name=\"author\" content=\"admin\" \/>\n<meta name=\"twitter:card\" content=\"summary_large_image\" \/>\n<meta name=\"twitter:label1\" content=\"Escrito por\" \/>\n\t<meta name=\"twitter:data1\" content=\"admin\" \/>\n\t<meta name=\"twitter:label2\" content=\"Est. tempo de leitura\" \/>\n\t<meta name=\"twitter:data2\" content=\"6 minutos\" \/>\n<script type=\"application\/ld+json\" class=\"yoast-schema-graph\">{\"@context\":\"https:\/\/schema.org\",\"@graph\":[{\"@type\":\"WebSite\",\"@id\":\"https:\/\/franciscanos.org.br\/noticias\/#website\",\"url\":\"https:\/\/franciscanos.org.br\/noticias\/\",\"name\":\"Not\u00edcias - Franciscanos\",\"description\":\"Prov\u00edncia Franciscana da Imaculada Concei\u00e7\u00e3o do Brasil - Ordem dos Frades Menores - OFM\",\"potentialAction\":[{\"@type\":\"SearchAction\",\"target\":{\"@type\":\"EntryPoint\",\"urlTemplate\":\"https:\/\/franciscanos.org.br\/noticias\/?s={search_term_string}\"},\"query-input\":\"required name=search_term_string\"}],\"inLanguage\":\"pt-BR\"},{\"@type\":\"ImageObject\",\"inLanguage\":\"pt-BR\",\"@id\":\"https:\/\/franciscanos.org.br\/noticias\/frei-gustavo-a-natureza-e-que-cuida-de-nos.html#primaryimage\",\"url\":\"https:\/\/franciscanos.org.br\/noticias\/wp-content\/uploads\/2014\/10\/oficial-zoo.jpg\",\"contentUrl\":\"https:\/\/franciscanos.org.br\/noticias\/wp-content\/uploads\/2014\/10\/oficial-zoo.jpg\",\"width\":273,\"height\":180},{\"@type\":\"WebPage\",\"@id\":\"https:\/\/franciscanos.org.br\/noticias\/frei-gustavo-a-natureza-e-que-cuida-de-nos.html#webpage\",\"url\":\"https:\/\/franciscanos.org.br\/noticias\/frei-gustavo-a-natureza-e-que-cuida-de-nos.html\",\"name\":\"Frei Gustavo: \\\"A natureza \u00e9 que cuida de n\u00f3s\\\" - Not\u00edcias - Franciscanos\",\"isPartOf\":{\"@id\":\"https:\/\/franciscanos.org.br\/noticias\/#website\"},\"primaryImageOfPage\":{\"@id\":\"https:\/\/franciscanos.org.br\/noticias\/frei-gustavo-a-natureza-e-que-cuida-de-nos.html#primaryimage\"},\"datePublished\":\"2014-10-01T17:31:43+00:00\",\"dateModified\":\"2020-11-12T13:40:14+00:00\",\"author\":{\"@id\":\"https:\/\/franciscanos.org.br\/noticias\/#\/schema\/person\/b38fbf43118f02820bd932f2e4b14ad3\"},\"breadcrumb\":{\"@id\":\"https:\/\/franciscanos.org.br\/noticias\/frei-gustavo-a-natureza-e-que-cuida-de-nos.html#breadcrumb\"},\"inLanguage\":\"pt-BR\",\"potentialAction\":[{\"@type\":\"ReadAction\",\"target\":[\"https:\/\/franciscanos.org.br\/noticias\/frei-gustavo-a-natureza-e-que-cuida-de-nos.html\"]}]},{\"@type\":\"BreadcrumbList\",\"@id\":\"https:\/\/franciscanos.org.br\/noticias\/frei-gustavo-a-natureza-e-que-cuida-de-nos.html#breadcrumb\",\"itemListElement\":[{\"@type\":\"ListItem\",\"position\":1,\"name\":\"Home\",\"item\":\"https:\/\/franciscanos.org.br\/noticias\"},{\"@type\":\"ListItem\",\"position\":2,\"name\":\"Frei Gustavo: &#8220;A natureza \u00e9 que cuida de n\u00f3s&#8221;\"}]},{\"@type\":\"Person\",\"@id\":\"https:\/\/franciscanos.org.br\/noticias\/#\/schema\/person\/b38fbf43118f02820bd932f2e4b14ad3\",\"name\":\"admin\",\"image\":{\"@type\":\"ImageObject\",\"inLanguage\":\"pt-BR\",\"@id\":\"https:\/\/franciscanos.org.br\/noticias\/#\/schema\/person\/image\/\",\"url\":\"https:\/\/secure.gravatar.com\/avatar\/e8495742d34d0ba6448ea1c628263b3e?s=96&d=mm&r=g\",\"contentUrl\":\"https:\/\/secure.gravatar.com\/avatar\/e8495742d34d0ba6448ea1c628263b3e?s=96&d=mm&r=g\",\"caption\":\"admin\"},\"url\":\"https:\/\/franciscanos.org.br\/noticias\/author\/admin\"}]}<\/script>\n<!-- \/ Yoast SEO plugin. -->","yoast_head_json":{"title":"Frei Gustavo: \"A natureza \u00e9 que cuida de n\u00f3s\" - Not\u00edcias - Franciscanos","robots":{"index":"index","follow":"follow","max-snippet":"max-snippet:-1","max-image-preview":"max-image-preview:large","max-video-preview":"max-video-preview:-1"},"canonical":"https:\/\/franciscanos.org.br\/noticias\/frei-gustavo-a-natureza-e-que-cuida-de-nos.html","og_locale":"pt_BR","og_type":"article","og_title":"Frei Gustavo: \"A natureza \u00e9 que cuida de n\u00f3s\" - Not\u00edcias - Franciscanos","og_description":"No Zool\u00f3gico","og_url":"https:\/\/franciscanos.org.br\/noticias\/frei-gustavo-a-natureza-e-que-cuida-de-nos.html","og_site_name":"Not\u00edcias - Franciscanos","article_published_time":"2014-10-01T17:31:43+00:00","article_modified_time":"2020-11-12T13:40:14+00:00","og_image":[{"width":273,"height":180,"url":"https:\/\/franciscanos.org.br\/noticias\/wp-content\/uploads\/2014\/10\/oficial-zoo.jpg","type":"image\/jpeg"}],"author":"admin","twitter_card":"summary_large_image","twitter_misc":{"Escrito por":"admin","Est. tempo de leitura":"6 minutos"},"schema":{"@context":"https:\/\/schema.org","@graph":[{"@type":"WebSite","@id":"https:\/\/franciscanos.org.br\/noticias\/#website","url":"https:\/\/franciscanos.org.br\/noticias\/","name":"Not\u00edcias - Franciscanos","description":"Prov\u00edncia Franciscana da Imaculada Concei\u00e7\u00e3o do Brasil - Ordem dos Frades Menores - OFM","potentialAction":[{"@type":"SearchAction","target":{"@type":"EntryPoint","urlTemplate":"https:\/\/franciscanos.org.br\/noticias\/?s={search_term_string}"},"query-input":"required name=search_term_string"}],"inLanguage":"pt-BR"},{"@type":"ImageObject","inLanguage":"pt-BR","@id":"https:\/\/franciscanos.org.br\/noticias\/frei-gustavo-a-natureza-e-que-cuida-de-nos.html#primaryimage","url":"https:\/\/franciscanos.org.br\/noticias\/wp-content\/uploads\/2014\/10\/oficial-zoo.jpg","contentUrl":"https:\/\/franciscanos.org.br\/noticias\/wp-content\/uploads\/2014\/10\/oficial-zoo.jpg","width":273,"height":180},{"@type":"WebPage","@id":"https:\/\/franciscanos.org.br\/noticias\/frei-gustavo-a-natureza-e-que-cuida-de-nos.html#webpage","url":"https:\/\/franciscanos.org.br\/noticias\/frei-gustavo-a-natureza-e-que-cuida-de-nos.html","name":"Frei Gustavo: \"A natureza \u00e9 que cuida de n\u00f3s\" - Not\u00edcias - Franciscanos","isPartOf":{"@id":"https:\/\/franciscanos.org.br\/noticias\/#website"},"primaryImageOfPage":{"@id":"https:\/\/franciscanos.org.br\/noticias\/frei-gustavo-a-natureza-e-que-cuida-de-nos.html#primaryimage"},"datePublished":"2014-10-01T17:31:43+00:00","dateModified":"2020-11-12T13:40:14+00:00","author":{"@id":"https:\/\/franciscanos.org.br\/noticias\/#\/schema\/person\/b38fbf43118f02820bd932f2e4b14ad3"},"breadcrumb":{"@id":"https:\/\/franciscanos.org.br\/noticias\/frei-gustavo-a-natureza-e-que-cuida-de-nos.html#breadcrumb"},"inLanguage":"pt-BR","potentialAction":[{"@type":"ReadAction","target":["https:\/\/franciscanos.org.br\/noticias\/frei-gustavo-a-natureza-e-que-cuida-de-nos.html"]}]},{"@type":"BreadcrumbList","@id":"https:\/\/franciscanos.org.br\/noticias\/frei-gustavo-a-natureza-e-que-cuida-de-nos.html#breadcrumb","itemListElement":[{"@type":"ListItem","position":1,"name":"Home","item":"https:\/\/franciscanos.org.br\/noticias"},{"@type":"ListItem","position":2,"name":"Frei Gustavo: &#8220;A natureza \u00e9 que cuida de n\u00f3s&#8221;"}]},{"@type":"Person","@id":"https:\/\/franciscanos.org.br\/noticias\/#\/schema\/person\/b38fbf43118f02820bd932f2e4b14ad3","name":"admin","image":{"@type":"ImageObject","inLanguage":"pt-BR","@id":"https:\/\/franciscanos.org.br\/noticias\/#\/schema\/person\/image\/","url":"https:\/\/secure.gravatar.com\/avatar\/e8495742d34d0ba6448ea1c628263b3e?s=96&d=mm&r=g","contentUrl":"https:\/\/secure.gravatar.com\/avatar\/e8495742d34d0ba6448ea1c628263b3e?s=96&d=mm&r=g","caption":"admin"},"url":"https:\/\/franciscanos.org.br\/noticias\/author\/admin"}]}},"_links":{"self":[{"href":"https:\/\/franciscanos.org.br\/noticias\/wp-json\/wp\/v2\/posts\/68703"}],"collection":[{"href":"https:\/\/franciscanos.org.br\/noticias\/wp-json\/wp\/v2\/posts"}],"about":[{"href":"https:\/\/franciscanos.org.br\/noticias\/wp-json\/wp\/v2\/types\/post"}],"author":[{"embeddable":true,"href":"https:\/\/franciscanos.org.br\/noticias\/wp-json\/wp\/v2\/users\/1"}],"replies":[{"embeddable":true,"href":"https:\/\/franciscanos.org.br\/noticias\/wp-json\/wp\/v2\/comments?post=68703"}],"version-history":[{"count":1,"href":"https:\/\/franciscanos.org.br\/noticias\/wp-json\/wp\/v2\/posts\/68703\/revisions"}],"predecessor-version":[{"id":229389,"href":"https:\/\/franciscanos.org.br\/noticias\/wp-json\/wp\/v2\/posts\/68703\/revisions\/229389"}],"wp:featuredmedia":[{"embeddable":true,"href":"https:\/\/franciscanos.org.br\/noticias\/wp-json\/wp\/v2\/media\/211960"}],"wp:attachment":[{"href":"https:\/\/franciscanos.org.br\/noticias\/wp-json\/wp\/v2\/media?parent=68703"}],"wp:term":[{"taxonomy":"category","embeddable":true,"href":"https:\/\/franciscanos.org.br\/noticias\/wp-json\/wp\/v2\/categories?post=68703"},{"taxonomy":"post_tag","embeddable":true,"href":"https:\/\/franciscanos.org.br\/noticias\/wp-json\/wp\/v2\/tags?post=68703"}],"curies":[{"name":"wp","href":"https:\/\/api.w.org\/{rel}","templated":true}]}}