{"id":68553,"date":"2014-09-30T07:43:18","date_gmt":"2014-09-30T10:43:18","guid":{"rendered":"http:\/\/franciscanos.org.br\/?p=68553"},"modified":"2023-01-09T11:04:23","modified_gmt":"2023-01-09T14:04:23","slug":"nesta-quarta-bencao-no-zoologico-de-sao-paulo","status":"publish","type":"post","link":"https:\/\/franciscanos.org.br\/noticias\/nesta-quarta-bencao-no-zoologico-de-sao-paulo.html","title":{"rendered":"Nesta quarta, b\u00ean\u00e7\u00e3o no Zool\u00f3gico de S\u00e3o Paulo"},"content":{"rendered":"<p><img loading=\"lazy\" class=\"alignnone wp-image-229390 size-full\" src=\"https:\/\/franciscanos.org.br\/noticias\/wp-content\/uploads\/2014\/09\/zoo_1.jpg\" alt=\"\" width=\"1280\" height=\"960\" srcset=\"https:\/\/franciscanos.org.br\/noticias\/wp-content\/uploads\/2014\/09\/zoo_1.jpg 1280w, https:\/\/franciscanos.org.br\/noticias\/wp-content\/uploads\/2014\/09\/zoo_1-450x338.jpg 450w, https:\/\/franciscanos.org.br\/noticias\/wp-content\/uploads\/2014\/09\/zoo_1-1024x768.jpg 1024w, https:\/\/franciscanos.org.br\/noticias\/wp-content\/uploads\/2014\/09\/zoo_1-768x576.jpg 768w, https:\/\/franciscanos.org.br\/noticias\/wp-content\/uploads\/2014\/09\/zoo_1-150x113.jpg 150w, https:\/\/franciscanos.org.br\/noticias\/wp-content\/uploads\/2014\/09\/zoo_1-600x450.jpg 600w\" sizes=\"(max-width: 1280px) 100vw, 1280px\" \/><\/p>\n<p><strong>S\u00e3o Paulo (SP)<\/strong> \u2013 No ano em que se comemora 35 anos do t\u00edtulo de Patrono da Ecologia a S\u00e3o Francisco de Assis,\u00a0 os Frades Franciscanos de S\u00e3o Paulo come\u00e7am a festejar o seu Padroeiro a partir desta quarta-feira com o in\u00edcio do Tr\u00edduo \u00a0no Convento S\u00e3o Francisco (Largo S\u00e3o Francisco), na Igreja de S\u00e3o Francisco de Assis (Vila Clementino) e na Igreja de Santo Ant\u00f4nio do Pari.<\/p>\n<p>Nesta quarta-feira, \u00e0s 10 horas, os frades dar\u00e3o a b\u00ean\u00e7\u00e3o aos animais do Parque Zool\u00f3gico de S\u00e3o Paulo. \u00a0A celebra\u00e7\u00e3o acontecer\u00e1 no port\u00e3o principal do Zool\u00f3gico, tendo ao fundo a imagem de S\u00e3o Francisco no lago.\u00a0 \u201cSer\u00e1 um momento simb\u00f3lico de aben\u00e7oar todos os animais do Zool\u00f3gico e fora dele. No cerne da espiritualidade de S\u00e3o Francisco de Assis est\u00e1 a fraternidade universal. Todos s\u00e3o irm\u00e3os e filhos de Deus. Ent\u00e3o, devemos respeitar as pequenas criaturas e os seres humanos\u201d, explica o Vig\u00e1rio do Convento S\u00e3o Francisco, Frei Alvaci Mendes da Luz.<\/p>\n<p><a href=\"http:\/\/franciscanos.org.br\/wp-content\/uploads\/2014\/09\/zoo_francisco.jpg\"><img loading=\"lazy\" class=\"alignleft size-full wp-image-68562\" src=\"http:\/\/franciscanos.org.br\/wp-content\/uploads\/2014\/09\/zoo_francisco.jpg\" alt=\"zoo_francisco\" width=\"351\" height=\"450\" \/><\/a>A est\u00e1tua de S\u00e3o Francisco de Assis \u00a0foi inaugurada tamb\u00e9m em um s\u00e1bado no Parque Zool\u00f3gico de S\u00e3o Paulo: 6 de dezembro de 1975. O idealizador foi o guardi\u00e3o do Convento S\u00e3o Francisco, Frei Edgar Weist. A imagem mede 2,20m e pesa cerca de 3 toneladas; \u00e9 de cimento armado, revestida de uma p\u00e1tina. Colocada no &#8220;Lago dos Cisnes&#8221;, a est\u00e1tua tem um lobo e ovelha aos p\u00e9s, uma pomba \u00e0 m\u00e3o, no meio do logo, lembrando o Poverello de Assis, que viveu h\u00e1 mais de 800 anos, mas mant\u00e9m sua mensagem sempre atual, principalmente quando se fala muito de ecologia e sustentabilidade em nossos dias (<em>na foto principal, a b\u00ean\u00e7\u00e3o no dia da inaugura\u00e7\u00e3o da est\u00e1tua)<\/em>.<\/p>\n<p>Na tradicional Igreja do Largo S\u00e3o Francisco v\u00e3o acontecer as celebra\u00e7\u00f5es do Tr\u00edduo, \u00e0s 15 e 18 horas, nos dias 01, 02 e 03 de outubro. No dia 4, a festa do Padroeiro ter\u00e1 missas durante todo o dia (7h30, 9h00, 10h30, 12h00, 15h00, 16h30, 18h00), m\u00fasica, b\u00ean\u00e7\u00e3o de animais, B\u00ean\u00e7\u00e3o ao Canil e Cavalaria da Pol\u00edcia Militar, brincadeiras para as crian\u00e7as, presen\u00e7a do Zool\u00f3gico de S\u00e3o Paulo, do Clube dos Vira-Latas e Bolo de S\u00e3o Francisco.<\/p>\n<p><strong>MISSA ECOL\u00d3GICA E BOLO EM FORMA DE OSSO\u00a0<\/strong><strong>\u00a0PARA ANIMAIS \u00a0NA VILA CLEMENTINO<\/strong><\/p>\n<p>Na Par\u00f3quia S\u00e3o Francisco de Assis, da Vila Clementino, que tamb\u00e9m \u00e9 sede dos Franciscanos em S\u00e3o Paulo, destaque para a Missa Ecol\u00f3gica, que re\u00fane os animais dentro da igreja, ao meio-dia e \u00e0s 15 horas.<\/p>\n<p>Segundo o p\u00e1roco da Vila Clementino, Frei Djalmo Fuck, os frades tamb\u00e9m estar\u00e3o dando a b\u00ean\u00e7\u00e3o \u00e0s pessoas e aos animais durante todo o dia. As Missas ser\u00e3o celebradas nos seguintes hor\u00e1rios: \u00e0s 7h00, 9h00,\u00a0 12h00, 15h00, 16h30,\u00a0 18h00.<\/p>\n<p>Repetindo o sucesso do ano passado, Frei Djalmo, informa que os animais ganhar\u00e3o um bolo em forma de osso, que ser\u00e1 distribu\u00eddo no dia 3, \u00e0s 15 horas, e, no s\u00e1bado, \u00e0s 12 e 15 horas. Haver\u00e1 ainda uma feirinha de ado\u00e7\u00e3o e atendimento cl\u00ednico e veterin\u00e1rio de animais gr\u00e1tis no Sal\u00e3o S\u00e3o Francisco, ao lado da igreja. \u201cTeremos tamb\u00e9m o famoso bolo de S\u00e3o Francisco nas barracas em frente da igreja, com as medalhinhas bentas\u201d, explica o p\u00e1roco.<\/p>\n<p>Na Par\u00f3quia Santo Ant\u00f4nio do Pari, que tamb\u00e9m \u00e9 administrada pelos frades franciscanos, haver\u00e1 missas e b\u00ean\u00e7\u00e3os durante todo o dia de S\u00e3o Francisco.<\/p>\n<p><img loading=\"lazy\" class=\"alignnone wp-image-229392 size-full\" src=\"https:\/\/franciscanos.org.br\/noticias\/wp-content\/uploads\/2014\/09\/zoo_2.jpg\" alt=\"\" width=\"1280\" height=\"960\" srcset=\"https:\/\/franciscanos.org.br\/noticias\/wp-content\/uploads\/2014\/09\/zoo_2.jpg 1280w, https:\/\/franciscanos.org.br\/noticias\/wp-content\/uploads\/2014\/09\/zoo_2-450x338.jpg 450w, https:\/\/franciscanos.org.br\/noticias\/wp-content\/uploads\/2014\/09\/zoo_2-1024x768.jpg 1024w, https:\/\/franciscanos.org.br\/noticias\/wp-content\/uploads\/2014\/09\/zoo_2-768x576.jpg 768w, https:\/\/franciscanos.org.br\/noticias\/wp-content\/uploads\/2014\/09\/zoo_2-150x113.jpg 150w, https:\/\/franciscanos.org.br\/noticias\/wp-content\/uploads\/2014\/09\/zoo_2-600x450.jpg 600w\" sizes=\"(max-width: 1280px) 100vw, 1280px\" \/><\/p>\n","protected":false},"excerpt":{"rendered":"<p>B\u00ean\u00e7\u00e3o no Parque Zool\u00f3gico de S\u00e3o Paulo<\/p>\n","protected":false},"author":1,"featured_media":199548,"comment_status":"open","ping_status":"open","sticky":false,"template":"","format":"standard","meta":[],"categories":[1],"tags":[1249,1470],"acf":[],"yoast_head":"<!-- This site is optimized with the Yoast SEO plugin v19.2 - https:\/\/yoast.com\/wordpress\/plugins\/seo\/ -->\n<title>Nesta quarta, b\u00ean\u00e7\u00e3o no Zool\u00f3gico de S\u00e3o Paulo - Not\u00edcias - Franciscanos<\/title>\n<meta name=\"robots\" content=\"index, follow, max-snippet:-1, max-image-preview:large, max-video-preview:-1\" \/>\n<link rel=\"canonical\" href=\"https:\/\/franciscanos.org.br\/noticias\/nesta-quarta-bencao-no-zoologico-de-sao-paulo.html\" \/>\n<meta property=\"og:locale\" content=\"pt_BR\" \/>\n<meta property=\"og:type\" content=\"article\" \/>\n<meta property=\"og:title\" content=\"Nesta quarta, b\u00ean\u00e7\u00e3o no Zool\u00f3gico de S\u00e3o Paulo - Not\u00edcias - Franciscanos\" \/>\n<meta property=\"og:description\" content=\"B\u00ean\u00e7\u00e3o no Parque Zool\u00f3gico de S\u00e3o Paulo\" \/>\n<meta property=\"og:url\" content=\"https:\/\/franciscanos.org.br\/noticias\/nesta-quarta-bencao-no-zoologico-de-sao-paulo.html\" \/>\n<meta property=\"og:site_name\" content=\"Not\u00edcias - Franciscanos\" \/>\n<meta property=\"article:published_time\" content=\"2014-09-30T10:43:18+00:00\" \/>\n<meta property=\"article:modified_time\" content=\"2023-01-09T14:04:23+00:00\" \/>\n<meta property=\"og:image\" content=\"https:\/\/franciscanos.org.br\/noticias\/wp-content\/uploads\/2014\/09\/zoo_francisco.jpg\" \/>\n\t<meta property=\"og:image:width\" content=\"273\" \/>\n\t<meta property=\"og:image:height\" content=\"181\" \/>\n\t<meta property=\"og:image:type\" content=\"image\/jpeg\" \/>\n<meta name=\"author\" content=\"admin\" \/>\n<meta name=\"twitter:card\" content=\"summary_large_image\" \/>\n<meta name=\"twitter:label1\" content=\"Escrito por\" \/>\n\t<meta name=\"twitter:data1\" content=\"admin\" \/>\n\t<meta name=\"twitter:label2\" content=\"Est. tempo de leitura\" \/>\n\t<meta name=\"twitter:data2\" content=\"3 minutos\" \/>\n<script type=\"application\/ld+json\" class=\"yoast-schema-graph\">{\"@context\":\"https:\/\/schema.org\",\"@graph\":[{\"@type\":\"WebSite\",\"@id\":\"https:\/\/franciscanos.org.br\/noticias\/#website\",\"url\":\"https:\/\/franciscanos.org.br\/noticias\/\",\"name\":\"Not\u00edcias - Franciscanos\",\"description\":\"Prov\u00edncia Franciscana da Imaculada Concei\u00e7\u00e3o do Brasil - Ordem dos Frades Menores - OFM\",\"potentialAction\":[{\"@type\":\"SearchAction\",\"target\":{\"@type\":\"EntryPoint\",\"urlTemplate\":\"https:\/\/franciscanos.org.br\/noticias\/?s={search_term_string}\"},\"query-input\":\"required name=search_term_string\"}],\"inLanguage\":\"pt-BR\"},{\"@type\":\"ImageObject\",\"inLanguage\":\"pt-BR\",\"@id\":\"https:\/\/franciscanos.org.br\/noticias\/nesta-quarta-bencao-no-zoologico-de-sao-paulo.html#primaryimage\",\"url\":\"https:\/\/franciscanos.org.br\/noticias\/wp-content\/uploads\/2014\/09\/zoo_francisco.jpg\",\"contentUrl\":\"https:\/\/franciscanos.org.br\/noticias\/wp-content\/uploads\/2014\/09\/zoo_francisco.jpg\",\"width\":273,\"height\":181},{\"@type\":\"WebPage\",\"@id\":\"https:\/\/franciscanos.org.br\/noticias\/nesta-quarta-bencao-no-zoologico-de-sao-paulo.html#webpage\",\"url\":\"https:\/\/franciscanos.org.br\/noticias\/nesta-quarta-bencao-no-zoologico-de-sao-paulo.html\",\"name\":\"Nesta quarta, b\u00ean\u00e7\u00e3o no Zool\u00f3gico de S\u00e3o Paulo - Not\u00edcias - Franciscanos\",\"isPartOf\":{\"@id\":\"https:\/\/franciscanos.org.br\/noticias\/#website\"},\"primaryImageOfPage\":{\"@id\":\"https:\/\/franciscanos.org.br\/noticias\/nesta-quarta-bencao-no-zoologico-de-sao-paulo.html#primaryimage\"},\"datePublished\":\"2014-09-30T10:43:18+00:00\",\"dateModified\":\"2023-01-09T14:04:23+00:00\",\"author\":{\"@id\":\"https:\/\/franciscanos.org.br\/noticias\/#\/schema\/person\/b38fbf43118f02820bd932f2e4b14ad3\"},\"breadcrumb\":{\"@id\":\"https:\/\/franciscanos.org.br\/noticias\/nesta-quarta-bencao-no-zoologico-de-sao-paulo.html#breadcrumb\"},\"inLanguage\":\"pt-BR\",\"potentialAction\":[{\"@type\":\"ReadAction\",\"target\":[\"https:\/\/franciscanos.org.br\/noticias\/nesta-quarta-bencao-no-zoologico-de-sao-paulo.html\"]}]},{\"@type\":\"BreadcrumbList\",\"@id\":\"https:\/\/franciscanos.org.br\/noticias\/nesta-quarta-bencao-no-zoologico-de-sao-paulo.html#breadcrumb\",\"itemListElement\":[{\"@type\":\"ListItem\",\"position\":1,\"name\":\"Home\",\"item\":\"https:\/\/franciscanos.org.br\/noticias\"},{\"@type\":\"ListItem\",\"position\":2,\"name\":\"Nesta quarta, b\u00ean\u00e7\u00e3o no Zool\u00f3gico de S\u00e3o Paulo\"}]},{\"@type\":\"Person\",\"@id\":\"https:\/\/franciscanos.org.br\/noticias\/#\/schema\/person\/b38fbf43118f02820bd932f2e4b14ad3\",\"name\":\"admin\",\"image\":{\"@type\":\"ImageObject\",\"inLanguage\":\"pt-BR\",\"@id\":\"https:\/\/franciscanos.org.br\/noticias\/#\/schema\/person\/image\/\",\"url\":\"https:\/\/secure.gravatar.com\/avatar\/e8495742d34d0ba6448ea1c628263b3e?s=96&d=mm&r=g\",\"contentUrl\":\"https:\/\/secure.gravatar.com\/avatar\/e8495742d34d0ba6448ea1c628263b3e?s=96&d=mm&r=g\",\"caption\":\"admin\"},\"url\":\"https:\/\/franciscanos.org.br\/noticias\/author\/admin\"}]}<\/script>\n<!-- \/ Yoast SEO plugin. -->","yoast_head_json":{"title":"Nesta quarta, b\u00ean\u00e7\u00e3o no Zool\u00f3gico de S\u00e3o Paulo - Not\u00edcias - Franciscanos","robots":{"index":"index","follow":"follow","max-snippet":"max-snippet:-1","max-image-preview":"max-image-preview:large","max-video-preview":"max-video-preview:-1"},"canonical":"https:\/\/franciscanos.org.br\/noticias\/nesta-quarta-bencao-no-zoologico-de-sao-paulo.html","og_locale":"pt_BR","og_type":"article","og_title":"Nesta quarta, b\u00ean\u00e7\u00e3o no Zool\u00f3gico de S\u00e3o Paulo - Not\u00edcias - Franciscanos","og_description":"B\u00ean\u00e7\u00e3o no Parque Zool\u00f3gico de S\u00e3o Paulo","og_url":"https:\/\/franciscanos.org.br\/noticias\/nesta-quarta-bencao-no-zoologico-de-sao-paulo.html","og_site_name":"Not\u00edcias - Franciscanos","article_published_time":"2014-09-30T10:43:18+00:00","article_modified_time":"2023-01-09T14:04:23+00:00","og_image":[{"width":273,"height":181,"url":"https:\/\/franciscanos.org.br\/noticias\/wp-content\/uploads\/2014\/09\/zoo_francisco.jpg","type":"image\/jpeg"}],"author":"admin","twitter_card":"summary_large_image","twitter_misc":{"Escrito por":"admin","Est. tempo de leitura":"3 minutos"},"schema":{"@context":"https:\/\/schema.org","@graph":[{"@type":"WebSite","@id":"https:\/\/franciscanos.org.br\/noticias\/#website","url":"https:\/\/franciscanos.org.br\/noticias\/","name":"Not\u00edcias - Franciscanos","description":"Prov\u00edncia Franciscana da Imaculada Concei\u00e7\u00e3o do Brasil - Ordem dos Frades Menores - OFM","potentialAction":[{"@type":"SearchAction","target":{"@type":"EntryPoint","urlTemplate":"https:\/\/franciscanos.org.br\/noticias\/?s={search_term_string}"},"query-input":"required name=search_term_string"}],"inLanguage":"pt-BR"},{"@type":"ImageObject","inLanguage":"pt-BR","@id":"https:\/\/franciscanos.org.br\/noticias\/nesta-quarta-bencao-no-zoologico-de-sao-paulo.html#primaryimage","url":"https:\/\/franciscanos.org.br\/noticias\/wp-content\/uploads\/2014\/09\/zoo_francisco.jpg","contentUrl":"https:\/\/franciscanos.org.br\/noticias\/wp-content\/uploads\/2014\/09\/zoo_francisco.jpg","width":273,"height":181},{"@type":"WebPage","@id":"https:\/\/franciscanos.org.br\/noticias\/nesta-quarta-bencao-no-zoologico-de-sao-paulo.html#webpage","url":"https:\/\/franciscanos.org.br\/noticias\/nesta-quarta-bencao-no-zoologico-de-sao-paulo.html","name":"Nesta quarta, b\u00ean\u00e7\u00e3o no Zool\u00f3gico de S\u00e3o Paulo - Not\u00edcias - Franciscanos","isPartOf":{"@id":"https:\/\/franciscanos.org.br\/noticias\/#website"},"primaryImageOfPage":{"@id":"https:\/\/franciscanos.org.br\/noticias\/nesta-quarta-bencao-no-zoologico-de-sao-paulo.html#primaryimage"},"datePublished":"2014-09-30T10:43:18+00:00","dateModified":"2023-01-09T14:04:23+00:00","author":{"@id":"https:\/\/franciscanos.org.br\/noticias\/#\/schema\/person\/b38fbf43118f02820bd932f2e4b14ad3"},"breadcrumb":{"@id":"https:\/\/franciscanos.org.br\/noticias\/nesta-quarta-bencao-no-zoologico-de-sao-paulo.html#breadcrumb"},"inLanguage":"pt-BR","potentialAction":[{"@type":"ReadAction","target":["https:\/\/franciscanos.org.br\/noticias\/nesta-quarta-bencao-no-zoologico-de-sao-paulo.html"]}]},{"@type":"BreadcrumbList","@id":"https:\/\/franciscanos.org.br\/noticias\/nesta-quarta-bencao-no-zoologico-de-sao-paulo.html#breadcrumb","itemListElement":[{"@type":"ListItem","position":1,"name":"Home","item":"https:\/\/franciscanos.org.br\/noticias"},{"@type":"ListItem","position":2,"name":"Nesta quarta, b\u00ean\u00e7\u00e3o no Zool\u00f3gico de S\u00e3o Paulo"}]},{"@type":"Person","@id":"https:\/\/franciscanos.org.br\/noticias\/#\/schema\/person\/b38fbf43118f02820bd932f2e4b14ad3","name":"admin","image":{"@type":"ImageObject","inLanguage":"pt-BR","@id":"https:\/\/franciscanos.org.br\/noticias\/#\/schema\/person\/image\/","url":"https:\/\/secure.gravatar.com\/avatar\/e8495742d34d0ba6448ea1c628263b3e?s=96&d=mm&r=g","contentUrl":"https:\/\/secure.gravatar.com\/avatar\/e8495742d34d0ba6448ea1c628263b3e?s=96&d=mm&r=g","caption":"admin"},"url":"https:\/\/franciscanos.org.br\/noticias\/author\/admin"}]}},"_links":{"self":[{"href":"https:\/\/franciscanos.org.br\/noticias\/wp-json\/wp\/v2\/posts\/68553"}],"collection":[{"href":"https:\/\/franciscanos.org.br\/noticias\/wp-json\/wp\/v2\/posts"}],"about":[{"href":"https:\/\/franciscanos.org.br\/noticias\/wp-json\/wp\/v2\/types\/post"}],"author":[{"embeddable":true,"href":"https:\/\/franciscanos.org.br\/noticias\/wp-json\/wp\/v2\/users\/1"}],"replies":[{"embeddable":true,"href":"https:\/\/franciscanos.org.br\/noticias\/wp-json\/wp\/v2\/comments?post=68553"}],"version-history":[{"count":2,"href":"https:\/\/franciscanos.org.br\/noticias\/wp-json\/wp\/v2\/posts\/68553\/revisions"}],"predecessor-version":[{"id":229393,"href":"https:\/\/franciscanos.org.br\/noticias\/wp-json\/wp\/v2\/posts\/68553\/revisions\/229393"}],"wp:featuredmedia":[{"embeddable":true,"href":"https:\/\/franciscanos.org.br\/noticias\/wp-json\/wp\/v2\/media\/199548"}],"wp:attachment":[{"href":"https:\/\/franciscanos.org.br\/noticias\/wp-json\/wp\/v2\/media?parent=68553"}],"wp:term":[{"taxonomy":"category","embeddable":true,"href":"https:\/\/franciscanos.org.br\/noticias\/wp-json\/wp\/v2\/categories?post=68553"},{"taxonomy":"post_tag","embeddable":true,"href":"https:\/\/franciscanos.org.br\/noticias\/wp-json\/wp\/v2\/tags?post=68553"}],"curies":[{"name":"wp","href":"https:\/\/api.w.org\/{rel}","templated":true}]}}