{"id":68433,"date":"2014-09-29T11:13:58","date_gmt":"2014-09-29T14:13:58","guid":{"rendered":"http:\/\/franciscanos.org.br\/?p=68433"},"modified":"2020-11-11T14:11:26","modified_gmt":"2020-11-11T17:11:26","slug":"missa-nordestina-marca-inicio-dos-festejos-de-sao-francisco","status":"publish","type":"post","link":"https:\/\/franciscanos.org.br\/noticias\/missa-nordestina-marca-inicio-dos-festejos-de-sao-francisco.html","title":{"rendered":"Missa nordestina marca in\u00edcio dos festejos de S\u00e3o Francisco"},"content":{"rendered":"<p><img loading=\"lazy\" class=\"alignnone size-full wp-image-229361\" src=\"https:\/\/franciscanos.org.br\/noticias\/wp-content\/uploads\/2014\/09\/missa-1.jpg\" alt=\"\" width=\"1200\" height=\"795\" srcset=\"https:\/\/franciscanos.org.br\/noticias\/wp-content\/uploads\/2014\/09\/missa-1.jpg 1200w, https:\/\/franciscanos.org.br\/noticias\/wp-content\/uploads\/2014\/09\/missa-1-450x298.jpg 450w, https:\/\/franciscanos.org.br\/noticias\/wp-content\/uploads\/2014\/09\/missa-1-1024x678.jpg 1024w, https:\/\/franciscanos.org.br\/noticias\/wp-content\/uploads\/2014\/09\/missa-1-768x509.jpg 768w, https:\/\/franciscanos.org.br\/noticias\/wp-content\/uploads\/2014\/09\/missa-1-150x99.jpg 150w\" sizes=\"(max-width: 1200px) 100vw, 1200px\" \/><\/p>\n<p>A\u00a0tarde deste s\u00e1bado, dia 27 de setembro, foi bem movimentada no Largo S\u00e3o Francisco, no centro da capital paulista. Ao meio-dia aconteceu a Missa nordestina, animada pela Pastoral do Migrante e presidida por Frei Gustavo Medella, OFM, concelebrada por Frei Alvaci Mendes da Luz, OFM. A celebra\u00e7\u00e3o contou ainda com as presen\u00e7as de Frei Walter Carvalho, OFM, Frei Lauro Formigoni e Frei \u201cRafa\u201d.<\/p>\n<p>O clima era de festa, com muita m\u00fasica popular, muitas cores e cheiros. Um estandarte de S\u00e3o Francisco das Chagas abriu caminho para a prociss\u00e3o de entrada. A igreja estava repleta de fi\u00e9is. Ao perguntar sobre quem era ou tinha algum parente nordestino, quase todos levantaram a m\u00e3o, mostrando a presen\u00e7a do povo nordestino.<\/p>\n<p>Em sua homilia, Frei Gustavo ressaltou a import\u00e2ncia da devo\u00e7\u00e3o a S\u00e3o Francisco das Chagas, santo homenageado na cidade de Canind\u00e9\/ CE, com um grande santu\u00e1rio. As chagas de S\u00e3o Francisco s\u00e3o as chagas de Cristo, e estas chagas podem ser comparadas \u00e0s diversas chagas do povo nordestino. O frade falou sobre o sofrimento, mas tamb\u00e9m da grande for\u00e7a dos nordestinos. Para finalizar, Frei Gustavo disse que as chagas, representadas em S\u00e3o Francisco, s\u00e3o chagas de esperan\u00e7a, porque \u00e9 isto que Cristo veio trazer ao mundo: esperan\u00e7a!<\/p>\n<p>No ofert\u00f3rio, diversos s\u00edmbolos foram colocados diante do altar: uma cesta com itens ligados \u00e0 cultura nordestina, cartazes de romarias e campanhas e as imagens de Padre C\u00edcero e Nossa Senhora Aparecida.<\/p>\n<p>Antes do encerramento, Frei Gustavo fez uma pergunta aos presentes. Se eles achavam que esta missa deveria acontecer novamente no ano que vem, no \u00faltimo s\u00e1bado do m\u00eas de setembro, para iniciar os festejos de S\u00e3o Francisco. Os presentes responderam com uma calorosa salva de palmas, que selou o compromisso para o pr\u00f3ximo ano.<\/p>\n<h3><strong><img loading=\"lazy\" class=\"alignright wp-image-68436\" src=\"http:\/\/franciscanos.org.br\/wp-content\/uploads\/2014\/09\/191.jpg\" alt=\"19\" width=\"445\" height=\"295\" \/>Tarde de pr\u00eamios em prol da Festa de S\u00e3o Francisco de Assis<\/strong><\/h3>\n<p>Quase em seguida da missa nordestina, aconteceu no Sal\u00e3o S\u00e3o Francisco, na rua Riachuelo, a Tarde de Pr\u00eamios, promovida pelo Pr\u00f3-Voca\u00e7\u00f5es e Miss\u00f5es Franciscanas em prol da festa de S\u00e3o Francisco deste ano. Cerca de 300 convites foram vendidos antecipadamente. A partir das 13h30 os convidados come\u00e7aram a chegar e ocupar as mesas, no espa\u00e7o ambientado com a ajuda dos jovens vocacionados e outros jovens franciscanos de S\u00e3o Paulo.<\/p>\n<p>J\u00e1 com o sal\u00e3o repleto de convidados, teve in\u00edcio a Tarde de pr\u00eamios. Frei Alvaci Mendes da Luz, OFM, coordenador do Pr\u00f3-voca\u00e7\u00f5es deu as boas vindas aos presentes, destacando que a atividade tem como objetivo ajudar nos festejos do Ser\u00e1fico Pai S\u00e3o Francisco, no pr\u00f3ximo s\u00e1bado, dia 4 de outubro.<\/p>\n<p>Foram diversas rodadas, com uma grande variedade de pr\u00eamios, entre eles: TV 34\u201d, ipod, forno microondas, tablet, cestas de chocolates, vinhos, p\u00e3es, cosm\u00e9ticos.<\/p>\n<p>Frei Alexandre Rohling, OFM, tamb\u00e9m animou a Tarde de pr\u00eamios, com muita m\u00fasica e brincadeiras. Antes de encerrar as atividades, Frei Alvaci agradeceu aos participantes, e agradeceu ainda aos jovens que ajudaram ao longo de todo o dia, no caixa, na venda das cartelas e na cozinha. E refor\u00e7ou o convite para os presentes, para celebrarem a Festa de S\u00e3o Francisco, que ter\u00e1 in\u00edcio no pr\u00f3ximo dia 1\u00ba de outubro com a abertura do Tr\u00edduo \u00e0s 15 horas.<\/p>\n<p><img class=\"ngg_displayed_gallery mceItem\" src=\"http:\/\/franciscanos.org.br\/index.php\/nextgen-attach_to_post\/preview\/id--68534\" alt=\"\" \/><\/p>\n","protected":false},"excerpt":{"rendered":"<p>Missa Nordestina<\/p>\n","protected":false},"author":1,"featured_media":211313,"comment_status":"open","ping_status":"open","sticky":false,"template":"","format":"standard","meta":[],"categories":[1],"tags":[],"acf":[],"yoast_head":"<!-- This site is optimized with the Yoast SEO plugin v19.2 - https:\/\/yoast.com\/wordpress\/plugins\/seo\/ -->\n<title>Missa nordestina marca in\u00edcio dos festejos de S\u00e3o Francisco - Not\u00edcias - Franciscanos<\/title>\n<meta name=\"robots\" content=\"index, follow, max-snippet:-1, max-image-preview:large, max-video-preview:-1\" \/>\n<link rel=\"canonical\" href=\"https:\/\/franciscanos.org.br\/noticias\/missa-nordestina-marca-inicio-dos-festejos-de-sao-francisco.html\" \/>\n<meta property=\"og:locale\" content=\"pt_BR\" \/>\n<meta property=\"og:type\" content=\"article\" \/>\n<meta property=\"og:title\" content=\"Missa nordestina marca in\u00edcio dos festejos de S\u00e3o Francisco - Not\u00edcias - Franciscanos\" \/>\n<meta property=\"og:description\" content=\"Missa Nordestina\" \/>\n<meta property=\"og:url\" content=\"https:\/\/franciscanos.org.br\/noticias\/missa-nordestina-marca-inicio-dos-festejos-de-sao-francisco.html\" \/>\n<meta property=\"og:site_name\" content=\"Not\u00edcias - Franciscanos\" \/>\n<meta property=\"article:published_time\" content=\"2014-09-29T14:13:58+00:00\" \/>\n<meta property=\"article:modified_time\" content=\"2020-11-11T17:11:26+00:00\" \/>\n<meta property=\"og:image\" content=\"https:\/\/franciscanos.org.br\/noticias\/wp-content\/uploads\/2014\/09\/missa.jpg\" \/>\n\t<meta property=\"og:image:width\" content=\"273\" \/>\n\t<meta property=\"og:image:height\" content=\"181\" \/>\n\t<meta property=\"og:image:type\" content=\"image\/jpeg\" \/>\n<meta name=\"author\" content=\"admin\" \/>\n<meta name=\"twitter:card\" content=\"summary_large_image\" \/>\n<meta name=\"twitter:label1\" content=\"Escrito por\" \/>\n\t<meta name=\"twitter:data1\" content=\"admin\" \/>\n\t<meta name=\"twitter:label2\" content=\"Est. tempo de leitura\" \/>\n\t<meta name=\"twitter:data2\" content=\"3 minutos\" \/>\n<script type=\"application\/ld+json\" class=\"yoast-schema-graph\">{\"@context\":\"https:\/\/schema.org\",\"@graph\":[{\"@type\":\"WebSite\",\"@id\":\"https:\/\/franciscanos.org.br\/noticias\/#website\",\"url\":\"https:\/\/franciscanos.org.br\/noticias\/\",\"name\":\"Not\u00edcias - Franciscanos\",\"description\":\"Prov\u00edncia Franciscana da Imaculada Concei\u00e7\u00e3o do Brasil - Ordem dos Frades Menores - OFM\",\"potentialAction\":[{\"@type\":\"SearchAction\",\"target\":{\"@type\":\"EntryPoint\",\"urlTemplate\":\"https:\/\/franciscanos.org.br\/noticias\/?s={search_term_string}\"},\"query-input\":\"required name=search_term_string\"}],\"inLanguage\":\"pt-BR\"},{\"@type\":\"ImageObject\",\"inLanguage\":\"pt-BR\",\"@id\":\"https:\/\/franciscanos.org.br\/noticias\/missa-nordestina-marca-inicio-dos-festejos-de-sao-francisco.html#primaryimage\",\"url\":\"https:\/\/franciscanos.org.br\/noticias\/wp-content\/uploads\/2014\/09\/missa.jpg\",\"contentUrl\":\"https:\/\/franciscanos.org.br\/noticias\/wp-content\/uploads\/2014\/09\/missa.jpg\",\"width\":273,\"height\":181},{\"@type\":\"WebPage\",\"@id\":\"https:\/\/franciscanos.org.br\/noticias\/missa-nordestina-marca-inicio-dos-festejos-de-sao-francisco.html#webpage\",\"url\":\"https:\/\/franciscanos.org.br\/noticias\/missa-nordestina-marca-inicio-dos-festejos-de-sao-francisco.html\",\"name\":\"Missa nordestina marca in\u00edcio dos festejos de S\u00e3o Francisco - Not\u00edcias - Franciscanos\",\"isPartOf\":{\"@id\":\"https:\/\/franciscanos.org.br\/noticias\/#website\"},\"primaryImageOfPage\":{\"@id\":\"https:\/\/franciscanos.org.br\/noticias\/missa-nordestina-marca-inicio-dos-festejos-de-sao-francisco.html#primaryimage\"},\"datePublished\":\"2014-09-29T14:13:58+00:00\",\"dateModified\":\"2020-11-11T17:11:26+00:00\",\"author\":{\"@id\":\"https:\/\/franciscanos.org.br\/noticias\/#\/schema\/person\/b38fbf43118f02820bd932f2e4b14ad3\"},\"breadcrumb\":{\"@id\":\"https:\/\/franciscanos.org.br\/noticias\/missa-nordestina-marca-inicio-dos-festejos-de-sao-francisco.html#breadcrumb\"},\"inLanguage\":\"pt-BR\",\"potentialAction\":[{\"@type\":\"ReadAction\",\"target\":[\"https:\/\/franciscanos.org.br\/noticias\/missa-nordestina-marca-inicio-dos-festejos-de-sao-francisco.html\"]}]},{\"@type\":\"BreadcrumbList\",\"@id\":\"https:\/\/franciscanos.org.br\/noticias\/missa-nordestina-marca-inicio-dos-festejos-de-sao-francisco.html#breadcrumb\",\"itemListElement\":[{\"@type\":\"ListItem\",\"position\":1,\"name\":\"Home\",\"item\":\"https:\/\/franciscanos.org.br\/noticias\"},{\"@type\":\"ListItem\",\"position\":2,\"name\":\"Missa nordestina marca in\u00edcio dos festejos de S\u00e3o Francisco\"}]},{\"@type\":\"Person\",\"@id\":\"https:\/\/franciscanos.org.br\/noticias\/#\/schema\/person\/b38fbf43118f02820bd932f2e4b14ad3\",\"name\":\"admin\",\"image\":{\"@type\":\"ImageObject\",\"inLanguage\":\"pt-BR\",\"@id\":\"https:\/\/franciscanos.org.br\/noticias\/#\/schema\/person\/image\/\",\"url\":\"https:\/\/secure.gravatar.com\/avatar\/e8495742d34d0ba6448ea1c628263b3e?s=96&d=mm&r=g\",\"contentUrl\":\"https:\/\/secure.gravatar.com\/avatar\/e8495742d34d0ba6448ea1c628263b3e?s=96&d=mm&r=g\",\"caption\":\"admin\"},\"url\":\"https:\/\/franciscanos.org.br\/noticias\/author\/admin\"}]}<\/script>\n<!-- \/ Yoast SEO plugin. -->","yoast_head_json":{"title":"Missa nordestina marca in\u00edcio dos festejos de S\u00e3o Francisco - Not\u00edcias - Franciscanos","robots":{"index":"index","follow":"follow","max-snippet":"max-snippet:-1","max-image-preview":"max-image-preview:large","max-video-preview":"max-video-preview:-1"},"canonical":"https:\/\/franciscanos.org.br\/noticias\/missa-nordestina-marca-inicio-dos-festejos-de-sao-francisco.html","og_locale":"pt_BR","og_type":"article","og_title":"Missa nordestina marca in\u00edcio dos festejos de S\u00e3o Francisco - Not\u00edcias - Franciscanos","og_description":"Missa Nordestina","og_url":"https:\/\/franciscanos.org.br\/noticias\/missa-nordestina-marca-inicio-dos-festejos-de-sao-francisco.html","og_site_name":"Not\u00edcias - Franciscanos","article_published_time":"2014-09-29T14:13:58+00:00","article_modified_time":"2020-11-11T17:11:26+00:00","og_image":[{"width":273,"height":181,"url":"https:\/\/franciscanos.org.br\/noticias\/wp-content\/uploads\/2014\/09\/missa.jpg","type":"image\/jpeg"}],"author":"admin","twitter_card":"summary_large_image","twitter_misc":{"Escrito por":"admin","Est. tempo de leitura":"3 minutos"},"schema":{"@context":"https:\/\/schema.org","@graph":[{"@type":"WebSite","@id":"https:\/\/franciscanos.org.br\/noticias\/#website","url":"https:\/\/franciscanos.org.br\/noticias\/","name":"Not\u00edcias - Franciscanos","description":"Prov\u00edncia Franciscana da Imaculada Concei\u00e7\u00e3o do Brasil - Ordem dos Frades Menores - OFM","potentialAction":[{"@type":"SearchAction","target":{"@type":"EntryPoint","urlTemplate":"https:\/\/franciscanos.org.br\/noticias\/?s={search_term_string}"},"query-input":"required name=search_term_string"}],"inLanguage":"pt-BR"},{"@type":"ImageObject","inLanguage":"pt-BR","@id":"https:\/\/franciscanos.org.br\/noticias\/missa-nordestina-marca-inicio-dos-festejos-de-sao-francisco.html#primaryimage","url":"https:\/\/franciscanos.org.br\/noticias\/wp-content\/uploads\/2014\/09\/missa.jpg","contentUrl":"https:\/\/franciscanos.org.br\/noticias\/wp-content\/uploads\/2014\/09\/missa.jpg","width":273,"height":181},{"@type":"WebPage","@id":"https:\/\/franciscanos.org.br\/noticias\/missa-nordestina-marca-inicio-dos-festejos-de-sao-francisco.html#webpage","url":"https:\/\/franciscanos.org.br\/noticias\/missa-nordestina-marca-inicio-dos-festejos-de-sao-francisco.html","name":"Missa nordestina marca in\u00edcio dos festejos de S\u00e3o Francisco - Not\u00edcias - Franciscanos","isPartOf":{"@id":"https:\/\/franciscanos.org.br\/noticias\/#website"},"primaryImageOfPage":{"@id":"https:\/\/franciscanos.org.br\/noticias\/missa-nordestina-marca-inicio-dos-festejos-de-sao-francisco.html#primaryimage"},"datePublished":"2014-09-29T14:13:58+00:00","dateModified":"2020-11-11T17:11:26+00:00","author":{"@id":"https:\/\/franciscanos.org.br\/noticias\/#\/schema\/person\/b38fbf43118f02820bd932f2e4b14ad3"},"breadcrumb":{"@id":"https:\/\/franciscanos.org.br\/noticias\/missa-nordestina-marca-inicio-dos-festejos-de-sao-francisco.html#breadcrumb"},"inLanguage":"pt-BR","potentialAction":[{"@type":"ReadAction","target":["https:\/\/franciscanos.org.br\/noticias\/missa-nordestina-marca-inicio-dos-festejos-de-sao-francisco.html"]}]},{"@type":"BreadcrumbList","@id":"https:\/\/franciscanos.org.br\/noticias\/missa-nordestina-marca-inicio-dos-festejos-de-sao-francisco.html#breadcrumb","itemListElement":[{"@type":"ListItem","position":1,"name":"Home","item":"https:\/\/franciscanos.org.br\/noticias"},{"@type":"ListItem","position":2,"name":"Missa nordestina marca in\u00edcio dos festejos de S\u00e3o Francisco"}]},{"@type":"Person","@id":"https:\/\/franciscanos.org.br\/noticias\/#\/schema\/person\/b38fbf43118f02820bd932f2e4b14ad3","name":"admin","image":{"@type":"ImageObject","inLanguage":"pt-BR","@id":"https:\/\/franciscanos.org.br\/noticias\/#\/schema\/person\/image\/","url":"https:\/\/secure.gravatar.com\/avatar\/e8495742d34d0ba6448ea1c628263b3e?s=96&d=mm&r=g","contentUrl":"https:\/\/secure.gravatar.com\/avatar\/e8495742d34d0ba6448ea1c628263b3e?s=96&d=mm&r=g","caption":"admin"},"url":"https:\/\/franciscanos.org.br\/noticias\/author\/admin"}]}},"_links":{"self":[{"href":"https:\/\/franciscanos.org.br\/noticias\/wp-json\/wp\/v2\/posts\/68433"}],"collection":[{"href":"https:\/\/franciscanos.org.br\/noticias\/wp-json\/wp\/v2\/posts"}],"about":[{"href":"https:\/\/franciscanos.org.br\/noticias\/wp-json\/wp\/v2\/types\/post"}],"author":[{"embeddable":true,"href":"https:\/\/franciscanos.org.br\/noticias\/wp-json\/wp\/v2\/users\/1"}],"replies":[{"embeddable":true,"href":"https:\/\/franciscanos.org.br\/noticias\/wp-json\/wp\/v2\/comments?post=68433"}],"version-history":[{"count":2,"href":"https:\/\/franciscanos.org.br\/noticias\/wp-json\/wp\/v2\/posts\/68433\/revisions"}],"predecessor-version":[{"id":229362,"href":"https:\/\/franciscanos.org.br\/noticias\/wp-json\/wp\/v2\/posts\/68433\/revisions\/229362"}],"wp:featuredmedia":[{"embeddable":true,"href":"https:\/\/franciscanos.org.br\/noticias\/wp-json\/wp\/v2\/media\/211313"}],"wp:attachment":[{"href":"https:\/\/franciscanos.org.br\/noticias\/wp-json\/wp\/v2\/media?parent=68433"}],"wp:term":[{"taxonomy":"category","embeddable":true,"href":"https:\/\/franciscanos.org.br\/noticias\/wp-json\/wp\/v2\/categories?post=68433"},{"taxonomy":"post_tag","embeddable":true,"href":"https:\/\/franciscanos.org.br\/noticias\/wp-json\/wp\/v2\/tags?post=68433"}],"curies":[{"name":"wp","href":"https:\/\/api.w.org\/{rel}","templated":true}]}}