{"id":68303,"date":"2014-09-26T14:39:35","date_gmt":"2014-09-26T17:39:35","guid":{"rendered":"http:\/\/franciscanos.org.br\/?p=68303"},"modified":"2021-07-05T20:17:28","modified_gmt":"2021-07-05T23:17:28","slug":"canarinhos-emocionam-e-encantam-em-agudos","status":"publish","type":"post","link":"https:\/\/franciscanos.org.br\/noticias\/canarinhos-emocionam-e-encantam-em-agudos.html","title":{"rendered":"Canarinhos emocionam e encantam em Agudos"},"content":{"rendered":"<p><img loading=\"lazy\" class=\"alignnone wp-image-229377 size-full\" src=\"https:\/\/franciscanos.org.br\/noticias\/wp-content\/uploads\/2014\/09\/canarinhos_1211.jpg\" alt=\"\" width=\"1280\" height=\"720\" srcset=\"https:\/\/franciscanos.org.br\/noticias\/wp-content\/uploads\/2014\/09\/canarinhos_1211.jpg 1280w, https:\/\/franciscanos.org.br\/noticias\/wp-content\/uploads\/2014\/09\/canarinhos_1211-450x253.jpg 450w, https:\/\/franciscanos.org.br\/noticias\/wp-content\/uploads\/2014\/09\/canarinhos_1211-1024x576.jpg 1024w, https:\/\/franciscanos.org.br\/noticias\/wp-content\/uploads\/2014\/09\/canarinhos_1211-768x432.jpg 768w, https:\/\/franciscanos.org.br\/noticias\/wp-content\/uploads\/2014\/09\/canarinhos_1211-150x84.jpg 150w\" sizes=\"(max-width: 1280px) 100vw, 1280px\" \/><\/p>\n<p><strong>Moacir Beggo<\/strong><\/p>\n<p><strong>AGUDOS (SP)<\/strong> &#8211; A apresenta\u00e7\u00e3o do Coral Canarinhos de Petr\u00f3polis foi de tirar f\u00f4lego na Capela do Semin\u00e1rio Santo Ant\u00f4nio de Agudos, especialmente com a pe\u00e7a dram\u00e1tica &#8220;Eli, Eli (Meu Deus, meu Deus, por que me abandonastes)&#8221;, de Georgius B\u00e1rdos.<\/p>\n<p>Os pequenos cantores de Petr\u00f3polis emocionaram e encantaram o p\u00fablico na quarta-feira (25\/9), especialmente muitos dos frades presentes que fizeram parte do Coral. \u00a0O Ministro Geral \u00a0da Ordem dos Frades Menores, \u00a0Frei Michael Perry, acompanhou atentamente a apresenta\u00e7\u00e3o na primeira fila. &#8220;Magn\u00edfico&#8221;, resumiu o atual representante de S\u00e3o Francisco de Assis. \u00a0Ele ficou t\u00e3o encantado com a apresenta\u00e7\u00e3o dos Canarinhos que pediu para o Maestro repetir no final da Missa de encerramento &#8220;, na quinta-feira, a can\u00e7\u00e3o \u201cThe Lord bless you and keep you&#8221; (B\u00ean\u00e7\u00e3o de S\u00e3o Francisco).<\/p>\n<p>Segundo o m\u00fasico e liturgista Marcos Ant\u00f4nio de Andrade, foi emocionante a interpreta\u00e7\u00e3o de &#8220;Eli, Eli&#8221;.\u00a0 &#8220;Vi as pessoas paralisadas&#8221;, contou emocionado. E elogios n\u00e3o pararam: &#8220;Perfeito. N\u00e3o \u00e9 \u00e0 toa que s\u00e3o os melhores do Brasil e um dos mais importantes do mundo&#8221;, disse Frei Valdecir Schwambach, guardi\u00e3o do Convento da Penha.<\/p>\n<p><a href=\"http:\/\/franciscanos.org.br\/wp-content\/uploads\/2014\/09\/canarinhos_lado.jpg\"><img loading=\"lazy\" class=\"alignright wp-image-68307 size-full\" src=\"http:\/\/franciscanos.org.br\/wp-content\/uploads\/2014\/09\/canarinhos_lado.jpg\" alt=\"canarinhos_lado\" width=\"450\" height=\"338\" \/><\/a>O concerto transcorreu em tr\u00eas partes: a primeira com repert\u00f3rio de m\u00fasica sacra\u00a0 (Claudio Monteverdi, &#8220;Christe, adoramus te&#8221;; Georgius B\u00e1rdos &#8220;Eli, Eli!&#8221;; Johannes Brahms &#8220;Geistliches Lied op. 30&#8221;; Francis Poulenc, &#8220;Seigneur, je vous en prie&#8221;; Wolfgang A. Mozart, &#8220;Laudate Dominum&#8221;; Georg F. Haendel &#8220;Halleluja, O Messias&#8221;), uma apresenta\u00e7\u00e3o do maestro e organista Marco Aur\u00e9lio Lischt no belo \u00f3rg\u00e3o de tubos do Semin\u00e1rio Santo Ant\u00f4nio e a terceira parte com repert\u00f3rio popular (H. Villa-Lobos, Bachianas Brasileiras n\u00ba 5 \u2013 Aria (transcri\u00e7\u00e3o para \u00f3rg\u00e3o de Camil van Hulse); J. S. Bach, &#8220;Prel\u00fadio e Fuga em Mi bemol Maior BWV 552&#8221;; John Rutter, &#8220;Look at the world&#8221;; Lorenzo Fernandez, &#8220;Casinha pequenina&#8221;; \u00a0Carlos A. Pinto Fonseca, &#8220;Cobra cor\u00e1&#8221;; Ary Barroso, &#8220;Aquarela do Brasil&#8221;; e John Rutter, &#8220;The Lord bless you and keep you&#8221;.<\/p>\n<p>O Coral \u00e9 alma do seu Maestro. Dos seus 46 anos, 38 foram dedicados aos Canarinhos de Petr\u00f3polis. &#8220;Entrei no Coral quando passei numa sele\u00e7\u00e3o que Frei Leto fez na minha escola em 75, como ele sempre fazia nas escolas de Petr\u00f3polis. Se n\u00e3o tivesse participado dos Canarinhos n\u00e3o estaria na \u00e1rea musical de forma profissional. Primeiro como cantor, depois como organista e agora como maestro&#8221;, contou.<\/p>\n<p>Como maestro, foi a primeira vez que Marco Aur\u00e9lio esteve em Agudos. &#8220;\u00c9 um grande prazer para n\u00f3s estarmos no Semin\u00e1rio Santo Ant\u00f4nio da Prov\u00edncia da Imaculada Concei\u00e7\u00e3o, da qual fazemos parte e onde muitos frades est\u00e3o presentes neste Cap\u00edtulo das Esteiras. Muitos fizeram parte deste coral&#8221;, lembrou. Um deles \u00e9 o pr\u00f3prio Ministro Provincial, Frei Fid\u00eancio Vanboemmel, que foi cantor quando era estudante de Teologia em Petr\u00f3polis. Outro &#8216;frade canarinho&#8217; \u00e9 Frei Gustavo Medella, que como petropolitano, participou desde pequeno do Coral.<\/p>\n<p>O Coral Canarinhos teve como fundador o franciscano Frei Leto Bienias, nascido na Alemanha e naturalizado brasileiro. Idealista, Frei Leto zelava pela qualidade art\u00edstica \u00e9 essa marca permanece at\u00e9 hoje como se p\u00f4de ver na apresenta\u00e7\u00e3o de Agudos. Hoje, o Instituto Meninos Cantores de Petr\u00f3polis pertence \u00c0 Associa\u00e7\u00e3o Franciscana Bom Jesus. Frei Jos\u00e9 Luiz Prim, falecido recentemente, foi outro frade que fez hist\u00f3ria com os Canarinhos, ao assumir a dire\u00e7\u00e3o em 1973.<\/p>\n<p>Na sua trajet\u00f3ria de mais de 70 anos, o Coral conta com 18 CDs gravados, sendo os dois \u00faltimos em 2012, durante as comemora\u00e7\u00f5es pelos 70 anos. Destaque para o CD \u201cReflexos do Brasil\u201d, trabalho in\u00e9dito que re\u00fane m\u00fasicas sacras brasileiras, todas contempor\u00e2neas. No curr\u00edculo, est\u00e3o listadas apresenta\u00e7\u00f5es memor\u00e1veis. Por tr\u00eas vezes, os meninos cantaram para o Papa Jo\u00e3o Paulo II (nos anos 1980, em 1997 e em 2000). Entre os concertos de maior destaque est\u00e3o o show realizado no Pal\u00e1cio Quitandinha, em dezembro de 2009, com a Orquestra Filarm\u00f4nica de Petr\u00f3polis; e a participa\u00e7\u00e3o no Projeto Aquarius, em 2005, na praia de Copacabana, junto com a Orquestra Petrobras Sinf\u00f4nica e a Orquestra Sinf\u00f4nica de Porto Alegre.<\/p>\n<p>Mas o trabalho dos Canarinhos ultrapassa as fronteiras do Brasil. O Coral fez turn\u00eas Venezuela, Estados Unidos, Argentina e Europa, especialmente na It\u00e1lia e Alemanha, pa\u00edses onde fizeram muitas apresenta\u00e7\u00f5es.<\/p>\n<p><img class=\"ngg_displayed_gallery mceItem\" src=\"http:\/\/franciscanos.org.br\/index.php\/nextgen-attach_to_post\/preview\/id--68332\" alt=\"\" \/><\/p>\n","protected":false},"excerpt":{"rendered":"<p>Cap\u00edtulo das Esteiras<\/p>\n","protected":false},"author":1,"featured_media":209074,"comment_status":"open","ping_status":"open","sticky":false,"template":"","format":"standard","meta":[],"categories":[1],"tags":[483,1378],"acf":[],"yoast_head":"<!-- This site is optimized with the Yoast SEO plugin v19.2 - https:\/\/yoast.com\/wordpress\/plugins\/seo\/ -->\n<title>Canarinhos emocionam e encantam em Agudos - Not\u00edcias - Franciscanos<\/title>\n<meta name=\"robots\" content=\"index, follow, max-snippet:-1, max-image-preview:large, max-video-preview:-1\" \/>\n<link rel=\"canonical\" href=\"https:\/\/franciscanos.org.br\/noticias\/canarinhos-emocionam-e-encantam-em-agudos.html\" \/>\n<meta property=\"og:locale\" content=\"pt_BR\" \/>\n<meta property=\"og:type\" content=\"article\" \/>\n<meta property=\"og:title\" content=\"Canarinhos emocionam e encantam em Agudos - Not\u00edcias - Franciscanos\" \/>\n<meta property=\"og:description\" content=\"Cap\u00edtulo das Esteiras\" \/>\n<meta property=\"og:url\" content=\"https:\/\/franciscanos.org.br\/noticias\/canarinhos-emocionam-e-encantam-em-agudos.html\" \/>\n<meta property=\"og:site_name\" content=\"Not\u00edcias - Franciscanos\" \/>\n<meta property=\"article:published_time\" content=\"2014-09-26T17:39:35+00:00\" \/>\n<meta property=\"article:modified_time\" content=\"2021-07-05T23:17:28+00:00\" \/>\n<meta property=\"og:image\" content=\"https:\/\/franciscanos.org.br\/noticias\/wp-content\/uploads\/2014\/09\/canarinhos_lado.jpg\" \/>\n\t<meta property=\"og:image:width\" content=\"273\" \/>\n\t<meta property=\"og:image:height\" content=\"181\" \/>\n\t<meta property=\"og:image:type\" content=\"image\/jpeg\" \/>\n<meta name=\"author\" content=\"admin\" \/>\n<meta name=\"twitter:card\" content=\"summary_large_image\" \/>\n<meta name=\"twitter:label1\" content=\"Escrito por\" \/>\n\t<meta name=\"twitter:data1\" content=\"admin\" \/>\n\t<meta name=\"twitter:label2\" content=\"Est. tempo de leitura\" \/>\n\t<meta name=\"twitter:data2\" content=\"4 minutos\" \/>\n<script type=\"application\/ld+json\" class=\"yoast-schema-graph\">{\"@context\":\"https:\/\/schema.org\",\"@graph\":[{\"@type\":\"WebSite\",\"@id\":\"https:\/\/franciscanos.org.br\/noticias\/#website\",\"url\":\"https:\/\/franciscanos.org.br\/noticias\/\",\"name\":\"Not\u00edcias - Franciscanos\",\"description\":\"Prov\u00edncia Franciscana da Imaculada Concei\u00e7\u00e3o do Brasil - Ordem dos Frades Menores - OFM\",\"potentialAction\":[{\"@type\":\"SearchAction\",\"target\":{\"@type\":\"EntryPoint\",\"urlTemplate\":\"https:\/\/franciscanos.org.br\/noticias\/?s={search_term_string}\"},\"query-input\":\"required name=search_term_string\"}],\"inLanguage\":\"pt-BR\"},{\"@type\":\"ImageObject\",\"inLanguage\":\"pt-BR\",\"@id\":\"https:\/\/franciscanos.org.br\/noticias\/canarinhos-emocionam-e-encantam-em-agudos.html#primaryimage\",\"url\":\"https:\/\/franciscanos.org.br\/noticias\/wp-content\/uploads\/2014\/09\/canarinhos_lado.jpg\",\"contentUrl\":\"https:\/\/franciscanos.org.br\/noticias\/wp-content\/uploads\/2014\/09\/canarinhos_lado.jpg\",\"width\":273,\"height\":181},{\"@type\":\"WebPage\",\"@id\":\"https:\/\/franciscanos.org.br\/noticias\/canarinhos-emocionam-e-encantam-em-agudos.html#webpage\",\"url\":\"https:\/\/franciscanos.org.br\/noticias\/canarinhos-emocionam-e-encantam-em-agudos.html\",\"name\":\"Canarinhos emocionam e encantam em Agudos - Not\u00edcias - Franciscanos\",\"isPartOf\":{\"@id\":\"https:\/\/franciscanos.org.br\/noticias\/#website\"},\"primaryImageOfPage\":{\"@id\":\"https:\/\/franciscanos.org.br\/noticias\/canarinhos-emocionam-e-encantam-em-agudos.html#primaryimage\"},\"datePublished\":\"2014-09-26T17:39:35+00:00\",\"dateModified\":\"2021-07-05T23:17:28+00:00\",\"author\":{\"@id\":\"https:\/\/franciscanos.org.br\/noticias\/#\/schema\/person\/b38fbf43118f02820bd932f2e4b14ad3\"},\"breadcrumb\":{\"@id\":\"https:\/\/franciscanos.org.br\/noticias\/canarinhos-emocionam-e-encantam-em-agudos.html#breadcrumb\"},\"inLanguage\":\"pt-BR\",\"potentialAction\":[{\"@type\":\"ReadAction\",\"target\":[\"https:\/\/franciscanos.org.br\/noticias\/canarinhos-emocionam-e-encantam-em-agudos.html\"]}]},{\"@type\":\"BreadcrumbList\",\"@id\":\"https:\/\/franciscanos.org.br\/noticias\/canarinhos-emocionam-e-encantam-em-agudos.html#breadcrumb\",\"itemListElement\":[{\"@type\":\"ListItem\",\"position\":1,\"name\":\"Home\",\"item\":\"https:\/\/franciscanos.org.br\/noticias\"},{\"@type\":\"ListItem\",\"position\":2,\"name\":\"Canarinhos emocionam e encantam em Agudos\"}]},{\"@type\":\"Person\",\"@id\":\"https:\/\/franciscanos.org.br\/noticias\/#\/schema\/person\/b38fbf43118f02820bd932f2e4b14ad3\",\"name\":\"admin\",\"image\":{\"@type\":\"ImageObject\",\"inLanguage\":\"pt-BR\",\"@id\":\"https:\/\/franciscanos.org.br\/noticias\/#\/schema\/person\/image\/\",\"url\":\"https:\/\/secure.gravatar.com\/avatar\/e8495742d34d0ba6448ea1c628263b3e?s=96&d=mm&r=g\",\"contentUrl\":\"https:\/\/secure.gravatar.com\/avatar\/e8495742d34d0ba6448ea1c628263b3e?s=96&d=mm&r=g\",\"caption\":\"admin\"},\"url\":\"https:\/\/franciscanos.org.br\/noticias\/author\/admin\"}]}<\/script>\n<!-- \/ Yoast SEO plugin. -->","yoast_head_json":{"title":"Canarinhos emocionam e encantam em Agudos - Not\u00edcias - Franciscanos","robots":{"index":"index","follow":"follow","max-snippet":"max-snippet:-1","max-image-preview":"max-image-preview:large","max-video-preview":"max-video-preview:-1"},"canonical":"https:\/\/franciscanos.org.br\/noticias\/canarinhos-emocionam-e-encantam-em-agudos.html","og_locale":"pt_BR","og_type":"article","og_title":"Canarinhos emocionam e encantam em Agudos - Not\u00edcias - Franciscanos","og_description":"Cap\u00edtulo das Esteiras","og_url":"https:\/\/franciscanos.org.br\/noticias\/canarinhos-emocionam-e-encantam-em-agudos.html","og_site_name":"Not\u00edcias - Franciscanos","article_published_time":"2014-09-26T17:39:35+00:00","article_modified_time":"2021-07-05T23:17:28+00:00","og_image":[{"width":273,"height":181,"url":"https:\/\/franciscanos.org.br\/noticias\/wp-content\/uploads\/2014\/09\/canarinhos_lado.jpg","type":"image\/jpeg"}],"author":"admin","twitter_card":"summary_large_image","twitter_misc":{"Escrito por":"admin","Est. tempo de leitura":"4 minutos"},"schema":{"@context":"https:\/\/schema.org","@graph":[{"@type":"WebSite","@id":"https:\/\/franciscanos.org.br\/noticias\/#website","url":"https:\/\/franciscanos.org.br\/noticias\/","name":"Not\u00edcias - Franciscanos","description":"Prov\u00edncia Franciscana da Imaculada Concei\u00e7\u00e3o do Brasil - Ordem dos Frades Menores - OFM","potentialAction":[{"@type":"SearchAction","target":{"@type":"EntryPoint","urlTemplate":"https:\/\/franciscanos.org.br\/noticias\/?s={search_term_string}"},"query-input":"required name=search_term_string"}],"inLanguage":"pt-BR"},{"@type":"ImageObject","inLanguage":"pt-BR","@id":"https:\/\/franciscanos.org.br\/noticias\/canarinhos-emocionam-e-encantam-em-agudos.html#primaryimage","url":"https:\/\/franciscanos.org.br\/noticias\/wp-content\/uploads\/2014\/09\/canarinhos_lado.jpg","contentUrl":"https:\/\/franciscanos.org.br\/noticias\/wp-content\/uploads\/2014\/09\/canarinhos_lado.jpg","width":273,"height":181},{"@type":"WebPage","@id":"https:\/\/franciscanos.org.br\/noticias\/canarinhos-emocionam-e-encantam-em-agudos.html#webpage","url":"https:\/\/franciscanos.org.br\/noticias\/canarinhos-emocionam-e-encantam-em-agudos.html","name":"Canarinhos emocionam e encantam em Agudos - Not\u00edcias - Franciscanos","isPartOf":{"@id":"https:\/\/franciscanos.org.br\/noticias\/#website"},"primaryImageOfPage":{"@id":"https:\/\/franciscanos.org.br\/noticias\/canarinhos-emocionam-e-encantam-em-agudos.html#primaryimage"},"datePublished":"2014-09-26T17:39:35+00:00","dateModified":"2021-07-05T23:17:28+00:00","author":{"@id":"https:\/\/franciscanos.org.br\/noticias\/#\/schema\/person\/b38fbf43118f02820bd932f2e4b14ad3"},"breadcrumb":{"@id":"https:\/\/franciscanos.org.br\/noticias\/canarinhos-emocionam-e-encantam-em-agudos.html#breadcrumb"},"inLanguage":"pt-BR","potentialAction":[{"@type":"ReadAction","target":["https:\/\/franciscanos.org.br\/noticias\/canarinhos-emocionam-e-encantam-em-agudos.html"]}]},{"@type":"BreadcrumbList","@id":"https:\/\/franciscanos.org.br\/noticias\/canarinhos-emocionam-e-encantam-em-agudos.html#breadcrumb","itemListElement":[{"@type":"ListItem","position":1,"name":"Home","item":"https:\/\/franciscanos.org.br\/noticias"},{"@type":"ListItem","position":2,"name":"Canarinhos emocionam e encantam em Agudos"}]},{"@type":"Person","@id":"https:\/\/franciscanos.org.br\/noticias\/#\/schema\/person\/b38fbf43118f02820bd932f2e4b14ad3","name":"admin","image":{"@type":"ImageObject","inLanguage":"pt-BR","@id":"https:\/\/franciscanos.org.br\/noticias\/#\/schema\/person\/image\/","url":"https:\/\/secure.gravatar.com\/avatar\/e8495742d34d0ba6448ea1c628263b3e?s=96&d=mm&r=g","contentUrl":"https:\/\/secure.gravatar.com\/avatar\/e8495742d34d0ba6448ea1c628263b3e?s=96&d=mm&r=g","caption":"admin"},"url":"https:\/\/franciscanos.org.br\/noticias\/author\/admin"}]}},"_links":{"self":[{"href":"https:\/\/franciscanos.org.br\/noticias\/wp-json\/wp\/v2\/posts\/68303"}],"collection":[{"href":"https:\/\/franciscanos.org.br\/noticias\/wp-json\/wp\/v2\/posts"}],"about":[{"href":"https:\/\/franciscanos.org.br\/noticias\/wp-json\/wp\/v2\/types\/post"}],"author":[{"embeddable":true,"href":"https:\/\/franciscanos.org.br\/noticias\/wp-json\/wp\/v2\/users\/1"}],"replies":[{"embeddable":true,"href":"https:\/\/franciscanos.org.br\/noticias\/wp-json\/wp\/v2\/comments?post=68303"}],"version-history":[{"count":1,"href":"https:\/\/franciscanos.org.br\/noticias\/wp-json\/wp\/v2\/posts\/68303\/revisions"}],"predecessor-version":[{"id":229378,"href":"https:\/\/franciscanos.org.br\/noticias\/wp-json\/wp\/v2\/posts\/68303\/revisions\/229378"}],"wp:featuredmedia":[{"embeddable":true,"href":"https:\/\/franciscanos.org.br\/noticias\/wp-json\/wp\/v2\/media\/209074"}],"wp:attachment":[{"href":"https:\/\/franciscanos.org.br\/noticias\/wp-json\/wp\/v2\/media?parent=68303"}],"wp:term":[{"taxonomy":"category","embeddable":true,"href":"https:\/\/franciscanos.org.br\/noticias\/wp-json\/wp\/v2\/categories?post=68303"},{"taxonomy":"post_tag","embeddable":true,"href":"https:\/\/franciscanos.org.br\/noticias\/wp-json\/wp\/v2\/tags?post=68303"}],"curies":[{"name":"wp","href":"https:\/\/api.w.org\/{rel}","templated":true}]}}