{"id":68071,"date":"2014-09-26T11:21:32","date_gmt":"2014-09-26T14:21:32","guid":{"rendered":"http:\/\/franciscanos.org.br\/?p=68071"},"modified":"2020-11-12T10:34:28","modified_gmt":"2020-11-12T13:34:28","slug":"missa-dos-jubileus-encerra-capitulo-das-esteiras","status":"publish","type":"post","link":"https:\/\/franciscanos.org.br\/noticias\/missa-dos-jubileus-encerra-capitulo-das-esteiras.html","title":{"rendered":"Missa dos Jubileus encerra Cap\u00edtulo das Esteiras em Agudos"},"content":{"rendered":"<p><img loading=\"lazy\" class=\"alignnone wp-image-229380 size-full\" src=\"https:\/\/franciscanos.org.br\/noticias\/wp-content\/uploads\/2014\/09\/capitulo_1211.jpg\" alt=\"\" width=\"1280\" height=\"960\" srcset=\"https:\/\/franciscanos.org.br\/noticias\/wp-content\/uploads\/2014\/09\/capitulo_1211.jpg 1280w, https:\/\/franciscanos.org.br\/noticias\/wp-content\/uploads\/2014\/09\/capitulo_1211-450x338.jpg 450w, https:\/\/franciscanos.org.br\/noticias\/wp-content\/uploads\/2014\/09\/capitulo_1211-1024x768.jpg 1024w, https:\/\/franciscanos.org.br\/noticias\/wp-content\/uploads\/2014\/09\/capitulo_1211-768x576.jpg 768w, https:\/\/franciscanos.org.br\/noticias\/wp-content\/uploads\/2014\/09\/capitulo_1211-150x113.jpg 150w, https:\/\/franciscanos.org.br\/noticias\/wp-content\/uploads\/2014\/09\/capitulo_1211-600x450.jpg 600w\" sizes=\"(max-width: 1280px) 100vw, 1280px\" \/><\/p>\n<p><strong>Moacir Beggo<\/strong><\/p>\n<p><strong>AGUDOS (SP)<\/strong> &#8211; A Missa de encerramento do Cap\u00edtulo das Esteiras, nesta quinta-feira, \u00e0s 16h30, foi a conclus\u00e3o de um evento que vai ficar na hist\u00f3ria da Prov\u00edncia da Imaculada Concei\u00e7\u00e3o por momentos bel\u00edssimos de confraterniza\u00e7\u00e3o, ora\u00e7\u00e3o, comunh\u00e3o, alegria, emo\u00e7\u00e3o, encanto e reflex\u00e3o.<\/p>\n<p>O som inconfund\u00edvel do \u00f3rg\u00e3o tubular da Capela de Santo Ant\u00f4nio de Agudos e as vozes dos Canarinhos de Petr\u00f3polis deram um tom solene \u00e0 celebra\u00e7\u00e3o, impec\u00e1vel do come\u00e7o ao fim. No presbit\u00e9rio, reuniram-se os jubilandos de vida consagrada franciscana e sacerdotal, tendo no altar central o Ministro Geral e presidente da celebra\u00e7\u00e3o Frei Michael Perry, o concelebrante e Ministro Provincial Frei Fid\u00eancio Vanboemmel e o di\u00e1cono Frei Marcos Prado dos Santos. Os capitulares se misturaram ao povo de Agudos e regi\u00e3o que veio para a celebra\u00e7\u00e3o.<\/p>\n<p><a href=\"http:\/\/franciscanos.org.br\/wp-content\/uploads\/2014\/09\/consagra.jpg\"><img loading=\"lazy\" class=\"alignright size-full wp-image-68074\" src=\"http:\/\/franciscanos.org.br\/wp-content\/uploads\/2014\/09\/consagra.jpg\" alt=\"consagra\" width=\"450\" height=\"338\" \/><\/a>Frei Michael, que \u00e9 norte-americano, se superou e fez toda a celebra\u00e7\u00e3o em portugu\u00eas. Somente na homilia falou em italiano, mas os fi\u00e9is puderam acompanhar numa folha em portugu\u00eas. O Ministro Geral, na verdade, tomou o Evangelho do dia para fazer a conclus\u00e3o de sua fala principal durante o Cap\u00edtulo, quando tratou do tema da Minoridade. Ao referir-se ao vers\u00edculo evang\u00e9lico &#8220;este \u00e9 o meu mandamento: amai-vos uns aos outros como Eu vos amei!&#8221;, enfatizou que este \u00e9 o cora\u00e7\u00e3o, a fonte, a raiz da voca\u00e7\u00e3o de Frades Menores, que &#8220;vale desde o in\u00edcio, isto \u00e9, desde sempre para n\u00f3s hoje, sem nenhum vencimento&#8221;.<\/p>\n<p>&#8220;&#8216;Isto vos mando que vos ameis uns aos outros'&#8221; \u00e9 a regra de ouro da comunidade crist\u00e3 e raz\u00e3o de ser tamb\u00e9m da nossa Fraternidade franciscana. S\u00f3 na reciprocidade fraterna do amor, por amor e amando-nos mutuamente, somos de fato irm\u00e3os entre n\u00f3s&#8221;, disse. Segundo o Ministro, S\u00e3o Francisco n\u00e3o quis que seus confrades se chamassem somente de irm\u00e3os, mas de Irm\u00e3os Menores. &#8220;Al\u00e9m da Fraternidade, tamb\u00e9m a Minoridade \u00e9 essencial em nossa identidade, \u00e9 imprescind\u00edvel para a felicidade \u00e0 qual Deus nos chamou&#8221;.<\/p>\n<p>&#8220;Mas em que consiste a minoridade?&#8221;, perguntou. &#8220;Ao longo dos oito s\u00e9culos de vida da Ordem creio que foram feitas in\u00fameras tentativas para dizer em que consiste a minoridade. Hoje recorremos \u00e0 passagem evang\u00e9lica que acabamos de escutar: &#8216;Este \u00e9 o meu mandamento: amai-vos uns aos outros como eu vos amei&#8217;. Amar, lavar os p\u00e9s, doar-se todo inteiro no caminho de autoesvaziamento e de humilha\u00e7\u00e3o, nos constitui Irm\u00e3os, Menores e Mission\u00e1rios. Colocando em pr\u00e1tica esta palavra evang\u00e9lica poderemos ter em n\u00f3s a alegria, e a alegria plena, poderemos ser para o outro, sobretudo, para o pobre, o marginalizado, o outro cujo clamor chega at\u00e9 Deus&#8221;, completou Frei Michael.<\/p>\n<p><a href=\"http:\/\/franciscanos.org.br\/wp-content\/uploads\/2014\/09\/capitulares.jpg\"><img loading=\"lazy\" class=\"alignleft size-full wp-image-68075\" src=\"http:\/\/franciscanos.org.br\/wp-content\/uploads\/2014\/09\/capitulares.jpg\" alt=\"capitulares\" width=\"500\" height=\"270\" \/><\/a>\u00a0Em seguida, em sil\u00eancio, cada jubilando acendeu a vela no C\u00edrio Pascal e fez a renova\u00e7\u00e3o dos votos de vida consagrada franciscana e o compromisso sacerdotal de guiar o povo de Deus. Estavam presentes os jubilandos de vida religiosa: Frei Olavo Seifert (73 anos); Frei C\u00e1ssio Vieira de Lima e Frei Nestor Kuhn (72 anos); Frei Policarpo Berri (70 anos); Frei Felipe Gabriel Alves, Frei Geraldo Hagedorn, Frei Clar\u00eancio Neotti, Frei Alcides Cella e Frei Gaud\u00eancio Sens (60 anos); Frei Est\u00eav\u00e3o Ottenbreit, Frei Marcos Hollmann e Frei Olivo Luiz Tondello (50 anos); Frei Airton da Rosa Oliveira, Frei Antonio Joaquim Pinto, Frei C\u00e9sar K\u00fclkamp, Frei Marco Antonio dos Santos, Frei Marcos Antonio de Andrade, Frei Samuel Ferreira de Lima e Frei Valdemiro Wastchuk (25 anos). Os jubilandos de sacerd\u00f3cio: Frei C\u00e1ssio Vieira de Lima (65 anos); Frei Almir Ribeiro Guimar\u00e3es, Frei Antonio Lopes Rodrigues, Frei Benjamim Francisco Ansolin e Frei Carlos Pierezan (50 anos) e Frei Vilmar Alves da Silva (25 anos).<\/p>\n<p>Emocionante, na sequ\u00eancia, o canto na voz dos Canarinhos: &#8220;Eu te exaltarei, meu Deus e Rei, por todas as gera\u00e7\u00f5es. \u00c9s o meu Senhor, Pai que me quer no amor!&#8221;<\/p>\n<p>E foi com emo\u00e7\u00e3o que Frei Michael e Frei Fid\u00eancio fizeram os agradecimentos finais. &#8220;Eu e o Frei Nestor (Definidor Geral) retornaremos a Roma com o fogo do Esp\u00edrito, o fogo da fraternidade e da minoridade&#8221;, disse.<\/p>\n<p>Frei Fid\u00eancio, visivelmente emocionado, agradeceu \u00e0 Comiss\u00e3o Preparat\u00f3ria do Cap\u00edtulo e seu coordenador, Frei Gustavo Medella, a Fraternidade Local, na pessoa de Frei Leonir Ansolin &#8220;pelo trabalho e pela preocupa\u00e7\u00e3o com a boa acolhida a toda a nossa Fraternidade Provincial&#8221;. Agradeceu aos irm\u00e3os e irm\u00e3s de Agudos, \u00e0s Irm\u00e3s Concepcionistas do Mosteiro de Piratininga, \u00e0 Fam\u00edlia Franciscana e fez um agradecimento especial aos jubilandos. &#8220;Amanh\u00e3 (sexta, 26), Frei Michael e Frei Nestor v\u00e3o conhecer as obras sociais do Sefras e o trabalho t\u00e3o bonito que iniciamos no acolhimento dos imigrantes em S\u00e3o Paulo. E no s\u00e1bado (28), se Deus quiser, n\u00f3s queremos fazer uma visita a uma casa que temos muito carinho, em Bragan\u00e7a Paulista, onde est\u00e3o nossos irm\u00e3os idosos e enfermos. Eles merecem mais do que ningu\u00e9m o nosso carinho, a nossa prote\u00e7\u00e3o e a nossa b\u00ean\u00e7\u00e3o&#8221;, disse.<\/p>\n<div id=\"attachment_68076\" style=\"width: 348px\" class=\"wp-caption alignright\"><a href=\"http:\/\/franciscanos.org.br\/wp-content\/uploads\/2014\/09\/bencao.jpg\"><img aria-describedby=\"caption-attachment-68076\" loading=\"lazy\" class=\"wp-image-68076 size-full\" src=\"http:\/\/franciscanos.org.br\/wp-content\/uploads\/2014\/09\/bencao.jpg\" alt=\"bencao\" width=\"338\" height=\"450\" \/><\/a><p id=\"caption-attachment-68076\" class=\"wp-caption-text\">B\u00ean\u00e7\u00e3o de S\u00e3o Francisco no final da Missa<\/p><\/div>\n<p>Dirigindo-se a Frei Michael e Frei Nestor, disse que eles foram um grande presente de Deus a vida da Prov\u00edncia. &#8220;Nosso muito obrigado pelo apoio que n\u00f3s sempre recebemos da Ordem e creio que a presen\u00e7a de voc\u00eas foi uma presen\u00e7a muito provocativa. Dizia no primeiro dia que a fun\u00e7\u00e3o do Ministro Geral \u00e9 exatamente para admoestar. Admoestar significa chamar para os grandes valores evang\u00e9licos e tamb\u00e9m corrigir, que significa colocar no reto caminho. Vieram tamb\u00e9m para ungir, curar nossas feridas &#8211; e n\u00f3s tamb\u00e9m temos feridas -, para nos aben\u00e7oar, mas tamb\u00e9m vieram para nos enviar em miss\u00e3o \u00e0 evangeliza\u00e7\u00e3o. De todo o cora\u00e7\u00e3o, muito obrigado Frei Michael e Frei Nestor. Leve um abra\u00e7o a todo Definit\u00f3rio Geral!&#8221;, completou.<\/p>\n<p>Frei Michael, que na quarta-feira se emocionou a b\u00ean\u00e7\u00e3o de S\u00e3o Francisco cantada pelos Canarinhos, pediu ao maestro Marco Aur\u00e9lio Lischt que cantasse novamente esta m\u00fasica durante a b\u00ean\u00e7\u00e3o final da Missa. Enquanto, os Canarinhos cantaram, Frei Michael pediu que os dois lados se olhassem e erguessem as m\u00e3os em posi\u00e7\u00e3o de aben\u00e7oar.<\/p>\n<p>Encantado com a apresenta\u00e7\u00e3o dos Canarinhos, o Ministro Geral fez uma foto oficial com os pequenos cantores de Petr\u00f3polis e ganhou um presente no final: &#8220;Aleluia&#8221; de Haendel. Emocionante!<img class=\"ngg_displayed_gallery mceItem\" src=\"http:\/\/franciscanos.org.br\/index.php\/nextgen-attach_to_post\/preview\/id--68274\" alt=\"\" \/><\/p>\n<p>&nbsp;<\/p>\n<p>&nbsp;<\/p>\n","protected":false},"excerpt":{"rendered":"<p>Cap\u00edtulo das Esteiras<\/p>\n","protected":false},"author":1,"featured_media":219028,"comment_status":"open","ping_status":"open","sticky":false,"template":"","format":"standard","meta":[],"categories":[1],"tags":[332],"acf":[],"yoast_head":"<!-- This site is optimized with the Yoast SEO plugin v19.2 - https:\/\/yoast.com\/wordpress\/plugins\/seo\/ -->\n<title>Missa dos Jubileus encerra Cap\u00edtulo das Esteiras em Agudos - Not\u00edcias - Franciscanos<\/title>\n<meta name=\"robots\" content=\"index, follow, max-snippet:-1, max-image-preview:large, max-video-preview:-1\" \/>\n<link rel=\"canonical\" href=\"https:\/\/franciscanos.org.br\/noticias\/missa-dos-jubileus-encerra-capitulo-das-esteiras.html\" \/>\n<meta property=\"og:locale\" content=\"pt_BR\" \/>\n<meta property=\"og:type\" content=\"article\" \/>\n<meta property=\"og:title\" content=\"Missa dos Jubileus encerra Cap\u00edtulo das Esteiras em Agudos - Not\u00edcias - Franciscanos\" \/>\n<meta property=\"og:description\" content=\"Cap\u00edtulo das Esteiras\" \/>\n<meta property=\"og:url\" content=\"https:\/\/franciscanos.org.br\/noticias\/missa-dos-jubileus-encerra-capitulo-das-esteiras.html\" \/>\n<meta property=\"og:site_name\" content=\"Not\u00edcias - Franciscanos\" \/>\n<meta property=\"article:published_time\" content=\"2014-09-26T14:21:32+00:00\" \/>\n<meta property=\"article:modified_time\" content=\"2020-11-12T13:34:28+00:00\" \/>\n<meta property=\"og:image\" content=\"https:\/\/franciscanos.org.br\/noticias\/wp-content\/uploads\/2014\/09\/consagra.jpg\" \/>\n\t<meta property=\"og:image:width\" content=\"273\" \/>\n\t<meta property=\"og:image:height\" content=\"181\" \/>\n\t<meta property=\"og:image:type\" content=\"image\/jpeg\" \/>\n<meta name=\"author\" content=\"admin\" \/>\n<meta name=\"twitter:card\" content=\"summary_large_image\" \/>\n<meta name=\"twitter:label1\" content=\"Escrito por\" \/>\n\t<meta name=\"twitter:data1\" content=\"admin\" \/>\n\t<meta name=\"twitter:label2\" content=\"Est. tempo de leitura\" \/>\n\t<meta name=\"twitter:data2\" content=\"6 minutos\" \/>\n<script type=\"application\/ld+json\" class=\"yoast-schema-graph\">{\"@context\":\"https:\/\/schema.org\",\"@graph\":[{\"@type\":\"WebSite\",\"@id\":\"https:\/\/franciscanos.org.br\/noticias\/#website\",\"url\":\"https:\/\/franciscanos.org.br\/noticias\/\",\"name\":\"Not\u00edcias - Franciscanos\",\"description\":\"Prov\u00edncia Franciscana da Imaculada Concei\u00e7\u00e3o do Brasil - Ordem dos Frades Menores - OFM\",\"potentialAction\":[{\"@type\":\"SearchAction\",\"target\":{\"@type\":\"EntryPoint\",\"urlTemplate\":\"https:\/\/franciscanos.org.br\/noticias\/?s={search_term_string}\"},\"query-input\":\"required name=search_term_string\"}],\"inLanguage\":\"pt-BR\"},{\"@type\":\"ImageObject\",\"inLanguage\":\"pt-BR\",\"@id\":\"https:\/\/franciscanos.org.br\/noticias\/missa-dos-jubileus-encerra-capitulo-das-esteiras.html#primaryimage\",\"url\":\"https:\/\/franciscanos.org.br\/noticias\/wp-content\/uploads\/2014\/09\/consagra.jpg\",\"contentUrl\":\"https:\/\/franciscanos.org.br\/noticias\/wp-content\/uploads\/2014\/09\/consagra.jpg\",\"width\":273,\"height\":181},{\"@type\":\"WebPage\",\"@id\":\"https:\/\/franciscanos.org.br\/noticias\/missa-dos-jubileus-encerra-capitulo-das-esteiras.html#webpage\",\"url\":\"https:\/\/franciscanos.org.br\/noticias\/missa-dos-jubileus-encerra-capitulo-das-esteiras.html\",\"name\":\"Missa dos Jubileus encerra Cap\u00edtulo das Esteiras em Agudos - Not\u00edcias - Franciscanos\",\"isPartOf\":{\"@id\":\"https:\/\/franciscanos.org.br\/noticias\/#website\"},\"primaryImageOfPage\":{\"@id\":\"https:\/\/franciscanos.org.br\/noticias\/missa-dos-jubileus-encerra-capitulo-das-esteiras.html#primaryimage\"},\"datePublished\":\"2014-09-26T14:21:32+00:00\",\"dateModified\":\"2020-11-12T13:34:28+00:00\",\"author\":{\"@id\":\"https:\/\/franciscanos.org.br\/noticias\/#\/schema\/person\/b38fbf43118f02820bd932f2e4b14ad3\"},\"breadcrumb\":{\"@id\":\"https:\/\/franciscanos.org.br\/noticias\/missa-dos-jubileus-encerra-capitulo-das-esteiras.html#breadcrumb\"},\"inLanguage\":\"pt-BR\",\"potentialAction\":[{\"@type\":\"ReadAction\",\"target\":[\"https:\/\/franciscanos.org.br\/noticias\/missa-dos-jubileus-encerra-capitulo-das-esteiras.html\"]}]},{\"@type\":\"BreadcrumbList\",\"@id\":\"https:\/\/franciscanos.org.br\/noticias\/missa-dos-jubileus-encerra-capitulo-das-esteiras.html#breadcrumb\",\"itemListElement\":[{\"@type\":\"ListItem\",\"position\":1,\"name\":\"Home\",\"item\":\"https:\/\/franciscanos.org.br\/noticias\"},{\"@type\":\"ListItem\",\"position\":2,\"name\":\"Missa dos Jubileus encerra Cap\u00edtulo das Esteiras em Agudos\"}]},{\"@type\":\"Person\",\"@id\":\"https:\/\/franciscanos.org.br\/noticias\/#\/schema\/person\/b38fbf43118f02820bd932f2e4b14ad3\",\"name\":\"admin\",\"image\":{\"@type\":\"ImageObject\",\"inLanguage\":\"pt-BR\",\"@id\":\"https:\/\/franciscanos.org.br\/noticias\/#\/schema\/person\/image\/\",\"url\":\"https:\/\/secure.gravatar.com\/avatar\/e8495742d34d0ba6448ea1c628263b3e?s=96&d=mm&r=g\",\"contentUrl\":\"https:\/\/secure.gravatar.com\/avatar\/e8495742d34d0ba6448ea1c628263b3e?s=96&d=mm&r=g\",\"caption\":\"admin\"},\"url\":\"https:\/\/franciscanos.org.br\/noticias\/author\/admin\"}]}<\/script>\n<!-- \/ Yoast SEO plugin. -->","yoast_head_json":{"title":"Missa dos Jubileus encerra Cap\u00edtulo das Esteiras em Agudos - Not\u00edcias - Franciscanos","robots":{"index":"index","follow":"follow","max-snippet":"max-snippet:-1","max-image-preview":"max-image-preview:large","max-video-preview":"max-video-preview:-1"},"canonical":"https:\/\/franciscanos.org.br\/noticias\/missa-dos-jubileus-encerra-capitulo-das-esteiras.html","og_locale":"pt_BR","og_type":"article","og_title":"Missa dos Jubileus encerra Cap\u00edtulo das Esteiras em Agudos - Not\u00edcias - Franciscanos","og_description":"Cap\u00edtulo das Esteiras","og_url":"https:\/\/franciscanos.org.br\/noticias\/missa-dos-jubileus-encerra-capitulo-das-esteiras.html","og_site_name":"Not\u00edcias - Franciscanos","article_published_time":"2014-09-26T14:21:32+00:00","article_modified_time":"2020-11-12T13:34:28+00:00","og_image":[{"width":273,"height":181,"url":"https:\/\/franciscanos.org.br\/noticias\/wp-content\/uploads\/2014\/09\/consagra.jpg","type":"image\/jpeg"}],"author":"admin","twitter_card":"summary_large_image","twitter_misc":{"Escrito por":"admin","Est. tempo de leitura":"6 minutos"},"schema":{"@context":"https:\/\/schema.org","@graph":[{"@type":"WebSite","@id":"https:\/\/franciscanos.org.br\/noticias\/#website","url":"https:\/\/franciscanos.org.br\/noticias\/","name":"Not\u00edcias - Franciscanos","description":"Prov\u00edncia Franciscana da Imaculada Concei\u00e7\u00e3o do Brasil - Ordem dos Frades Menores - OFM","potentialAction":[{"@type":"SearchAction","target":{"@type":"EntryPoint","urlTemplate":"https:\/\/franciscanos.org.br\/noticias\/?s={search_term_string}"},"query-input":"required name=search_term_string"}],"inLanguage":"pt-BR"},{"@type":"ImageObject","inLanguage":"pt-BR","@id":"https:\/\/franciscanos.org.br\/noticias\/missa-dos-jubileus-encerra-capitulo-das-esteiras.html#primaryimage","url":"https:\/\/franciscanos.org.br\/noticias\/wp-content\/uploads\/2014\/09\/consagra.jpg","contentUrl":"https:\/\/franciscanos.org.br\/noticias\/wp-content\/uploads\/2014\/09\/consagra.jpg","width":273,"height":181},{"@type":"WebPage","@id":"https:\/\/franciscanos.org.br\/noticias\/missa-dos-jubileus-encerra-capitulo-das-esteiras.html#webpage","url":"https:\/\/franciscanos.org.br\/noticias\/missa-dos-jubileus-encerra-capitulo-das-esteiras.html","name":"Missa dos Jubileus encerra Cap\u00edtulo das Esteiras em Agudos - Not\u00edcias - Franciscanos","isPartOf":{"@id":"https:\/\/franciscanos.org.br\/noticias\/#website"},"primaryImageOfPage":{"@id":"https:\/\/franciscanos.org.br\/noticias\/missa-dos-jubileus-encerra-capitulo-das-esteiras.html#primaryimage"},"datePublished":"2014-09-26T14:21:32+00:00","dateModified":"2020-11-12T13:34:28+00:00","author":{"@id":"https:\/\/franciscanos.org.br\/noticias\/#\/schema\/person\/b38fbf43118f02820bd932f2e4b14ad3"},"breadcrumb":{"@id":"https:\/\/franciscanos.org.br\/noticias\/missa-dos-jubileus-encerra-capitulo-das-esteiras.html#breadcrumb"},"inLanguage":"pt-BR","potentialAction":[{"@type":"ReadAction","target":["https:\/\/franciscanos.org.br\/noticias\/missa-dos-jubileus-encerra-capitulo-das-esteiras.html"]}]},{"@type":"BreadcrumbList","@id":"https:\/\/franciscanos.org.br\/noticias\/missa-dos-jubileus-encerra-capitulo-das-esteiras.html#breadcrumb","itemListElement":[{"@type":"ListItem","position":1,"name":"Home","item":"https:\/\/franciscanos.org.br\/noticias"},{"@type":"ListItem","position":2,"name":"Missa dos Jubileus encerra Cap\u00edtulo das Esteiras em Agudos"}]},{"@type":"Person","@id":"https:\/\/franciscanos.org.br\/noticias\/#\/schema\/person\/b38fbf43118f02820bd932f2e4b14ad3","name":"admin","image":{"@type":"ImageObject","inLanguage":"pt-BR","@id":"https:\/\/franciscanos.org.br\/noticias\/#\/schema\/person\/image\/","url":"https:\/\/secure.gravatar.com\/avatar\/e8495742d34d0ba6448ea1c628263b3e?s=96&d=mm&r=g","contentUrl":"https:\/\/secure.gravatar.com\/avatar\/e8495742d34d0ba6448ea1c628263b3e?s=96&d=mm&r=g","caption":"admin"},"url":"https:\/\/franciscanos.org.br\/noticias\/author\/admin"}]}},"_links":{"self":[{"href":"https:\/\/franciscanos.org.br\/noticias\/wp-json\/wp\/v2\/posts\/68071"}],"collection":[{"href":"https:\/\/franciscanos.org.br\/noticias\/wp-json\/wp\/v2\/posts"}],"about":[{"href":"https:\/\/franciscanos.org.br\/noticias\/wp-json\/wp\/v2\/types\/post"}],"author":[{"embeddable":true,"href":"https:\/\/franciscanos.org.br\/noticias\/wp-json\/wp\/v2\/users\/1"}],"replies":[{"embeddable":true,"href":"https:\/\/franciscanos.org.br\/noticias\/wp-json\/wp\/v2\/comments?post=68071"}],"version-history":[{"count":2,"href":"https:\/\/franciscanos.org.br\/noticias\/wp-json\/wp\/v2\/posts\/68071\/revisions"}],"predecessor-version":[{"id":229381,"href":"https:\/\/franciscanos.org.br\/noticias\/wp-json\/wp\/v2\/posts\/68071\/revisions\/229381"}],"wp:featuredmedia":[{"embeddable":true,"href":"https:\/\/franciscanos.org.br\/noticias\/wp-json\/wp\/v2\/media\/219028"}],"wp:attachment":[{"href":"https:\/\/franciscanos.org.br\/noticias\/wp-json\/wp\/v2\/media?parent=68071"}],"wp:term":[{"taxonomy":"category","embeddable":true,"href":"https:\/\/franciscanos.org.br\/noticias\/wp-json\/wp\/v2\/categories?post=68071"},{"taxonomy":"post_tag","embeddable":true,"href":"https:\/\/franciscanos.org.br\/noticias\/wp-json\/wp\/v2\/tags?post=68071"}],"curies":[{"name":"wp","href":"https:\/\/api.w.org\/{rel}","templated":true}]}}