{"id":68052,"date":"2014-09-24T23:07:51","date_gmt":"2014-09-25T02:07:51","guid":{"rendered":"http:\/\/franciscanos.org.br\/?p=68052"},"modified":"2020-02-11T10:21:15","modified_gmt":"2020-02-11T13:21:15","slug":"dia-de-celebrar-a-graca-da-vocacao-religiosa","status":"publish","type":"post","link":"https:\/\/franciscanos.org.br\/noticias\/dia-de-celebrar-a-graca-da-vocacao-religiosa.html","title":{"rendered":"Jubilandos: Dia de celebrar a gra\u00e7a da voca\u00e7\u00e3o religiosa"},"content":{"rendered":"<p><strong>Frei Rafael T. Nascimento<\/strong><\/p>\n<div id=\"attachment_68053\" style=\"width: 433px\" class=\"wp-caption alignleft\"><a href=\"http:\/\/franciscanos.org.br\/wp-content\/uploads\/2014\/09\/olavo.jpg\"><img aria-describedby=\"caption-attachment-68053\" loading=\"lazy\" class=\"wp-image-68053\" src=\"http:\/\/franciscanos.org.br\/wp-content\/uploads\/2014\/09\/olavo.jpg\" alt=\"olavo\" width=\"423\" height=\"419\" \/><\/a><p id=\"caption-attachment-68053\" class=\"wp-caption-text\">Frei Olavo veio do Rio de Janeiro aos 95 anos<\/p><\/div>\n<p><strong>AGUDOS (SP)<\/strong> &#8211; O Cap\u00edtulo das Esteiras \u00e9 uma oportunidade \u00fanica para que os frades da Prov\u00edncia se encontrem, revejam confrades que vivem distante, recordem momentos passados juntos, troquem experi\u00eancia, convivam, joguem um pouco de conversa fora.<\/p>\n<p>Depois de dois dias de trabalhos, partilha e conv\u00edvio \u2013 o segundo deles, com a presen\u00e7a do Ministro Geral, Michael Anthony Perry e do Definidor Geral para a Am\u00e9rica Latina, Frei Nestor Schwarz \u2013, nesta quinta-feira, 25 de setembro, o \u00faltimo dia do Cap\u00edtulo das Esteiras, 43 frades celebram seu jubileu de vida religiosa ou de sacerd\u00f3cio. Dentre esses, alguns chamam a aten\u00e7\u00e3o pela disposi\u00e7\u00e3o e entusiasmo pela voca\u00e7\u00e3o que mostram ao terem se deslocado de suas cidades para o Semin\u00e1rio de Agudos. N\u00e3o \u00e9 tanto a disposi\u00e7\u00e3o de vir, quanto a idade dos que esbanjam esse entusiasmo.<\/p>\n<p>Frei Gaud\u00eancio Sens d\u00e1 um banho de anima\u00e7\u00e3o quando toca no assunto: \u201cQuando veio a not\u00edcia do Cap\u00edtulo das Esteiras, logo me inscrevi. Aconteceu que me sobreveio uma doen\u00e7a da coluna. Busquei trat\u00e1-la para poder vir. Quais eram os motivos principais? Primeiro, celebrar os meus sessenta anos de vida franciscana; segundo, vim para aprender a ser de verdade, ao menos um pouco mais, frade menor, do lado dos menores\u201d. Entusiasmo tamb\u00e9m n\u00e3o falta ao Frei Felipinho, que deixou Pato Branco \u201cporque queria ver meus confrades, matar a saudade deles, trocar ideias com eles, saber como est\u00e3o\u201d. E d\u00e1 uma aula de \u00f3tima disposi\u00e7\u00e3o: \u201cConseguimos chegar at\u00e9 aqui, nessa idade, conservando o frescor, a alegria, a felicidade. \u00c9 uma gl\u00f3ria celebrar os sessenta anos de vida religiosa. E vou celebrar outros jubileus ainda porque tem tempo\u201d.<\/p>\n<div id=\"attachment_68054\" style=\"width: 435px\" class=\"wp-caption alignright\"><a href=\"http:\/\/franciscanos.org.br\/wp-content\/uploads\/2014\/09\/cassio.jpg\"><img aria-describedby=\"caption-attachment-68054\" loading=\"lazy\" class=\"wp-image-68054\" src=\"http:\/\/franciscanos.org.br\/wp-content\/uploads\/2014\/09\/cassio.jpg\" alt=\"cassio\" width=\"425\" height=\"503\" \/><\/a><p id=\"caption-attachment-68054\" class=\"wp-caption-text\">Frei C\u00e1ssio Vieira, jubilando<\/p><\/div>\n<p>Frei Policarpo Berri, que tem irm\u00e3os, primos e tios franciscanos lembra orgulhoso que \u201caqui em Agudos, vou celebrar, nesta quinta-feira, 70 anos de vida religiosa. Agrade\u00e7o a Deus, a S\u00e3o Francisco e \u00e0 Prov\u00edncia por tudo o que se realizou na minha pessoa. Agrade\u00e7o sobretudo a Nossa Senhora, a quem invoquei desde \u2018pequeninho\u2019\u201d.<\/p>\n<p>O Frei C\u00e1ssio, que tamb\u00e9m celebra seu jubileu, n\u00e3o fica para tr\u00e1s: \u201cEu nem sei quantos s\u00e3o os jubilandos de nossa Prov\u00edncia, mas d\u00e1 uma lista bem grande, e eu ca\u00ed nesse meio. N\u00e3o sei bem o que v\u00e3o festejar, se os 65 anos de padre, que completo agora, ou os 93 anos de idade, mas de qualquer forma estou efusivo, muito, alegre, por ver um conjunto t\u00e3o grande de religiosos, reunidos de toda a Prov\u00edncia. E agora recebemos at\u00e9 o Ministro Geral e o Definidor Geral. A festa est\u00e1 grandiosa. Estou feliz e me alegra muito ver tantos religiosos com convic\u00e7\u00e3o e tamb\u00e9m alegria, reunidos nesse casar\u00e3o hist\u00f3rico, que \u00e9 o Semin\u00e1rio de Agudos\u201d.<\/p>\n<p>Muito mais econ\u00f4mico com as palavras e bastante t\u00edmido, Frei Olavo Seifert, o mais velho do grupo, com 95 anos de vida e 67 de padre, celebra 73 anos de vida religiosa. Mora no Convento de Santo Ant\u00f4nio, no Rio de Janeiro e enfrentou uma viagem de 12 horas e meia. N\u00e3o \u00e9 a primeira vez que vem a um Cap\u00edtulo das Esteiras e, perguntado, disparou: \u201cT\u00f4, t\u00f4 gostando\u201d. Frei Olavo participou do encontro com o Ministro Geral, que segundo ele, \u201c\u00e9 muito simples\u201d.<\/p>\n","protected":false},"excerpt":{"rendered":"<p>Cap\u00edtulo das Esteiras<\/p>\n","protected":false},"author":1,"featured_media":219026,"comment_status":"open","ping_status":"open","sticky":false,"template":"","format":"standard","meta":[],"categories":[1],"tags":[332],"acf":[],"yoast_head":"<!-- This site is optimized with the Yoast SEO plugin v19.2 - https:\/\/yoast.com\/wordpress\/plugins\/seo\/ -->\n<title>Jubilandos: Dia de celebrar a gra\u00e7a da voca\u00e7\u00e3o religiosa - Not\u00edcias - Franciscanos<\/title>\n<meta name=\"robots\" content=\"index, follow, max-snippet:-1, max-image-preview:large, max-video-preview:-1\" \/>\n<link rel=\"canonical\" href=\"https:\/\/franciscanos.org.br\/noticias\/dia-de-celebrar-a-graca-da-vocacao-religiosa.html\" \/>\n<meta property=\"og:locale\" content=\"pt_BR\" \/>\n<meta property=\"og:type\" content=\"article\" \/>\n<meta property=\"og:title\" content=\"Jubilandos: Dia de celebrar a gra\u00e7a da voca\u00e7\u00e3o religiosa - Not\u00edcias - Franciscanos\" \/>\n<meta property=\"og:description\" content=\"Cap\u00edtulo das Esteiras\" \/>\n<meta property=\"og:url\" content=\"https:\/\/franciscanos.org.br\/noticias\/dia-de-celebrar-a-graca-da-vocacao-religiosa.html\" \/>\n<meta property=\"og:site_name\" content=\"Not\u00edcias - Franciscanos\" \/>\n<meta property=\"article:published_time\" content=\"2014-09-25T02:07:51+00:00\" \/>\n<meta property=\"article:modified_time\" content=\"2020-02-11T13:21:15+00:00\" \/>\n<meta property=\"og:image\" content=\"https:\/\/franciscanos.org.br\/noticias\/wp-content\/uploads\/2014\/09\/olavo.jpg\" \/>\n\t<meta property=\"og:image:width\" content=\"273\" \/>\n\t<meta property=\"og:image:height\" content=\"181\" \/>\n\t<meta property=\"og:image:type\" content=\"image\/jpeg\" \/>\n<meta name=\"author\" content=\"admin\" \/>\n<meta name=\"twitter:card\" content=\"summary_large_image\" \/>\n<meta name=\"twitter:label1\" content=\"Escrito por\" \/>\n\t<meta name=\"twitter:data1\" content=\"admin\" \/>\n\t<meta name=\"twitter:label2\" content=\"Est. tempo de leitura\" \/>\n\t<meta name=\"twitter:data2\" content=\"3 minutos\" \/>\n<script type=\"application\/ld+json\" class=\"yoast-schema-graph\">{\"@context\":\"https:\/\/schema.org\",\"@graph\":[{\"@type\":\"WebSite\",\"@id\":\"https:\/\/franciscanos.org.br\/noticias\/#website\",\"url\":\"https:\/\/franciscanos.org.br\/noticias\/\",\"name\":\"Not\u00edcias - Franciscanos\",\"description\":\"Prov\u00edncia Franciscana da Imaculada Concei\u00e7\u00e3o do Brasil - Ordem dos Frades Menores - OFM\",\"potentialAction\":[{\"@type\":\"SearchAction\",\"target\":{\"@type\":\"EntryPoint\",\"urlTemplate\":\"https:\/\/franciscanos.org.br\/noticias\/?s={search_term_string}\"},\"query-input\":\"required name=search_term_string\"}],\"inLanguage\":\"pt-BR\"},{\"@type\":\"ImageObject\",\"inLanguage\":\"pt-BR\",\"@id\":\"https:\/\/franciscanos.org.br\/noticias\/dia-de-celebrar-a-graca-da-vocacao-religiosa.html#primaryimage\",\"url\":\"https:\/\/franciscanos.org.br\/noticias\/wp-content\/uploads\/2014\/09\/olavo.jpg\",\"contentUrl\":\"https:\/\/franciscanos.org.br\/noticias\/wp-content\/uploads\/2014\/09\/olavo.jpg\",\"width\":273,\"height\":181},{\"@type\":\"WebPage\",\"@id\":\"https:\/\/franciscanos.org.br\/noticias\/dia-de-celebrar-a-graca-da-vocacao-religiosa.html#webpage\",\"url\":\"https:\/\/franciscanos.org.br\/noticias\/dia-de-celebrar-a-graca-da-vocacao-religiosa.html\",\"name\":\"Jubilandos: Dia de celebrar a gra\u00e7a da voca\u00e7\u00e3o religiosa - Not\u00edcias - Franciscanos\",\"isPartOf\":{\"@id\":\"https:\/\/franciscanos.org.br\/noticias\/#website\"},\"primaryImageOfPage\":{\"@id\":\"https:\/\/franciscanos.org.br\/noticias\/dia-de-celebrar-a-graca-da-vocacao-religiosa.html#primaryimage\"},\"datePublished\":\"2014-09-25T02:07:51+00:00\",\"dateModified\":\"2020-02-11T13:21:15+00:00\",\"author\":{\"@id\":\"https:\/\/franciscanos.org.br\/noticias\/#\/schema\/person\/b38fbf43118f02820bd932f2e4b14ad3\"},\"breadcrumb\":{\"@id\":\"https:\/\/franciscanos.org.br\/noticias\/dia-de-celebrar-a-graca-da-vocacao-religiosa.html#breadcrumb\"},\"inLanguage\":\"pt-BR\",\"potentialAction\":[{\"@type\":\"ReadAction\",\"target\":[\"https:\/\/franciscanos.org.br\/noticias\/dia-de-celebrar-a-graca-da-vocacao-religiosa.html\"]}]},{\"@type\":\"BreadcrumbList\",\"@id\":\"https:\/\/franciscanos.org.br\/noticias\/dia-de-celebrar-a-graca-da-vocacao-religiosa.html#breadcrumb\",\"itemListElement\":[{\"@type\":\"ListItem\",\"position\":1,\"name\":\"Home\",\"item\":\"https:\/\/franciscanos.org.br\/noticias\"},{\"@type\":\"ListItem\",\"position\":2,\"name\":\"Jubilandos: Dia de celebrar a gra\u00e7a da voca\u00e7\u00e3o religiosa\"}]},{\"@type\":\"Person\",\"@id\":\"https:\/\/franciscanos.org.br\/noticias\/#\/schema\/person\/b38fbf43118f02820bd932f2e4b14ad3\",\"name\":\"admin\",\"image\":{\"@type\":\"ImageObject\",\"inLanguage\":\"pt-BR\",\"@id\":\"https:\/\/franciscanos.org.br\/noticias\/#\/schema\/person\/image\/\",\"url\":\"https:\/\/secure.gravatar.com\/avatar\/e8495742d34d0ba6448ea1c628263b3e?s=96&d=mm&r=g\",\"contentUrl\":\"https:\/\/secure.gravatar.com\/avatar\/e8495742d34d0ba6448ea1c628263b3e?s=96&d=mm&r=g\",\"caption\":\"admin\"},\"url\":\"https:\/\/franciscanos.org.br\/noticias\/author\/admin\"}]}<\/script>\n<!-- \/ Yoast SEO plugin. -->","yoast_head_json":{"title":"Jubilandos: Dia de celebrar a gra\u00e7a da voca\u00e7\u00e3o religiosa - Not\u00edcias - Franciscanos","robots":{"index":"index","follow":"follow","max-snippet":"max-snippet:-1","max-image-preview":"max-image-preview:large","max-video-preview":"max-video-preview:-1"},"canonical":"https:\/\/franciscanos.org.br\/noticias\/dia-de-celebrar-a-graca-da-vocacao-religiosa.html","og_locale":"pt_BR","og_type":"article","og_title":"Jubilandos: Dia de celebrar a gra\u00e7a da voca\u00e7\u00e3o religiosa - Not\u00edcias - Franciscanos","og_description":"Cap\u00edtulo das Esteiras","og_url":"https:\/\/franciscanos.org.br\/noticias\/dia-de-celebrar-a-graca-da-vocacao-religiosa.html","og_site_name":"Not\u00edcias - Franciscanos","article_published_time":"2014-09-25T02:07:51+00:00","article_modified_time":"2020-02-11T13:21:15+00:00","og_image":[{"width":273,"height":181,"url":"https:\/\/franciscanos.org.br\/noticias\/wp-content\/uploads\/2014\/09\/olavo.jpg","type":"image\/jpeg"}],"author":"admin","twitter_card":"summary_large_image","twitter_misc":{"Escrito por":"admin","Est. tempo de leitura":"3 minutos"},"schema":{"@context":"https:\/\/schema.org","@graph":[{"@type":"WebSite","@id":"https:\/\/franciscanos.org.br\/noticias\/#website","url":"https:\/\/franciscanos.org.br\/noticias\/","name":"Not\u00edcias - Franciscanos","description":"Prov\u00edncia Franciscana da Imaculada Concei\u00e7\u00e3o do Brasil - Ordem dos Frades Menores - OFM","potentialAction":[{"@type":"SearchAction","target":{"@type":"EntryPoint","urlTemplate":"https:\/\/franciscanos.org.br\/noticias\/?s={search_term_string}"},"query-input":"required name=search_term_string"}],"inLanguage":"pt-BR"},{"@type":"ImageObject","inLanguage":"pt-BR","@id":"https:\/\/franciscanos.org.br\/noticias\/dia-de-celebrar-a-graca-da-vocacao-religiosa.html#primaryimage","url":"https:\/\/franciscanos.org.br\/noticias\/wp-content\/uploads\/2014\/09\/olavo.jpg","contentUrl":"https:\/\/franciscanos.org.br\/noticias\/wp-content\/uploads\/2014\/09\/olavo.jpg","width":273,"height":181},{"@type":"WebPage","@id":"https:\/\/franciscanos.org.br\/noticias\/dia-de-celebrar-a-graca-da-vocacao-religiosa.html#webpage","url":"https:\/\/franciscanos.org.br\/noticias\/dia-de-celebrar-a-graca-da-vocacao-religiosa.html","name":"Jubilandos: Dia de celebrar a gra\u00e7a da voca\u00e7\u00e3o religiosa - Not\u00edcias - Franciscanos","isPartOf":{"@id":"https:\/\/franciscanos.org.br\/noticias\/#website"},"primaryImageOfPage":{"@id":"https:\/\/franciscanos.org.br\/noticias\/dia-de-celebrar-a-graca-da-vocacao-religiosa.html#primaryimage"},"datePublished":"2014-09-25T02:07:51+00:00","dateModified":"2020-02-11T13:21:15+00:00","author":{"@id":"https:\/\/franciscanos.org.br\/noticias\/#\/schema\/person\/b38fbf43118f02820bd932f2e4b14ad3"},"breadcrumb":{"@id":"https:\/\/franciscanos.org.br\/noticias\/dia-de-celebrar-a-graca-da-vocacao-religiosa.html#breadcrumb"},"inLanguage":"pt-BR","potentialAction":[{"@type":"ReadAction","target":["https:\/\/franciscanos.org.br\/noticias\/dia-de-celebrar-a-graca-da-vocacao-religiosa.html"]}]},{"@type":"BreadcrumbList","@id":"https:\/\/franciscanos.org.br\/noticias\/dia-de-celebrar-a-graca-da-vocacao-religiosa.html#breadcrumb","itemListElement":[{"@type":"ListItem","position":1,"name":"Home","item":"https:\/\/franciscanos.org.br\/noticias"},{"@type":"ListItem","position":2,"name":"Jubilandos: Dia de celebrar a gra\u00e7a da voca\u00e7\u00e3o religiosa"}]},{"@type":"Person","@id":"https:\/\/franciscanos.org.br\/noticias\/#\/schema\/person\/b38fbf43118f02820bd932f2e4b14ad3","name":"admin","image":{"@type":"ImageObject","inLanguage":"pt-BR","@id":"https:\/\/franciscanos.org.br\/noticias\/#\/schema\/person\/image\/","url":"https:\/\/secure.gravatar.com\/avatar\/e8495742d34d0ba6448ea1c628263b3e?s=96&d=mm&r=g","contentUrl":"https:\/\/secure.gravatar.com\/avatar\/e8495742d34d0ba6448ea1c628263b3e?s=96&d=mm&r=g","caption":"admin"},"url":"https:\/\/franciscanos.org.br\/noticias\/author\/admin"}]}},"_links":{"self":[{"href":"https:\/\/franciscanos.org.br\/noticias\/wp-json\/wp\/v2\/posts\/68052"}],"collection":[{"href":"https:\/\/franciscanos.org.br\/noticias\/wp-json\/wp\/v2\/posts"}],"about":[{"href":"https:\/\/franciscanos.org.br\/noticias\/wp-json\/wp\/v2\/types\/post"}],"author":[{"embeddable":true,"href":"https:\/\/franciscanos.org.br\/noticias\/wp-json\/wp\/v2\/users\/1"}],"replies":[{"embeddable":true,"href":"https:\/\/franciscanos.org.br\/noticias\/wp-json\/wp\/v2\/comments?post=68052"}],"version-history":[{"count":0,"href":"https:\/\/franciscanos.org.br\/noticias\/wp-json\/wp\/v2\/posts\/68052\/revisions"}],"wp:featuredmedia":[{"embeddable":true,"href":"https:\/\/franciscanos.org.br\/noticias\/wp-json\/wp\/v2\/media\/219026"}],"wp:attachment":[{"href":"https:\/\/franciscanos.org.br\/noticias\/wp-json\/wp\/v2\/media?parent=68052"}],"wp:term":[{"taxonomy":"category","embeddable":true,"href":"https:\/\/franciscanos.org.br\/noticias\/wp-json\/wp\/v2\/categories?post=68052"},{"taxonomy":"post_tag","embeddable":true,"href":"https:\/\/franciscanos.org.br\/noticias\/wp-json\/wp\/v2\/tags?post=68052"}],"curies":[{"name":"wp","href":"https:\/\/api.w.org\/{rel}","templated":true}]}}