{"id":67678,"date":"2014-09-22T09:39:12","date_gmt":"2014-09-22T12:39:12","guid":{"rendered":"http:\/\/franciscanos.org.br\/?p=67678"},"modified":"2021-07-05T20:17:35","modified_gmt":"2021-07-05T23:17:35","slug":"coral-canarinhos-de-petropolis-se-apresenta-em-agudos","status":"publish","type":"post","link":"https:\/\/franciscanos.org.br\/noticias\/coral-canarinhos-de-petropolis-se-apresenta-em-agudos.html","title":{"rendered":"Coral Canarinhos de Petr\u00f3polis se apresenta em Agudos"},"content":{"rendered":"<p><img loading=\"lazy\" src=\"http:\/\/franciscanos.org.br\/wp-content\/uploads\/2014\/09\/canarinhos.jpg\" alt=\"canarinhos\" width=\"820\" height=\"326\" \/><\/p>\n<p><strong>AGUDOS (SP)<\/strong> &#8211; O p\u00fablico de Agudos e regi\u00e3o ter\u00e1 a oportunidade de ouvir, durante o Cap\u00edtulo das Esteiras, o coro de meninos mais antigo do Brasil: os Canarinhos de Petr\u00f3polis. Criado pelos frades franciscanos da Prov\u00edncia da Imaculada Concei\u00e7\u00e3o, o Coral coleciona uma trajet\u00f3ria de sucessos no Brasil e no exterior h\u00e1 mais de 70 anos. Desde 1988, tamb\u00e9m brilha na vers\u00e3o feminina, divulgando especialmente a m\u00fasica sacra brasileira.<\/p>\n<p>O Coro vai se apresentar no Semin\u00e1rio Santo Ant\u00f4nio de Agudos no dia 24 de setembro, \u00e0s 20h30, e na Missa de Encerramento do Cap\u00edtulo das Esteiras, no dia 25, \u00e0s 16h30. As duas apresenta\u00e7\u00f5es estar\u00e3o abertas ao p\u00fablico. &#8220;Ser\u00e1 um privil\u00e9gio para o povo de Agudos e regi\u00e3o conhecer um dos corais de meninos cantores mais importantes do mundo&#8221;, conta Frei Gustavo Medella, coordenador da Comiss\u00e3o Preparat\u00f3ria do Cap\u00edtulo e que j\u00e1 foi um &#8220;canarinho&#8221; em Petr\u00f3polis, sua cidade natal. Para se ter uma ideia, cerca de 3 mil vozes j\u00e1 passaram pelo Coral.<\/p>\n<p>Na sua trajet\u00f3ria, o Canarinhos conta com 18 CDs gravados, sendo os dois \u00faltimos em 2012, durante as comemora\u00e7\u00f5es pelos 70 anos. Destaque para o CD \u201cReflexos do Brasil\u201d, trabalho in\u00e9dito que re\u00fane m\u00fasicas sacras brasileiras, todas contempor\u00e2neas. No curr\u00edculo, est\u00e3o listadas apresenta\u00e7\u00f5es memor\u00e1veis. Por tr\u00eas vezes, os meninos cantaram para o Papa Jo\u00e3o Paulo II (nos anos 1980, em 1997 e em 2000). Entre os concertos de maior destaque est\u00e3o o show realizado no Pal\u00e1cio Quitandinha, em dezembro de 2009, com a Orquestra Filarm\u00f4nica de Petr\u00f3polis; e a participa\u00e7\u00e3o no Projeto Aquarius, em 2005, na praia de Copacabana, junto com a Orquestra Petrobras Sinf\u00f4nica e a Orquestra Sinf\u00f4nica de Porto Alegre.<\/p>\n<p>Mas o trabalho dos Canarinhos ultrapassa as fronteiras do Brasil. O Coral fez turn\u00eas Venezuela, Estados Unidos, Argentina e Europa, especialmente na It\u00e1lia e Alemanha, pa\u00edses onde fizeram muitas apresenta\u00e7\u00f5es.<\/p>\n<p>J\u00e1 o Coral das Meninas se prepara para lan\u00e7ar o seu primeiro CD. Hoje, o Instituto Meninos Cantores de Petr\u00f3polis fazem parte da Associa\u00e7\u00e3o Franciscana de Ensino Senhor Bom Jesus.<\/p>\n<p><strong>CAP\u00cdTULO DAS ESTEIRAS<\/strong><br \/>\nContando com mais de 260 frades, o Cap\u00edtulo das Esteiras ser\u00e1 aberto nesta ter\u00e7a-feira, dia 23, no Semin\u00e1rio Santo Ant\u00f4nio de Agudos. Nos institutos religiosos, o \u201cCap\u00edtulo\u201d \u00e9 a assembleia dos membros da comunidade, convocada para tratar as quest\u00f5es que interessam \u00e0 forma de vida por eles professada.<\/p>\n<p>O encontro com o Ministro Geral da Ordem Franciscana, Frei Michael Perry, ser\u00e1 um dos pontos altos deste Cap\u00edtulo.<\/p>\n","protected":false},"excerpt":{"rendered":"<p>Cap\u00edtulo das Esteiras<\/p>\n","protected":false},"author":1,"featured_media":219310,"comment_status":"open","ping_status":"open","sticky":false,"template":"","format":"standard","meta":[],"categories":[1],"tags":[483,1378],"acf":[],"yoast_head":"<!-- This site is optimized with the Yoast SEO plugin v19.2 - https:\/\/yoast.com\/wordpress\/plugins\/seo\/ -->\n<title>Coral Canarinhos de Petr\u00f3polis se apresenta em Agudos - Not\u00edcias - Franciscanos<\/title>\n<meta name=\"robots\" content=\"index, follow, max-snippet:-1, max-image-preview:large, max-video-preview:-1\" \/>\n<link rel=\"canonical\" href=\"https:\/\/franciscanos.org.br\/noticias\/coral-canarinhos-de-petropolis-se-apresenta-em-agudos.html\" \/>\n<meta property=\"og:locale\" content=\"pt_BR\" \/>\n<meta property=\"og:type\" content=\"article\" \/>\n<meta property=\"og:title\" content=\"Coral Canarinhos de Petr\u00f3polis se apresenta em Agudos - Not\u00edcias - Franciscanos\" \/>\n<meta property=\"og:description\" content=\"Cap\u00edtulo das Esteiras\" \/>\n<meta property=\"og:url\" content=\"https:\/\/franciscanos.org.br\/noticias\/coral-canarinhos-de-petropolis-se-apresenta-em-agudos.html\" \/>\n<meta property=\"og:site_name\" content=\"Not\u00edcias - Franciscanos\" \/>\n<meta property=\"article:published_time\" content=\"2014-09-22T12:39:12+00:00\" \/>\n<meta property=\"article:modified_time\" content=\"2021-07-05T23:17:35+00:00\" \/>\n<meta property=\"og:image\" content=\"https:\/\/franciscanos.org.br\/noticias\/wp-content\/uploads\/2014\/09\/canarinhos-2.jpg\" \/>\n\t<meta property=\"og:image:width\" content=\"273\" \/>\n\t<meta property=\"og:image:height\" content=\"181\" \/>\n\t<meta property=\"og:image:type\" content=\"image\/jpeg\" \/>\n<meta name=\"author\" content=\"admin\" \/>\n<meta name=\"twitter:card\" content=\"summary_large_image\" \/>\n<meta name=\"twitter:label1\" content=\"Escrito por\" \/>\n\t<meta name=\"twitter:data1\" content=\"admin\" \/>\n\t<meta name=\"twitter:label2\" content=\"Est. tempo de leitura\" \/>\n\t<meta name=\"twitter:data2\" content=\"2 minutos\" \/>\n<script type=\"application\/ld+json\" class=\"yoast-schema-graph\">{\"@context\":\"https:\/\/schema.org\",\"@graph\":[{\"@type\":\"WebSite\",\"@id\":\"https:\/\/franciscanos.org.br\/noticias\/#website\",\"url\":\"https:\/\/franciscanos.org.br\/noticias\/\",\"name\":\"Not\u00edcias - Franciscanos\",\"description\":\"Prov\u00edncia Franciscana da Imaculada Concei\u00e7\u00e3o do Brasil - Ordem dos Frades Menores - OFM\",\"potentialAction\":[{\"@type\":\"SearchAction\",\"target\":{\"@type\":\"EntryPoint\",\"urlTemplate\":\"https:\/\/franciscanos.org.br\/noticias\/?s={search_term_string}\"},\"query-input\":\"required name=search_term_string\"}],\"inLanguage\":\"pt-BR\"},{\"@type\":\"ImageObject\",\"inLanguage\":\"pt-BR\",\"@id\":\"https:\/\/franciscanos.org.br\/noticias\/coral-canarinhos-de-petropolis-se-apresenta-em-agudos.html#primaryimage\",\"url\":\"https:\/\/franciscanos.org.br\/noticias\/wp-content\/uploads\/2014\/09\/canarinhos-2.jpg\",\"contentUrl\":\"https:\/\/franciscanos.org.br\/noticias\/wp-content\/uploads\/2014\/09\/canarinhos-2.jpg\",\"width\":273,\"height\":181},{\"@type\":\"WebPage\",\"@id\":\"https:\/\/franciscanos.org.br\/noticias\/coral-canarinhos-de-petropolis-se-apresenta-em-agudos.html#webpage\",\"url\":\"https:\/\/franciscanos.org.br\/noticias\/coral-canarinhos-de-petropolis-se-apresenta-em-agudos.html\",\"name\":\"Coral Canarinhos de Petr\u00f3polis se apresenta em Agudos - Not\u00edcias - Franciscanos\",\"isPartOf\":{\"@id\":\"https:\/\/franciscanos.org.br\/noticias\/#website\"},\"primaryImageOfPage\":{\"@id\":\"https:\/\/franciscanos.org.br\/noticias\/coral-canarinhos-de-petropolis-se-apresenta-em-agudos.html#primaryimage\"},\"datePublished\":\"2014-09-22T12:39:12+00:00\",\"dateModified\":\"2021-07-05T23:17:35+00:00\",\"author\":{\"@id\":\"https:\/\/franciscanos.org.br\/noticias\/#\/schema\/person\/b38fbf43118f02820bd932f2e4b14ad3\"},\"breadcrumb\":{\"@id\":\"https:\/\/franciscanos.org.br\/noticias\/coral-canarinhos-de-petropolis-se-apresenta-em-agudos.html#breadcrumb\"},\"inLanguage\":\"pt-BR\",\"potentialAction\":[{\"@type\":\"ReadAction\",\"target\":[\"https:\/\/franciscanos.org.br\/noticias\/coral-canarinhos-de-petropolis-se-apresenta-em-agudos.html\"]}]},{\"@type\":\"BreadcrumbList\",\"@id\":\"https:\/\/franciscanos.org.br\/noticias\/coral-canarinhos-de-petropolis-se-apresenta-em-agudos.html#breadcrumb\",\"itemListElement\":[{\"@type\":\"ListItem\",\"position\":1,\"name\":\"Home\",\"item\":\"https:\/\/franciscanos.org.br\/noticias\"},{\"@type\":\"ListItem\",\"position\":2,\"name\":\"Coral Canarinhos de Petr\u00f3polis se apresenta em Agudos\"}]},{\"@type\":\"Person\",\"@id\":\"https:\/\/franciscanos.org.br\/noticias\/#\/schema\/person\/b38fbf43118f02820bd932f2e4b14ad3\",\"name\":\"admin\",\"image\":{\"@type\":\"ImageObject\",\"inLanguage\":\"pt-BR\",\"@id\":\"https:\/\/franciscanos.org.br\/noticias\/#\/schema\/person\/image\/\",\"url\":\"https:\/\/secure.gravatar.com\/avatar\/e8495742d34d0ba6448ea1c628263b3e?s=96&d=mm&r=g\",\"contentUrl\":\"https:\/\/secure.gravatar.com\/avatar\/e8495742d34d0ba6448ea1c628263b3e?s=96&d=mm&r=g\",\"caption\":\"admin\"},\"url\":\"https:\/\/franciscanos.org.br\/noticias\/author\/admin\"}]}<\/script>\n<!-- \/ Yoast SEO plugin. -->","yoast_head_json":{"title":"Coral Canarinhos de Petr\u00f3polis se apresenta em Agudos - Not\u00edcias - Franciscanos","robots":{"index":"index","follow":"follow","max-snippet":"max-snippet:-1","max-image-preview":"max-image-preview:large","max-video-preview":"max-video-preview:-1"},"canonical":"https:\/\/franciscanos.org.br\/noticias\/coral-canarinhos-de-petropolis-se-apresenta-em-agudos.html","og_locale":"pt_BR","og_type":"article","og_title":"Coral Canarinhos de Petr\u00f3polis se apresenta em Agudos - Not\u00edcias - Franciscanos","og_description":"Cap\u00edtulo das Esteiras","og_url":"https:\/\/franciscanos.org.br\/noticias\/coral-canarinhos-de-petropolis-se-apresenta-em-agudos.html","og_site_name":"Not\u00edcias - Franciscanos","article_published_time":"2014-09-22T12:39:12+00:00","article_modified_time":"2021-07-05T23:17:35+00:00","og_image":[{"width":273,"height":181,"url":"https:\/\/franciscanos.org.br\/noticias\/wp-content\/uploads\/2014\/09\/canarinhos-2.jpg","type":"image\/jpeg"}],"author":"admin","twitter_card":"summary_large_image","twitter_misc":{"Escrito por":"admin","Est. tempo de leitura":"2 minutos"},"schema":{"@context":"https:\/\/schema.org","@graph":[{"@type":"WebSite","@id":"https:\/\/franciscanos.org.br\/noticias\/#website","url":"https:\/\/franciscanos.org.br\/noticias\/","name":"Not\u00edcias - Franciscanos","description":"Prov\u00edncia Franciscana da Imaculada Concei\u00e7\u00e3o do Brasil - Ordem dos Frades Menores - OFM","potentialAction":[{"@type":"SearchAction","target":{"@type":"EntryPoint","urlTemplate":"https:\/\/franciscanos.org.br\/noticias\/?s={search_term_string}"},"query-input":"required name=search_term_string"}],"inLanguage":"pt-BR"},{"@type":"ImageObject","inLanguage":"pt-BR","@id":"https:\/\/franciscanos.org.br\/noticias\/coral-canarinhos-de-petropolis-se-apresenta-em-agudos.html#primaryimage","url":"https:\/\/franciscanos.org.br\/noticias\/wp-content\/uploads\/2014\/09\/canarinhos-2.jpg","contentUrl":"https:\/\/franciscanos.org.br\/noticias\/wp-content\/uploads\/2014\/09\/canarinhos-2.jpg","width":273,"height":181},{"@type":"WebPage","@id":"https:\/\/franciscanos.org.br\/noticias\/coral-canarinhos-de-petropolis-se-apresenta-em-agudos.html#webpage","url":"https:\/\/franciscanos.org.br\/noticias\/coral-canarinhos-de-petropolis-se-apresenta-em-agudos.html","name":"Coral Canarinhos de Petr\u00f3polis se apresenta em Agudos - Not\u00edcias - Franciscanos","isPartOf":{"@id":"https:\/\/franciscanos.org.br\/noticias\/#website"},"primaryImageOfPage":{"@id":"https:\/\/franciscanos.org.br\/noticias\/coral-canarinhos-de-petropolis-se-apresenta-em-agudos.html#primaryimage"},"datePublished":"2014-09-22T12:39:12+00:00","dateModified":"2021-07-05T23:17:35+00:00","author":{"@id":"https:\/\/franciscanos.org.br\/noticias\/#\/schema\/person\/b38fbf43118f02820bd932f2e4b14ad3"},"breadcrumb":{"@id":"https:\/\/franciscanos.org.br\/noticias\/coral-canarinhos-de-petropolis-se-apresenta-em-agudos.html#breadcrumb"},"inLanguage":"pt-BR","potentialAction":[{"@type":"ReadAction","target":["https:\/\/franciscanos.org.br\/noticias\/coral-canarinhos-de-petropolis-se-apresenta-em-agudos.html"]}]},{"@type":"BreadcrumbList","@id":"https:\/\/franciscanos.org.br\/noticias\/coral-canarinhos-de-petropolis-se-apresenta-em-agudos.html#breadcrumb","itemListElement":[{"@type":"ListItem","position":1,"name":"Home","item":"https:\/\/franciscanos.org.br\/noticias"},{"@type":"ListItem","position":2,"name":"Coral Canarinhos de Petr\u00f3polis se apresenta em Agudos"}]},{"@type":"Person","@id":"https:\/\/franciscanos.org.br\/noticias\/#\/schema\/person\/b38fbf43118f02820bd932f2e4b14ad3","name":"admin","image":{"@type":"ImageObject","inLanguage":"pt-BR","@id":"https:\/\/franciscanos.org.br\/noticias\/#\/schema\/person\/image\/","url":"https:\/\/secure.gravatar.com\/avatar\/e8495742d34d0ba6448ea1c628263b3e?s=96&d=mm&r=g","contentUrl":"https:\/\/secure.gravatar.com\/avatar\/e8495742d34d0ba6448ea1c628263b3e?s=96&d=mm&r=g","caption":"admin"},"url":"https:\/\/franciscanos.org.br\/noticias\/author\/admin"}]}},"_links":{"self":[{"href":"https:\/\/franciscanos.org.br\/noticias\/wp-json\/wp\/v2\/posts\/67678"}],"collection":[{"href":"https:\/\/franciscanos.org.br\/noticias\/wp-json\/wp\/v2\/posts"}],"about":[{"href":"https:\/\/franciscanos.org.br\/noticias\/wp-json\/wp\/v2\/types\/post"}],"author":[{"embeddable":true,"href":"https:\/\/franciscanos.org.br\/noticias\/wp-json\/wp\/v2\/users\/1"}],"replies":[{"embeddable":true,"href":"https:\/\/franciscanos.org.br\/noticias\/wp-json\/wp\/v2\/comments?post=67678"}],"version-history":[{"count":1,"href":"https:\/\/franciscanos.org.br\/noticias\/wp-json\/wp\/v2\/posts\/67678\/revisions"}],"predecessor-version":[{"id":232912,"href":"https:\/\/franciscanos.org.br\/noticias\/wp-json\/wp\/v2\/posts\/67678\/revisions\/232912"}],"wp:featuredmedia":[{"embeddable":true,"href":"https:\/\/franciscanos.org.br\/noticias\/wp-json\/wp\/v2\/media\/219310"}],"wp:attachment":[{"href":"https:\/\/franciscanos.org.br\/noticias\/wp-json\/wp\/v2\/media?parent=67678"}],"wp:term":[{"taxonomy":"category","embeddable":true,"href":"https:\/\/franciscanos.org.br\/noticias\/wp-json\/wp\/v2\/categories?post=67678"},{"taxonomy":"post_tag","embeddable":true,"href":"https:\/\/franciscanos.org.br\/noticias\/wp-json\/wp\/v2\/tags?post=67678"}],"curies":[{"name":"wp","href":"https:\/\/api.w.org\/{rel}","templated":true}]}}