{"id":67661,"date":"2014-09-22T08:46:05","date_gmt":"2014-09-22T11:46:05","guid":{"rendered":"http:\/\/franciscanos.org.br\/?p=67661"},"modified":"2020-06-10T17:26:24","modified_gmt":"2020-06-10T20:26:24","slug":"ninguem-pode-usar-o-nome-de-deus-para-cometer-violencia","status":"publish","type":"post","link":"https:\/\/franciscanos.org.br\/noticias\/ninguem-pode-usar-o-nome-de-deus-para-cometer-violencia.html","title":{"rendered":"&#8220;Ningu\u00e9m pode usar o nome de Deus para cometer viol\u00eancia&#8221;"},"content":{"rendered":"<p>&nbsp;<\/p>\n<p><img loading=\"lazy\" class=\"alignnone wp-image-226168 size-full\" src=\"https:\/\/franciscanos.org.br\/noticias\/wp-content\/uploads\/2014\/09\/albania_01.jpg\" alt=\"\" width=\"1225\" height=\"768\" \/><\/p>\n<p>No encerramento de sua viagem \u00e0 Alb\u00e2nia neste domingo, 21, o Papa Francisco encontrou-se com crian\u00e7as do Centro Bet\u00e2nia e de outros centros caritativos do pa\u00eds e lembrou que o bem paga \u201cinfinitamente mais que o dinheiro\u201d.<\/p>\n<p>\u201cEsta f\u00e9 que trabalha na caridade move as montanhas da indiferen\u00e7a, da incredulidade e da apatia e abre os cora\u00e7\u00f5es e as m\u00e3os para realizar o bem e difundi-lo. Atrav\u00e9s de gestos humildes e simples de servi\u00e7o aos pequenos passa a Boa Not\u00edcia de que Jesus ressuscitou e vive em meio a n\u00f3s\u201d, disse o Pont\u00edfice agradecendo pelo acolhimento dado n\u00e3o s\u00f3 a ele nesta visita, mas a todas as crian\u00e7as necessitadas atendidas pelo centro. Segundo ele, lugares assim confirma os fi\u00e9is na f\u00e9, pois \u00e9 poss\u00edvel ver a f\u00e9 em caridade concreta, levando luz e esperan\u00e7a em situa\u00e7\u00f5es de dificuldade.. .<\/p>\n<p>Novamente, o conv\u00edvio pac\u00edfico foi destacado por Francisco. Ele falou do testemunho dado pelo centro de assist\u00eancia de um conv\u00edvio pac\u00edfico e fraterno entre pessoas de diferentes etnias e religi\u00f5es. \u201cAqui as diferen\u00e7as n\u00e3o impedem a harmonia, a alegria e a paz; antes, se tornam ocasi\u00e3o para um mais profundo conhecimento e compreens\u00e3o rec\u00edproca\u201d.<\/p>\n<p>Nesse contexto, as diferentes experi\u00eancias religiosas se abrem ao amor respeitoso para com o pr\u00f3ximo, n\u00e3o se envergonham da bondade. Segundo Francisco, a bondade d\u00e1 uma consci\u00eancia tranquila e uma alegria profunda mesmo em meio a dificuldades e incompreens\u00f5es. \u201cMesmo em face de ofensas sofridas, a bondade n\u00e3o \u00e9 fraqueza, mas for\u00e7a verdadeira, capaz de renunciar \u00e0 vingan\u00e7a\u201d.<\/p>\n<p>Francisco tamb\u00e9m falou \u00e0s crian\u00e7as e colaboradores do centro da import\u00e2ncia do bem, definindo-o como um \u201cpr\u00eamio a si mesmo\u201d, como algo que paga infinitamente mais que o dinheiro. Ele destacou ainda que o segredo de uma vida de sucesso \u00e9 amar e doar-se por amor, o que d\u00e1 for\u00e7a ao ato de sacrificar-se por amor.<\/p>\n<p>O Santo Padre concluiu seu discurso deixando um encorajamento para a a\u00e7\u00e3o caritativa no pa\u00eds. \u201cContinuem com confian\u00e7a a servir nos pobres e nos abandonados o Senhor Jesus e a preg\u00e1-lo para que os cora\u00e7\u00f5es e as mentes de todos se abram ao bem, \u00e0 caridade ativa, fonte de alegria verdadeira e aut\u00eantica\u201d.<\/p>\n<p><strong>COM L\u00cdDERES DE OUTRAS RELIGI\u00d5ES<\/strong><\/p>\n<p>Durante a visita \u00e0 Alb\u00e2nia neste domingo, 21, Papa Francisco encontrou-se com l\u00edderes de outras religi\u00f5es e de outras denomina\u00e7\u00f5es crist\u00e3s. O Pont\u00edfice destacou a necessidade da busca pelo bem comum e afirmou que ningu\u00e9m pode usar o nome de Deus para cometer viol\u00eancia.<\/p>\n<p>Francisco recordou que o pa\u00eds foi testemunha de viol\u00eancia e de exclus\u00e3o for\u00e7ada da f\u00e9 em Deus, que trouxeram consequ\u00eancias para a sociedade. \u201cConheceis bem a brutalidade a que pode conduzir a priva\u00e7\u00e3o da liberdade de consci\u00eancia e religiosa, e como desta ferida se gera uma humanidade radicalmente empobrecida, porque fica privada de esperan\u00e7a\u201d. Mas destacou que as mudan\u00e7as ocorridas no pa\u00eds a partir da d\u00e9cada de 1990 criaram novamente condi\u00e7\u00f5es para a liberdade religiosa.<\/p>\n<p>Durante o discurso, Francisco recordou a visita de Jo\u00e3o Paulo II, em 1993, ao pa\u00eds e o apelo feito pelo ent\u00e3o Papa a viver a unidade. \u201cNada como a f\u00e9 nos recorda que, se tivermos um \u00fanico Criador, somos tamb\u00e9m todos irm\u00e3os! A liberdade religiosa \u00e9 assim um baluarte contra os totalitarismos e um contributo decisivo para a fraternidade humana\u201d (Mensagem \u00e0 Na\u00e7\u00e3o Albanesa, 25 de Abril de 1993).<\/p>\n<p>Francisco disse aos l\u00edderes que \u201ca religi\u00e3o aut\u00eantica \u00e9 fonte de paz e n\u00e3o de viol\u00eancia\u201d. \u201cNingu\u00e9m pode usar o nome de Deus para cometer viol\u00eancia. Matar em nome de Deus \u00e9 um grande sacril\u00e9gio. Discriminar em nome de Deus \u00e9 desumano\u201d.<\/p>\n<p>Para a promo\u00e7\u00e3o da liberdade religiosa, o Pont\u00edfice indicou duas atitudes principais. A primeira delas \u00e9 ver em cada homem e em cada mulher n\u00e3o um rival muito menos um inimigo, mas um irm\u00e3o e uma irm\u00e3. A segunda atitude \u00e9 o \u201ccompromisso a favor do bem comum, pois quanto mais se est\u00e1 ao servi\u00e7o dos outros, tanto mais se \u00e9 livre\u201d.<\/p>\n<p>Francisco fez aos l\u00edderes religiosos o convite de olhar ao redor e descobrir as in\u00fameras necessidades dos pobres, e pediu que \u201cinspirados pelos valores das suas pr\u00f3prias tradi\u00e7\u00f5es religiosas possam oferecer uma contribui\u00e7\u00e3o n\u00e3o s\u00f3 importante mas insubstitu\u00edvel aos mais necessitados\u201d.<\/p>\n<p>No final do discurso o Papa exortou os l\u00edderes a manterem a tradi\u00e7\u00e3o de boas rela\u00e7\u00f5es j\u00e1 existente na Alb\u00e2nia. \u201cContinuai a ser sinal para o vosso pa\u00eds \u2013 e n\u00e3o s\u00f3 para ele \u2013 da possibilidade de rela\u00e7\u00f5es cordiais e de fecunda colabora\u00e7\u00e3o entre pessoas de religi\u00f5es diferentes\u201d.<\/p>\n<hr \/>\n<p>&nbsp;<\/p>\n","protected":false},"excerpt":{"rendered":"<p>Papa na Alb\u00e2nia<\/p>\n","protected":false},"author":1,"featured_media":0,"comment_status":"open","ping_status":"open","sticky":false,"template":"","format":"standard","meta":[],"categories":[1428],"tags":[1140],"acf":[],"yoast_head":"<!-- This site is optimized with the Yoast SEO plugin v19.2 - https:\/\/yoast.com\/wordpress\/plugins\/seo\/ -->\n<title>&quot;Ningu\u00e9m pode usar o nome de Deus para cometer viol\u00eancia&quot; - Not\u00edcias - Franciscanos<\/title>\n<meta name=\"robots\" content=\"index, follow, max-snippet:-1, max-image-preview:large, max-video-preview:-1\" \/>\n<link rel=\"canonical\" href=\"https:\/\/franciscanos.org.br\/noticias\/ninguem-pode-usar-o-nome-de-deus-para-cometer-violencia.html\" \/>\n<meta property=\"og:locale\" content=\"pt_BR\" \/>\n<meta property=\"og:type\" content=\"article\" \/>\n<meta property=\"og:title\" content=\"&quot;Ningu\u00e9m pode usar o nome de Deus para cometer viol\u00eancia&quot; - Not\u00edcias - Franciscanos\" \/>\n<meta property=\"og:description\" content=\"Papa na Alb\u00e2nia\" \/>\n<meta property=\"og:url\" content=\"https:\/\/franciscanos.org.br\/noticias\/ninguem-pode-usar-o-nome-de-deus-para-cometer-violencia.html\" \/>\n<meta property=\"og:site_name\" content=\"Not\u00edcias - Franciscanos\" \/>\n<meta property=\"article:published_time\" content=\"2014-09-22T11:46:05+00:00\" \/>\n<meta property=\"article:modified_time\" content=\"2020-06-10T20:26:24+00:00\" \/>\n<meta property=\"og:image\" content=\"https:\/\/franciscanos.org.br\/noticias\/wp-content\/uploads\/2014\/09\/albania_01.jpg\" \/>\n<meta name=\"author\" content=\"admin\" \/>\n<meta name=\"twitter:card\" content=\"summary_large_image\" \/>\n<meta name=\"twitter:label1\" content=\"Escrito por\" \/>\n\t<meta name=\"twitter:data1\" content=\"admin\" \/>\n\t<meta name=\"twitter:label2\" content=\"Est. tempo de leitura\" \/>\n\t<meta name=\"twitter:data2\" content=\"4 minutos\" \/>\n<script type=\"application\/ld+json\" class=\"yoast-schema-graph\">{\"@context\":\"https:\/\/schema.org\",\"@graph\":[{\"@type\":\"WebSite\",\"@id\":\"https:\/\/franciscanos.org.br\/noticias\/#website\",\"url\":\"https:\/\/franciscanos.org.br\/noticias\/\",\"name\":\"Not\u00edcias - Franciscanos\",\"description\":\"Prov\u00edncia Franciscana da Imaculada Concei\u00e7\u00e3o do Brasil - Ordem dos Frades Menores - OFM\",\"potentialAction\":[{\"@type\":\"SearchAction\",\"target\":{\"@type\":\"EntryPoint\",\"urlTemplate\":\"https:\/\/franciscanos.org.br\/noticias\/?s={search_term_string}\"},\"query-input\":\"required name=search_term_string\"}],\"inLanguage\":\"pt-BR\"},{\"@type\":\"ImageObject\",\"inLanguage\":\"pt-BR\",\"@id\":\"https:\/\/franciscanos.org.br\/noticias\/ninguem-pode-usar-o-nome-de-deus-para-cometer-violencia.html#primaryimage\",\"url\":\"https:\/\/franciscanos.org.br\/noticias\/wp-content\/uploads\/2014\/09\/albania_01.jpg\",\"contentUrl\":\"https:\/\/franciscanos.org.br\/noticias\/wp-content\/uploads\/2014\/09\/albania_01.jpg\"},{\"@type\":\"WebPage\",\"@id\":\"https:\/\/franciscanos.org.br\/noticias\/ninguem-pode-usar-o-nome-de-deus-para-cometer-violencia.html#webpage\",\"url\":\"https:\/\/franciscanos.org.br\/noticias\/ninguem-pode-usar-o-nome-de-deus-para-cometer-violencia.html\",\"name\":\"\\\"Ningu\u00e9m pode usar o nome de Deus para cometer viol\u00eancia\\\" - Not\u00edcias - Franciscanos\",\"isPartOf\":{\"@id\":\"https:\/\/franciscanos.org.br\/noticias\/#website\"},\"primaryImageOfPage\":{\"@id\":\"https:\/\/franciscanos.org.br\/noticias\/ninguem-pode-usar-o-nome-de-deus-para-cometer-violencia.html#primaryimage\"},\"datePublished\":\"2014-09-22T11:46:05+00:00\",\"dateModified\":\"2020-06-10T20:26:24+00:00\",\"author\":{\"@id\":\"https:\/\/franciscanos.org.br\/noticias\/#\/schema\/person\/b38fbf43118f02820bd932f2e4b14ad3\"},\"breadcrumb\":{\"@id\":\"https:\/\/franciscanos.org.br\/noticias\/ninguem-pode-usar-o-nome-de-deus-para-cometer-violencia.html#breadcrumb\"},\"inLanguage\":\"pt-BR\",\"potentialAction\":[{\"@type\":\"ReadAction\",\"target\":[\"https:\/\/franciscanos.org.br\/noticias\/ninguem-pode-usar-o-nome-de-deus-para-cometer-violencia.html\"]}]},{\"@type\":\"BreadcrumbList\",\"@id\":\"https:\/\/franciscanos.org.br\/noticias\/ninguem-pode-usar-o-nome-de-deus-para-cometer-violencia.html#breadcrumb\",\"itemListElement\":[{\"@type\":\"ListItem\",\"position\":1,\"name\":\"Home\",\"item\":\"https:\/\/franciscanos.org.br\/noticias\"},{\"@type\":\"ListItem\",\"position\":2,\"name\":\"&#8220;Ningu\u00e9m pode usar o nome de Deus para cometer viol\u00eancia&#8221;\"}]},{\"@type\":\"Person\",\"@id\":\"https:\/\/franciscanos.org.br\/noticias\/#\/schema\/person\/b38fbf43118f02820bd932f2e4b14ad3\",\"name\":\"admin\",\"image\":{\"@type\":\"ImageObject\",\"inLanguage\":\"pt-BR\",\"@id\":\"https:\/\/franciscanos.org.br\/noticias\/#\/schema\/person\/image\/\",\"url\":\"https:\/\/secure.gravatar.com\/avatar\/e8495742d34d0ba6448ea1c628263b3e?s=96&d=mm&r=g\",\"contentUrl\":\"https:\/\/secure.gravatar.com\/avatar\/e8495742d34d0ba6448ea1c628263b3e?s=96&d=mm&r=g\",\"caption\":\"admin\"},\"url\":\"https:\/\/franciscanos.org.br\/noticias\/author\/admin\"}]}<\/script>\n<!-- \/ Yoast SEO plugin. -->","yoast_head_json":{"title":"\"Ningu\u00e9m pode usar o nome de Deus para cometer viol\u00eancia\" - Not\u00edcias - Franciscanos","robots":{"index":"index","follow":"follow","max-snippet":"max-snippet:-1","max-image-preview":"max-image-preview:large","max-video-preview":"max-video-preview:-1"},"canonical":"https:\/\/franciscanos.org.br\/noticias\/ninguem-pode-usar-o-nome-de-deus-para-cometer-violencia.html","og_locale":"pt_BR","og_type":"article","og_title":"\"Ningu\u00e9m pode usar o nome de Deus para cometer viol\u00eancia\" - Not\u00edcias - Franciscanos","og_description":"Papa na Alb\u00e2nia","og_url":"https:\/\/franciscanos.org.br\/noticias\/ninguem-pode-usar-o-nome-de-deus-para-cometer-violencia.html","og_site_name":"Not\u00edcias - Franciscanos","article_published_time":"2014-09-22T11:46:05+00:00","article_modified_time":"2020-06-10T20:26:24+00:00","og_image":[{"url":"https:\/\/franciscanos.org.br\/noticias\/wp-content\/uploads\/2014\/09\/albania_01.jpg"}],"author":"admin","twitter_card":"summary_large_image","twitter_misc":{"Escrito por":"admin","Est. tempo de leitura":"4 minutos"},"schema":{"@context":"https:\/\/schema.org","@graph":[{"@type":"WebSite","@id":"https:\/\/franciscanos.org.br\/noticias\/#website","url":"https:\/\/franciscanos.org.br\/noticias\/","name":"Not\u00edcias - Franciscanos","description":"Prov\u00edncia Franciscana da Imaculada Concei\u00e7\u00e3o do Brasil - Ordem dos Frades Menores - OFM","potentialAction":[{"@type":"SearchAction","target":{"@type":"EntryPoint","urlTemplate":"https:\/\/franciscanos.org.br\/noticias\/?s={search_term_string}"},"query-input":"required name=search_term_string"}],"inLanguage":"pt-BR"},{"@type":"ImageObject","inLanguage":"pt-BR","@id":"https:\/\/franciscanos.org.br\/noticias\/ninguem-pode-usar-o-nome-de-deus-para-cometer-violencia.html#primaryimage","url":"https:\/\/franciscanos.org.br\/noticias\/wp-content\/uploads\/2014\/09\/albania_01.jpg","contentUrl":"https:\/\/franciscanos.org.br\/noticias\/wp-content\/uploads\/2014\/09\/albania_01.jpg"},{"@type":"WebPage","@id":"https:\/\/franciscanos.org.br\/noticias\/ninguem-pode-usar-o-nome-de-deus-para-cometer-violencia.html#webpage","url":"https:\/\/franciscanos.org.br\/noticias\/ninguem-pode-usar-o-nome-de-deus-para-cometer-violencia.html","name":"\"Ningu\u00e9m pode usar o nome de Deus para cometer viol\u00eancia\" - Not\u00edcias - Franciscanos","isPartOf":{"@id":"https:\/\/franciscanos.org.br\/noticias\/#website"},"primaryImageOfPage":{"@id":"https:\/\/franciscanos.org.br\/noticias\/ninguem-pode-usar-o-nome-de-deus-para-cometer-violencia.html#primaryimage"},"datePublished":"2014-09-22T11:46:05+00:00","dateModified":"2020-06-10T20:26:24+00:00","author":{"@id":"https:\/\/franciscanos.org.br\/noticias\/#\/schema\/person\/b38fbf43118f02820bd932f2e4b14ad3"},"breadcrumb":{"@id":"https:\/\/franciscanos.org.br\/noticias\/ninguem-pode-usar-o-nome-de-deus-para-cometer-violencia.html#breadcrumb"},"inLanguage":"pt-BR","potentialAction":[{"@type":"ReadAction","target":["https:\/\/franciscanos.org.br\/noticias\/ninguem-pode-usar-o-nome-de-deus-para-cometer-violencia.html"]}]},{"@type":"BreadcrumbList","@id":"https:\/\/franciscanos.org.br\/noticias\/ninguem-pode-usar-o-nome-de-deus-para-cometer-violencia.html#breadcrumb","itemListElement":[{"@type":"ListItem","position":1,"name":"Home","item":"https:\/\/franciscanos.org.br\/noticias"},{"@type":"ListItem","position":2,"name":"&#8220;Ningu\u00e9m pode usar o nome de Deus para cometer viol\u00eancia&#8221;"}]},{"@type":"Person","@id":"https:\/\/franciscanos.org.br\/noticias\/#\/schema\/person\/b38fbf43118f02820bd932f2e4b14ad3","name":"admin","image":{"@type":"ImageObject","inLanguage":"pt-BR","@id":"https:\/\/franciscanos.org.br\/noticias\/#\/schema\/person\/image\/","url":"https:\/\/secure.gravatar.com\/avatar\/e8495742d34d0ba6448ea1c628263b3e?s=96&d=mm&r=g","contentUrl":"https:\/\/secure.gravatar.com\/avatar\/e8495742d34d0ba6448ea1c628263b3e?s=96&d=mm&r=g","caption":"admin"},"url":"https:\/\/franciscanos.org.br\/noticias\/author\/admin"}]}},"_links":{"self":[{"href":"https:\/\/franciscanos.org.br\/noticias\/wp-json\/wp\/v2\/posts\/67661"}],"collection":[{"href":"https:\/\/franciscanos.org.br\/noticias\/wp-json\/wp\/v2\/posts"}],"about":[{"href":"https:\/\/franciscanos.org.br\/noticias\/wp-json\/wp\/v2\/types\/post"}],"author":[{"embeddable":true,"href":"https:\/\/franciscanos.org.br\/noticias\/wp-json\/wp\/v2\/users\/1"}],"replies":[{"embeddable":true,"href":"https:\/\/franciscanos.org.br\/noticias\/wp-json\/wp\/v2\/comments?post=67661"}],"version-history":[{"count":2,"href":"https:\/\/franciscanos.org.br\/noticias\/wp-json\/wp\/v2\/posts\/67661\/revisions"}],"predecessor-version":[{"id":226170,"href":"https:\/\/franciscanos.org.br\/noticias\/wp-json\/wp\/v2\/posts\/67661\/revisions\/226170"}],"wp:attachment":[{"href":"https:\/\/franciscanos.org.br\/noticias\/wp-json\/wp\/v2\/media?parent=67661"}],"wp:term":[{"taxonomy":"category","embeddable":true,"href":"https:\/\/franciscanos.org.br\/noticias\/wp-json\/wp\/v2\/categories?post=67661"},{"taxonomy":"post_tag","embeddable":true,"href":"https:\/\/franciscanos.org.br\/noticias\/wp-json\/wp\/v2\/tags?post=67661"}],"curies":[{"name":"wp","href":"https:\/\/api.w.org\/{rel}","templated":true}]}}