{"id":67476,"date":"2014-09-18T08:32:04","date_gmt":"2014-09-18T11:32:04","guid":{"rendered":"http:\/\/franciscanos.org.br\/?p=67476"},"modified":"2020-02-11T11:58:14","modified_gmt":"2020-02-11T14:58:14","slug":"sao-luis-e-santa-clara-sao-temas-da-jornada-franciscana","status":"publish","type":"post","link":"https:\/\/franciscanos.org.br\/noticias\/sao-luis-e-santa-clara-sao-temas-da-jornada-franciscana.html","title":{"rendered":"S\u00e3o Lu\u00eds e Santa Clara s\u00e3o temas da Jornada Franciscana"},"content":{"rendered":"<p><img loading=\"lazy\" src=\"http:\/\/franciscanos.org.br\/wp-content\/uploads\/2014\/09\/jornada.jpg\" alt=\"jornada\" width=\"820\" height=\"230\" \/><\/p>\n<p>A Jornada Franciscana \u00e9 o Encontro dos Franciscanos e Franciscanas das tr\u00eas Ordens e de todas as Congrega\u00e7\u00f5es, dos simpatizantes pelo ideal de S\u00e3o Francisco e Santa Clara, dos que amam a paz e lutam pela fraternidade de todos os seres.<br \/>\nA primeira Jornada Franciscana realizou-se por ocasi\u00e3o do 8\u00ba Centen\u00e1rio do Nascimento de S\u00e3o Francisco de Assis. S\u00e3o 33 anos ininterruptos de encontros e de reflex\u00e3o sobre a presen\u00e7a Franciscana em S\u00e3o Paulo.<\/p>\n<p>&#8220;Mais uma vez queremos nos encontrar como irm\u00e3s e irm\u00e3os franciscanos de todas as Congrega\u00e7\u00f5es, das tr\u00eas Ordens e ainda todos os que simpatizam cm o ideal de Francisco e Clara de Assis. Neste ano temos a alegria de celebrar os 800 anos de S\u00e3o Lu\u00eds IX, Rei de Fran\u00e7a, Patrono da Ordem Franciscana Secular. O desafio da Igreja de lutarmos em favor da vida e a Espiritualidade Franciscana, em Clara de Assis, nortear\u00e3o nossa reflex\u00e3o&#8221;, explica Frei Anacleto Gapski, coordenador da FFB-SP.<\/p>\n<p><strong> <a href=\"http:\/\/franciscanos.org.br\/wp-content\/uploads\/2014\/09\/corniatti.jpg\"><img loading=\"lazy\" class=\"alignright wp-image-67485 \" src=\"http:\/\/franciscanos.org.br\/wp-content\/uploads\/2014\/09\/corniatti.jpg\" alt=\"corniatti\" width=\"216\" height=\"242\" \/><\/a>TEMA: CLARA DE ASSIS DEFENSORA DA VIDA<\/strong><br \/>\n<strong> Assessoria: FREI ANT\u00d4NIO CORNIATTI, OFMConv.<\/strong><br \/>\n<strong>DATA:<\/strong> 28 de Setembro de 2014<br \/>\n<strong>HOR\u00c1RIO:<\/strong> De 08 horas at\u00e9 16 horas<br \/>\n<strong>LOCAL:<\/strong> Col\u00e9gio Nossa Senhora Aparecida (CONSA) &#8211; Alameda Juriti, 368 \u2013 Moema\/S\u00e3o Paulo\/SP<br \/>\n<strong>PROGRAMA\u00c7\u00c3O:<\/strong><br \/>\n<strong>08h00<\/strong> &#8211; Acolhida e Caf\u00e9<br \/>\n<strong>08h30<\/strong> &#8211; Missa<br \/>\n<strong>10h00<\/strong> &#8211; <strong>REFLEX\u00c3O:<\/strong>\u00a0&#8220;Clara de Assis defensora da Vida&#8221;<br \/>\n<strong>12h15<\/strong> &#8211; Pequeno intervalo seguido de Almo\u00e7o Comunit\u00e1rio<br \/>\n<strong>13h30<\/strong> &#8211; Retorno &#8211; anima\u00e7\u00e3o<br \/>\n<strong>13h45<\/strong> &#8211; Comunica\u00e7\u00f5es<br \/>\n<strong>14h00<\/strong> &#8211; <strong>PALESTRA:<\/strong>\u00a0&#8220;S\u00e3o Lu\u00eds, Rei da Fran\u00e7a&#8221; (Fernando\/Embar\u00e9)<br \/>\n<strong>15h00<\/strong> &#8211; Sorteio, Avalia\u00e7\u00e3o eSugest\u00f5es &#8211; Ora\u00e7\u00e3o Final e despedida (OFS\/Chagas)<\/p>\n<p><strong>NOTAS:<\/strong><br \/>\n<strong>LANCHE COMUNIT\u00c1RIO<\/strong> \u2013 Traga comidas, doces ou salgados, bolos e outros quitutes, frutas, refrigerantes ou sucos, para colocarmos tudo em comum. E n\u00e3o se esque\u00e7a de trazer tamb\u00e9m seu copo ou caneca para preservarmos a natureza, evitando o desperd\u00edcio de copos pl\u00e1sticos&#8230;<\/p>\n<p><strong>T AXA:<\/strong> Sabemos dos custos de um evento. Contudo, optamos contar com a colabora\u00e7\u00e3o e generosidade de cada um. Por isso solicitamos uma colabora\u00e7\u00e3o espont\u00e2nea. Se precisar recibo, procure junto \u00e0 Secretaria. RIFA: Tenha \u00e0 m\u00e3o alguns trocados a mais. Faremos o sorteio de uma Cruz de S\u00e3o Dami\u00e3o e de uma Imagem de Santa Clara.<\/p>\n","protected":false},"excerpt":{"rendered":"<p>FFB-SP<\/p>\n","protected":false},"author":1,"featured_media":219231,"comment_status":"open","ping_status":"open","sticky":false,"template":"","format":"standard","meta":[],"categories":[1],"tags":[],"acf":[],"yoast_head":"<!-- This site is optimized with the Yoast SEO plugin v19.2 - https:\/\/yoast.com\/wordpress\/plugins\/seo\/ -->\n<title>S\u00e3o Lu\u00eds e Santa Clara s\u00e3o temas da Jornada Franciscana - Not\u00edcias - Franciscanos<\/title>\n<meta name=\"robots\" content=\"index, follow, max-snippet:-1, max-image-preview:large, max-video-preview:-1\" \/>\n<link rel=\"canonical\" href=\"https:\/\/franciscanos.org.br\/noticias\/sao-luis-e-santa-clara-sao-temas-da-jornada-franciscana.html\" \/>\n<meta property=\"og:locale\" content=\"pt_BR\" \/>\n<meta property=\"og:type\" content=\"article\" \/>\n<meta property=\"og:title\" content=\"S\u00e3o Lu\u00eds e Santa Clara s\u00e3o temas da Jornada Franciscana - Not\u00edcias - Franciscanos\" \/>\n<meta property=\"og:description\" content=\"FFB-SP\" \/>\n<meta property=\"og:url\" content=\"https:\/\/franciscanos.org.br\/noticias\/sao-luis-e-santa-clara-sao-temas-da-jornada-franciscana.html\" \/>\n<meta property=\"og:site_name\" content=\"Not\u00edcias - Franciscanos\" \/>\n<meta property=\"article:published_time\" content=\"2014-09-18T11:32:04+00:00\" \/>\n<meta property=\"article:modified_time\" content=\"2020-02-11T14:58:14+00:00\" \/>\n<meta property=\"og:image\" content=\"https:\/\/franciscanos.org.br\/noticias\/wp-content\/uploads\/2014\/09\/jornada.jpg\" \/>\n\t<meta property=\"og:image:width\" content=\"273\" \/>\n\t<meta property=\"og:image:height\" content=\"181\" \/>\n\t<meta property=\"og:image:type\" content=\"image\/jpeg\" \/>\n<meta name=\"author\" content=\"admin\" \/>\n<meta name=\"twitter:card\" content=\"summary_large_image\" \/>\n<meta name=\"twitter:label1\" content=\"Escrito por\" \/>\n\t<meta name=\"twitter:data1\" content=\"admin\" \/>\n\t<meta name=\"twitter:label2\" content=\"Est. tempo de leitura\" \/>\n\t<meta name=\"twitter:data2\" content=\"2 minutos\" \/>\n<script type=\"application\/ld+json\" class=\"yoast-schema-graph\">{\"@context\":\"https:\/\/schema.org\",\"@graph\":[{\"@type\":\"WebSite\",\"@id\":\"https:\/\/franciscanos.org.br\/noticias\/#website\",\"url\":\"https:\/\/franciscanos.org.br\/noticias\/\",\"name\":\"Not\u00edcias - Franciscanos\",\"description\":\"Prov\u00edncia Franciscana da Imaculada Concei\u00e7\u00e3o do Brasil - Ordem dos Frades Menores - OFM\",\"potentialAction\":[{\"@type\":\"SearchAction\",\"target\":{\"@type\":\"EntryPoint\",\"urlTemplate\":\"https:\/\/franciscanos.org.br\/noticias\/?s={search_term_string}\"},\"query-input\":\"required name=search_term_string\"}],\"inLanguage\":\"pt-BR\"},{\"@type\":\"ImageObject\",\"inLanguage\":\"pt-BR\",\"@id\":\"https:\/\/franciscanos.org.br\/noticias\/sao-luis-e-santa-clara-sao-temas-da-jornada-franciscana.html#primaryimage\",\"url\":\"https:\/\/franciscanos.org.br\/noticias\/wp-content\/uploads\/2014\/09\/jornada.jpg\",\"contentUrl\":\"https:\/\/franciscanos.org.br\/noticias\/wp-content\/uploads\/2014\/09\/jornada.jpg\",\"width\":273,\"height\":181},{\"@type\":\"WebPage\",\"@id\":\"https:\/\/franciscanos.org.br\/noticias\/sao-luis-e-santa-clara-sao-temas-da-jornada-franciscana.html#webpage\",\"url\":\"https:\/\/franciscanos.org.br\/noticias\/sao-luis-e-santa-clara-sao-temas-da-jornada-franciscana.html\",\"name\":\"S\u00e3o Lu\u00eds e Santa Clara s\u00e3o temas da Jornada Franciscana - Not\u00edcias - Franciscanos\",\"isPartOf\":{\"@id\":\"https:\/\/franciscanos.org.br\/noticias\/#website\"},\"primaryImageOfPage\":{\"@id\":\"https:\/\/franciscanos.org.br\/noticias\/sao-luis-e-santa-clara-sao-temas-da-jornada-franciscana.html#primaryimage\"},\"datePublished\":\"2014-09-18T11:32:04+00:00\",\"dateModified\":\"2020-02-11T14:58:14+00:00\",\"author\":{\"@id\":\"https:\/\/franciscanos.org.br\/noticias\/#\/schema\/person\/b38fbf43118f02820bd932f2e4b14ad3\"},\"breadcrumb\":{\"@id\":\"https:\/\/franciscanos.org.br\/noticias\/sao-luis-e-santa-clara-sao-temas-da-jornada-franciscana.html#breadcrumb\"},\"inLanguage\":\"pt-BR\",\"potentialAction\":[{\"@type\":\"ReadAction\",\"target\":[\"https:\/\/franciscanos.org.br\/noticias\/sao-luis-e-santa-clara-sao-temas-da-jornada-franciscana.html\"]}]},{\"@type\":\"BreadcrumbList\",\"@id\":\"https:\/\/franciscanos.org.br\/noticias\/sao-luis-e-santa-clara-sao-temas-da-jornada-franciscana.html#breadcrumb\",\"itemListElement\":[{\"@type\":\"ListItem\",\"position\":1,\"name\":\"Home\",\"item\":\"https:\/\/franciscanos.org.br\/noticias\"},{\"@type\":\"ListItem\",\"position\":2,\"name\":\"S\u00e3o Lu\u00eds e Santa Clara s\u00e3o temas da Jornada Franciscana\"}]},{\"@type\":\"Person\",\"@id\":\"https:\/\/franciscanos.org.br\/noticias\/#\/schema\/person\/b38fbf43118f02820bd932f2e4b14ad3\",\"name\":\"admin\",\"image\":{\"@type\":\"ImageObject\",\"inLanguage\":\"pt-BR\",\"@id\":\"https:\/\/franciscanos.org.br\/noticias\/#\/schema\/person\/image\/\",\"url\":\"https:\/\/secure.gravatar.com\/avatar\/e8495742d34d0ba6448ea1c628263b3e?s=96&d=mm&r=g\",\"contentUrl\":\"https:\/\/secure.gravatar.com\/avatar\/e8495742d34d0ba6448ea1c628263b3e?s=96&d=mm&r=g\",\"caption\":\"admin\"},\"url\":\"https:\/\/franciscanos.org.br\/noticias\/author\/admin\"}]}<\/script>\n<!-- \/ Yoast SEO plugin. -->","yoast_head_json":{"title":"S\u00e3o Lu\u00eds e Santa Clara s\u00e3o temas da Jornada Franciscana - Not\u00edcias - Franciscanos","robots":{"index":"index","follow":"follow","max-snippet":"max-snippet:-1","max-image-preview":"max-image-preview:large","max-video-preview":"max-video-preview:-1"},"canonical":"https:\/\/franciscanos.org.br\/noticias\/sao-luis-e-santa-clara-sao-temas-da-jornada-franciscana.html","og_locale":"pt_BR","og_type":"article","og_title":"S\u00e3o Lu\u00eds e Santa Clara s\u00e3o temas da Jornada Franciscana - Not\u00edcias - Franciscanos","og_description":"FFB-SP","og_url":"https:\/\/franciscanos.org.br\/noticias\/sao-luis-e-santa-clara-sao-temas-da-jornada-franciscana.html","og_site_name":"Not\u00edcias - Franciscanos","article_published_time":"2014-09-18T11:32:04+00:00","article_modified_time":"2020-02-11T14:58:14+00:00","og_image":[{"width":273,"height":181,"url":"https:\/\/franciscanos.org.br\/noticias\/wp-content\/uploads\/2014\/09\/jornada.jpg","type":"image\/jpeg"}],"author":"admin","twitter_card":"summary_large_image","twitter_misc":{"Escrito por":"admin","Est. tempo de leitura":"2 minutos"},"schema":{"@context":"https:\/\/schema.org","@graph":[{"@type":"WebSite","@id":"https:\/\/franciscanos.org.br\/noticias\/#website","url":"https:\/\/franciscanos.org.br\/noticias\/","name":"Not\u00edcias - Franciscanos","description":"Prov\u00edncia Franciscana da Imaculada Concei\u00e7\u00e3o do Brasil - Ordem dos Frades Menores - OFM","potentialAction":[{"@type":"SearchAction","target":{"@type":"EntryPoint","urlTemplate":"https:\/\/franciscanos.org.br\/noticias\/?s={search_term_string}"},"query-input":"required name=search_term_string"}],"inLanguage":"pt-BR"},{"@type":"ImageObject","inLanguage":"pt-BR","@id":"https:\/\/franciscanos.org.br\/noticias\/sao-luis-e-santa-clara-sao-temas-da-jornada-franciscana.html#primaryimage","url":"https:\/\/franciscanos.org.br\/noticias\/wp-content\/uploads\/2014\/09\/jornada.jpg","contentUrl":"https:\/\/franciscanos.org.br\/noticias\/wp-content\/uploads\/2014\/09\/jornada.jpg","width":273,"height":181},{"@type":"WebPage","@id":"https:\/\/franciscanos.org.br\/noticias\/sao-luis-e-santa-clara-sao-temas-da-jornada-franciscana.html#webpage","url":"https:\/\/franciscanos.org.br\/noticias\/sao-luis-e-santa-clara-sao-temas-da-jornada-franciscana.html","name":"S\u00e3o Lu\u00eds e Santa Clara s\u00e3o temas da Jornada Franciscana - Not\u00edcias - Franciscanos","isPartOf":{"@id":"https:\/\/franciscanos.org.br\/noticias\/#website"},"primaryImageOfPage":{"@id":"https:\/\/franciscanos.org.br\/noticias\/sao-luis-e-santa-clara-sao-temas-da-jornada-franciscana.html#primaryimage"},"datePublished":"2014-09-18T11:32:04+00:00","dateModified":"2020-02-11T14:58:14+00:00","author":{"@id":"https:\/\/franciscanos.org.br\/noticias\/#\/schema\/person\/b38fbf43118f02820bd932f2e4b14ad3"},"breadcrumb":{"@id":"https:\/\/franciscanos.org.br\/noticias\/sao-luis-e-santa-clara-sao-temas-da-jornada-franciscana.html#breadcrumb"},"inLanguage":"pt-BR","potentialAction":[{"@type":"ReadAction","target":["https:\/\/franciscanos.org.br\/noticias\/sao-luis-e-santa-clara-sao-temas-da-jornada-franciscana.html"]}]},{"@type":"BreadcrumbList","@id":"https:\/\/franciscanos.org.br\/noticias\/sao-luis-e-santa-clara-sao-temas-da-jornada-franciscana.html#breadcrumb","itemListElement":[{"@type":"ListItem","position":1,"name":"Home","item":"https:\/\/franciscanos.org.br\/noticias"},{"@type":"ListItem","position":2,"name":"S\u00e3o Lu\u00eds e Santa Clara s\u00e3o temas da Jornada Franciscana"}]},{"@type":"Person","@id":"https:\/\/franciscanos.org.br\/noticias\/#\/schema\/person\/b38fbf43118f02820bd932f2e4b14ad3","name":"admin","image":{"@type":"ImageObject","inLanguage":"pt-BR","@id":"https:\/\/franciscanos.org.br\/noticias\/#\/schema\/person\/image\/","url":"https:\/\/secure.gravatar.com\/avatar\/e8495742d34d0ba6448ea1c628263b3e?s=96&d=mm&r=g","contentUrl":"https:\/\/secure.gravatar.com\/avatar\/e8495742d34d0ba6448ea1c628263b3e?s=96&d=mm&r=g","caption":"admin"},"url":"https:\/\/franciscanos.org.br\/noticias\/author\/admin"}]}},"_links":{"self":[{"href":"https:\/\/franciscanos.org.br\/noticias\/wp-json\/wp\/v2\/posts\/67476"}],"collection":[{"href":"https:\/\/franciscanos.org.br\/noticias\/wp-json\/wp\/v2\/posts"}],"about":[{"href":"https:\/\/franciscanos.org.br\/noticias\/wp-json\/wp\/v2\/types\/post"}],"author":[{"embeddable":true,"href":"https:\/\/franciscanos.org.br\/noticias\/wp-json\/wp\/v2\/users\/1"}],"replies":[{"embeddable":true,"href":"https:\/\/franciscanos.org.br\/noticias\/wp-json\/wp\/v2\/comments?post=67476"}],"version-history":[{"count":0,"href":"https:\/\/franciscanos.org.br\/noticias\/wp-json\/wp\/v2\/posts\/67476\/revisions"}],"wp:featuredmedia":[{"embeddable":true,"href":"https:\/\/franciscanos.org.br\/noticias\/wp-json\/wp\/v2\/media\/219231"}],"wp:attachment":[{"href":"https:\/\/franciscanos.org.br\/noticias\/wp-json\/wp\/v2\/media?parent=67476"}],"wp:term":[{"taxonomy":"category","embeddable":true,"href":"https:\/\/franciscanos.org.br\/noticias\/wp-json\/wp\/v2\/categories?post=67476"},{"taxonomy":"post_tag","embeddable":true,"href":"https:\/\/franciscanos.org.br\/noticias\/wp-json\/wp\/v2\/tags?post=67476"}],"curies":[{"name":"wp","href":"https:\/\/api.w.org\/{rel}","templated":true}]}}