{"id":67072,"date":"2014-09-10T07:11:29","date_gmt":"2014-09-10T10:11:29","guid":{"rendered":"http:\/\/franciscanos.org.br\/?p=67072"},"modified":"2020-06-10T17:27:37","modified_gmt":"2020-06-10T20:27:37","slug":"o-essencial-do-evangelho-e-a-misericordia","status":"publish","type":"post","link":"https:\/\/franciscanos.org.br\/noticias\/o-essencial-do-evangelho-e-a-misericordia.html","title":{"rendered":"&#8220;O essencial do Evangelho \u00e9 a miseric\u00f3rdia&#8221;"},"content":{"rendered":"<p><img loading=\"lazy\" class=\"alignnone size-full wp-image-197385\" src=\"https:\/\/franciscanos.org.br\/noticias\/wp-content\/uploads\/2014\/11\/papa_audiencia.jpg\" alt=\"\" width=\"890\" height=\"593\" srcset=\"https:\/\/franciscanos.org.br\/noticias\/wp-content\/uploads\/2014\/11\/papa_audiencia.jpg 890w, https:\/\/franciscanos.org.br\/noticias\/wp-content\/uploads\/2014\/11\/papa_audiencia-450x300.jpg 450w, https:\/\/franciscanos.org.br\/noticias\/wp-content\/uploads\/2014\/11\/papa_audiencia-768x512.jpg 768w, https:\/\/franciscanos.org.br\/noticias\/wp-content\/uploads\/2014\/11\/papa_audiencia-150x100.jpg 150w\" sizes=\"(max-width: 890px) 100vw, 890px\" \/><\/p>\n<p>O Papa Francisco continuou nesta quarta-feira, 10, o ciclo de catequeses sobre a Igreja. Desta vez, ele se concentrou em como a Igreja ensina aos fi\u00e9is as obras de miseric\u00f3rdia, o que deve ser feito com gratuidade, sem esperar nada em troca.<\/p>\n<p>A Igreja indica o que \u00e9 essencial na vida dos crist\u00e3os, disse o Papa, destacando que o essencial, segundo o Evangelho, \u00e9 a miseric\u00f3rdia, como diz Jesus: \u201cSede misericordiosos como o vosso Pai \u00e9 misericordioso\u201d.<\/p>\n<p>Devido ao calor, antes da audi\u00eancia geral Francisco cumprimentou os doentes na Sala Paulo VI. Entre eles, havia um grupo de crian\u00e7as albinas.<br \/>\nQueridos irm\u00e3os e irm\u00e3s, bom dia<\/p>\n<p><strong>\u00cdNTEGRA DA CATEQUESE<\/strong><\/p>\n<p>No nosso itiner\u00e1rio de catequeses sobre a Igreja, estamos nos concentrando em considerar que a Igreja \u00e9 m\u00e3e. Na \u00faltima vez, destacamos como a Igreja nos faz crescer e, com a luz e a for\u00e7a da Palavra de Deus, nos indica o caminho da salva\u00e7\u00e3o e nos defende do mal. Hoje gostaria de destacar um aspecto particular desta a\u00e7\u00e3o educativa da nossa m\u00e3e Igreja, isso \u00e9, como ela nos ensina as obras de miseric\u00f3rdia.<\/p>\n<p>Um bom educador aponta para o essencial. N\u00e3o se perde nos detalhes, mas quer transmitir aquilo que realmente conta para que o filho ou aluno encontre o sentido e a alegria de viver. \u00c9 a verdade. E o essencial, segundo o Evangelho, \u00e9 a miseric\u00f3rdia. O essencial do Evangelho \u00e9 a miseric\u00f3rdia. Deus enviou o seu Filho, Deus se fez homem para nos salvar, isso \u00e9, para nos dar a sua miseric\u00f3rdia. Jesus diz isso claramente, resumindo o seu ensinamento para os disc\u00edpulos: \u201cSede misericordiosos, como o vosso Pai \u00e9 misericordioso\u201d (Lc 6, 36). Pode existir um crist\u00e3o que n\u00e3o seja misericordioso? N\u00e3o. O crist\u00e3o necessariamente deve ser misericordioso, porque isto \u00e9 o centro do Evangelho. E fiel a este ensinamento, a Igreja s\u00f3 pode repetir a mesma coisa aos seus filhos: \u201cSede misericordiosos\u201d, como o \u00e9 o Pai, e como o foi Jesus. Miseric\u00f3rdia.<\/p>\n<p>E ent\u00e3o a Igreja se comporta como Jesus. N\u00e3o faz li\u00e7\u00f5es te\u00f3ricas sobre amor, sobre miseric\u00f3rdia. N\u00e3o difunde no mundo uma filosofia, uma via de sabedoria\u2026 Certo, o Cristianismo \u00e9 tamb\u00e9m tudo isso, mas por consequ\u00eancia, reflexo. A m\u00e3e Igreja, como Jesus, ensina com o exemplo, e as palavras servem para iluminar o significado dos seus gestos.<\/p>\n<p>A m\u00e3e Igreja nos ensina a dar de comer e de beber a quem tem fome e sede, a vestir quem est\u00e1 nu. E como faz isso? Com o exemplo de tantos santos e santas que fizeram isto de modo exemplar; mas o faz tamb\u00e9m com o exemplo de tantos pais e m\u00e3es, que ensinam aos seus filhos que aquilo que sobra para n\u00f3s \u00e9 para aqueles a quem falta o necess\u00e1rio. \u00c9 importante saber isso. Nas fam\u00edlias crist\u00e3s mais simples, sempre foi sagrada a regra da hospitalidade: n\u00e3o falta nunca um prato e uma cama para quem tem necessidade. Uma vez uma m\u00e3e me contava \u2013 na outra diocese \u2013 que queria ensinar isto aos seus filhos e dizia a eles para ajudar e dar de comer a quem tem fome; ela tinha tr\u00eas filhos. E um dia, no almo\u00e7o \u2013 o pai estava fora a trabalho, estava ela com os tr\u00eas filhos, pequenos, 7, 5 e 4 anos, mais ou menos \u2013 e bateram \u00e0 porta: era um senhor que pedia o que comer. E a m\u00e3e lhe disse: \u201cEspere um minuto\u201d. Entrou e disse aos filhos: \u201cH\u00e1 um senhor ali que pede o que comer, o que fazemos?\u201d. \u201cDemos a ele o que comer, m\u00e3e, demos a ele!\u201d. Cada um tinha no prato um bife com batatas fritas. \u201cMuito bem \u2013 disse a m\u00e3e \u2013 peguemos a metade de cada um de voc\u00eas e demos a ele a metade do bife de cada um\u201d. \u201cAh n\u00e3o, m\u00e3e, assim n\u00e3o \u00e9 bom!\u201d. \u201c\u00c9 assim, voc\u00ea deve dar do seu\u201d. E assim esta m\u00e3e ensinou aos filhos a dar de comer da pr\u00f3pria comida. Este \u00e9 um belo exemplo que me ajudou muito. \u201cMas n\u00e3o me sobra nada\u2026\u201d. \u201cDai do teu!\u201d. Assim nos ensina a m\u00e3e Igreja. E voc\u00eas, tantas m\u00e3es que est\u00e3o aqui, sabem o que devem fazer para ensinar aos seus filhos para que partilhem as suas coisas com quem tem necessidade.<\/p>\n<p>A m\u00e3e Igreja ensina a estar pr\u00f3ximo de quem est\u00e1 doente. Quantos santos e santas serviram Jesus deste modo! E quantos simples homens e mulheres, a cada dia, colocam em pr\u00e1tica esta obra de miseric\u00f3rdia em um quarto de hospital, ou de uma casa de repouso, ou na pr\u00f3pria casa, ajudando uma pessoa doente.<\/p>\n<p>A m\u00e3e Igreja ensina a estar pr\u00f3ximo a quem est\u00e1 preso. \u201cMas, padre, n\u00e3o, isto \u00e9 perigoso, \u00e9 gente m\u00e1\u201d. Mas cada um de n\u00f3s \u00e9 capaz\u2026 Ou\u00e7am bem isto: cada um de n\u00f3s \u00e9 capaz de fazer a mesma coisa que aquele homem ou aquela mulher que est\u00e1 na pris\u00e3o fez. Todos temos a capacidade de pecar e de fazer o mesmo, de errar na vida. N\u00e3o \u00e9 pior que eu ou voc\u00ea! A miseric\u00f3rdia supera todo muro, toda barreira e te leva a procurar sempre a face do homem, da pessoa. E \u00e9 a miseric\u00f3rdia que muda o cora\u00e7\u00e3o e a vida, que pode regenerar uma pessoa e permitir a ela inserir-se de modo novo na sociedade.<\/p>\n<p>A m\u00e3e Igreja ensina a estar pr\u00f3ximo de quem est\u00e1 abandonado e morre sozinho. \u00c9 aquilo que fez a beata Teresa pelos caminhos de Calcut\u00e1; e aquilo que fizeram e fazem tantos crist\u00e3os que n\u00e3o t\u00eam medo de estender a m\u00e3o para quem est\u00e1 prestes a deixar este mundo. E tamb\u00e9m aqui a miseric\u00f3rdia d\u00e1 paz a quem parte e a quem fica, fazendo-nos sentir que Deus \u00e9 maior que a morte e que permanecendo Nele mesmo a \u00faltima separa\u00e7\u00e3o \u00e9 um \u201cat\u00e9 logo\u201d\u2026 Beata Teresa havia entendido bem isto! Diziam a ela: \u201cMadre, isto \u00e9 perder tempo!\u201d. Encontrava gente morrendo pelo caminho, gente que come\u00e7ava a ter o corpo comido por ratos das ruas, e ela os levava para casa para que morressem limpos, tranquilos, acariciados, em paz. Ela dava a eles o \u201cat\u00e9 logo\u201d, a todos estes\u2026 E tantos homens e mulheres como ela fizeram isto. E eles os esperam, ali [aponta para o c\u00e9u], na porta, para abrir a porta do C\u00e9u. Ajudar as pessoas a morrer bem, em paz.<\/p>\n<p>Queridos irm\u00e3os e irm\u00e3s, assim a Igreja \u00e9 m\u00e3e, ensinando aos seus filhos as obras de miseric\u00f3rdia. Ela aprendeu este caminho com Jesus, aprendeu que isto \u00e9 o essencial para a salva\u00e7\u00e3o. N\u00e3o basta amar quem nos ama. Jesus diz que isso o fazem os pag\u00e3os. N\u00e3o basta fazer o bem a quem nos faz o bem. Para mudar o mundo para melhor \u00e9 necess\u00e1rio fazer o bem a quem n\u00e3o \u00e9 capaz de nos retribuir, como o Pai fez conosco, doando-nos Jesus. Quanto pagamos pela nossa reden\u00e7\u00e3o? Nada, tudo de gra\u00e7a! Fazer o bem sem esperar nada em troca. Assim fez o Pai conosco e n\u00f3s devemos fazer o mesmo. Fa\u00e7a o bem e siga adiante!<\/p>\n<p>Que belo \u00e9 viver na Igreja, na nossa m\u00e3e Igreja que nos ensina estas coisas que Jesus nos ensinou. Agrade\u00e7amos ao Senhor, que nos d\u00e1 a gra\u00e7a de ter como m\u00e3e a Igreja, ela que nos ensina o caminho da miseric\u00f3rdia, que \u00e9 o caminho da vida. Agrade\u00e7amos ao Senhor.<\/p>\n<p><strong>Papa Francisco<\/strong><br \/>\n<strong> Pra\u00e7a S\u00e3o Pedro \u2013 Vaticano<\/strong><br \/>\n<strong> Quarta-feira, 10 de agosto de 2014<\/strong><\/p>\n<hr \/>\n<p><em>Fonte: R\u00e1dio Vaticano<\/em><\/p>\n","protected":false},"excerpt":{"rendered":"<p>Audi\u00eancia Geral<\/p>\n","protected":false},"author":1,"featured_media":199464,"comment_status":"open","ping_status":"open","sticky":false,"template":"","format":"standard","meta":[],"categories":[1428],"tags":[487],"acf":[],"yoast_head":"<!-- This site is optimized with the Yoast SEO plugin v19.2 - https:\/\/yoast.com\/wordpress\/plugins\/seo\/ -->\n<title>&quot;O essencial do Evangelho \u00e9 a miseric\u00f3rdia&quot; - Not\u00edcias - Franciscanos<\/title>\n<meta name=\"robots\" content=\"index, follow, max-snippet:-1, max-image-preview:large, max-video-preview:-1\" \/>\n<link rel=\"canonical\" href=\"https:\/\/franciscanos.org.br\/noticias\/o-essencial-do-evangelho-e-a-misericordia.html\" \/>\n<meta property=\"og:locale\" content=\"pt_BR\" \/>\n<meta property=\"og:type\" content=\"article\" \/>\n<meta property=\"og:title\" content=\"&quot;O essencial do Evangelho \u00e9 a miseric\u00f3rdia&quot; - Not\u00edcias - Franciscanos\" \/>\n<meta property=\"og:description\" content=\"Audi\u00eancia Geral\" \/>\n<meta property=\"og:url\" content=\"https:\/\/franciscanos.org.br\/noticias\/o-essencial-do-evangelho-e-a-misericordia.html\" \/>\n<meta property=\"og:site_name\" content=\"Not\u00edcias - Franciscanos\" \/>\n<meta property=\"article:published_time\" content=\"2014-09-10T10:11:29+00:00\" \/>\n<meta property=\"article:modified_time\" content=\"2020-06-10T20:27:37+00:00\" \/>\n<meta property=\"og:image\" content=\"https:\/\/franciscanos.org.br\/noticias\/wp-content\/uploads\/2014\/09\/papa_audiencia.jpg\" \/>\n\t<meta property=\"og:image:width\" content=\"273\" \/>\n\t<meta property=\"og:image:height\" content=\"181\" \/>\n\t<meta property=\"og:image:type\" content=\"image\/jpeg\" \/>\n<meta name=\"author\" content=\"admin\" \/>\n<meta name=\"twitter:card\" content=\"summary_large_image\" \/>\n<meta name=\"twitter:label1\" content=\"Escrito por\" \/>\n\t<meta name=\"twitter:data1\" content=\"admin\" \/>\n\t<meta name=\"twitter:label2\" content=\"Est. tempo de leitura\" \/>\n\t<meta name=\"twitter:data2\" content=\"7 minutos\" \/>\n<script type=\"application\/ld+json\" class=\"yoast-schema-graph\">{\"@context\":\"https:\/\/schema.org\",\"@graph\":[{\"@type\":\"WebSite\",\"@id\":\"https:\/\/franciscanos.org.br\/noticias\/#website\",\"url\":\"https:\/\/franciscanos.org.br\/noticias\/\",\"name\":\"Not\u00edcias - Franciscanos\",\"description\":\"Prov\u00edncia Franciscana da Imaculada Concei\u00e7\u00e3o do Brasil - Ordem dos Frades Menores - OFM\",\"potentialAction\":[{\"@type\":\"SearchAction\",\"target\":{\"@type\":\"EntryPoint\",\"urlTemplate\":\"https:\/\/franciscanos.org.br\/noticias\/?s={search_term_string}\"},\"query-input\":\"required name=search_term_string\"}],\"inLanguage\":\"pt-BR\"},{\"@type\":\"ImageObject\",\"inLanguage\":\"pt-BR\",\"@id\":\"https:\/\/franciscanos.org.br\/noticias\/o-essencial-do-evangelho-e-a-misericordia.html#primaryimage\",\"url\":\"https:\/\/franciscanos.org.br\/noticias\/wp-content\/uploads\/2014\/09\/papa_audiencia.jpg\",\"contentUrl\":\"https:\/\/franciscanos.org.br\/noticias\/wp-content\/uploads\/2014\/09\/papa_audiencia.jpg\",\"width\":273,\"height\":181},{\"@type\":\"WebPage\",\"@id\":\"https:\/\/franciscanos.org.br\/noticias\/o-essencial-do-evangelho-e-a-misericordia.html#webpage\",\"url\":\"https:\/\/franciscanos.org.br\/noticias\/o-essencial-do-evangelho-e-a-misericordia.html\",\"name\":\"\\\"O essencial do Evangelho \u00e9 a miseric\u00f3rdia\\\" - Not\u00edcias - Franciscanos\",\"isPartOf\":{\"@id\":\"https:\/\/franciscanos.org.br\/noticias\/#website\"},\"primaryImageOfPage\":{\"@id\":\"https:\/\/franciscanos.org.br\/noticias\/o-essencial-do-evangelho-e-a-misericordia.html#primaryimage\"},\"datePublished\":\"2014-09-10T10:11:29+00:00\",\"dateModified\":\"2020-06-10T20:27:37+00:00\",\"author\":{\"@id\":\"https:\/\/franciscanos.org.br\/noticias\/#\/schema\/person\/b38fbf43118f02820bd932f2e4b14ad3\"},\"breadcrumb\":{\"@id\":\"https:\/\/franciscanos.org.br\/noticias\/o-essencial-do-evangelho-e-a-misericordia.html#breadcrumb\"},\"inLanguage\":\"pt-BR\",\"potentialAction\":[{\"@type\":\"ReadAction\",\"target\":[\"https:\/\/franciscanos.org.br\/noticias\/o-essencial-do-evangelho-e-a-misericordia.html\"]}]},{\"@type\":\"BreadcrumbList\",\"@id\":\"https:\/\/franciscanos.org.br\/noticias\/o-essencial-do-evangelho-e-a-misericordia.html#breadcrumb\",\"itemListElement\":[{\"@type\":\"ListItem\",\"position\":1,\"name\":\"Home\",\"item\":\"https:\/\/franciscanos.org.br\/noticias\"},{\"@type\":\"ListItem\",\"position\":2,\"name\":\"&#8220;O essencial do Evangelho \u00e9 a miseric\u00f3rdia&#8221;\"}]},{\"@type\":\"Person\",\"@id\":\"https:\/\/franciscanos.org.br\/noticias\/#\/schema\/person\/b38fbf43118f02820bd932f2e4b14ad3\",\"name\":\"admin\",\"image\":{\"@type\":\"ImageObject\",\"inLanguage\":\"pt-BR\",\"@id\":\"https:\/\/franciscanos.org.br\/noticias\/#\/schema\/person\/image\/\",\"url\":\"https:\/\/secure.gravatar.com\/avatar\/e8495742d34d0ba6448ea1c628263b3e?s=96&d=mm&r=g\",\"contentUrl\":\"https:\/\/secure.gravatar.com\/avatar\/e8495742d34d0ba6448ea1c628263b3e?s=96&d=mm&r=g\",\"caption\":\"admin\"},\"url\":\"https:\/\/franciscanos.org.br\/noticias\/author\/admin\"}]}<\/script>\n<!-- \/ Yoast SEO plugin. -->","yoast_head_json":{"title":"\"O essencial do Evangelho \u00e9 a miseric\u00f3rdia\" - Not\u00edcias - Franciscanos","robots":{"index":"index","follow":"follow","max-snippet":"max-snippet:-1","max-image-preview":"max-image-preview:large","max-video-preview":"max-video-preview:-1"},"canonical":"https:\/\/franciscanos.org.br\/noticias\/o-essencial-do-evangelho-e-a-misericordia.html","og_locale":"pt_BR","og_type":"article","og_title":"\"O essencial do Evangelho \u00e9 a miseric\u00f3rdia\" - Not\u00edcias - Franciscanos","og_description":"Audi\u00eancia Geral","og_url":"https:\/\/franciscanos.org.br\/noticias\/o-essencial-do-evangelho-e-a-misericordia.html","og_site_name":"Not\u00edcias - Franciscanos","article_published_time":"2014-09-10T10:11:29+00:00","article_modified_time":"2020-06-10T20:27:37+00:00","og_image":[{"width":273,"height":181,"url":"https:\/\/franciscanos.org.br\/noticias\/wp-content\/uploads\/2014\/09\/papa_audiencia.jpg","type":"image\/jpeg"}],"author":"admin","twitter_card":"summary_large_image","twitter_misc":{"Escrito por":"admin","Est. tempo de leitura":"7 minutos"},"schema":{"@context":"https:\/\/schema.org","@graph":[{"@type":"WebSite","@id":"https:\/\/franciscanos.org.br\/noticias\/#website","url":"https:\/\/franciscanos.org.br\/noticias\/","name":"Not\u00edcias - Franciscanos","description":"Prov\u00edncia Franciscana da Imaculada Concei\u00e7\u00e3o do Brasil - Ordem dos Frades Menores - OFM","potentialAction":[{"@type":"SearchAction","target":{"@type":"EntryPoint","urlTemplate":"https:\/\/franciscanos.org.br\/noticias\/?s={search_term_string}"},"query-input":"required name=search_term_string"}],"inLanguage":"pt-BR"},{"@type":"ImageObject","inLanguage":"pt-BR","@id":"https:\/\/franciscanos.org.br\/noticias\/o-essencial-do-evangelho-e-a-misericordia.html#primaryimage","url":"https:\/\/franciscanos.org.br\/noticias\/wp-content\/uploads\/2014\/09\/papa_audiencia.jpg","contentUrl":"https:\/\/franciscanos.org.br\/noticias\/wp-content\/uploads\/2014\/09\/papa_audiencia.jpg","width":273,"height":181},{"@type":"WebPage","@id":"https:\/\/franciscanos.org.br\/noticias\/o-essencial-do-evangelho-e-a-misericordia.html#webpage","url":"https:\/\/franciscanos.org.br\/noticias\/o-essencial-do-evangelho-e-a-misericordia.html","name":"\"O essencial do Evangelho \u00e9 a miseric\u00f3rdia\" - Not\u00edcias - Franciscanos","isPartOf":{"@id":"https:\/\/franciscanos.org.br\/noticias\/#website"},"primaryImageOfPage":{"@id":"https:\/\/franciscanos.org.br\/noticias\/o-essencial-do-evangelho-e-a-misericordia.html#primaryimage"},"datePublished":"2014-09-10T10:11:29+00:00","dateModified":"2020-06-10T20:27:37+00:00","author":{"@id":"https:\/\/franciscanos.org.br\/noticias\/#\/schema\/person\/b38fbf43118f02820bd932f2e4b14ad3"},"breadcrumb":{"@id":"https:\/\/franciscanos.org.br\/noticias\/o-essencial-do-evangelho-e-a-misericordia.html#breadcrumb"},"inLanguage":"pt-BR","potentialAction":[{"@type":"ReadAction","target":["https:\/\/franciscanos.org.br\/noticias\/o-essencial-do-evangelho-e-a-misericordia.html"]}]},{"@type":"BreadcrumbList","@id":"https:\/\/franciscanos.org.br\/noticias\/o-essencial-do-evangelho-e-a-misericordia.html#breadcrumb","itemListElement":[{"@type":"ListItem","position":1,"name":"Home","item":"https:\/\/franciscanos.org.br\/noticias"},{"@type":"ListItem","position":2,"name":"&#8220;O essencial do Evangelho \u00e9 a miseric\u00f3rdia&#8221;"}]},{"@type":"Person","@id":"https:\/\/franciscanos.org.br\/noticias\/#\/schema\/person\/b38fbf43118f02820bd932f2e4b14ad3","name":"admin","image":{"@type":"ImageObject","inLanguage":"pt-BR","@id":"https:\/\/franciscanos.org.br\/noticias\/#\/schema\/person\/image\/","url":"https:\/\/secure.gravatar.com\/avatar\/e8495742d34d0ba6448ea1c628263b3e?s=96&d=mm&r=g","contentUrl":"https:\/\/secure.gravatar.com\/avatar\/e8495742d34d0ba6448ea1c628263b3e?s=96&d=mm&r=g","caption":"admin"},"url":"https:\/\/franciscanos.org.br\/noticias\/author\/admin"}]}},"_links":{"self":[{"href":"https:\/\/franciscanos.org.br\/noticias\/wp-json\/wp\/v2\/posts\/67072"}],"collection":[{"href":"https:\/\/franciscanos.org.br\/noticias\/wp-json\/wp\/v2\/posts"}],"about":[{"href":"https:\/\/franciscanos.org.br\/noticias\/wp-json\/wp\/v2\/types\/post"}],"author":[{"embeddable":true,"href":"https:\/\/franciscanos.org.br\/noticias\/wp-json\/wp\/v2\/users\/1"}],"replies":[{"embeddable":true,"href":"https:\/\/franciscanos.org.br\/noticias\/wp-json\/wp\/v2\/comments?post=67072"}],"version-history":[{"count":1,"href":"https:\/\/franciscanos.org.br\/noticias\/wp-json\/wp\/v2\/posts\/67072\/revisions"}],"predecessor-version":[{"id":226171,"href":"https:\/\/franciscanos.org.br\/noticias\/wp-json\/wp\/v2\/posts\/67072\/revisions\/226171"}],"wp:featuredmedia":[{"embeddable":true,"href":"https:\/\/franciscanos.org.br\/noticias\/wp-json\/wp\/v2\/media\/199464"}],"wp:attachment":[{"href":"https:\/\/franciscanos.org.br\/noticias\/wp-json\/wp\/v2\/media?parent=67072"}],"wp:term":[{"taxonomy":"category","embeddable":true,"href":"https:\/\/franciscanos.org.br\/noticias\/wp-json\/wp\/v2\/categories?post=67072"},{"taxonomy":"post_tag","embeddable":true,"href":"https:\/\/franciscanos.org.br\/noticias\/wp-json\/wp\/v2\/tags?post=67072"}],"curies":[{"name":"wp","href":"https:\/\/api.w.org\/{rel}","templated":true}]}}