{"id":67060,"date":"2014-09-09T13:25:44","date_gmt":"2014-09-09T16:25:44","guid":{"rendered":"http:\/\/franciscanos.org.br\/?p=67060"},"modified":"2020-02-11T12:42:32","modified_gmt":"2020-02-11T15:42:32","slug":"jovens-se-encontram-no-mes-vocacional","status":"publish","type":"post","link":"https:\/\/franciscanos.org.br\/noticias\/jovens-se-encontram-no-mes-vocacional.html","title":{"rendered":"Jovens se encontram no m\u00eas vocacional"},"content":{"rendered":"<p><a href=\"http:\/\/franciscanos.org.br\/wp-content\/uploads\/2014\/09\/vocacionadosrj.jpg\"><img loading=\"lazy\" class=\"alignright size-full wp-image-67061\" src=\"http:\/\/franciscanos.org.br\/wp-content\/uploads\/2014\/09\/vocacionadosrj.jpg\" alt=\"vocacionadosrj\" width=\"450\" height=\"236\" \/><\/a>No m\u00eas vocacional de agosto, o Servi\u00e7o de Anima\u00e7\u00e3o Vocacional do Convento Santo Ant\u00f4nio do Rio de Janeiro reuniu seus vocacionados para um encontro no dia 24, domingo, no Convento de Santo Ant\u00f4nio do Largo da Carioca. A coordena\u00e7\u00e3o esteve a cargo do Frei Nazareno L\u00fcdtke, com a presen\u00e7a de um vocacionado, oriundo da cidade de Petr\u00f3polis. Os vocacionados tiveram a oportunidade de vivenciar as atividades da fraternidade local, pernoitando no Convento. As atividades tiveram in\u00edcio com a Santa Missa; ap\u00f3s a celebra\u00e7\u00e3o, houve um momento de conviv\u00eancia e integra\u00e7\u00e3o entre os jovens; a seguir, os vocacionados foram convidados ao almo\u00e7o, junto \u00e0 fraternidade do Convento.<\/p>\n<p>No decorrer da tarde, sucederam-se momentos de ora\u00e7\u00e3o, leitura, reflex\u00e3o e de um proveitoso col\u00f3quio com o Frei Gilmar Jos\u00e9 da Silva, Reitor do Santu\u00e1rio de Santo Ant\u00f4nio. O religioso deu \u00eanfase ao significado dos votos de pobreza, obedi\u00eancia e de castidade, bem como ao car\u00e1ter cr\u00edtico e renovador, presente na vida de S\u00e3o Francisco, aspectos de uma impressionante atualidade. Frei Gilmar destacou que S\u00e3o Francisco de Assis foi, talvez, um dos maiores &#8220;cr\u00edticos&#8221; da Igreja (em obedi\u00eancia \u00e0 voz de Cristo, no crucifixo de S\u00e3o Dami\u00e3o). Ao contr\u00e1rio de Lutero, Francisco, em seu amor pela Igreja, M\u00edstico Corpo de Cristo, manteve-se em comunh\u00e3o e fidelidade ao Sumo Pont\u00edfice, sucessor de S\u00e3o Pedro; o mesmo prometem os seus filhos, no decorrer dos s\u00e9culos.<\/p>\n<p>Ao t\u00e9rmino das atividades, o promotor para as voca\u00e7\u00f5es, Frei Nazareno, recomendou maior assiduidade \u00e0s leituras (sobretudo com tem\u00e1tica vocacional), bem como \u00e0 vida de ora\u00e7\u00e3o. O religioso recomendou aos jovens, a participa\u00e7\u00e3o ativa e efetiva, na vida paroquial, de suas comunidades de origem. O pr\u00f3ximo encontro vocacional est\u00e1 previsto para este m\u00eas.<\/p>\n<p><a href=\"http:\/\/franciscanos.org.br\/wp-content\/uploads\/2014\/09\/sav-vocacional.jpg\"><img loading=\"lazy\" class=\"alignleft size-full wp-image-67062\" src=\"http:\/\/franciscanos.org.br\/wp-content\/uploads\/2014\/09\/sav-vocacional.jpg\" alt=\"sav-vocacional\" width=\"350\" height=\"185\" \/><\/a>O SAV, nas pessoas de Frei Nazareno Jos\u00e9 L\u00fcdtke (Fraternidade Franciscana Santo Ant\u00f4nio; \u00c2ngelo Jos\u00e9 Luiz e Robson Luiz Scudela (Fraternidade do Sagrado, Petr\u00f3polis), participou da profiss\u00e3o tempor\u00e1ria \u00e0 Ordem das Irm\u00e3s Pobres da Irm\u00e3 Jeane Maria de Jesus Sacramentado (Jeane dos Santos Silva); ocorrido no dia 23, s\u00e1bado, no Mosteiro de Nossa Senhora dos Anjos, no bairro da G\u00e1vea, Rio de Janeiro. Data, a prop\u00f3sito, muito significativa para as Am\u00e9ricas, pois \u00e9 comemorada a primeira santa do continente: Santa Rosa de Lima, religiosa, da Ordem Terceira Dominicana.<\/p>\n<p>A cerim\u00f4nia foi presidida pelo Pe. Philippe-Marie Schoenenberger, P\u00e1roco da Bas\u00edlica da Imaculada Concei\u00e7\u00e3o (Genebra, Su\u00ed\u00e7a). O sacerdote destacou o valor do tesouro encontrado pela Irm\u00e3 Jeane: a maravilha de estar imersa, no infinito amor de Cristo. Segundo o celebrante, a generosidade vocacional \u00e9 manifestada pelo sim respondido \u00e0 &#8220;batida na porta, que Jesus faz nos cora\u00e7\u00f5es&#8221;. A alegria era vis\u00edvel em todos os presentes, especialmente para a Irm\u00e3 Jeane, seus familiares e amigos. Ap\u00f3s a celebra\u00e7\u00e3o, seguiram-se breves momento de cumprimento \u00e0 religiosa. A todos impressionou o semblante das irm\u00e3s que, embora em clausura, n\u00e3o deixaram de transparecer a alegria por viver, em espont\u00e2nea pobreza, como consagradas ao Senhor. Durante um r\u00e1pido col\u00f3quio, as irm\u00e3s encorajaram os quatro jovens \u00e0 perseveran\u00e7a, na descoberta vocacional, nos passos de S\u00e3o Francisco de Assis.<\/p>\n<p><strong>Frei Nazareno Jos\u00e9 L\u00fcdtke<\/strong><\/p>\n","protected":false},"excerpt":{"rendered":"<p>SAV-RJ<\/p>\n","protected":false},"author":1,"featured_media":219284,"comment_status":"open","ping_status":"open","sticky":false,"template":"","format":"standard","meta":[],"categories":[1],"tags":[],"acf":[],"yoast_head":"<!-- This site is optimized with the Yoast SEO plugin v19.2 - https:\/\/yoast.com\/wordpress\/plugins\/seo\/ -->\n<title>Jovens se encontram no m\u00eas vocacional - Not\u00edcias - Franciscanos<\/title>\n<meta name=\"robots\" content=\"index, follow, max-snippet:-1, max-image-preview:large, max-video-preview:-1\" \/>\n<link rel=\"canonical\" href=\"https:\/\/franciscanos.org.br\/noticias\/jovens-se-encontram-no-mes-vocacional.html\" \/>\n<meta property=\"og:locale\" content=\"pt_BR\" \/>\n<meta property=\"og:type\" content=\"article\" \/>\n<meta property=\"og:title\" content=\"Jovens se encontram no m\u00eas vocacional - Not\u00edcias - Franciscanos\" \/>\n<meta property=\"og:description\" content=\"SAV-RJ\" \/>\n<meta property=\"og:url\" content=\"https:\/\/franciscanos.org.br\/noticias\/jovens-se-encontram-no-mes-vocacional.html\" \/>\n<meta property=\"og:site_name\" content=\"Not\u00edcias - Franciscanos\" \/>\n<meta property=\"article:published_time\" content=\"2014-09-09T16:25:44+00:00\" \/>\n<meta property=\"article:modified_time\" content=\"2020-02-11T15:42:32+00:00\" \/>\n<meta property=\"og:image\" content=\"https:\/\/franciscanos.org.br\/noticias\/wp-content\/uploads\/2014\/09\/vocacionadosrj.jpg\" \/>\n\t<meta property=\"og:image:width\" content=\"273\" \/>\n\t<meta property=\"og:image:height\" content=\"181\" \/>\n\t<meta property=\"og:image:type\" content=\"image\/jpeg\" \/>\n<meta name=\"author\" content=\"admin\" \/>\n<meta name=\"twitter:card\" content=\"summary_large_image\" \/>\n<meta name=\"twitter:label1\" content=\"Escrito por\" \/>\n\t<meta name=\"twitter:data1\" content=\"admin\" \/>\n\t<meta name=\"twitter:label2\" content=\"Est. tempo de leitura\" \/>\n\t<meta name=\"twitter:data2\" content=\"3 minutos\" \/>\n<script type=\"application\/ld+json\" class=\"yoast-schema-graph\">{\"@context\":\"https:\/\/schema.org\",\"@graph\":[{\"@type\":\"WebSite\",\"@id\":\"https:\/\/franciscanos.org.br\/noticias\/#website\",\"url\":\"https:\/\/franciscanos.org.br\/noticias\/\",\"name\":\"Not\u00edcias - Franciscanos\",\"description\":\"Prov\u00edncia Franciscana da Imaculada Concei\u00e7\u00e3o do Brasil - Ordem dos Frades Menores - OFM\",\"potentialAction\":[{\"@type\":\"SearchAction\",\"target\":{\"@type\":\"EntryPoint\",\"urlTemplate\":\"https:\/\/franciscanos.org.br\/noticias\/?s={search_term_string}\"},\"query-input\":\"required name=search_term_string\"}],\"inLanguage\":\"pt-BR\"},{\"@type\":\"ImageObject\",\"inLanguage\":\"pt-BR\",\"@id\":\"https:\/\/franciscanos.org.br\/noticias\/jovens-se-encontram-no-mes-vocacional.html#primaryimage\",\"url\":\"https:\/\/franciscanos.org.br\/noticias\/wp-content\/uploads\/2014\/09\/vocacionadosrj.jpg\",\"contentUrl\":\"https:\/\/franciscanos.org.br\/noticias\/wp-content\/uploads\/2014\/09\/vocacionadosrj.jpg\",\"width\":273,\"height\":181},{\"@type\":\"WebPage\",\"@id\":\"https:\/\/franciscanos.org.br\/noticias\/jovens-se-encontram-no-mes-vocacional.html#webpage\",\"url\":\"https:\/\/franciscanos.org.br\/noticias\/jovens-se-encontram-no-mes-vocacional.html\",\"name\":\"Jovens se encontram no m\u00eas vocacional - Not\u00edcias - Franciscanos\",\"isPartOf\":{\"@id\":\"https:\/\/franciscanos.org.br\/noticias\/#website\"},\"primaryImageOfPage\":{\"@id\":\"https:\/\/franciscanos.org.br\/noticias\/jovens-se-encontram-no-mes-vocacional.html#primaryimage\"},\"datePublished\":\"2014-09-09T16:25:44+00:00\",\"dateModified\":\"2020-02-11T15:42:32+00:00\",\"author\":{\"@id\":\"https:\/\/franciscanos.org.br\/noticias\/#\/schema\/person\/b38fbf43118f02820bd932f2e4b14ad3\"},\"breadcrumb\":{\"@id\":\"https:\/\/franciscanos.org.br\/noticias\/jovens-se-encontram-no-mes-vocacional.html#breadcrumb\"},\"inLanguage\":\"pt-BR\",\"potentialAction\":[{\"@type\":\"ReadAction\",\"target\":[\"https:\/\/franciscanos.org.br\/noticias\/jovens-se-encontram-no-mes-vocacional.html\"]}]},{\"@type\":\"BreadcrumbList\",\"@id\":\"https:\/\/franciscanos.org.br\/noticias\/jovens-se-encontram-no-mes-vocacional.html#breadcrumb\",\"itemListElement\":[{\"@type\":\"ListItem\",\"position\":1,\"name\":\"Home\",\"item\":\"https:\/\/franciscanos.org.br\/noticias\"},{\"@type\":\"ListItem\",\"position\":2,\"name\":\"Jovens se encontram no m\u00eas vocacional\"}]},{\"@type\":\"Person\",\"@id\":\"https:\/\/franciscanos.org.br\/noticias\/#\/schema\/person\/b38fbf43118f02820bd932f2e4b14ad3\",\"name\":\"admin\",\"image\":{\"@type\":\"ImageObject\",\"inLanguage\":\"pt-BR\",\"@id\":\"https:\/\/franciscanos.org.br\/noticias\/#\/schema\/person\/image\/\",\"url\":\"https:\/\/secure.gravatar.com\/avatar\/e8495742d34d0ba6448ea1c628263b3e?s=96&d=mm&r=g\",\"contentUrl\":\"https:\/\/secure.gravatar.com\/avatar\/e8495742d34d0ba6448ea1c628263b3e?s=96&d=mm&r=g\",\"caption\":\"admin\"},\"url\":\"https:\/\/franciscanos.org.br\/noticias\/author\/admin\"}]}<\/script>\n<!-- \/ Yoast SEO plugin. -->","yoast_head_json":{"title":"Jovens se encontram no m\u00eas vocacional - Not\u00edcias - Franciscanos","robots":{"index":"index","follow":"follow","max-snippet":"max-snippet:-1","max-image-preview":"max-image-preview:large","max-video-preview":"max-video-preview:-1"},"canonical":"https:\/\/franciscanos.org.br\/noticias\/jovens-se-encontram-no-mes-vocacional.html","og_locale":"pt_BR","og_type":"article","og_title":"Jovens se encontram no m\u00eas vocacional - Not\u00edcias - Franciscanos","og_description":"SAV-RJ","og_url":"https:\/\/franciscanos.org.br\/noticias\/jovens-se-encontram-no-mes-vocacional.html","og_site_name":"Not\u00edcias - Franciscanos","article_published_time":"2014-09-09T16:25:44+00:00","article_modified_time":"2020-02-11T15:42:32+00:00","og_image":[{"width":273,"height":181,"url":"https:\/\/franciscanos.org.br\/noticias\/wp-content\/uploads\/2014\/09\/vocacionadosrj.jpg","type":"image\/jpeg"}],"author":"admin","twitter_card":"summary_large_image","twitter_misc":{"Escrito por":"admin","Est. tempo de leitura":"3 minutos"},"schema":{"@context":"https:\/\/schema.org","@graph":[{"@type":"WebSite","@id":"https:\/\/franciscanos.org.br\/noticias\/#website","url":"https:\/\/franciscanos.org.br\/noticias\/","name":"Not\u00edcias - Franciscanos","description":"Prov\u00edncia Franciscana da Imaculada Concei\u00e7\u00e3o do Brasil - Ordem dos Frades Menores - OFM","potentialAction":[{"@type":"SearchAction","target":{"@type":"EntryPoint","urlTemplate":"https:\/\/franciscanos.org.br\/noticias\/?s={search_term_string}"},"query-input":"required name=search_term_string"}],"inLanguage":"pt-BR"},{"@type":"ImageObject","inLanguage":"pt-BR","@id":"https:\/\/franciscanos.org.br\/noticias\/jovens-se-encontram-no-mes-vocacional.html#primaryimage","url":"https:\/\/franciscanos.org.br\/noticias\/wp-content\/uploads\/2014\/09\/vocacionadosrj.jpg","contentUrl":"https:\/\/franciscanos.org.br\/noticias\/wp-content\/uploads\/2014\/09\/vocacionadosrj.jpg","width":273,"height":181},{"@type":"WebPage","@id":"https:\/\/franciscanos.org.br\/noticias\/jovens-se-encontram-no-mes-vocacional.html#webpage","url":"https:\/\/franciscanos.org.br\/noticias\/jovens-se-encontram-no-mes-vocacional.html","name":"Jovens se encontram no m\u00eas vocacional - Not\u00edcias - Franciscanos","isPartOf":{"@id":"https:\/\/franciscanos.org.br\/noticias\/#website"},"primaryImageOfPage":{"@id":"https:\/\/franciscanos.org.br\/noticias\/jovens-se-encontram-no-mes-vocacional.html#primaryimage"},"datePublished":"2014-09-09T16:25:44+00:00","dateModified":"2020-02-11T15:42:32+00:00","author":{"@id":"https:\/\/franciscanos.org.br\/noticias\/#\/schema\/person\/b38fbf43118f02820bd932f2e4b14ad3"},"breadcrumb":{"@id":"https:\/\/franciscanos.org.br\/noticias\/jovens-se-encontram-no-mes-vocacional.html#breadcrumb"},"inLanguage":"pt-BR","potentialAction":[{"@type":"ReadAction","target":["https:\/\/franciscanos.org.br\/noticias\/jovens-se-encontram-no-mes-vocacional.html"]}]},{"@type":"BreadcrumbList","@id":"https:\/\/franciscanos.org.br\/noticias\/jovens-se-encontram-no-mes-vocacional.html#breadcrumb","itemListElement":[{"@type":"ListItem","position":1,"name":"Home","item":"https:\/\/franciscanos.org.br\/noticias"},{"@type":"ListItem","position":2,"name":"Jovens se encontram no m\u00eas vocacional"}]},{"@type":"Person","@id":"https:\/\/franciscanos.org.br\/noticias\/#\/schema\/person\/b38fbf43118f02820bd932f2e4b14ad3","name":"admin","image":{"@type":"ImageObject","inLanguage":"pt-BR","@id":"https:\/\/franciscanos.org.br\/noticias\/#\/schema\/person\/image\/","url":"https:\/\/secure.gravatar.com\/avatar\/e8495742d34d0ba6448ea1c628263b3e?s=96&d=mm&r=g","contentUrl":"https:\/\/secure.gravatar.com\/avatar\/e8495742d34d0ba6448ea1c628263b3e?s=96&d=mm&r=g","caption":"admin"},"url":"https:\/\/franciscanos.org.br\/noticias\/author\/admin"}]}},"_links":{"self":[{"href":"https:\/\/franciscanos.org.br\/noticias\/wp-json\/wp\/v2\/posts\/67060"}],"collection":[{"href":"https:\/\/franciscanos.org.br\/noticias\/wp-json\/wp\/v2\/posts"}],"about":[{"href":"https:\/\/franciscanos.org.br\/noticias\/wp-json\/wp\/v2\/types\/post"}],"author":[{"embeddable":true,"href":"https:\/\/franciscanos.org.br\/noticias\/wp-json\/wp\/v2\/users\/1"}],"replies":[{"embeddable":true,"href":"https:\/\/franciscanos.org.br\/noticias\/wp-json\/wp\/v2\/comments?post=67060"}],"version-history":[{"count":0,"href":"https:\/\/franciscanos.org.br\/noticias\/wp-json\/wp\/v2\/posts\/67060\/revisions"}],"wp:featuredmedia":[{"embeddable":true,"href":"https:\/\/franciscanos.org.br\/noticias\/wp-json\/wp\/v2\/media\/219284"}],"wp:attachment":[{"href":"https:\/\/franciscanos.org.br\/noticias\/wp-json\/wp\/v2\/media?parent=67060"}],"wp:term":[{"taxonomy":"category","embeddable":true,"href":"https:\/\/franciscanos.org.br\/noticias\/wp-json\/wp\/v2\/categories?post=67060"},{"taxonomy":"post_tag","embeddable":true,"href":"https:\/\/franciscanos.org.br\/noticias\/wp-json\/wp\/v2\/tags?post=67060"}],"curies":[{"name":"wp","href":"https:\/\/api.w.org\/{rel}","templated":true}]}}