{"id":67025,"date":"2014-09-09T07:19:18","date_gmt":"2014-09-09T10:19:18","guid":{"rendered":"http:\/\/franciscanos.org.br\/?p=67025"},"modified":"2021-04-19T22:30:42","modified_gmt":"2021-04-20T01:30:42","slug":"falece-frei-joel-sgarbozza-em-petropolis","status":"publish","type":"post","link":"https:\/\/franciscanos.org.br\/noticias\/falece-frei-joel-sgarbozza-em-petropolis.html","title":{"rendered":"Frei Joel Sgarbozza \u00e9 sepultado em Petr\u00f3polis"},"content":{"rendered":"<p><b><a href=\"http:\/\/franciscanos.org.br\/wp-content\/uploads\/2014\/09\/joel.jpg\"><img loading=\"lazy\" class=\"alignright size-full wp-image-67026\" src=\"http:\/\/franciscanos.org.br\/wp-content\/uploads\/2014\/09\/joel.jpg\" alt=\"joel\" width=\"385\" height=\"450\" \/><\/a>* 13\/05\/1968\u00a0\u00a0\u00a0\u00a0 + 08\/09\/2014<\/b><\/p>\n<p>Foi encontrado morto, na segunda-feira, por volta das 18 horas, no v\u00e3o de ventila\u00e7\u00e3o e luz, junto ao convento do Sagrado, em Petr\u00f3polis, o corpo de Frei Joel Sgarbozza. No domingo \u00e0 noite ele participou normalmente do recreio da Fraternidade. Um funcion\u00e1rio da limpeza, da Vozes, \u00e9 que viu por primeiro o corpo. Os bombeiros e a Pol\u00edcia foram chamados, pois n\u00e3o se tinha certeza da identidade do corpo, e tampouco das circunst\u00e2ncias da morte.<\/p>\n<p>O corpo de Frei Joel foi liberado nesta ter\u00e7a-feira (9), ao meio-dia, pelo IML. Segundo Frei C\u00e9sar K\u00fclkamp, guardi\u00e3o do Sagrado, a Missa de Ex\u00e9quias de Frei Joel foi realizada \u00a0\u00e0s 15 horas, e o sepultamento, logo em seguida.<\/p>\n<p>A <em>causa mortis<\/em>, segundo o laudo, foi traumatismo cr\u00e2nio-encef\u00e1lico e politraumatismo. A morte ocorreu segundos ap\u00f3s a queda.<\/p>\n<p>Retornando do Regional de Pato Branco (PR), que aconteceu ontem na Fraternidade de Mangueirinha (PR), o Ministro Provincial Frei Fid\u00eancio Vanboemmel e o Definidor Frei Evandro Ballestrin passavam por \u00c1gua Doce, em Santa Catarina, quando foram informados do falecimento de Frei Joel. Imediatamente, eles foram at\u00e9 Conc\u00f3rdia (SC) para visitar a Fam\u00edlia de Frei Joel e especialmente a m\u00e3e Dona Lourdes. &#8220;Foi muito triste dar este recado a esta nossa m\u00e3e com 82 anos de idade! Chegamos no mesmo instante em que o Frei C\u00e9sar K\u00fclkamp (guardi\u00e3o de Petr\u00f3polis) estava comunicando a not\u00edcia da morte \u00e0 fam\u00edlia. Permanecemos na casa por cerca de duas horas. Todos est\u00e1vamos cheios de incertezas sobre o &#8220;porqu\u00ea&#8221; e o &#8220;como&#8221; daquele acidente. A fam\u00edlia, principalmente a m\u00e3e, n\u00e3o tem condi\u00e7\u00f5es de viajar at\u00e9 Petr\u00f3polis. Claro que o sonho da m\u00e3e e familiares seria a realiza\u00e7\u00e3o do sepultamento em Conc\u00f3rdia ou na Comunidade do Planalto (terra do Frei Clodovis e Leonardo Boff). Propomos \u00e0 fam\u00edlia a realiza\u00e7\u00e3o de uma missa amanh\u00e3 \u00e0 noite aqui em Conc\u00f3rdia e depois a missa de 7\u00ba dia na pr\u00f3xima segunda-feira na Comunidade do Planalto&#8221;, disse o Provincial.<\/p>\n<p>Nossas preces pelo confrade, cuja vida, aos nossos olhos, foi t\u00e3o precocemente colhida.<\/p>\n<p><strong>R.I.P<\/strong><strong>.<\/strong><strong>\u00a0\u00a0\u00a0\u00a0\u00a0\u00a0\u00a0\u00a0\u00a0\u00a0\u00a0\u00a0\u00a0\u00a0\u00a0\u00a0\u00a0\u00a0\u00a0\u00a0\u00a0\u00a0\u00a0\u00a0\u00a0\u00a0\u00a0\u00a0\u00a0\u00a0\u00a0\u00a0\u00a0\u00a0\u00a0\u00a0\u00a0\u00a0\u00a0\u00a0\u00a0\u00a0\u00a0\u00a0\u00a0\u00a0\u00a0\u00a0\u00a0\u00a0\u00a0\u00a0 <\/strong><\/p>\n<p><strong>Dados pessoais, forma\u00e7\u00e3o e atividades <\/strong><\/p>\n<ul>\n<li>Nascimento: 13.05.1968 (<strong>46 anos de idade<\/strong>), em Conc\u00f3rdia, Planalto, SC;<\/li>\n<li>Admiss\u00e3o ao Noviciado: 10.01.1986, em Rodeio, SC;<\/li>\n<li>Primeira Profiss\u00e3o: 10.01.1987 (<strong>27 anos de Vida Franciscana<\/strong>);<\/li>\n<li>Profiss\u00e3o Solene: 17.09.1992;<\/li>\n<li>Ordena\u00e7\u00e3o Diaconal: 24.04.1993;<\/li>\n<li>Ordena\u00e7\u00e3o Presbiteral: 26.02.1994 (<strong>20 anos de Sacerd\u00f3cio<\/strong>);<\/li>\n<li>1987 \u2013 1989 &#8211; \u00a0<strong>Rondinha<\/strong> \u2013 Estudos de Filosofia;<\/li>\n<li>1990- 1993 \u2013 <strong>Petr\u00f3polis<\/strong> \u2013 Estudos de Teologia;<\/li>\n<li>14.12.1993 \u2013 <strong>Xaxim<\/strong> \u2013 vig\u00e1rio paroquial;<\/li>\n<li>10.01.1995 \u2013 <strong>Conc\u00f3rdia<\/strong> \u2013 vig\u00e1rio paroquial;<\/li>\n<li>29.11.1997 \u2013 <strong>Petr\u00f3polis<\/strong> \u2013 Auxiliar na Editora Vozes, servi\u00e7os de biblioteca;<\/li>\n<li>23.11.2007 \u2013 Vig\u00e1rio paroquial em Paty do Alferes, nos finais de semana;<\/li>\n<\/ul>\n","protected":false},"excerpt":{"rendered":"<p>Falecimento<\/p>\n","protected":false},"author":1,"featured_media":219278,"comment_status":"open","ping_status":"open","sticky":false,"template":"","format":"standard","meta":[],"categories":[1],"tags":[190],"acf":[],"yoast_head":"<!-- This site is optimized with the Yoast SEO plugin v19.2 - https:\/\/yoast.com\/wordpress\/plugins\/seo\/ -->\n<title>Frei Joel Sgarbozza \u00e9 sepultado em Petr\u00f3polis - Not\u00edcias - Franciscanos<\/title>\n<meta name=\"robots\" content=\"index, follow, max-snippet:-1, max-image-preview:large, max-video-preview:-1\" \/>\n<link rel=\"canonical\" href=\"https:\/\/franciscanos.org.br\/noticias\/falece-frei-joel-sgarbozza-em-petropolis.html\" \/>\n<meta property=\"og:locale\" content=\"pt_BR\" \/>\n<meta property=\"og:type\" content=\"article\" \/>\n<meta property=\"og:title\" content=\"Frei Joel Sgarbozza \u00e9 sepultado em Petr\u00f3polis - Not\u00edcias - Franciscanos\" \/>\n<meta property=\"og:description\" content=\"Falecimento\" \/>\n<meta property=\"og:url\" content=\"https:\/\/franciscanos.org.br\/noticias\/falece-frei-joel-sgarbozza-em-petropolis.html\" \/>\n<meta property=\"og:site_name\" content=\"Not\u00edcias - Franciscanos\" \/>\n<meta property=\"article:published_time\" content=\"2014-09-09T10:19:18+00:00\" \/>\n<meta property=\"article:modified_time\" content=\"2021-04-20T01:30:42+00:00\" \/>\n<meta property=\"og:image\" content=\"https:\/\/franciscanos.org.br\/noticias\/wp-content\/uploads\/2014\/09\/joel.jpg\" \/>\n\t<meta property=\"og:image:width\" content=\"273\" \/>\n\t<meta property=\"og:image:height\" content=\"182\" \/>\n\t<meta property=\"og:image:type\" content=\"image\/jpeg\" \/>\n<meta name=\"author\" content=\"admin\" \/>\n<meta name=\"twitter:card\" content=\"summary_large_image\" \/>\n<meta name=\"twitter:label1\" content=\"Escrito por\" \/>\n\t<meta name=\"twitter:data1\" content=\"admin\" \/>\n\t<meta name=\"twitter:label2\" content=\"Est. tempo de leitura\" \/>\n\t<meta name=\"twitter:data2\" content=\"2 minutos\" \/>\n<script type=\"application\/ld+json\" class=\"yoast-schema-graph\">{\"@context\":\"https:\/\/schema.org\",\"@graph\":[{\"@type\":\"WebSite\",\"@id\":\"https:\/\/franciscanos.org.br\/noticias\/#website\",\"url\":\"https:\/\/franciscanos.org.br\/noticias\/\",\"name\":\"Not\u00edcias - Franciscanos\",\"description\":\"Prov\u00edncia Franciscana da Imaculada Concei\u00e7\u00e3o do Brasil - Ordem dos Frades Menores - OFM\",\"potentialAction\":[{\"@type\":\"SearchAction\",\"target\":{\"@type\":\"EntryPoint\",\"urlTemplate\":\"https:\/\/franciscanos.org.br\/noticias\/?s={search_term_string}\"},\"query-input\":\"required name=search_term_string\"}],\"inLanguage\":\"pt-BR\"},{\"@type\":\"ImageObject\",\"inLanguage\":\"pt-BR\",\"@id\":\"https:\/\/franciscanos.org.br\/noticias\/falece-frei-joel-sgarbozza-em-petropolis.html#primaryimage\",\"url\":\"https:\/\/franciscanos.org.br\/noticias\/wp-content\/uploads\/2014\/09\/joel.jpg\",\"contentUrl\":\"https:\/\/franciscanos.org.br\/noticias\/wp-content\/uploads\/2014\/09\/joel.jpg\",\"width\":273,\"height\":182},{\"@type\":\"WebPage\",\"@id\":\"https:\/\/franciscanos.org.br\/noticias\/falece-frei-joel-sgarbozza-em-petropolis.html#webpage\",\"url\":\"https:\/\/franciscanos.org.br\/noticias\/falece-frei-joel-sgarbozza-em-petropolis.html\",\"name\":\"Frei Joel Sgarbozza \u00e9 sepultado em Petr\u00f3polis - Not\u00edcias - Franciscanos\",\"isPartOf\":{\"@id\":\"https:\/\/franciscanos.org.br\/noticias\/#website\"},\"primaryImageOfPage\":{\"@id\":\"https:\/\/franciscanos.org.br\/noticias\/falece-frei-joel-sgarbozza-em-petropolis.html#primaryimage\"},\"datePublished\":\"2014-09-09T10:19:18+00:00\",\"dateModified\":\"2021-04-20T01:30:42+00:00\",\"author\":{\"@id\":\"https:\/\/franciscanos.org.br\/noticias\/#\/schema\/person\/b38fbf43118f02820bd932f2e4b14ad3\"},\"breadcrumb\":{\"@id\":\"https:\/\/franciscanos.org.br\/noticias\/falece-frei-joel-sgarbozza-em-petropolis.html#breadcrumb\"},\"inLanguage\":\"pt-BR\",\"potentialAction\":[{\"@type\":\"ReadAction\",\"target\":[\"https:\/\/franciscanos.org.br\/noticias\/falece-frei-joel-sgarbozza-em-petropolis.html\"]}]},{\"@type\":\"BreadcrumbList\",\"@id\":\"https:\/\/franciscanos.org.br\/noticias\/falece-frei-joel-sgarbozza-em-petropolis.html#breadcrumb\",\"itemListElement\":[{\"@type\":\"ListItem\",\"position\":1,\"name\":\"Home\",\"item\":\"https:\/\/franciscanos.org.br\/noticias\"},{\"@type\":\"ListItem\",\"position\":2,\"name\":\"Frei Joel Sgarbozza \u00e9 sepultado em Petr\u00f3polis\"}]},{\"@type\":\"Person\",\"@id\":\"https:\/\/franciscanos.org.br\/noticias\/#\/schema\/person\/b38fbf43118f02820bd932f2e4b14ad3\",\"name\":\"admin\",\"image\":{\"@type\":\"ImageObject\",\"inLanguage\":\"pt-BR\",\"@id\":\"https:\/\/franciscanos.org.br\/noticias\/#\/schema\/person\/image\/\",\"url\":\"https:\/\/secure.gravatar.com\/avatar\/e8495742d34d0ba6448ea1c628263b3e?s=96&d=mm&r=g\",\"contentUrl\":\"https:\/\/secure.gravatar.com\/avatar\/e8495742d34d0ba6448ea1c628263b3e?s=96&d=mm&r=g\",\"caption\":\"admin\"},\"url\":\"https:\/\/franciscanos.org.br\/noticias\/author\/admin\"}]}<\/script>\n<!-- \/ Yoast SEO plugin. -->","yoast_head_json":{"title":"Frei Joel Sgarbozza \u00e9 sepultado em Petr\u00f3polis - Not\u00edcias - Franciscanos","robots":{"index":"index","follow":"follow","max-snippet":"max-snippet:-1","max-image-preview":"max-image-preview:large","max-video-preview":"max-video-preview:-1"},"canonical":"https:\/\/franciscanos.org.br\/noticias\/falece-frei-joel-sgarbozza-em-petropolis.html","og_locale":"pt_BR","og_type":"article","og_title":"Frei Joel Sgarbozza \u00e9 sepultado em Petr\u00f3polis - Not\u00edcias - Franciscanos","og_description":"Falecimento","og_url":"https:\/\/franciscanos.org.br\/noticias\/falece-frei-joel-sgarbozza-em-petropolis.html","og_site_name":"Not\u00edcias - Franciscanos","article_published_time":"2014-09-09T10:19:18+00:00","article_modified_time":"2021-04-20T01:30:42+00:00","og_image":[{"width":273,"height":182,"url":"https:\/\/franciscanos.org.br\/noticias\/wp-content\/uploads\/2014\/09\/joel.jpg","type":"image\/jpeg"}],"author":"admin","twitter_card":"summary_large_image","twitter_misc":{"Escrito por":"admin","Est. tempo de leitura":"2 minutos"},"schema":{"@context":"https:\/\/schema.org","@graph":[{"@type":"WebSite","@id":"https:\/\/franciscanos.org.br\/noticias\/#website","url":"https:\/\/franciscanos.org.br\/noticias\/","name":"Not\u00edcias - Franciscanos","description":"Prov\u00edncia Franciscana da Imaculada Concei\u00e7\u00e3o do Brasil - Ordem dos Frades Menores - OFM","potentialAction":[{"@type":"SearchAction","target":{"@type":"EntryPoint","urlTemplate":"https:\/\/franciscanos.org.br\/noticias\/?s={search_term_string}"},"query-input":"required name=search_term_string"}],"inLanguage":"pt-BR"},{"@type":"ImageObject","inLanguage":"pt-BR","@id":"https:\/\/franciscanos.org.br\/noticias\/falece-frei-joel-sgarbozza-em-petropolis.html#primaryimage","url":"https:\/\/franciscanos.org.br\/noticias\/wp-content\/uploads\/2014\/09\/joel.jpg","contentUrl":"https:\/\/franciscanos.org.br\/noticias\/wp-content\/uploads\/2014\/09\/joel.jpg","width":273,"height":182},{"@type":"WebPage","@id":"https:\/\/franciscanos.org.br\/noticias\/falece-frei-joel-sgarbozza-em-petropolis.html#webpage","url":"https:\/\/franciscanos.org.br\/noticias\/falece-frei-joel-sgarbozza-em-petropolis.html","name":"Frei Joel Sgarbozza \u00e9 sepultado em Petr\u00f3polis - Not\u00edcias - Franciscanos","isPartOf":{"@id":"https:\/\/franciscanos.org.br\/noticias\/#website"},"primaryImageOfPage":{"@id":"https:\/\/franciscanos.org.br\/noticias\/falece-frei-joel-sgarbozza-em-petropolis.html#primaryimage"},"datePublished":"2014-09-09T10:19:18+00:00","dateModified":"2021-04-20T01:30:42+00:00","author":{"@id":"https:\/\/franciscanos.org.br\/noticias\/#\/schema\/person\/b38fbf43118f02820bd932f2e4b14ad3"},"breadcrumb":{"@id":"https:\/\/franciscanos.org.br\/noticias\/falece-frei-joel-sgarbozza-em-petropolis.html#breadcrumb"},"inLanguage":"pt-BR","potentialAction":[{"@type":"ReadAction","target":["https:\/\/franciscanos.org.br\/noticias\/falece-frei-joel-sgarbozza-em-petropolis.html"]}]},{"@type":"BreadcrumbList","@id":"https:\/\/franciscanos.org.br\/noticias\/falece-frei-joel-sgarbozza-em-petropolis.html#breadcrumb","itemListElement":[{"@type":"ListItem","position":1,"name":"Home","item":"https:\/\/franciscanos.org.br\/noticias"},{"@type":"ListItem","position":2,"name":"Frei Joel Sgarbozza \u00e9 sepultado em Petr\u00f3polis"}]},{"@type":"Person","@id":"https:\/\/franciscanos.org.br\/noticias\/#\/schema\/person\/b38fbf43118f02820bd932f2e4b14ad3","name":"admin","image":{"@type":"ImageObject","inLanguage":"pt-BR","@id":"https:\/\/franciscanos.org.br\/noticias\/#\/schema\/person\/image\/","url":"https:\/\/secure.gravatar.com\/avatar\/e8495742d34d0ba6448ea1c628263b3e?s=96&d=mm&r=g","contentUrl":"https:\/\/secure.gravatar.com\/avatar\/e8495742d34d0ba6448ea1c628263b3e?s=96&d=mm&r=g","caption":"admin"},"url":"https:\/\/franciscanos.org.br\/noticias\/author\/admin"}]}},"_links":{"self":[{"href":"https:\/\/franciscanos.org.br\/noticias\/wp-json\/wp\/v2\/posts\/67025"}],"collection":[{"href":"https:\/\/franciscanos.org.br\/noticias\/wp-json\/wp\/v2\/posts"}],"about":[{"href":"https:\/\/franciscanos.org.br\/noticias\/wp-json\/wp\/v2\/types\/post"}],"author":[{"embeddable":true,"href":"https:\/\/franciscanos.org.br\/noticias\/wp-json\/wp\/v2\/users\/1"}],"replies":[{"embeddable":true,"href":"https:\/\/franciscanos.org.br\/noticias\/wp-json\/wp\/v2\/comments?post=67025"}],"version-history":[{"count":1,"href":"https:\/\/franciscanos.org.br\/noticias\/wp-json\/wp\/v2\/posts\/67025\/revisions"}],"predecessor-version":[{"id":231735,"href":"https:\/\/franciscanos.org.br\/noticias\/wp-json\/wp\/v2\/posts\/67025\/revisions\/231735"}],"wp:featuredmedia":[{"embeddable":true,"href":"https:\/\/franciscanos.org.br\/noticias\/wp-json\/wp\/v2\/media\/219278"}],"wp:attachment":[{"href":"https:\/\/franciscanos.org.br\/noticias\/wp-json\/wp\/v2\/media?parent=67025"}],"wp:term":[{"taxonomy":"category","embeddable":true,"href":"https:\/\/franciscanos.org.br\/noticias\/wp-json\/wp\/v2\/categories?post=67025"},{"taxonomy":"post_tag","embeddable":true,"href":"https:\/\/franciscanos.org.br\/noticias\/wp-json\/wp\/v2\/tags?post=67025"}],"curies":[{"name":"wp","href":"https:\/\/api.w.org\/{rel}","templated":true}]}}