{"id":66939,"date":"2014-09-09T00:05:11","date_gmt":"2014-09-09T03:05:11","guid":{"rendered":"http:\/\/franciscanos.org.br\/?p=66939"},"modified":"2020-02-11T12:36:09","modified_gmt":"2020-02-11T15:36:09","slug":"como-curar-as-feridas-segundo-anselm-grun","status":"publish","type":"post","link":"https:\/\/franciscanos.org.br\/noticias\/como-curar-as-feridas-segundo-anselm-grun.html","title":{"rendered":"Em Retiro, Anselm Gr\u00fcn ensina como curar as feridas"},"content":{"rendered":"<p><strong>Moacir Beggo<\/strong><\/p>\n<p><strong>S\u00e3o Paulo (SP)<\/strong> &#8211; A visita ao Brasil do monge beneditino e um dos maiores escritores de espiritualidade contempor\u00e2nea, o alem\u00e3o Anselm Gr\u00fcn terminou com um retiro no domingo, 7 de setembro, no Espa\u00e7o Anhanguera, uma casa de encontros dos Jesu\u00edtas a 25 km de S\u00e3o Paulo. Como em todos os eventos que teve no Brasil, Gr\u00fcn encontrou mais um audit\u00f3rio lotado. Foi o \u00fanico retiro desta viagem e o monge falou durante toda a manh\u00e3 como curar as nossas feridas, um prolongamento do tema que abordou ainda no s\u00e1bado no Audit\u00f3rio da Fapcom, quando falou das imagens negativas que as pessoas t\u00eam de Deus.<\/p>\n<p>Frei Volney Berkenbrock, que fez a tradu\u00e7\u00e3o do alem\u00e3o, presidiu a celebra\u00e7\u00e3o eucar\u00edstica ao meio-dia, tendo como concelebrante Anselm Gr\u00fcn. Depois do almo\u00e7o, o escritor n\u00e3o parou e recebeu a todos os participantes para uma sess\u00e3o de aut\u00f3grafos e b\u00ean\u00e7\u00e3os. Disposto, mesmo depois do dia cheio, ele seguiu direto para o Aeroporto, onde viajou \u00e0s 19 horas para a Alemanha.<\/p>\n<p><a href=\"http:\/\/franciscanos.org.br\/wp-content\/uploads\/2014\/09\/anselm_11.jpg\"><img loading=\"lazy\" class=\"alignright wp-image-66940 size-full\" src=\"http:\/\/franciscanos.org.br\/wp-content\/uploads\/2014\/09\/anselm_11.jpg\" alt=\"anselm_1\" width=\"450\" height=\"338\" \/><\/a>Segundo o monge da Abadia de M\u00fcnsterschwarzach, na Alemanha, n\u00e3o existe vida sem feridas, sem sofrimento. &#8220;Quando olhamos nossas feridas, o importante \u00e9 que n\u00e3o fiquemos acusando outras pessoas, nossos pais, por exemplo, por nossas feridas&#8221;, disse o autor de mais de 100 livros publicados pela Editora Vozes. O \u00faltimo lan\u00e7amento \u00e9 exatamente o tema de suas palestras: &#8220;Reconciliar-se com Deus, curando as feridas da alma&#8221;.<\/p>\n<p>Gr\u00fcn enumerou uma s\u00e9rie de situa\u00e7\u00f5es onde h\u00e1 ferimentos e dor. Por exemplo, nas rela\u00e7\u00f5es familiares, quando uma m\u00e3e n\u00e3o tem um bom relacionamento com seu esposo e acaba tomando a filha como sua pessoa de confian\u00e7a. A filha, que tem um bom relacionamento com o pai, experimenta uma situa\u00e7\u00e3o de estranhamento quando ouve da m\u00e3e coisas ruins sobre o seu pai\u201d.<\/p>\n<p>&#8220;N\u00f3s tamb\u00e9m temos as ra\u00edzes envenenadas dessas experi\u00eancias de ferimentos e elas precisam ser purificadas. A quest\u00e3o \u00e9 como conseguimos sanar nossas feridas?&#8221;, perguntou Anselm.<\/p>\n<p>Para o escritor, somente quando nos defrontamos com as feridas e as olhamos podemos descobrir os caminhos para\u00a0 a cura. &#8220;\u00c9 preciso reconhecer que temos essas feridas e pedir para que Deus as cure&#8221;, disse. Para isso, um caminho \u00e9 buscar um espa\u00e7o interno que todos n\u00f3s temos, um espa\u00e7o interior de sil\u00eancio no qual Deus habita em mim. &#8220;Cada de um n\u00f3s gostaria muito de ir para esse espa\u00e7o interior. Mas para percorrer esse caminho e chegar l\u00e1 \u00e9 preciso passar e se confrontar com nossas verdades e com nossos ferimentos. Um caminho\u00a0 concreto pelo qual a gente consegue fazer isso \u00e9 o caminho da ora\u00e7\u00e3o&#8221;, ensinou.<\/p>\n<p>Na ora\u00e7\u00e3o e no encontro com Jesus, a cura acontece. &#8220;Essas curas acontecem sempre em encontros com Jesus. Encontrar-se com Jesus \u00e9 curar as pr\u00f3prias feridas. Um espa\u00e7o importante da cura \u00e9 o da celebra\u00e7\u00e3o eucar\u00edstica. Ent\u00e3o \u00e9 importante levar essas imagens de feridas para a celebra\u00e7\u00e3o e perceber que, na comunh\u00e3o, acontece o encontro com Cristo&#8221;, acrescentou.<\/p>\n<p>Segundo Gr\u00fcn, na busca por Deus, podemos seguir o caminho terap\u00eautico da devo\u00e7\u00e3o. &#8220;Todos sabem o que \u00e9 devo\u00e7\u00e3o: \u00e9 ser tomado por algo que me diz respeito profundamente&#8221;.<\/p>\n<p><a href=\"http:\/\/franciscanos.org.br\/wp-content\/uploads\/2014\/09\/anselm_21.jpg\"><img loading=\"lazy\" class=\"alignleft wp-image-66941 size-full\" src=\"http:\/\/franciscanos.org.br\/wp-content\/uploads\/2014\/09\/anselm_21.jpg\" alt=\"anselm_2\" width=\"450\" height=\"338\" \/><\/a>\u00a0Anselm Gr\u00fcn lembrou que na nossa tradi\u00e7\u00e3o crist\u00e3 existe a devo\u00e7\u00e3o \u00e0s Cinco Chagas de Jesus. &#8220;Essa piedade \u00e9 uma forma de se conseguir curar as pr\u00f3prias feridas, porque nas cinco chagas de Jesus conseguimos reconhecer os nossos pr\u00f3prios ferimentos&#8221;, disse, explicando o significado de cada chaga:<\/p>\n<p>M\u00e3os: Jesus pregado na cruz. Do mesmo modo nos sentimos presos; P\u00e9s: N\u00e3o aceita\u00e7\u00e3o de si mesmos; e Cora\u00e7\u00e3o: Dificuldade de amar e ser amado.<\/p>\n<p>Anselm, ent\u00e3o, fez a seguinte ora\u00e7\u00e3o:<\/p>\n<p><strong>&#8220;Eu coloco todos os ferimentos diante de Deus.<\/strong><\/p>\n<p><strong>As feridas pelas quais eu me sinto aprisionado;<\/strong><\/p>\n<p><strong>as feridas de quando algu\u00e9m n\u00e3o me estendeu a m\u00e3o;<\/strong><\/p>\n<p><strong>todos os meus ferimentos quando eu me senti ridicularizado.<\/strong><\/p>\n<p><strong>Apresento todas as feridas causadas por viol\u00eancia;<\/strong><\/p>\n<p><strong>as feridas causadas por palavras;<\/strong><\/p>\n<p><strong>as feridas por minhas fraquezas diante dos outros; <\/strong><\/p>\n<p><strong>Nas minhas m\u00e3os coloco diante de Deus tudo o que n\u00e3o conhe\u00e7o de mim mesmo, todas as situa\u00e7\u00f5es ca\u00f3ticas da minha pr\u00f3pria vida.<\/strong><\/p>\n<p><strong>Tamb\u00e9m as coisas inconscientes e que podem vir \u00e0 tona.<\/strong><\/p>\n<p><strong>Agora, imagino o amor de Jesus que escorre para dentro de minhas chagas,<\/strong><\/p>\n<p><strong>como a \u00e1gua que busca o ponto mais profundo.<\/strong><\/p>\n<p><strong>Imagino o amor de Jesus entrando no ponto mais profundo da minha vida.<\/strong><\/p>\n<p><strong>E nada h\u00e1 em mim que n\u00e3o possa ser transpassado pelo amor de Jesus.<\/strong><\/p>\n<p><strong><a href=\"http:\/\/franciscanos.org.br\/wp-content\/uploads\/2014\/09\/anselm_31.jpg\"><img loading=\"lazy\" class=\"alignright wp-image-66942 size-full\" src=\"http:\/\/franciscanos.org.br\/wp-content\/uploads\/2014\/09\/anselm_31.jpg\" alt=\"anselm_3\" width=\"450\" height=\"300\" \/><\/a>Sou inteiramente perpassado pelo amor de Jesus.<\/strong><\/p>\n<p><strong>No amor de Jesus est\u00e1 a solu\u00e7\u00e3o. Ali eu sou salvo.<\/strong><\/p>\n<p><strong>Estou completamente s\u00e3o.<\/strong><\/p>\n<p><strong>Mesmo quando as feridas deixam marcas e que muitas vezes ainda causam dor.<\/strong><\/p>\n<p><strong>Mas essas minhas feridas v\u00e3o sempre me fazer lembrar do amor de Jesus.<\/strong><\/p>\n<p><strong>Com o amor de Jesus, essas minhas feridas n\u00e3o doem mais&#8221;.<\/strong><\/p>\n<p>&nbsp;<\/p>\n<p>Na celebra\u00e7\u00e3o eucar\u00edstica, Gr\u00fcn voltou a rezar durante o ofert\u00f3rio:<\/p>\n<p><strong>&#8220;Apresentamos diante de Deus o c\u00e1lice do sofrimento. <\/strong><\/p>\n<p><strong>Confiamos que Deus vai transformar esse c\u00e1lice de sofrimento em c\u00e1lice de reden\u00e7\u00e3o.<\/strong><\/p>\n<p><strong>O c\u00e1lice da tristeza, da perda de um ente querido, da pessoa que n\u00e3o conseguimos ser, de n\u00e3o sermos perfeitos como gostar\u00edamos.<\/strong><\/p>\n<p><strong>Confiamos que Deus vai transforma o c\u00e1lice de sofrimento em c\u00e1lice de consolo.<\/strong><\/p>\n<p><strong>Apresentamos diante de Deus o c\u00e1lice de amor misturado em d\u00favidas, ci\u00fames e inveja. <\/strong><\/p>\n<p><strong>Confiamos que Deus vai transformar nosso amor misturado em amor puro&#8221;. <\/strong><\/p>\n<p>Durante o retiro, Gr\u00fcn tamb\u00e9m fez uma reflex\u00e3o com gestos sobre o sinal da cruz. &#8220;A cruz significa a realiza\u00e7\u00e3o do amor. N\u00e3o devemos ter uma vis\u00e3o negativa da cruz, a cruz \u00e9 o sinal do abra\u00e7o&#8221;, explicou.<\/p>\n<p>&nbsp;<\/p>\n","protected":false},"excerpt":{"rendered":"<p>Editora Vozes<\/p>\n","protected":false},"author":1,"featured_media":219269,"comment_status":"open","ping_status":"open","sticky":false,"template":"","format":"standard","meta":[],"categories":[1],"tags":[],"acf":[],"yoast_head":"<!-- This site is optimized with the Yoast SEO plugin v19.2 - https:\/\/yoast.com\/wordpress\/plugins\/seo\/ -->\n<title>Em Retiro, Anselm Gr\u00fcn ensina como curar as feridas - Not\u00edcias - Franciscanos<\/title>\n<meta name=\"robots\" content=\"index, follow, max-snippet:-1, max-image-preview:large, max-video-preview:-1\" \/>\n<link rel=\"canonical\" href=\"https:\/\/franciscanos.org.br\/noticias\/como-curar-as-feridas-segundo-anselm-grun.html\" \/>\n<meta property=\"og:locale\" content=\"pt_BR\" \/>\n<meta property=\"og:type\" content=\"article\" \/>\n<meta property=\"og:title\" content=\"Em Retiro, Anselm Gr\u00fcn ensina como curar as feridas - Not\u00edcias - Franciscanos\" \/>\n<meta property=\"og:description\" content=\"Editora Vozes\" \/>\n<meta property=\"og:url\" content=\"https:\/\/franciscanos.org.br\/noticias\/como-curar-as-feridas-segundo-anselm-grun.html\" \/>\n<meta property=\"og:site_name\" content=\"Not\u00edcias - Franciscanos\" \/>\n<meta property=\"article:published_time\" content=\"2014-09-09T03:05:11+00:00\" \/>\n<meta property=\"article:modified_time\" content=\"2020-02-11T15:36:09+00:00\" \/>\n<meta property=\"og:image\" content=\"https:\/\/franciscanos.org.br\/noticias\/wp-content\/uploads\/2014\/09\/anselm_11-1.jpg\" \/>\n\t<meta property=\"og:image:width\" content=\"273\" \/>\n\t<meta property=\"og:image:height\" content=\"181\" \/>\n\t<meta property=\"og:image:type\" content=\"image\/jpeg\" \/>\n<meta name=\"author\" content=\"admin\" \/>\n<meta name=\"twitter:card\" content=\"summary_large_image\" \/>\n<meta name=\"twitter:label1\" content=\"Escrito por\" \/>\n\t<meta name=\"twitter:data1\" content=\"admin\" \/>\n\t<meta name=\"twitter:label2\" content=\"Est. tempo de leitura\" \/>\n\t<meta name=\"twitter:data2\" content=\"5 minutos\" \/>\n<script type=\"application\/ld+json\" class=\"yoast-schema-graph\">{\"@context\":\"https:\/\/schema.org\",\"@graph\":[{\"@type\":\"WebSite\",\"@id\":\"https:\/\/franciscanos.org.br\/noticias\/#website\",\"url\":\"https:\/\/franciscanos.org.br\/noticias\/\",\"name\":\"Not\u00edcias - Franciscanos\",\"description\":\"Prov\u00edncia Franciscana da Imaculada Concei\u00e7\u00e3o do Brasil - Ordem dos Frades Menores - OFM\",\"potentialAction\":[{\"@type\":\"SearchAction\",\"target\":{\"@type\":\"EntryPoint\",\"urlTemplate\":\"https:\/\/franciscanos.org.br\/noticias\/?s={search_term_string}\"},\"query-input\":\"required name=search_term_string\"}],\"inLanguage\":\"pt-BR\"},{\"@type\":\"ImageObject\",\"inLanguage\":\"pt-BR\",\"@id\":\"https:\/\/franciscanos.org.br\/noticias\/como-curar-as-feridas-segundo-anselm-grun.html#primaryimage\",\"url\":\"https:\/\/franciscanos.org.br\/noticias\/wp-content\/uploads\/2014\/09\/anselm_11-1.jpg\",\"contentUrl\":\"https:\/\/franciscanos.org.br\/noticias\/wp-content\/uploads\/2014\/09\/anselm_11-1.jpg\",\"width\":273,\"height\":181},{\"@type\":\"WebPage\",\"@id\":\"https:\/\/franciscanos.org.br\/noticias\/como-curar-as-feridas-segundo-anselm-grun.html#webpage\",\"url\":\"https:\/\/franciscanos.org.br\/noticias\/como-curar-as-feridas-segundo-anselm-grun.html\",\"name\":\"Em Retiro, Anselm Gr\u00fcn ensina como curar as feridas - Not\u00edcias - Franciscanos\",\"isPartOf\":{\"@id\":\"https:\/\/franciscanos.org.br\/noticias\/#website\"},\"primaryImageOfPage\":{\"@id\":\"https:\/\/franciscanos.org.br\/noticias\/como-curar-as-feridas-segundo-anselm-grun.html#primaryimage\"},\"datePublished\":\"2014-09-09T03:05:11+00:00\",\"dateModified\":\"2020-02-11T15:36:09+00:00\",\"author\":{\"@id\":\"https:\/\/franciscanos.org.br\/noticias\/#\/schema\/person\/b38fbf43118f02820bd932f2e4b14ad3\"},\"breadcrumb\":{\"@id\":\"https:\/\/franciscanos.org.br\/noticias\/como-curar-as-feridas-segundo-anselm-grun.html#breadcrumb\"},\"inLanguage\":\"pt-BR\",\"potentialAction\":[{\"@type\":\"ReadAction\",\"target\":[\"https:\/\/franciscanos.org.br\/noticias\/como-curar-as-feridas-segundo-anselm-grun.html\"]}]},{\"@type\":\"BreadcrumbList\",\"@id\":\"https:\/\/franciscanos.org.br\/noticias\/como-curar-as-feridas-segundo-anselm-grun.html#breadcrumb\",\"itemListElement\":[{\"@type\":\"ListItem\",\"position\":1,\"name\":\"Home\",\"item\":\"https:\/\/franciscanos.org.br\/noticias\"},{\"@type\":\"ListItem\",\"position\":2,\"name\":\"Em Retiro, Anselm Gr\u00fcn ensina como curar as feridas\"}]},{\"@type\":\"Person\",\"@id\":\"https:\/\/franciscanos.org.br\/noticias\/#\/schema\/person\/b38fbf43118f02820bd932f2e4b14ad3\",\"name\":\"admin\",\"image\":{\"@type\":\"ImageObject\",\"inLanguage\":\"pt-BR\",\"@id\":\"https:\/\/franciscanos.org.br\/noticias\/#\/schema\/person\/image\/\",\"url\":\"https:\/\/secure.gravatar.com\/avatar\/e8495742d34d0ba6448ea1c628263b3e?s=96&d=mm&r=g\",\"contentUrl\":\"https:\/\/secure.gravatar.com\/avatar\/e8495742d34d0ba6448ea1c628263b3e?s=96&d=mm&r=g\",\"caption\":\"admin\"},\"url\":\"https:\/\/franciscanos.org.br\/noticias\/author\/admin\"}]}<\/script>\n<!-- \/ Yoast SEO plugin. -->","yoast_head_json":{"title":"Em Retiro, Anselm Gr\u00fcn ensina como curar as feridas - Not\u00edcias - Franciscanos","robots":{"index":"index","follow":"follow","max-snippet":"max-snippet:-1","max-image-preview":"max-image-preview:large","max-video-preview":"max-video-preview:-1"},"canonical":"https:\/\/franciscanos.org.br\/noticias\/como-curar-as-feridas-segundo-anselm-grun.html","og_locale":"pt_BR","og_type":"article","og_title":"Em Retiro, Anselm Gr\u00fcn ensina como curar as feridas - Not\u00edcias - Franciscanos","og_description":"Editora Vozes","og_url":"https:\/\/franciscanos.org.br\/noticias\/como-curar-as-feridas-segundo-anselm-grun.html","og_site_name":"Not\u00edcias - Franciscanos","article_published_time":"2014-09-09T03:05:11+00:00","article_modified_time":"2020-02-11T15:36:09+00:00","og_image":[{"width":273,"height":181,"url":"https:\/\/franciscanos.org.br\/noticias\/wp-content\/uploads\/2014\/09\/anselm_11-1.jpg","type":"image\/jpeg"}],"author":"admin","twitter_card":"summary_large_image","twitter_misc":{"Escrito por":"admin","Est. tempo de leitura":"5 minutos"},"schema":{"@context":"https:\/\/schema.org","@graph":[{"@type":"WebSite","@id":"https:\/\/franciscanos.org.br\/noticias\/#website","url":"https:\/\/franciscanos.org.br\/noticias\/","name":"Not\u00edcias - Franciscanos","description":"Prov\u00edncia Franciscana da Imaculada Concei\u00e7\u00e3o do Brasil - Ordem dos Frades Menores - OFM","potentialAction":[{"@type":"SearchAction","target":{"@type":"EntryPoint","urlTemplate":"https:\/\/franciscanos.org.br\/noticias\/?s={search_term_string}"},"query-input":"required name=search_term_string"}],"inLanguage":"pt-BR"},{"@type":"ImageObject","inLanguage":"pt-BR","@id":"https:\/\/franciscanos.org.br\/noticias\/como-curar-as-feridas-segundo-anselm-grun.html#primaryimage","url":"https:\/\/franciscanos.org.br\/noticias\/wp-content\/uploads\/2014\/09\/anselm_11-1.jpg","contentUrl":"https:\/\/franciscanos.org.br\/noticias\/wp-content\/uploads\/2014\/09\/anselm_11-1.jpg","width":273,"height":181},{"@type":"WebPage","@id":"https:\/\/franciscanos.org.br\/noticias\/como-curar-as-feridas-segundo-anselm-grun.html#webpage","url":"https:\/\/franciscanos.org.br\/noticias\/como-curar-as-feridas-segundo-anselm-grun.html","name":"Em Retiro, Anselm Gr\u00fcn ensina como curar as feridas - Not\u00edcias - Franciscanos","isPartOf":{"@id":"https:\/\/franciscanos.org.br\/noticias\/#website"},"primaryImageOfPage":{"@id":"https:\/\/franciscanos.org.br\/noticias\/como-curar-as-feridas-segundo-anselm-grun.html#primaryimage"},"datePublished":"2014-09-09T03:05:11+00:00","dateModified":"2020-02-11T15:36:09+00:00","author":{"@id":"https:\/\/franciscanos.org.br\/noticias\/#\/schema\/person\/b38fbf43118f02820bd932f2e4b14ad3"},"breadcrumb":{"@id":"https:\/\/franciscanos.org.br\/noticias\/como-curar-as-feridas-segundo-anselm-grun.html#breadcrumb"},"inLanguage":"pt-BR","potentialAction":[{"@type":"ReadAction","target":["https:\/\/franciscanos.org.br\/noticias\/como-curar-as-feridas-segundo-anselm-grun.html"]}]},{"@type":"BreadcrumbList","@id":"https:\/\/franciscanos.org.br\/noticias\/como-curar-as-feridas-segundo-anselm-grun.html#breadcrumb","itemListElement":[{"@type":"ListItem","position":1,"name":"Home","item":"https:\/\/franciscanos.org.br\/noticias"},{"@type":"ListItem","position":2,"name":"Em Retiro, Anselm Gr\u00fcn ensina como curar as feridas"}]},{"@type":"Person","@id":"https:\/\/franciscanos.org.br\/noticias\/#\/schema\/person\/b38fbf43118f02820bd932f2e4b14ad3","name":"admin","image":{"@type":"ImageObject","inLanguage":"pt-BR","@id":"https:\/\/franciscanos.org.br\/noticias\/#\/schema\/person\/image\/","url":"https:\/\/secure.gravatar.com\/avatar\/e8495742d34d0ba6448ea1c628263b3e?s=96&d=mm&r=g","contentUrl":"https:\/\/secure.gravatar.com\/avatar\/e8495742d34d0ba6448ea1c628263b3e?s=96&d=mm&r=g","caption":"admin"},"url":"https:\/\/franciscanos.org.br\/noticias\/author\/admin"}]}},"_links":{"self":[{"href":"https:\/\/franciscanos.org.br\/noticias\/wp-json\/wp\/v2\/posts\/66939"}],"collection":[{"href":"https:\/\/franciscanos.org.br\/noticias\/wp-json\/wp\/v2\/posts"}],"about":[{"href":"https:\/\/franciscanos.org.br\/noticias\/wp-json\/wp\/v2\/types\/post"}],"author":[{"embeddable":true,"href":"https:\/\/franciscanos.org.br\/noticias\/wp-json\/wp\/v2\/users\/1"}],"replies":[{"embeddable":true,"href":"https:\/\/franciscanos.org.br\/noticias\/wp-json\/wp\/v2\/comments?post=66939"}],"version-history":[{"count":0,"href":"https:\/\/franciscanos.org.br\/noticias\/wp-json\/wp\/v2\/posts\/66939\/revisions"}],"wp:featuredmedia":[{"embeddable":true,"href":"https:\/\/franciscanos.org.br\/noticias\/wp-json\/wp\/v2\/media\/219269"}],"wp:attachment":[{"href":"https:\/\/franciscanos.org.br\/noticias\/wp-json\/wp\/v2\/media?parent=66939"}],"wp:term":[{"taxonomy":"category","embeddable":true,"href":"https:\/\/franciscanos.org.br\/noticias\/wp-json\/wp\/v2\/categories?post=66939"},{"taxonomy":"post_tag","embeddable":true,"href":"https:\/\/franciscanos.org.br\/noticias\/wp-json\/wp\/v2\/tags?post=66939"}],"curies":[{"name":"wp","href":"https:\/\/api.w.org\/{rel}","templated":true}]}}