{"id":66814,"date":"2014-09-08T06:55:26","date_gmt":"2014-09-08T09:55:26","guid":{"rendered":"http:\/\/franciscanos.org.br\/?p=66814"},"modified":"2021-04-19T22:31:25","modified_gmt":"2021-04-20T01:31:25","slug":"mais-cultura-nas-escolas-chega-a-petropolis","status":"publish","type":"post","link":"https:\/\/franciscanos.org.br\/noticias\/mais-cultura-nas-escolas-chega-a-petropolis.html","title":{"rendered":"Projeto &#8216;Mais Cultura nas Escolas&#8217; chega a Petr\u00f3polis"},"content":{"rendered":"<p><img loading=\"lazy\" src=\"http:\/\/franciscanos.org.br\/wp-content\/uploads\/2014\/09\/canarinhos_8.jpg\" alt=\"canarinhos_8\" width=\"820\" height=\"374\" \/><\/p>\n<p>Estimular a produ\u00e7\u00e3o art\u00edstica atrav\u00e9s de atividades culturais de forma a contribuir para a forma\u00e7\u00e3o acad\u00eamica e social. Este \u00e9 o objetivo do Instituto dos Meninos Cantores de Petr\u00f3polis com o projeto Mais Cultura nas Escolas. Realizado em parceria com a Escola Municipal Carmem Nunes Martins, o projeto atender\u00e1 240 estudantes, com aulas de musicaliza\u00e7\u00e3o e canto coral.<\/p>\n<p>\u201cNossa principal preocupa\u00e7\u00e3o \u00e9 com a forma\u00e7\u00e3o dos alunos. O ensino da m\u00fasica \u00e9 um meio de dar a eles uma vis\u00e3o ampliada do mundo. O que a m\u00fasica proporciona aos estudantes, na verdade, \u00e9 muito maior do que a aula\u201d, analisou a coordenadora do Intituto, Rose Mello, antecipando que os estudantes interessados em continuar o aprendizado poder\u00e3o fazer parte do IMCP.<\/p>\n<p>\u201c\u00c9 uma grande honra ter tido esse projeto, em parceria com os Canarinhos, aprovado junto ao Minist\u00e9rio da Cultura. Nossos alunos est\u00e3o tendo uma oportunidade \u00fanica de conhecer um universo diferente do que est\u00e3o acostumados. \u00c9 o primeiro contato que eles t\u00eam com a m\u00fasica erudita\u201d, comemora Aline Dias, diretora da Escola Municipal Carmen Nunes Martins.<\/p>\n<p>O ensino da m\u00fasica se torna um ve\u00edculo de socializa\u00e7\u00e3o, j\u00e1 que os ensaios s\u00e3o coletivos, gerando uma conviv\u00eancia, onde as partes precisam se ouvir para que haja harmonia musical. Al\u00e9m da expans\u00e3o cultural, o Projeto pretende estimular valores como a disciplina, concentra\u00e7\u00e3o, compromisso, responsabilidade, cidadania, sensibilidade, autoestima, solidariedade, senso cr\u00edtico, gosto pelas atividades culturais e, em decorr\u00eancia, formar plateias e despertar voca\u00e7\u00f5es art\u00edsticas.<\/p>\n<p>Fazem parte do projeto aulas de inicia\u00e7\u00e3o musical, canto coral, concertos did\u00e1ticos e concertos em pontos de cultura e espa\u00e7os culturais. As atividades compreendem manifesta\u00e7\u00f5es populares e eruditas, passando por diversas linguagens art\u00edsticas.\u00a0 Dentro do programa est\u00e3o artes c\u00eanicas, (circo, teatro, dan\u00e7a, m\u00edmica, \u00f3pera), audiovisual, (cinema, v\u00eddeo, TV), m\u00fasica, artes da palavra, (literatura, cordel, lendas, mitos, dramaturgia, conta\u00e7\u00e3o de hist\u00f3rias) e artes visuais (artes gr\u00e1ficas, pintura, desenho, fotografia, escultura, grafite, performance, interven\u00e7\u00f5es urbanas). Nesse contexto, s\u00e3o inseridas diversas culturas, como a afro-brasileira e ind\u00edgena, a cultura digital e comunica\u00e7\u00e3o, al\u00e9m de educa\u00e7\u00e3o museol\u00f3gica e patrimonial.<\/p>\n<p>Os benef\u00edcios para os alunos v\u00e3o al\u00e9m do enriquecimento da bagagem cultural, do est\u00edmulo di\u00e1rio para melhor desenvolver suas potencialidades, vencer a timidez e romper preconceitos. Reuni\u00f5es de intera\u00e7\u00e3o, discuss\u00e3o e avalia\u00e7\u00e3o com familiares e a comunidade escolar tendem a otimizar a aprendizagem dos estudantes. \u201cOs alunos est\u00e3o contentes com a novidade e temos a expectativa de que muitos talentos sejam descobertos\u201d, acredita Aline.<\/p>\n<p>As aulas semanais acontecem no contra turno escolar, com profissionais especializados coordenados pelo Instituto dos Meninos Cantores de Petr\u00f3polis. Os alunos da Educa\u00e7\u00e3o Infantil participam da Inicia\u00e7\u00e3o Musical, j\u00e1 os estudantes que est\u00e3o entre o 1\u00ba e 5\u00ba ano t\u00eam aulas de Forma\u00e7\u00e3o Musical. Ap\u00f3s a inicia\u00e7\u00e3o, ser\u00e1 introduzido o canto coral e alguns instrumentos como flauta doce, violino e piano. No fim do ano, haver\u00e1 apresenta\u00e7\u00e3o dos alunos envolvidos no Programa Mais Cultura na escola e em espa\u00e7os culturais.<\/p>\n","protected":false},"excerpt":{"rendered":"<p>Canarinhos<\/p>\n","protected":false},"author":1,"featured_media":219266,"comment_status":"open","ping_status":"open","sticky":false,"template":"","format":"standard","meta":[],"categories":[1],"tags":[190],"acf":[],"yoast_head":"<!-- This site is optimized with the Yoast SEO plugin v19.2 - https:\/\/yoast.com\/wordpress\/plugins\/seo\/ -->\n<title>Projeto &#039;Mais Cultura nas Escolas&#039; chega a Petr\u00f3polis - Not\u00edcias - Franciscanos<\/title>\n<meta name=\"robots\" content=\"index, follow, max-snippet:-1, max-image-preview:large, max-video-preview:-1\" \/>\n<link rel=\"canonical\" href=\"https:\/\/franciscanos.org.br\/noticias\/mais-cultura-nas-escolas-chega-a-petropolis.html\" \/>\n<meta property=\"og:locale\" content=\"pt_BR\" \/>\n<meta property=\"og:type\" content=\"article\" \/>\n<meta property=\"og:title\" content=\"Projeto &#039;Mais Cultura nas Escolas&#039; chega a Petr\u00f3polis - Not\u00edcias - Franciscanos\" \/>\n<meta property=\"og:description\" content=\"Canarinhos\" \/>\n<meta property=\"og:url\" content=\"https:\/\/franciscanos.org.br\/noticias\/mais-cultura-nas-escolas-chega-a-petropolis.html\" \/>\n<meta property=\"og:site_name\" content=\"Not\u00edcias - Franciscanos\" \/>\n<meta property=\"article:published_time\" content=\"2014-09-08T09:55:26+00:00\" \/>\n<meta property=\"article:modified_time\" content=\"2021-04-20T01:31:25+00:00\" \/>\n<meta property=\"og:image\" content=\"https:\/\/franciscanos.org.br\/noticias\/wp-content\/uploads\/2014\/09\/canarinhos_8.jpg\" \/>\n\t<meta property=\"og:image:width\" content=\"273\" \/>\n\t<meta property=\"og:image:height\" content=\"181\" \/>\n\t<meta property=\"og:image:type\" content=\"image\/jpeg\" \/>\n<meta name=\"author\" content=\"admin\" \/>\n<meta name=\"twitter:card\" content=\"summary_large_image\" \/>\n<meta name=\"twitter:label1\" content=\"Escrito por\" \/>\n\t<meta name=\"twitter:data1\" content=\"admin\" \/>\n\t<meta name=\"twitter:label2\" content=\"Est. tempo de leitura\" \/>\n\t<meta name=\"twitter:data2\" content=\"3 minutos\" \/>\n<script type=\"application\/ld+json\" class=\"yoast-schema-graph\">{\"@context\":\"https:\/\/schema.org\",\"@graph\":[{\"@type\":\"WebSite\",\"@id\":\"https:\/\/franciscanos.org.br\/noticias\/#website\",\"url\":\"https:\/\/franciscanos.org.br\/noticias\/\",\"name\":\"Not\u00edcias - Franciscanos\",\"description\":\"Prov\u00edncia Franciscana da Imaculada Concei\u00e7\u00e3o do Brasil - Ordem dos Frades Menores - OFM\",\"potentialAction\":[{\"@type\":\"SearchAction\",\"target\":{\"@type\":\"EntryPoint\",\"urlTemplate\":\"https:\/\/franciscanos.org.br\/noticias\/?s={search_term_string}\"},\"query-input\":\"required name=search_term_string\"}],\"inLanguage\":\"pt-BR\"},{\"@type\":\"ImageObject\",\"inLanguage\":\"pt-BR\",\"@id\":\"https:\/\/franciscanos.org.br\/noticias\/mais-cultura-nas-escolas-chega-a-petropolis.html#primaryimage\",\"url\":\"https:\/\/franciscanos.org.br\/noticias\/wp-content\/uploads\/2014\/09\/canarinhos_8.jpg\",\"contentUrl\":\"https:\/\/franciscanos.org.br\/noticias\/wp-content\/uploads\/2014\/09\/canarinhos_8.jpg\",\"width\":273,\"height\":181},{\"@type\":\"WebPage\",\"@id\":\"https:\/\/franciscanos.org.br\/noticias\/mais-cultura-nas-escolas-chega-a-petropolis.html#webpage\",\"url\":\"https:\/\/franciscanos.org.br\/noticias\/mais-cultura-nas-escolas-chega-a-petropolis.html\",\"name\":\"Projeto 'Mais Cultura nas Escolas' chega a Petr\u00f3polis - Not\u00edcias - Franciscanos\",\"isPartOf\":{\"@id\":\"https:\/\/franciscanos.org.br\/noticias\/#website\"},\"primaryImageOfPage\":{\"@id\":\"https:\/\/franciscanos.org.br\/noticias\/mais-cultura-nas-escolas-chega-a-petropolis.html#primaryimage\"},\"datePublished\":\"2014-09-08T09:55:26+00:00\",\"dateModified\":\"2021-04-20T01:31:25+00:00\",\"author\":{\"@id\":\"https:\/\/franciscanos.org.br\/noticias\/#\/schema\/person\/b38fbf43118f02820bd932f2e4b14ad3\"},\"breadcrumb\":{\"@id\":\"https:\/\/franciscanos.org.br\/noticias\/mais-cultura-nas-escolas-chega-a-petropolis.html#breadcrumb\"},\"inLanguage\":\"pt-BR\",\"potentialAction\":[{\"@type\":\"ReadAction\",\"target\":[\"https:\/\/franciscanos.org.br\/noticias\/mais-cultura-nas-escolas-chega-a-petropolis.html\"]}]},{\"@type\":\"BreadcrumbList\",\"@id\":\"https:\/\/franciscanos.org.br\/noticias\/mais-cultura-nas-escolas-chega-a-petropolis.html#breadcrumb\",\"itemListElement\":[{\"@type\":\"ListItem\",\"position\":1,\"name\":\"Home\",\"item\":\"https:\/\/franciscanos.org.br\/noticias\"},{\"@type\":\"ListItem\",\"position\":2,\"name\":\"Projeto &#8216;Mais Cultura nas Escolas&#8217; chega a Petr\u00f3polis\"}]},{\"@type\":\"Person\",\"@id\":\"https:\/\/franciscanos.org.br\/noticias\/#\/schema\/person\/b38fbf43118f02820bd932f2e4b14ad3\",\"name\":\"admin\",\"image\":{\"@type\":\"ImageObject\",\"inLanguage\":\"pt-BR\",\"@id\":\"https:\/\/franciscanos.org.br\/noticias\/#\/schema\/person\/image\/\",\"url\":\"https:\/\/secure.gravatar.com\/avatar\/e8495742d34d0ba6448ea1c628263b3e?s=96&d=mm&r=g\",\"contentUrl\":\"https:\/\/secure.gravatar.com\/avatar\/e8495742d34d0ba6448ea1c628263b3e?s=96&d=mm&r=g\",\"caption\":\"admin\"},\"url\":\"https:\/\/franciscanos.org.br\/noticias\/author\/admin\"}]}<\/script>\n<!-- \/ Yoast SEO plugin. -->","yoast_head_json":{"title":"Projeto 'Mais Cultura nas Escolas' chega a Petr\u00f3polis - Not\u00edcias - Franciscanos","robots":{"index":"index","follow":"follow","max-snippet":"max-snippet:-1","max-image-preview":"max-image-preview:large","max-video-preview":"max-video-preview:-1"},"canonical":"https:\/\/franciscanos.org.br\/noticias\/mais-cultura-nas-escolas-chega-a-petropolis.html","og_locale":"pt_BR","og_type":"article","og_title":"Projeto 'Mais Cultura nas Escolas' chega a Petr\u00f3polis - Not\u00edcias - Franciscanos","og_description":"Canarinhos","og_url":"https:\/\/franciscanos.org.br\/noticias\/mais-cultura-nas-escolas-chega-a-petropolis.html","og_site_name":"Not\u00edcias - Franciscanos","article_published_time":"2014-09-08T09:55:26+00:00","article_modified_time":"2021-04-20T01:31:25+00:00","og_image":[{"width":273,"height":181,"url":"https:\/\/franciscanos.org.br\/noticias\/wp-content\/uploads\/2014\/09\/canarinhos_8.jpg","type":"image\/jpeg"}],"author":"admin","twitter_card":"summary_large_image","twitter_misc":{"Escrito por":"admin","Est. tempo de leitura":"3 minutos"},"schema":{"@context":"https:\/\/schema.org","@graph":[{"@type":"WebSite","@id":"https:\/\/franciscanos.org.br\/noticias\/#website","url":"https:\/\/franciscanos.org.br\/noticias\/","name":"Not\u00edcias - Franciscanos","description":"Prov\u00edncia Franciscana da Imaculada Concei\u00e7\u00e3o do Brasil - Ordem dos Frades Menores - OFM","potentialAction":[{"@type":"SearchAction","target":{"@type":"EntryPoint","urlTemplate":"https:\/\/franciscanos.org.br\/noticias\/?s={search_term_string}"},"query-input":"required name=search_term_string"}],"inLanguage":"pt-BR"},{"@type":"ImageObject","inLanguage":"pt-BR","@id":"https:\/\/franciscanos.org.br\/noticias\/mais-cultura-nas-escolas-chega-a-petropolis.html#primaryimage","url":"https:\/\/franciscanos.org.br\/noticias\/wp-content\/uploads\/2014\/09\/canarinhos_8.jpg","contentUrl":"https:\/\/franciscanos.org.br\/noticias\/wp-content\/uploads\/2014\/09\/canarinhos_8.jpg","width":273,"height":181},{"@type":"WebPage","@id":"https:\/\/franciscanos.org.br\/noticias\/mais-cultura-nas-escolas-chega-a-petropolis.html#webpage","url":"https:\/\/franciscanos.org.br\/noticias\/mais-cultura-nas-escolas-chega-a-petropolis.html","name":"Projeto 'Mais Cultura nas Escolas' chega a Petr\u00f3polis - Not\u00edcias - Franciscanos","isPartOf":{"@id":"https:\/\/franciscanos.org.br\/noticias\/#website"},"primaryImageOfPage":{"@id":"https:\/\/franciscanos.org.br\/noticias\/mais-cultura-nas-escolas-chega-a-petropolis.html#primaryimage"},"datePublished":"2014-09-08T09:55:26+00:00","dateModified":"2021-04-20T01:31:25+00:00","author":{"@id":"https:\/\/franciscanos.org.br\/noticias\/#\/schema\/person\/b38fbf43118f02820bd932f2e4b14ad3"},"breadcrumb":{"@id":"https:\/\/franciscanos.org.br\/noticias\/mais-cultura-nas-escolas-chega-a-petropolis.html#breadcrumb"},"inLanguage":"pt-BR","potentialAction":[{"@type":"ReadAction","target":["https:\/\/franciscanos.org.br\/noticias\/mais-cultura-nas-escolas-chega-a-petropolis.html"]}]},{"@type":"BreadcrumbList","@id":"https:\/\/franciscanos.org.br\/noticias\/mais-cultura-nas-escolas-chega-a-petropolis.html#breadcrumb","itemListElement":[{"@type":"ListItem","position":1,"name":"Home","item":"https:\/\/franciscanos.org.br\/noticias"},{"@type":"ListItem","position":2,"name":"Projeto &#8216;Mais Cultura nas Escolas&#8217; chega a Petr\u00f3polis"}]},{"@type":"Person","@id":"https:\/\/franciscanos.org.br\/noticias\/#\/schema\/person\/b38fbf43118f02820bd932f2e4b14ad3","name":"admin","image":{"@type":"ImageObject","inLanguage":"pt-BR","@id":"https:\/\/franciscanos.org.br\/noticias\/#\/schema\/person\/image\/","url":"https:\/\/secure.gravatar.com\/avatar\/e8495742d34d0ba6448ea1c628263b3e?s=96&d=mm&r=g","contentUrl":"https:\/\/secure.gravatar.com\/avatar\/e8495742d34d0ba6448ea1c628263b3e?s=96&d=mm&r=g","caption":"admin"},"url":"https:\/\/franciscanos.org.br\/noticias\/author\/admin"}]}},"_links":{"self":[{"href":"https:\/\/franciscanos.org.br\/noticias\/wp-json\/wp\/v2\/posts\/66814"}],"collection":[{"href":"https:\/\/franciscanos.org.br\/noticias\/wp-json\/wp\/v2\/posts"}],"about":[{"href":"https:\/\/franciscanos.org.br\/noticias\/wp-json\/wp\/v2\/types\/post"}],"author":[{"embeddable":true,"href":"https:\/\/franciscanos.org.br\/noticias\/wp-json\/wp\/v2\/users\/1"}],"replies":[{"embeddable":true,"href":"https:\/\/franciscanos.org.br\/noticias\/wp-json\/wp\/v2\/comments?post=66814"}],"version-history":[{"count":1,"href":"https:\/\/franciscanos.org.br\/noticias\/wp-json\/wp\/v2\/posts\/66814\/revisions"}],"predecessor-version":[{"id":229353,"href":"https:\/\/franciscanos.org.br\/noticias\/wp-json\/wp\/v2\/posts\/66814\/revisions\/229353"}],"wp:featuredmedia":[{"embeddable":true,"href":"https:\/\/franciscanos.org.br\/noticias\/wp-json\/wp\/v2\/media\/219266"}],"wp:attachment":[{"href":"https:\/\/franciscanos.org.br\/noticias\/wp-json\/wp\/v2\/media?parent=66814"}],"wp:term":[{"taxonomy":"category","embeddable":true,"href":"https:\/\/franciscanos.org.br\/noticias\/wp-json\/wp\/v2\/categories?post=66814"},{"taxonomy":"post_tag","embeddable":true,"href":"https:\/\/franciscanos.org.br\/noticias\/wp-json\/wp\/v2\/tags?post=66814"}],"curies":[{"name":"wp","href":"https:\/\/api.w.org\/{rel}","templated":true}]}}