{"id":66782,"date":"2014-09-06T23:12:20","date_gmt":"2014-09-07T02:12:20","guid":{"rendered":"http:\/\/franciscanos.org.br\/?p=66782"},"modified":"2020-02-11T12:34:10","modified_gmt":"2020-02-11T15:34:10","slug":"anselm-grun-ensina-reconciliar-se-com-deus","status":"publish","type":"post","link":"https:\/\/franciscanos.org.br\/noticias\/anselm-grun-ensina-reconciliar-se-com-deus.html","title":{"rendered":"Anselm Gr\u00fcn ensina a reconciliar-se com Deus"},"content":{"rendered":"<p><strong>Moacir Beggo<\/strong><\/p>\n<p><strong>S\u00e3o Paulo (SP)<\/strong> &#8211; O monge beneditino Anselm Gr\u00fcn tra\u00e7ou um itiner\u00e1rio para se reconciliar com Deus em palestra proferida neste s\u00e1bado, 6 de setembro, em S\u00e3o Paulo: Curar as feridas, recuperar a imagem positiva de Deus e exercitar o perd\u00e3o. O evento, realizado pela Editora Vozes, Paulus e Paulinas, lotou o audit\u00f3rio da Fapcom, na Vila Mariana, e foi aberto, \u00e0s 15 horas, pelo provincial dos Paulinos, Pe. Valdir Jos\u00e9 de Castro, que deu as boas vindas e falou da alegria de sediar um encontro como esse exatamente no ano do centen\u00e1rio de funda\u00e7\u00e3o dos Paulinos.<\/p>\n<p><a href=\"http:\/\/franciscanos.org.br\/wp-content\/uploads\/2014\/09\/anselm_3.jpg\"><img loading=\"lazy\" class=\"alignright wp-image-66785 size-full\" src=\"http:\/\/franciscanos.org.br\/wp-content\/uploads\/2014\/09\/anselm_3.jpg\" alt=\"anselm_3\" width=\"338\" height=\"450\" \/><\/a>Com mais de cem t\u00edtulos traduzidos no Brasil e mais de 2 milh\u00f5es de exemplares vendidos, Anselm Gr\u00fcn termina em S\u00e3o Paulo sua \u2018turn\u00ea\u2019 pelo Brasil proferindo palestras e fazendo o lan\u00e7amento simult\u00e2neo de tr\u00eas livros: \u201cReconciliar-se com Deus \u2013 Curando as feriadas da alma\u201d, \u201cO poder da decis\u00e3o \u2013 Na vida, nos relacionamentos, no trabalho e no cotidiano\u201d, e \u201cVinho \u2013 Um presente do C\u00e9u e da Terra\u201d. Acess\u00edvel e esbanjando simpatia, o monge beneditino n\u00e3o economizou em aten\u00e7\u00e3o aos seus leitores: abra\u00e7ou, fez \u2018selfies\u2019 sem parar, aben\u00e7oou e autografou suas obras.<\/p>\n<p>O &#8216;best-seller&#8217; da Editora Vozes, com 14 milh\u00f5es de livros traduzidos em 30 idiomas no mundo, publicou o primeiro livro em 1998, quando \u2018explodiu\u2019 com \u201cO C\u00e9u come\u00e7a em voc\u00ea\u201d. \u201cO Brasil \u00e9 um pa\u00eds onde se traduziu a maior parte de meus livros e isso mostra, de certa forma, que temos um parentesco espiritual\u201d, elogiou o alem\u00e3o. Desta vez, Gr\u00fcn falou durante duas horas sobre como podemos lidar com as imagens e representa\u00e7\u00f5es doentias de Deus que se encravaram profundamente em nossa alma.<\/p>\n<p>Anselm teve ao seu lado o diretor da Vozes, Frei Volney Berkenbrock, que fez a tradu\u00e7\u00e3o do alem\u00e3o. \u201cA imagem de Deus que temos sempre corresponde \u00e0 nossa pr\u00f3pria imagem. As imagens foram inculcadas em n\u00f3s e as carregamos conosco\u201d, disse. \u201cMuitas pessoas, em suas hist\u00f3rias de vida, tiveram imagens negativas de Deus e, sobretudo, uma imagem de Deus controlador e castigador\u201d, refor\u00e7ou. Para fugirem das feridas, muitas pessoas preferiram se afastar totalmente de Deus como uma forma de se libertarem daquelas imagens dolorosas que os feriram.<\/p>\n<p>Um exemplo disso \u00e9 imagem de Deus que muitos pais passam para os seus filhos com o pretenso objetivo de educar. \u201cMuitos pais n\u00e3o conseguem controlar os filhos e passam a imagem de que Deus controla tudo, at\u00e9 os pensamentos mais \u00edntimos da crian\u00e7a. E esse Deus que tudo enxerga, controla e castiga causou muito medo \u00e0s pessoas\u201d, lamentou.<\/p>\n<p><a href=\"http:\/\/franciscanos.org.br\/wp-content\/uploads\/2014\/09\/anselm_2.jpg\"><img loading=\"lazy\" class=\"alignleft wp-image-66786 size-full\" src=\"http:\/\/franciscanos.org.br\/wp-content\/uploads\/2014\/09\/anselm_2.jpg\" alt=\"anselm_2\" width=\"450\" height=\"338\" \/><\/a>Gr\u00fcn citou que, na d\u00e9cada de 70, na Alemanha, o psicoterapeuta Tilmann Moser escreveu um livro com o t\u00edtulo \u201cO envenenamento de Deus\u201d, criticando duramente sua educa\u00e7\u00e3o evang\u00e9lica. Segundo Gr\u00fcn, ele dizia que Deus foi envenenado atrav\u00e9s de imagens ruins. \u201cDeus \u00e9 encarado como um patriarca violento e sem miseric\u00f3rdia\u201d, contou.<\/p>\n<p>&#8220;Deus est\u00e1 por toda a parte, e v\u00ea tudo. Do Deus todo-poderoso e onipotente a crian\u00e7a n\u00e3o pode escapar. Deus sempre tem as crian\u00e7as em suas m\u00e3os. Uma imagem de Deus desse tipo conduz ao envenenamento&#8221;, lamentou. Outro &#8220;envenenamento&#8221; \u00e9 o da decep\u00e7\u00e3o que muitas pessoas t\u00eam com a Igreja: &#8220;Deus \u00e9 t\u00e3o fraco a ponto de n\u00e3o poder mais preencher com seu Esp\u00edrito a sua Igreja? A gente rezou durante anos e foi fielmente \u00e0 missa. Apesar disso, parece que Deus n\u00e3o nos deu aten\u00e7\u00e3o&#8221;, analisa o monge.<\/p>\n<p>Outra imagem que afasta de Deus \u00e9 a que transmite o sentimento de culpa. \u201cOu seja, o sentimento de que somos culpados. Muitas pessoas interiorizaram isso na inf\u00e2ncia: eu sou uma pessoa ruim, um pecador, sou uma pessoa negativa\u201d, disse. Segundo ele, \u00e9 uma ilus\u00e3o achar que o ser humano pode viver sem culpa e que a culpa \u00e9 uma emo\u00e7\u00e3o humana prim\u00e1ria a todos n\u00f3s. \u201cA quest\u00e3o \u00e9 como eu lido com a culpa e com o sentimento de culpa. Eu n\u00e3o posso lidar com isso sem perder a minha autoestima\u201d, destacou, lembrando que muitos crist\u00e3os infundiram-se sentimentos profundos de culpa.<\/p>\n<p><a href=\"http:\/\/franciscanos.org.br\/wp-content\/uploads\/2014\/09\/anselm_1.jpg\"><img loading=\"lazy\" class=\"alignleft wp-image-66787 size-full\" src=\"http:\/\/franciscanos.org.br\/wp-content\/uploads\/2014\/09\/anselm_1.jpg\" alt=\"anselm_1\" width=\"338\" height=\"450\" \/><\/a>Mas, segundo Anselm, a imagem central da salva\u00e7\u00e3o e da absolvi\u00e7\u00e3o da culpa \u00e9 a imagem da cruz. &#8220;Nela n\u00e3o devemos ver tanto uma imagem dos pecados, mas antes uma imagem do amor de Jesus Cristo com o qual Ele nos amou perfeitamente&#8221;.<\/p>\n<p>O religioso alem\u00e3o lembrou que h\u00e1 correntes que tratam a espiritualidade de forma fan\u00e1tica e fundamentalista. Segundo ele, fundamentalismo n\u00e3o \u00e9 o mesmo que fanatismo. &#8220;No fundamentalismo, a f\u00e9 \u00e9 constru\u00edda sobre uma funda\u00e7\u00e3o firme. Isso \u00e9 muito bom. Mas, infelizmente, os fundamentalistas se at\u00eam t\u00e3o firmemente \u00e0 sua funda\u00e7\u00e3o, que se tornam r\u00edgidos. Eles confundem Deus com os dogmas sobre Deus&#8221;, explicou. \u201cJ\u00e1 no fanatismo \u2013 a palavra vem do latim fanum (lugar sagrado) \u2013 as pessoas s\u00e3o tomadas profundamente por Deus e caem em \u00eaxtase. O problema \u00e9 que quem foi transportado para um entusiasmo arrebatador \u00e9 cego para a realidade. Negligencia todas as leis e mandamentos e as necessidades das pessoas. Os fan\u00e1ticos precisam refugiar-se em fantasias de grandeza para encobrir a sua pequenez\u201d, diagnosticou o monge.<\/p>\n<p>Segundo Anselm, todos somos chamados \u00e0 tarefa de tornar Deus percept\u00edvel \u00e0s pessoas, de modo que o anseio espiritual delas seja atendido. &#8220;Somente atrav\u00e9s de uma descoberta honesta, as nossas imagens podem ser transformadas e n\u00f3s podemos nos conciliar conosco e com Deus&#8221;, frisou o monge.<\/p>\n<p>O perd\u00e3o e \u201ca despedida do papel de v\u00edtima\u201d est\u00e3o no caminho desta reconcilia\u00e7\u00e3o. E um passo para se livrar dessa condi\u00e7\u00e3o, segundo Gr\u00fcn, \u00e9 aben\u00e7oar a quem causou a ferida. \u201cAo aben\u00e7oar, saio da condi\u00e7\u00e3o de v\u00edtima para um papel ativo, em que transmito for\u00e7a para o outro\u201d, ensinou.<\/p>\n<p>No final da palestra, Gr\u00fcn lembrou que uma das formas de se enxergar Deus de forma positiva \u00e9 atrav\u00e9s da beleza, percebendo esse valor no ser humano, na arte, na liturgia. \u201c\u00c0s vezes nos esquecemos de fazer a teologia do belo. Pela beleza, conseguimos perceber Deus\u201d, disse o escritor. Segundo ele, a tradi\u00e7\u00e3o crist\u00e3 tem muitas imagens positivas de Deus, mas n\u00e3o se deve tom\u00e1-las como absolutas, pois s\u00e3o janelas para perceb\u00ea-lo. \u201cEle permanece como mist\u00e9rio\u201d, completou.<\/p>\n<p>Depois da palestra, ele respondeu algumas perguntas que foram selecionadas e fez um momento de ora\u00e7\u00e3o que emocionou as pessoas, citando as feridas que marcaram e marcam a nossa vida.<\/p>\n<p>&nbsp;<\/p>\n","protected":false},"excerpt":{"rendered":"<p>O monge beneditino Anselm Gr\u00fcn tra\u00e7ou um itiner\u00e1rio para se reconciliar com Deus em palestra proferida neste s\u00e1bado, 6 de setembro, em S\u00e3o Paulo.<\/p>\n","protected":false},"author":1,"featured_media":219261,"comment_status":"open","ping_status":"open","sticky":false,"template":"","format":"standard","meta":[],"categories":[1],"tags":[235],"acf":[],"yoast_head":"<!-- This site is optimized with the Yoast SEO plugin v19.2 - https:\/\/yoast.com\/wordpress\/plugins\/seo\/ -->\n<title>Anselm Gr\u00fcn ensina a reconciliar-se com Deus - Not\u00edcias - Franciscanos<\/title>\n<meta name=\"robots\" content=\"index, follow, max-snippet:-1, max-image-preview:large, max-video-preview:-1\" \/>\n<link rel=\"canonical\" href=\"https:\/\/franciscanos.org.br\/noticias\/anselm-grun-ensina-reconciliar-se-com-deus.html\" \/>\n<meta property=\"og:locale\" content=\"pt_BR\" \/>\n<meta property=\"og:type\" content=\"article\" \/>\n<meta property=\"og:title\" content=\"Anselm Gr\u00fcn ensina a reconciliar-se com Deus - Not\u00edcias - Franciscanos\" \/>\n<meta property=\"og:description\" content=\"O monge beneditino Anselm Gr\u00fcn tra\u00e7ou um itiner\u00e1rio para se reconciliar com Deus em palestra proferida neste s\u00e1bado, 6 de setembro, em S\u00e3o Paulo.\" \/>\n<meta property=\"og:url\" content=\"https:\/\/franciscanos.org.br\/noticias\/anselm-grun-ensina-reconciliar-se-com-deus.html\" \/>\n<meta property=\"og:site_name\" content=\"Not\u00edcias - Franciscanos\" \/>\n<meta property=\"article:published_time\" content=\"2014-09-07T02:12:20+00:00\" \/>\n<meta property=\"article:modified_time\" content=\"2020-02-11T15:34:10+00:00\" \/>\n<meta property=\"og:image\" content=\"https:\/\/franciscanos.org.br\/noticias\/wp-content\/uploads\/2014\/09\/anselm_3.jpg\" \/>\n\t<meta property=\"og:image:width\" content=\"273\" \/>\n\t<meta property=\"og:image:height\" content=\"181\" \/>\n\t<meta property=\"og:image:type\" content=\"image\/jpeg\" \/>\n<meta name=\"author\" content=\"admin\" \/>\n<meta name=\"twitter:card\" content=\"summary_large_image\" \/>\n<meta name=\"twitter:label1\" content=\"Escrito por\" \/>\n\t<meta name=\"twitter:data1\" content=\"admin\" \/>\n\t<meta name=\"twitter:label2\" content=\"Est. tempo de leitura\" \/>\n\t<meta name=\"twitter:data2\" content=\"6 minutos\" \/>\n<script type=\"application\/ld+json\" class=\"yoast-schema-graph\">{\"@context\":\"https:\/\/schema.org\",\"@graph\":[{\"@type\":\"WebSite\",\"@id\":\"https:\/\/franciscanos.org.br\/noticias\/#website\",\"url\":\"https:\/\/franciscanos.org.br\/noticias\/\",\"name\":\"Not\u00edcias - Franciscanos\",\"description\":\"Prov\u00edncia Franciscana da Imaculada Concei\u00e7\u00e3o do Brasil - Ordem dos Frades Menores - OFM\",\"potentialAction\":[{\"@type\":\"SearchAction\",\"target\":{\"@type\":\"EntryPoint\",\"urlTemplate\":\"https:\/\/franciscanos.org.br\/noticias\/?s={search_term_string}\"},\"query-input\":\"required name=search_term_string\"}],\"inLanguage\":\"pt-BR\"},{\"@type\":\"ImageObject\",\"inLanguage\":\"pt-BR\",\"@id\":\"https:\/\/franciscanos.org.br\/noticias\/anselm-grun-ensina-reconciliar-se-com-deus.html#primaryimage\",\"url\":\"https:\/\/franciscanos.org.br\/noticias\/wp-content\/uploads\/2014\/09\/anselm_3.jpg\",\"contentUrl\":\"https:\/\/franciscanos.org.br\/noticias\/wp-content\/uploads\/2014\/09\/anselm_3.jpg\",\"width\":273,\"height\":181},{\"@type\":\"WebPage\",\"@id\":\"https:\/\/franciscanos.org.br\/noticias\/anselm-grun-ensina-reconciliar-se-com-deus.html#webpage\",\"url\":\"https:\/\/franciscanos.org.br\/noticias\/anselm-grun-ensina-reconciliar-se-com-deus.html\",\"name\":\"Anselm Gr\u00fcn ensina a reconciliar-se com Deus - Not\u00edcias - Franciscanos\",\"isPartOf\":{\"@id\":\"https:\/\/franciscanos.org.br\/noticias\/#website\"},\"primaryImageOfPage\":{\"@id\":\"https:\/\/franciscanos.org.br\/noticias\/anselm-grun-ensina-reconciliar-se-com-deus.html#primaryimage\"},\"datePublished\":\"2014-09-07T02:12:20+00:00\",\"dateModified\":\"2020-02-11T15:34:10+00:00\",\"author\":{\"@id\":\"https:\/\/franciscanos.org.br\/noticias\/#\/schema\/person\/b38fbf43118f02820bd932f2e4b14ad3\"},\"breadcrumb\":{\"@id\":\"https:\/\/franciscanos.org.br\/noticias\/anselm-grun-ensina-reconciliar-se-com-deus.html#breadcrumb\"},\"inLanguage\":\"pt-BR\",\"potentialAction\":[{\"@type\":\"ReadAction\",\"target\":[\"https:\/\/franciscanos.org.br\/noticias\/anselm-grun-ensina-reconciliar-se-com-deus.html\"]}]},{\"@type\":\"BreadcrumbList\",\"@id\":\"https:\/\/franciscanos.org.br\/noticias\/anselm-grun-ensina-reconciliar-se-com-deus.html#breadcrumb\",\"itemListElement\":[{\"@type\":\"ListItem\",\"position\":1,\"name\":\"Home\",\"item\":\"https:\/\/franciscanos.org.br\/noticias\"},{\"@type\":\"ListItem\",\"position\":2,\"name\":\"Anselm Gr\u00fcn ensina a reconciliar-se com Deus\"}]},{\"@type\":\"Person\",\"@id\":\"https:\/\/franciscanos.org.br\/noticias\/#\/schema\/person\/b38fbf43118f02820bd932f2e4b14ad3\",\"name\":\"admin\",\"image\":{\"@type\":\"ImageObject\",\"inLanguage\":\"pt-BR\",\"@id\":\"https:\/\/franciscanos.org.br\/noticias\/#\/schema\/person\/image\/\",\"url\":\"https:\/\/secure.gravatar.com\/avatar\/e8495742d34d0ba6448ea1c628263b3e?s=96&d=mm&r=g\",\"contentUrl\":\"https:\/\/secure.gravatar.com\/avatar\/e8495742d34d0ba6448ea1c628263b3e?s=96&d=mm&r=g\",\"caption\":\"admin\"},\"url\":\"https:\/\/franciscanos.org.br\/noticias\/author\/admin\"}]}<\/script>\n<!-- \/ Yoast SEO plugin. -->","yoast_head_json":{"title":"Anselm Gr\u00fcn ensina a reconciliar-se com Deus - Not\u00edcias - Franciscanos","robots":{"index":"index","follow":"follow","max-snippet":"max-snippet:-1","max-image-preview":"max-image-preview:large","max-video-preview":"max-video-preview:-1"},"canonical":"https:\/\/franciscanos.org.br\/noticias\/anselm-grun-ensina-reconciliar-se-com-deus.html","og_locale":"pt_BR","og_type":"article","og_title":"Anselm Gr\u00fcn ensina a reconciliar-se com Deus - Not\u00edcias - Franciscanos","og_description":"O monge beneditino Anselm Gr\u00fcn tra\u00e7ou um itiner\u00e1rio para se reconciliar com Deus em palestra proferida neste s\u00e1bado, 6 de setembro, em S\u00e3o Paulo.","og_url":"https:\/\/franciscanos.org.br\/noticias\/anselm-grun-ensina-reconciliar-se-com-deus.html","og_site_name":"Not\u00edcias - Franciscanos","article_published_time":"2014-09-07T02:12:20+00:00","article_modified_time":"2020-02-11T15:34:10+00:00","og_image":[{"width":273,"height":181,"url":"https:\/\/franciscanos.org.br\/noticias\/wp-content\/uploads\/2014\/09\/anselm_3.jpg","type":"image\/jpeg"}],"author":"admin","twitter_card":"summary_large_image","twitter_misc":{"Escrito por":"admin","Est. tempo de leitura":"6 minutos"},"schema":{"@context":"https:\/\/schema.org","@graph":[{"@type":"WebSite","@id":"https:\/\/franciscanos.org.br\/noticias\/#website","url":"https:\/\/franciscanos.org.br\/noticias\/","name":"Not\u00edcias - Franciscanos","description":"Prov\u00edncia Franciscana da Imaculada Concei\u00e7\u00e3o do Brasil - Ordem dos Frades Menores - OFM","potentialAction":[{"@type":"SearchAction","target":{"@type":"EntryPoint","urlTemplate":"https:\/\/franciscanos.org.br\/noticias\/?s={search_term_string}"},"query-input":"required name=search_term_string"}],"inLanguage":"pt-BR"},{"@type":"ImageObject","inLanguage":"pt-BR","@id":"https:\/\/franciscanos.org.br\/noticias\/anselm-grun-ensina-reconciliar-se-com-deus.html#primaryimage","url":"https:\/\/franciscanos.org.br\/noticias\/wp-content\/uploads\/2014\/09\/anselm_3.jpg","contentUrl":"https:\/\/franciscanos.org.br\/noticias\/wp-content\/uploads\/2014\/09\/anselm_3.jpg","width":273,"height":181},{"@type":"WebPage","@id":"https:\/\/franciscanos.org.br\/noticias\/anselm-grun-ensina-reconciliar-se-com-deus.html#webpage","url":"https:\/\/franciscanos.org.br\/noticias\/anselm-grun-ensina-reconciliar-se-com-deus.html","name":"Anselm Gr\u00fcn ensina a reconciliar-se com Deus - Not\u00edcias - Franciscanos","isPartOf":{"@id":"https:\/\/franciscanos.org.br\/noticias\/#website"},"primaryImageOfPage":{"@id":"https:\/\/franciscanos.org.br\/noticias\/anselm-grun-ensina-reconciliar-se-com-deus.html#primaryimage"},"datePublished":"2014-09-07T02:12:20+00:00","dateModified":"2020-02-11T15:34:10+00:00","author":{"@id":"https:\/\/franciscanos.org.br\/noticias\/#\/schema\/person\/b38fbf43118f02820bd932f2e4b14ad3"},"breadcrumb":{"@id":"https:\/\/franciscanos.org.br\/noticias\/anselm-grun-ensina-reconciliar-se-com-deus.html#breadcrumb"},"inLanguage":"pt-BR","potentialAction":[{"@type":"ReadAction","target":["https:\/\/franciscanos.org.br\/noticias\/anselm-grun-ensina-reconciliar-se-com-deus.html"]}]},{"@type":"BreadcrumbList","@id":"https:\/\/franciscanos.org.br\/noticias\/anselm-grun-ensina-reconciliar-se-com-deus.html#breadcrumb","itemListElement":[{"@type":"ListItem","position":1,"name":"Home","item":"https:\/\/franciscanos.org.br\/noticias"},{"@type":"ListItem","position":2,"name":"Anselm Gr\u00fcn ensina a reconciliar-se com Deus"}]},{"@type":"Person","@id":"https:\/\/franciscanos.org.br\/noticias\/#\/schema\/person\/b38fbf43118f02820bd932f2e4b14ad3","name":"admin","image":{"@type":"ImageObject","inLanguage":"pt-BR","@id":"https:\/\/franciscanos.org.br\/noticias\/#\/schema\/person\/image\/","url":"https:\/\/secure.gravatar.com\/avatar\/e8495742d34d0ba6448ea1c628263b3e?s=96&d=mm&r=g","contentUrl":"https:\/\/secure.gravatar.com\/avatar\/e8495742d34d0ba6448ea1c628263b3e?s=96&d=mm&r=g","caption":"admin"},"url":"https:\/\/franciscanos.org.br\/noticias\/author\/admin"}]}},"_links":{"self":[{"href":"https:\/\/franciscanos.org.br\/noticias\/wp-json\/wp\/v2\/posts\/66782"}],"collection":[{"href":"https:\/\/franciscanos.org.br\/noticias\/wp-json\/wp\/v2\/posts"}],"about":[{"href":"https:\/\/franciscanos.org.br\/noticias\/wp-json\/wp\/v2\/types\/post"}],"author":[{"embeddable":true,"href":"https:\/\/franciscanos.org.br\/noticias\/wp-json\/wp\/v2\/users\/1"}],"replies":[{"embeddable":true,"href":"https:\/\/franciscanos.org.br\/noticias\/wp-json\/wp\/v2\/comments?post=66782"}],"version-history":[{"count":0,"href":"https:\/\/franciscanos.org.br\/noticias\/wp-json\/wp\/v2\/posts\/66782\/revisions"}],"wp:featuredmedia":[{"embeddable":true,"href":"https:\/\/franciscanos.org.br\/noticias\/wp-json\/wp\/v2\/media\/219261"}],"wp:attachment":[{"href":"https:\/\/franciscanos.org.br\/noticias\/wp-json\/wp\/v2\/media?parent=66782"}],"wp:term":[{"taxonomy":"category","embeddable":true,"href":"https:\/\/franciscanos.org.br\/noticias\/wp-json\/wp\/v2\/categories?post=66782"},{"taxonomy":"post_tag","embeddable":true,"href":"https:\/\/franciscanos.org.br\/noticias\/wp-json\/wp\/v2\/tags?post=66782"}],"curies":[{"name":"wp","href":"https:\/\/api.w.org\/{rel}","templated":true}]}}