{"id":66249,"date":"2014-08-28T14:39:57","date_gmt":"2014-08-28T17:39:57","guid":{"rendered":"http:\/\/franciscanos.org.br\/?p=66249"},"modified":"2020-02-06T11:22:22","modified_gmt":"2020-02-06T14:22:22","slug":"a-mao-que-afaga-e-a-mesma-que-apedreja","status":"publish","type":"post","link":"https:\/\/franciscanos.org.br\/noticias\/a-mao-que-afaga-e-a-mesma-que-apedreja.html","title":{"rendered":"A m\u00e3o que afaga \u00e9 a mesma que apedreja"},"content":{"rendered":"<p><img loading=\"lazy\" class=\"alignnone size-full wp-image-197468\" src=\"https:\/\/franciscanos.org.br\/noticias\/wp-content\/uploads\/2014\/08\/sandalia1.jpg\" alt=\"\" width=\"820\" height=\"435\" srcset=\"https:\/\/franciscanos.org.br\/noticias\/wp-content\/uploads\/2014\/08\/sandalia1.jpg 820w, https:\/\/franciscanos.org.br\/noticias\/wp-content\/uploads\/2014\/08\/sandalia1-450x239.jpg 450w, https:\/\/franciscanos.org.br\/noticias\/wp-content\/uploads\/2014\/08\/sandalia1-768x407.jpg 768w, https:\/\/franciscanos.org.br\/noticias\/wp-content\/uploads\/2014\/08\/sandalia1-150x80.jpg 150w\" sizes=\"(max-width: 820px) 100vw, 820px\" \/><\/p>\n<p><strong>Frei Gustavo Medella<\/strong><\/p>\n<p>\u201cA m\u00e3o que afaga \u00e9 a mesma que apedreja\u201d. Este verso, do Poema <em>Versos \u00cdntimos<\/em>, do poeta Augusto dos Anjos, ilustra bem a rela\u00e7\u00e3o entre o Evangelho do \u00faltimo domingo (Mt 16,13-20) e o Evangelho que ser\u00e1 proclamado neste 22\u00ba Domingo do Tempo Comum (Mt 16,21-27). Se, no domingo passado, Pedro surpreende e \u201cafaga\u201d o cora\u00e7\u00e3o de Jesus com sua profiss\u00e3o de f\u00e9 (\u201cTu \u00e9s o Messias, o Filho do Deus vivo\u201d), neste fim de semana o ap\u00f3stolo troca os p\u00e9s pelas m\u00e3os e manda uma \u201cpedrada\u201d certeira no projeto do Reino pregado por Jesus, desejando desviar o mestre do caminho que Ele deveria trilhar (\u201cDeus n\u00e3o permita tal coisa, Senhor! Que isso nunca te aconte\u00e7a!\u201d). Pedro ainda n\u00e3o havia compreendido que a fidelidade de Jesus ao Projeto do Pai renderia ao Cristo resist\u00eancias e inimizades, levando-o \u00e0 morte. Faltava ao ap\u00f3stolo compreender o mist\u00e9rio da cruz.<\/p>\n<p>Sendo assim, depois de passar uma descompostura em Pedro, chamando-o inclusive de \u201cSatan\u00e1s\u201d e \u201cpedra de trope\u00e7o\u201d, o Mestre, pacientemente, ensina aos disc\u00edpulos que o caminho de seu seguimento \u00e9 necessariamente o caminho da cruz: \u201cSe algu\u00e9m quer me seguir, renuncie a si mesmo, tome sua cruz e me siga\u201d. \u00c9&#8230; de vez em quando tamb\u00e9m n\u00f3s, ao modo de Pedro, precisamos levar uma \u201cchacoalhada\u201d de Cristo, trazendo-nos novamente \u00e0 realidade do discipulado que pressup\u00f5e trabalho constante, dedica\u00e7\u00e3o generosa e comprometimento integral. Se o Senhor de fato nos seduziu, como o fez com Jeremias, conforme narra a 1\u00aa Leitura (Jr 20,7-9), busquemos nos colocar com paix\u00e3o e entusiasmo na ades\u00e3o ao Projeto do Reino.<\/p>\n","protected":false},"excerpt":{"rendered":"<p>Liturgia dominical<\/p>\n","protected":false},"author":1,"featured_media":218596,"comment_status":"closed","ping_status":"open","sticky":false,"template":"","format":"standard","meta":[],"categories":[1],"tags":[537],"acf":[],"yoast_head":"<!-- This site is optimized with the Yoast SEO plugin v19.2 - https:\/\/yoast.com\/wordpress\/plugins\/seo\/ -->\n<title>A m\u00e3o que afaga \u00e9 a mesma que apedreja - Not\u00edcias - Franciscanos<\/title>\n<meta name=\"robots\" content=\"index, follow, max-snippet:-1, max-image-preview:large, max-video-preview:-1\" \/>\n<link rel=\"canonical\" href=\"https:\/\/franciscanos.org.br\/noticias\/a-mao-que-afaga-e-a-mesma-que-apedreja.html\" \/>\n<meta property=\"og:locale\" content=\"pt_BR\" \/>\n<meta property=\"og:type\" content=\"article\" \/>\n<meta property=\"og:title\" content=\"A m\u00e3o que afaga \u00e9 a mesma que apedreja - Not\u00edcias - Franciscanos\" \/>\n<meta property=\"og:description\" content=\"Liturgia dominical\" \/>\n<meta property=\"og:url\" content=\"https:\/\/franciscanos.org.br\/noticias\/a-mao-que-afaga-e-a-mesma-que-apedreja.html\" \/>\n<meta property=\"og:site_name\" content=\"Not\u00edcias - Franciscanos\" \/>\n<meta property=\"article:published_time\" content=\"2014-08-28T17:39:57+00:00\" \/>\n<meta property=\"article:modified_time\" content=\"2020-02-06T14:22:22+00:00\" \/>\n<meta property=\"og:image\" content=\"https:\/\/franciscanos.org.br\/noticias\/wp-content\/uploads\/2014\/08\/sandalia1-2.jpg\" \/>\n\t<meta property=\"og:image:width\" content=\"273\" \/>\n\t<meta property=\"og:image:height\" content=\"181\" \/>\n\t<meta property=\"og:image:type\" content=\"image\/jpeg\" \/>\n<meta name=\"author\" content=\"admin\" \/>\n<meta name=\"twitter:card\" content=\"summary_large_image\" \/>\n<meta name=\"twitter:label1\" content=\"Escrito por\" \/>\n\t<meta name=\"twitter:data1\" content=\"admin\" \/>\n\t<meta name=\"twitter:label2\" content=\"Est. tempo de leitura\" \/>\n\t<meta name=\"twitter:data2\" content=\"1 minuto\" \/>\n<script type=\"application\/ld+json\" class=\"yoast-schema-graph\">{\"@context\":\"https:\/\/schema.org\",\"@graph\":[{\"@type\":\"WebSite\",\"@id\":\"https:\/\/franciscanos.org.br\/noticias\/#website\",\"url\":\"https:\/\/franciscanos.org.br\/noticias\/\",\"name\":\"Not\u00edcias - Franciscanos\",\"description\":\"Prov\u00edncia Franciscana da Imaculada Concei\u00e7\u00e3o do Brasil - Ordem dos Frades Menores - OFM\",\"potentialAction\":[{\"@type\":\"SearchAction\",\"target\":{\"@type\":\"EntryPoint\",\"urlTemplate\":\"https:\/\/franciscanos.org.br\/noticias\/?s={search_term_string}\"},\"query-input\":\"required name=search_term_string\"}],\"inLanguage\":\"pt-BR\"},{\"@type\":\"ImageObject\",\"inLanguage\":\"pt-BR\",\"@id\":\"https:\/\/franciscanos.org.br\/noticias\/a-mao-que-afaga-e-a-mesma-que-apedreja.html#primaryimage\",\"url\":\"https:\/\/franciscanos.org.br\/noticias\/wp-content\/uploads\/2014\/08\/sandalia1-2.jpg\",\"contentUrl\":\"https:\/\/franciscanos.org.br\/noticias\/wp-content\/uploads\/2014\/08\/sandalia1-2.jpg\",\"width\":273,\"height\":181},{\"@type\":\"WebPage\",\"@id\":\"https:\/\/franciscanos.org.br\/noticias\/a-mao-que-afaga-e-a-mesma-que-apedreja.html#webpage\",\"url\":\"https:\/\/franciscanos.org.br\/noticias\/a-mao-que-afaga-e-a-mesma-que-apedreja.html\",\"name\":\"A m\u00e3o que afaga \u00e9 a mesma que apedreja - Not\u00edcias - Franciscanos\",\"isPartOf\":{\"@id\":\"https:\/\/franciscanos.org.br\/noticias\/#website\"},\"primaryImageOfPage\":{\"@id\":\"https:\/\/franciscanos.org.br\/noticias\/a-mao-que-afaga-e-a-mesma-que-apedreja.html#primaryimage\"},\"datePublished\":\"2014-08-28T17:39:57+00:00\",\"dateModified\":\"2020-02-06T14:22:22+00:00\",\"author\":{\"@id\":\"https:\/\/franciscanos.org.br\/noticias\/#\/schema\/person\/b38fbf43118f02820bd932f2e4b14ad3\"},\"breadcrumb\":{\"@id\":\"https:\/\/franciscanos.org.br\/noticias\/a-mao-que-afaga-e-a-mesma-que-apedreja.html#breadcrumb\"},\"inLanguage\":\"pt-BR\",\"potentialAction\":[{\"@type\":\"ReadAction\",\"target\":[\"https:\/\/franciscanos.org.br\/noticias\/a-mao-que-afaga-e-a-mesma-que-apedreja.html\"]}]},{\"@type\":\"BreadcrumbList\",\"@id\":\"https:\/\/franciscanos.org.br\/noticias\/a-mao-que-afaga-e-a-mesma-que-apedreja.html#breadcrumb\",\"itemListElement\":[{\"@type\":\"ListItem\",\"position\":1,\"name\":\"Home\",\"item\":\"https:\/\/franciscanos.org.br\/noticias\"},{\"@type\":\"ListItem\",\"position\":2,\"name\":\"A m\u00e3o que afaga \u00e9 a mesma que apedreja\"}]},{\"@type\":\"Person\",\"@id\":\"https:\/\/franciscanos.org.br\/noticias\/#\/schema\/person\/b38fbf43118f02820bd932f2e4b14ad3\",\"name\":\"admin\",\"image\":{\"@type\":\"ImageObject\",\"inLanguage\":\"pt-BR\",\"@id\":\"https:\/\/franciscanos.org.br\/noticias\/#\/schema\/person\/image\/\",\"url\":\"https:\/\/secure.gravatar.com\/avatar\/e8495742d34d0ba6448ea1c628263b3e?s=96&d=mm&r=g\",\"contentUrl\":\"https:\/\/secure.gravatar.com\/avatar\/e8495742d34d0ba6448ea1c628263b3e?s=96&d=mm&r=g\",\"caption\":\"admin\"},\"url\":\"https:\/\/franciscanos.org.br\/noticias\/author\/admin\"}]}<\/script>\n<!-- \/ Yoast SEO plugin. -->","yoast_head_json":{"title":"A m\u00e3o que afaga \u00e9 a mesma que apedreja - Not\u00edcias - Franciscanos","robots":{"index":"index","follow":"follow","max-snippet":"max-snippet:-1","max-image-preview":"max-image-preview:large","max-video-preview":"max-video-preview:-1"},"canonical":"https:\/\/franciscanos.org.br\/noticias\/a-mao-que-afaga-e-a-mesma-que-apedreja.html","og_locale":"pt_BR","og_type":"article","og_title":"A m\u00e3o que afaga \u00e9 a mesma que apedreja - Not\u00edcias - Franciscanos","og_description":"Liturgia dominical","og_url":"https:\/\/franciscanos.org.br\/noticias\/a-mao-que-afaga-e-a-mesma-que-apedreja.html","og_site_name":"Not\u00edcias - Franciscanos","article_published_time":"2014-08-28T17:39:57+00:00","article_modified_time":"2020-02-06T14:22:22+00:00","og_image":[{"width":273,"height":181,"url":"https:\/\/franciscanos.org.br\/noticias\/wp-content\/uploads\/2014\/08\/sandalia1-2.jpg","type":"image\/jpeg"}],"author":"admin","twitter_card":"summary_large_image","twitter_misc":{"Escrito por":"admin","Est. tempo de leitura":"1 minuto"},"schema":{"@context":"https:\/\/schema.org","@graph":[{"@type":"WebSite","@id":"https:\/\/franciscanos.org.br\/noticias\/#website","url":"https:\/\/franciscanos.org.br\/noticias\/","name":"Not\u00edcias - Franciscanos","description":"Prov\u00edncia Franciscana da Imaculada Concei\u00e7\u00e3o do Brasil - Ordem dos Frades Menores - OFM","potentialAction":[{"@type":"SearchAction","target":{"@type":"EntryPoint","urlTemplate":"https:\/\/franciscanos.org.br\/noticias\/?s={search_term_string}"},"query-input":"required name=search_term_string"}],"inLanguage":"pt-BR"},{"@type":"ImageObject","inLanguage":"pt-BR","@id":"https:\/\/franciscanos.org.br\/noticias\/a-mao-que-afaga-e-a-mesma-que-apedreja.html#primaryimage","url":"https:\/\/franciscanos.org.br\/noticias\/wp-content\/uploads\/2014\/08\/sandalia1-2.jpg","contentUrl":"https:\/\/franciscanos.org.br\/noticias\/wp-content\/uploads\/2014\/08\/sandalia1-2.jpg","width":273,"height":181},{"@type":"WebPage","@id":"https:\/\/franciscanos.org.br\/noticias\/a-mao-que-afaga-e-a-mesma-que-apedreja.html#webpage","url":"https:\/\/franciscanos.org.br\/noticias\/a-mao-que-afaga-e-a-mesma-que-apedreja.html","name":"A m\u00e3o que afaga \u00e9 a mesma que apedreja - Not\u00edcias - Franciscanos","isPartOf":{"@id":"https:\/\/franciscanos.org.br\/noticias\/#website"},"primaryImageOfPage":{"@id":"https:\/\/franciscanos.org.br\/noticias\/a-mao-que-afaga-e-a-mesma-que-apedreja.html#primaryimage"},"datePublished":"2014-08-28T17:39:57+00:00","dateModified":"2020-02-06T14:22:22+00:00","author":{"@id":"https:\/\/franciscanos.org.br\/noticias\/#\/schema\/person\/b38fbf43118f02820bd932f2e4b14ad3"},"breadcrumb":{"@id":"https:\/\/franciscanos.org.br\/noticias\/a-mao-que-afaga-e-a-mesma-que-apedreja.html#breadcrumb"},"inLanguage":"pt-BR","potentialAction":[{"@type":"ReadAction","target":["https:\/\/franciscanos.org.br\/noticias\/a-mao-que-afaga-e-a-mesma-que-apedreja.html"]}]},{"@type":"BreadcrumbList","@id":"https:\/\/franciscanos.org.br\/noticias\/a-mao-que-afaga-e-a-mesma-que-apedreja.html#breadcrumb","itemListElement":[{"@type":"ListItem","position":1,"name":"Home","item":"https:\/\/franciscanos.org.br\/noticias"},{"@type":"ListItem","position":2,"name":"A m\u00e3o que afaga \u00e9 a mesma que apedreja"}]},{"@type":"Person","@id":"https:\/\/franciscanos.org.br\/noticias\/#\/schema\/person\/b38fbf43118f02820bd932f2e4b14ad3","name":"admin","image":{"@type":"ImageObject","inLanguage":"pt-BR","@id":"https:\/\/franciscanos.org.br\/noticias\/#\/schema\/person\/image\/","url":"https:\/\/secure.gravatar.com\/avatar\/e8495742d34d0ba6448ea1c628263b3e?s=96&d=mm&r=g","contentUrl":"https:\/\/secure.gravatar.com\/avatar\/e8495742d34d0ba6448ea1c628263b3e?s=96&d=mm&r=g","caption":"admin"},"url":"https:\/\/franciscanos.org.br\/noticias\/author\/admin"}]}},"_links":{"self":[{"href":"https:\/\/franciscanos.org.br\/noticias\/wp-json\/wp\/v2\/posts\/66249"}],"collection":[{"href":"https:\/\/franciscanos.org.br\/noticias\/wp-json\/wp\/v2\/posts"}],"about":[{"href":"https:\/\/franciscanos.org.br\/noticias\/wp-json\/wp\/v2\/types\/post"}],"author":[{"embeddable":true,"href":"https:\/\/franciscanos.org.br\/noticias\/wp-json\/wp\/v2\/users\/1"}],"replies":[{"embeddable":true,"href":"https:\/\/franciscanos.org.br\/noticias\/wp-json\/wp\/v2\/comments?post=66249"}],"version-history":[{"count":0,"href":"https:\/\/franciscanos.org.br\/noticias\/wp-json\/wp\/v2\/posts\/66249\/revisions"}],"wp:featuredmedia":[{"embeddable":true,"href":"https:\/\/franciscanos.org.br\/noticias\/wp-json\/wp\/v2\/media\/218596"}],"wp:attachment":[{"href":"https:\/\/franciscanos.org.br\/noticias\/wp-json\/wp\/v2\/media?parent=66249"}],"wp:term":[{"taxonomy":"category","embeddable":true,"href":"https:\/\/franciscanos.org.br\/noticias\/wp-json\/wp\/v2\/categories?post=66249"},{"taxonomy":"post_tag","embeddable":true,"href":"https:\/\/franciscanos.org.br\/noticias\/wp-json\/wp\/v2\/tags?post=66249"}],"curies":[{"name":"wp","href":"https:\/\/api.w.org\/{rel}","templated":true}]}}