{"id":66127,"date":"2014-08-27T07:20:04","date_gmt":"2014-08-27T10:20:04","guid":{"rendered":"http:\/\/franciscanos.org.br\/?p=66127"},"modified":"2021-07-05T20:10:22","modified_gmt":"2021-07-05T23:10:22","slug":"coral-dos-canarinhos-abre-novas-vagas","status":"publish","type":"post","link":"https:\/\/franciscanos.org.br\/noticias\/coral-dos-canarinhos-abre-novas-vagas.html","title":{"rendered":"Coral dos Canarinhos abre novas vagas no Curso de Aprendizes"},"content":{"rendered":"<h3><img loading=\"lazy\" class=\"alignnone wp-image-64847 size-full\" src=\"http:\/\/franciscanos.org.br\/wp-content\/uploads\/2014\/07\/canarinhos_alto.jpg\" alt=\"canarinhos_alto\" width=\"820\" height=\"266\" \/><\/h3>\n<h3><em>Curso de Aprendizes seleciona meninos a partir de setembro<\/em><\/h3>\n<p>Quem quer ser um menino do grupo vocal mais famoso do Brasil tem uma oportunidade: o Instituto dos Meninos Cantores de Petr\u00f3polis (IMCP) abre, no in\u00edcio de setembro, as inscri\u00e7\u00f5es para ingresso de meninos no Curso de Aprendizes. As aulas, que duram um ano, selecionam os integrantes que poder\u00e3o entrar no Coral dos Canarinhos de Petr\u00f3polis. As aulas s\u00e3o gratuitas e, logo ap\u00f3s o t\u00e9rmino, o IMCP fornece alimenta\u00e7\u00e3o para os estudantes. As inscri\u00e7\u00f5es podem ser feitas pelo site <a href=\"http:\/\/www.canarinhos.com.br\">http:\/\/www.canarinhos.com.br<\/a>, pelo telefone: (24) 2104-4141 ou na secretaria da institui\u00e7\u00e3o (que funciona na Rua Santos Dumont, 355, no Centro Hist\u00f3rico).<\/p>\n<p>Podem participar crian\u00e7as que tem entre 9 e 10 anos, e que cursam, em 2014, o 3\u00ba ano do ensino fundamental. N\u00e3o h\u00e1 restri\u00e7\u00f5es: alunos de escolas p\u00fablicas e privadas podem se inscrever. Os alunos ir\u00e3o passar por um teste. Se forem aprovados, ser\u00e3o selecionados para as aulas do Curso, que come\u00e7am em fevereiro de 2015. Ao final de um ano, eles poder\u00e3o ingressar no Coral.<\/p>\n<p>\u201cA m\u00fasica faz com que as crian\u00e7as tenham foco e direcionem esse foco para um \u00fanico objetivo. Al\u00e9m disso, ela tem a fun\u00e7\u00e3o de educar. Os alunos que participam do Curso de Aprendizes saem com uma grande vantagem: t\u00eam uma percep\u00e7\u00e3o de grupo e de ordem maior que de quem n\u00e3o tem esta experi\u00eancia\u201d, afirmou o maestro do Coral dos Meninos e Diretor Art\u00edstico do IMCP, Marco Aur\u00e9lio Lischt.<\/p>\n<p>Mais informa\u00e7\u00f5es sobre as atividades do Instituto dos Meninos Cantores de Petr\u00f3polis podem ser consultadas no site <a href=\"http:\/\/www.canarinhos.com.br\/\">www.canarinhos.com.br<\/a>, pelo Facebook <a href=\"http:\/\/fb.com\/canarinhosdepetropolis\">http:\/\/fb.com\/canarinhosdepetropolis<\/a> ou pelo telefone: (21) 2104-4141.<\/p>\n","protected":false},"excerpt":{"rendered":"<p>Coral dos Canarinhos<\/p>\n","protected":false},"author":1,"featured_media":201547,"comment_status":"closed","ping_status":"open","sticky":false,"template":"","format":"standard","meta":[],"categories":[1],"tags":[1378],"acf":[],"yoast_head":"<!-- This site is optimized with the Yoast SEO plugin v19.2 - https:\/\/yoast.com\/wordpress\/plugins\/seo\/ -->\n<title>Coral dos Canarinhos abre novas vagas no Curso de Aprendizes - Not\u00edcias - Franciscanos<\/title>\n<meta name=\"robots\" content=\"index, follow, max-snippet:-1, max-image-preview:large, max-video-preview:-1\" \/>\n<link rel=\"canonical\" href=\"https:\/\/franciscanos.org.br\/noticias\/coral-dos-canarinhos-abre-novas-vagas.html\" \/>\n<meta property=\"og:locale\" content=\"pt_BR\" \/>\n<meta property=\"og:type\" content=\"article\" \/>\n<meta property=\"og:title\" content=\"Coral dos Canarinhos abre novas vagas no Curso de Aprendizes - Not\u00edcias - Franciscanos\" \/>\n<meta property=\"og:description\" content=\"Coral dos Canarinhos\" \/>\n<meta property=\"og:url\" content=\"https:\/\/franciscanos.org.br\/noticias\/coral-dos-canarinhos-abre-novas-vagas.html\" \/>\n<meta property=\"og:site_name\" content=\"Not\u00edcias - Franciscanos\" \/>\n<meta property=\"article:published_time\" content=\"2014-08-27T10:20:04+00:00\" \/>\n<meta property=\"article:modified_time\" content=\"2021-07-05T23:10:22+00:00\" \/>\n<meta property=\"og:image\" content=\"https:\/\/franciscanos.org.br\/noticias\/wp-content\/uploads\/2014\/08\/canarinhos_aprendizes.jpg\" \/>\n\t<meta property=\"og:image:width\" content=\"273\" \/>\n\t<meta property=\"og:image:height\" content=\"181\" \/>\n\t<meta property=\"og:image:type\" content=\"image\/jpeg\" \/>\n<meta name=\"author\" content=\"admin\" \/>\n<meta name=\"twitter:card\" content=\"summary_large_image\" \/>\n<meta name=\"twitter:label1\" content=\"Escrito por\" \/>\n\t<meta name=\"twitter:data1\" content=\"admin\" \/>\n\t<meta name=\"twitter:label2\" content=\"Est. tempo de leitura\" \/>\n\t<meta name=\"twitter:data2\" content=\"2 minutos\" \/>\n<script type=\"application\/ld+json\" class=\"yoast-schema-graph\">{\"@context\":\"https:\/\/schema.org\",\"@graph\":[{\"@type\":\"WebSite\",\"@id\":\"https:\/\/franciscanos.org.br\/noticias\/#website\",\"url\":\"https:\/\/franciscanos.org.br\/noticias\/\",\"name\":\"Not\u00edcias - Franciscanos\",\"description\":\"Prov\u00edncia Franciscana da Imaculada Concei\u00e7\u00e3o do Brasil - Ordem dos Frades Menores - OFM\",\"potentialAction\":[{\"@type\":\"SearchAction\",\"target\":{\"@type\":\"EntryPoint\",\"urlTemplate\":\"https:\/\/franciscanos.org.br\/noticias\/?s={search_term_string}\"},\"query-input\":\"required name=search_term_string\"}],\"inLanguage\":\"pt-BR\"},{\"@type\":\"ImageObject\",\"inLanguage\":\"pt-BR\",\"@id\":\"https:\/\/franciscanos.org.br\/noticias\/coral-dos-canarinhos-abre-novas-vagas.html#primaryimage\",\"url\":\"https:\/\/franciscanos.org.br\/noticias\/wp-content\/uploads\/2014\/08\/canarinhos_aprendizes.jpg\",\"contentUrl\":\"https:\/\/franciscanos.org.br\/noticias\/wp-content\/uploads\/2014\/08\/canarinhos_aprendizes.jpg\",\"width\":273,\"height\":181},{\"@type\":\"WebPage\",\"@id\":\"https:\/\/franciscanos.org.br\/noticias\/coral-dos-canarinhos-abre-novas-vagas.html#webpage\",\"url\":\"https:\/\/franciscanos.org.br\/noticias\/coral-dos-canarinhos-abre-novas-vagas.html\",\"name\":\"Coral dos Canarinhos abre novas vagas no Curso de Aprendizes - Not\u00edcias - Franciscanos\",\"isPartOf\":{\"@id\":\"https:\/\/franciscanos.org.br\/noticias\/#website\"},\"primaryImageOfPage\":{\"@id\":\"https:\/\/franciscanos.org.br\/noticias\/coral-dos-canarinhos-abre-novas-vagas.html#primaryimage\"},\"datePublished\":\"2014-08-27T10:20:04+00:00\",\"dateModified\":\"2021-07-05T23:10:22+00:00\",\"author\":{\"@id\":\"https:\/\/franciscanos.org.br\/noticias\/#\/schema\/person\/b38fbf43118f02820bd932f2e4b14ad3\"},\"breadcrumb\":{\"@id\":\"https:\/\/franciscanos.org.br\/noticias\/coral-dos-canarinhos-abre-novas-vagas.html#breadcrumb\"},\"inLanguage\":\"pt-BR\",\"potentialAction\":[{\"@type\":\"ReadAction\",\"target\":[\"https:\/\/franciscanos.org.br\/noticias\/coral-dos-canarinhos-abre-novas-vagas.html\"]}]},{\"@type\":\"BreadcrumbList\",\"@id\":\"https:\/\/franciscanos.org.br\/noticias\/coral-dos-canarinhos-abre-novas-vagas.html#breadcrumb\",\"itemListElement\":[{\"@type\":\"ListItem\",\"position\":1,\"name\":\"Home\",\"item\":\"https:\/\/franciscanos.org.br\/noticias\"},{\"@type\":\"ListItem\",\"position\":2,\"name\":\"Coral dos Canarinhos abre novas vagas no Curso de Aprendizes\"}]},{\"@type\":\"Person\",\"@id\":\"https:\/\/franciscanos.org.br\/noticias\/#\/schema\/person\/b38fbf43118f02820bd932f2e4b14ad3\",\"name\":\"admin\",\"image\":{\"@type\":\"ImageObject\",\"inLanguage\":\"pt-BR\",\"@id\":\"https:\/\/franciscanos.org.br\/noticias\/#\/schema\/person\/image\/\",\"url\":\"https:\/\/secure.gravatar.com\/avatar\/e8495742d34d0ba6448ea1c628263b3e?s=96&d=mm&r=g\",\"contentUrl\":\"https:\/\/secure.gravatar.com\/avatar\/e8495742d34d0ba6448ea1c628263b3e?s=96&d=mm&r=g\",\"caption\":\"admin\"},\"url\":\"https:\/\/franciscanos.org.br\/noticias\/author\/admin\"}]}<\/script>\n<!-- \/ Yoast SEO plugin. -->","yoast_head_json":{"title":"Coral dos Canarinhos abre novas vagas no Curso de Aprendizes - Not\u00edcias - Franciscanos","robots":{"index":"index","follow":"follow","max-snippet":"max-snippet:-1","max-image-preview":"max-image-preview:large","max-video-preview":"max-video-preview:-1"},"canonical":"https:\/\/franciscanos.org.br\/noticias\/coral-dos-canarinhos-abre-novas-vagas.html","og_locale":"pt_BR","og_type":"article","og_title":"Coral dos Canarinhos abre novas vagas no Curso de Aprendizes - Not\u00edcias - Franciscanos","og_description":"Coral dos Canarinhos","og_url":"https:\/\/franciscanos.org.br\/noticias\/coral-dos-canarinhos-abre-novas-vagas.html","og_site_name":"Not\u00edcias - Franciscanos","article_published_time":"2014-08-27T10:20:04+00:00","article_modified_time":"2021-07-05T23:10:22+00:00","og_image":[{"width":273,"height":181,"url":"https:\/\/franciscanos.org.br\/noticias\/wp-content\/uploads\/2014\/08\/canarinhos_aprendizes.jpg","type":"image\/jpeg"}],"author":"admin","twitter_card":"summary_large_image","twitter_misc":{"Escrito por":"admin","Est. tempo de leitura":"2 minutos"},"schema":{"@context":"https:\/\/schema.org","@graph":[{"@type":"WebSite","@id":"https:\/\/franciscanos.org.br\/noticias\/#website","url":"https:\/\/franciscanos.org.br\/noticias\/","name":"Not\u00edcias - Franciscanos","description":"Prov\u00edncia Franciscana da Imaculada Concei\u00e7\u00e3o do Brasil - Ordem dos Frades Menores - OFM","potentialAction":[{"@type":"SearchAction","target":{"@type":"EntryPoint","urlTemplate":"https:\/\/franciscanos.org.br\/noticias\/?s={search_term_string}"},"query-input":"required name=search_term_string"}],"inLanguage":"pt-BR"},{"@type":"ImageObject","inLanguage":"pt-BR","@id":"https:\/\/franciscanos.org.br\/noticias\/coral-dos-canarinhos-abre-novas-vagas.html#primaryimage","url":"https:\/\/franciscanos.org.br\/noticias\/wp-content\/uploads\/2014\/08\/canarinhos_aprendizes.jpg","contentUrl":"https:\/\/franciscanos.org.br\/noticias\/wp-content\/uploads\/2014\/08\/canarinhos_aprendizes.jpg","width":273,"height":181},{"@type":"WebPage","@id":"https:\/\/franciscanos.org.br\/noticias\/coral-dos-canarinhos-abre-novas-vagas.html#webpage","url":"https:\/\/franciscanos.org.br\/noticias\/coral-dos-canarinhos-abre-novas-vagas.html","name":"Coral dos Canarinhos abre novas vagas no Curso de Aprendizes - Not\u00edcias - Franciscanos","isPartOf":{"@id":"https:\/\/franciscanos.org.br\/noticias\/#website"},"primaryImageOfPage":{"@id":"https:\/\/franciscanos.org.br\/noticias\/coral-dos-canarinhos-abre-novas-vagas.html#primaryimage"},"datePublished":"2014-08-27T10:20:04+00:00","dateModified":"2021-07-05T23:10:22+00:00","author":{"@id":"https:\/\/franciscanos.org.br\/noticias\/#\/schema\/person\/b38fbf43118f02820bd932f2e4b14ad3"},"breadcrumb":{"@id":"https:\/\/franciscanos.org.br\/noticias\/coral-dos-canarinhos-abre-novas-vagas.html#breadcrumb"},"inLanguage":"pt-BR","potentialAction":[{"@type":"ReadAction","target":["https:\/\/franciscanos.org.br\/noticias\/coral-dos-canarinhos-abre-novas-vagas.html"]}]},{"@type":"BreadcrumbList","@id":"https:\/\/franciscanos.org.br\/noticias\/coral-dos-canarinhos-abre-novas-vagas.html#breadcrumb","itemListElement":[{"@type":"ListItem","position":1,"name":"Home","item":"https:\/\/franciscanos.org.br\/noticias"},{"@type":"ListItem","position":2,"name":"Coral dos Canarinhos abre novas vagas no Curso de Aprendizes"}]},{"@type":"Person","@id":"https:\/\/franciscanos.org.br\/noticias\/#\/schema\/person\/b38fbf43118f02820bd932f2e4b14ad3","name":"admin","image":{"@type":"ImageObject","inLanguage":"pt-BR","@id":"https:\/\/franciscanos.org.br\/noticias\/#\/schema\/person\/image\/","url":"https:\/\/secure.gravatar.com\/avatar\/e8495742d34d0ba6448ea1c628263b3e?s=96&d=mm&r=g","contentUrl":"https:\/\/secure.gravatar.com\/avatar\/e8495742d34d0ba6448ea1c628263b3e?s=96&d=mm&r=g","caption":"admin"},"url":"https:\/\/franciscanos.org.br\/noticias\/author\/admin"}]}},"_links":{"self":[{"href":"https:\/\/franciscanos.org.br\/noticias\/wp-json\/wp\/v2\/posts\/66127"}],"collection":[{"href":"https:\/\/franciscanos.org.br\/noticias\/wp-json\/wp\/v2\/posts"}],"about":[{"href":"https:\/\/franciscanos.org.br\/noticias\/wp-json\/wp\/v2\/types\/post"}],"author":[{"embeddable":true,"href":"https:\/\/franciscanos.org.br\/noticias\/wp-json\/wp\/v2\/users\/1"}],"replies":[{"embeddable":true,"href":"https:\/\/franciscanos.org.br\/noticias\/wp-json\/wp\/v2\/comments?post=66127"}],"version-history":[{"count":1,"href":"https:\/\/franciscanos.org.br\/noticias\/wp-json\/wp\/v2\/posts\/66127\/revisions"}],"predecessor-version":[{"id":232899,"href":"https:\/\/franciscanos.org.br\/noticias\/wp-json\/wp\/v2\/posts\/66127\/revisions\/232899"}],"wp:featuredmedia":[{"embeddable":true,"href":"https:\/\/franciscanos.org.br\/noticias\/wp-json\/wp\/v2\/media\/201547"}],"wp:attachment":[{"href":"https:\/\/franciscanos.org.br\/noticias\/wp-json\/wp\/v2\/media?parent=66127"}],"wp:term":[{"taxonomy":"category","embeddable":true,"href":"https:\/\/franciscanos.org.br\/noticias\/wp-json\/wp\/v2\/categories?post=66127"},{"taxonomy":"post_tag","embeddable":true,"href":"https:\/\/franciscanos.org.br\/noticias\/wp-json\/wp\/v2\/tags?post=66127"}],"curies":[{"name":"wp","href":"https:\/\/api.w.org\/{rel}","templated":true}]}}