{"id":66029,"date":"2014-09-01T00:01:31","date_gmt":"2014-09-01T03:01:31","guid":{"rendered":"http:\/\/franciscanos.org.br\/?p=66029"},"modified":"2019-04-26T10:47:33","modified_gmt":"2019-04-26T13:47:33","slug":"semana-missionaria-mobiliza-amparenses","status":"publish","type":"post","link":"https:\/\/franciscanos.org.br\/noticias\/semana-missionaria-mobiliza-amparenses.html","title":{"rendered":"Semana Mission\u00e1ria mobiliza e encanta amparenses"},"content":{"rendered":"<p><img loading=\"lazy\" src=\"http:\/\/franciscanos.org.br\/wp-content\/uploads\/2014\/08\/alto1.jpg\" alt=\"alto\" width=\"820\" height=\"204\" \/><\/p>\n<p><strong>Jo\u00e3o Manoel Zecchinatto, especial para este site<\/strong><\/p>\n<p><strong>Amparo (SP)<\/strong> &#8211; Entre os dias 18 a 24 de agosto, a Par\u00f3quia S\u00e3o Benedito, na cidade de Amparo (SP), reavivou seu ardor mission\u00e1rio com a presen\u00e7a dos frades do Servi\u00e7o de Anima\u00e7\u00e3o Vocacional (SAV) e do Pr\u00f3-Voca\u00e7\u00f5es e Miss\u00f5es Franciscanas que vieram realizar mais uma Semana Mission\u00e1ria das que v\u00eam ocorrendo nas diversas par\u00f3quias e fraternidades da Prov\u00edncia Franciscana da Imaculada Concei\u00e7\u00e3o do Brasil. Essa iniciativa tem dado in\u00fameros frutos. Al\u00e9m de reavivar o carisma franciscano nas par\u00f3quias, acaba por divulgar o Servi\u00e7o de Anima\u00e7\u00e3o Vocacional e tamb\u00e9m as obras de evangeliza\u00e7\u00e3o e miss\u00e3o em que os frades atuam.<\/p>\n<p>No entardecer do dia 18, segunda-feira, a comunidade paroquial deu as boas vindas aos visitantes: Frei Diego Melo, Frei Alvaci Mendes da Luz, Frei Alexandre Rohling e Dona Rose, m\u00e3e de Frei Diego. Logo ap\u00f3s a Missa, o povo p\u00f4de cumprimentar pessoalmente os franciscanos, que em poucos minutos j\u00e1 se sentiam em casa. Os frades est\u00e3o presentes em Amparo desde 1911. N\u00e3o \u00e9 de se admirar o carinho que cada amparense tem pelos frades, que h\u00e1 mais de um s\u00e9culo ajudam no servi\u00e7o eclesial nessa cidade.<\/p>\n<p><a href=\"http:\/\/franciscanos.org.br\/wp-content\/uploads\/2014\/08\/meio.jpg\"><img loading=\"lazy\" class=\"alignright wp-image-66092 size-full\" src=\"http:\/\/franciscanos.org.br\/wp-content\/uploads\/2014\/08\/meio.jpg\" alt=\"meio\" width=\"450\" height=\"298\" \/><\/a>Ao longo da semana, in\u00fameras foram as atividades que preencheram a agenda do povo de Deus. Durante o dia, visita \u00e0s fam\u00edlias de benfeitores que h\u00e1 anos ajudam o Pr\u00f3-voca\u00e7\u00f5es, tamb\u00e9m foram visitadas as fam\u00edlias das lideran\u00e7as paroquiais, comunidades, escolas e a associa\u00e7\u00e3o da Guarda Mirim de Amparo. No fim do dia, a celebra\u00e7\u00e3o da santa Missa na Matriz Paroquial e nas comunidades. A cada dia foi proposto um tema espec\u00edfico que viria a dar o tom da celebra\u00e7\u00e3o. Na ter\u00e7a-feira, seguindo o costume franciscano de lembrar Santo Ant\u00f4nio, houve b\u00ean\u00e7\u00e3o para os namorados presentes. Na quarta-feira, emocionante Missa da Sa\u00fade, que acolheu in\u00fameros idosos e doentes que reanimaram sua esperan\u00e7a e f\u00e9 junto ao altar do Senhor. Na quinta-feira rezou-se pelos motoristas a fim de pedir prote\u00e7\u00e3o nos caminhos que ir\u00e3o percorrer. Na sexta-feira, uma marcante Celebra\u00e7\u00e3o de Perd\u00e3o em que os presentes trouxeram fotos de familiares e amigos para os quais pedem ora\u00e7\u00e3o. Ap\u00f3s essa celebra\u00e7\u00e3o, como gesto concreto, iniciou-se o ter\u00e7o dos homens, que ser\u00e1 rezado todo m\u00eas na Matriz. No s\u00e1bado, os jovens foram convocados a dar uma demonstra\u00e7\u00e3o de f\u00e9 numa prociss\u00e3o luminosa que culminou ao fim da Missa com a b\u00ean\u00e7\u00e3o das carteiras de trabalho.<\/p>\n<p>No domingo, dia 24, o povo j\u00e1 sentia aquele gosto de saudade dos irm\u00e3os que estavam por ir. N\u00e3o por menos, nesse dia, foram aben\u00e7oados os casais e as fam\u00edlias que, nas palavras de Frei Diego, formam a linda e aut\u00eantica fam\u00edlia franciscana que deve propagar a mensagem da Paz e do Bem. No final dessa celebra\u00e7\u00e3o, in\u00fameras foram as palavras de agradecimentos.<\/p>\n<p>\u201c\u00c9 em semanas como essa que nos recordamos de qu\u00e3o afortunados somos por sermos membros de uma Par\u00f3quia franciscana\u201d, confesou a paroquiana D. Maria, benfeitora do Pr\u00f3-voca\u00e7\u00f5es.<\/p>\n<p>Dos frades, a alegria de ter realizado com sucesso mais esta miss\u00e3o e da parte do povo amparense, um gostinho de quero mais. De cada fam\u00edlia visitada, de cada crian\u00e7a assistida nas escolas, de cada idoso aben\u00e7oado e de cada pessoa presente nos momentos de f\u00e9, um muito obrigado fez-se ressoar. A Par\u00f3quia S\u00e3o Benedito de Amparo termina a semana ainda mais convicta do ardor mission\u00e1rio franciscano. De ambos os lados se diz: at\u00e9 mais, volte logo!<\/p>\n<p><img class=\"ngg_displayed_gallery mceItem\" src=\"http:\/\/franciscanos.org.br\/index.php\/nextgen-attach_to_post\/preview\/id--66093\" alt=\"\" \/><\/p>\n","protected":false},"excerpt":{"rendered":"<p>SAV\/PVF<\/p>\n","protected":false},"author":1,"featured_media":203535,"comment_status":"closed","ping_status":"open","sticky":false,"template":"","format":"standard","meta":[],"categories":[1],"tags":[230],"acf":[],"yoast_head":"<!-- This site is optimized with the Yoast SEO plugin v19.2 - https:\/\/yoast.com\/wordpress\/plugins\/seo\/ -->\n<title>Semana Mission\u00e1ria mobiliza e encanta amparenses - Not\u00edcias - Franciscanos<\/title>\n<meta name=\"robots\" content=\"index, follow, max-snippet:-1, max-image-preview:large, max-video-preview:-1\" \/>\n<link rel=\"canonical\" href=\"https:\/\/franciscanos.org.br\/noticias\/semana-missionaria-mobiliza-amparenses.html\" \/>\n<meta property=\"og:locale\" content=\"pt_BR\" \/>\n<meta property=\"og:type\" content=\"article\" \/>\n<meta property=\"og:title\" content=\"Semana Mission\u00e1ria mobiliza e encanta amparenses - Not\u00edcias - Franciscanos\" \/>\n<meta property=\"og:description\" content=\"SAV\/PVF\" \/>\n<meta property=\"og:url\" content=\"https:\/\/franciscanos.org.br\/noticias\/semana-missionaria-mobiliza-amparenses.html\" \/>\n<meta property=\"og:site_name\" content=\"Not\u00edcias - Franciscanos\" \/>\n<meta property=\"article:published_time\" content=\"2014-09-01T03:01:31+00:00\" \/>\n<meta property=\"article:modified_time\" content=\"2019-04-26T13:47:33+00:00\" \/>\n<meta property=\"og:image\" content=\"https:\/\/franciscanos.org.br\/noticias\/wp-content\/uploads\/2014\/09\/meio.jpg\" \/>\n\t<meta property=\"og:image:width\" content=\"273\" \/>\n\t<meta property=\"og:image:height\" content=\"181\" \/>\n\t<meta property=\"og:image:type\" content=\"image\/jpeg\" \/>\n<meta name=\"author\" content=\"admin\" \/>\n<meta name=\"twitter:card\" content=\"summary_large_image\" \/>\n<meta name=\"twitter:label1\" content=\"Escrito por\" \/>\n\t<meta name=\"twitter:data1\" content=\"admin\" \/>\n\t<meta name=\"twitter:label2\" content=\"Est. tempo de leitura\" \/>\n\t<meta name=\"twitter:data2\" content=\"3 minutos\" \/>\n<script type=\"application\/ld+json\" class=\"yoast-schema-graph\">{\"@context\":\"https:\/\/schema.org\",\"@graph\":[{\"@type\":\"WebSite\",\"@id\":\"https:\/\/franciscanos.org.br\/noticias\/#website\",\"url\":\"https:\/\/franciscanos.org.br\/noticias\/\",\"name\":\"Not\u00edcias - Franciscanos\",\"description\":\"Prov\u00edncia Franciscana da Imaculada Concei\u00e7\u00e3o do Brasil - Ordem dos Frades Menores - OFM\",\"potentialAction\":[{\"@type\":\"SearchAction\",\"target\":{\"@type\":\"EntryPoint\",\"urlTemplate\":\"https:\/\/franciscanos.org.br\/noticias\/?s={search_term_string}\"},\"query-input\":\"required name=search_term_string\"}],\"inLanguage\":\"pt-BR\"},{\"@type\":\"ImageObject\",\"inLanguage\":\"pt-BR\",\"@id\":\"https:\/\/franciscanos.org.br\/noticias\/semana-missionaria-mobiliza-amparenses.html#primaryimage\",\"url\":\"https:\/\/franciscanos.org.br\/noticias\/wp-content\/uploads\/2014\/09\/meio.jpg\",\"contentUrl\":\"https:\/\/franciscanos.org.br\/noticias\/wp-content\/uploads\/2014\/09\/meio.jpg\",\"width\":273,\"height\":181},{\"@type\":\"WebPage\",\"@id\":\"https:\/\/franciscanos.org.br\/noticias\/semana-missionaria-mobiliza-amparenses.html#webpage\",\"url\":\"https:\/\/franciscanos.org.br\/noticias\/semana-missionaria-mobiliza-amparenses.html\",\"name\":\"Semana Mission\u00e1ria mobiliza e encanta amparenses - Not\u00edcias - Franciscanos\",\"isPartOf\":{\"@id\":\"https:\/\/franciscanos.org.br\/noticias\/#website\"},\"primaryImageOfPage\":{\"@id\":\"https:\/\/franciscanos.org.br\/noticias\/semana-missionaria-mobiliza-amparenses.html#primaryimage\"},\"datePublished\":\"2014-09-01T03:01:31+00:00\",\"dateModified\":\"2019-04-26T13:47:33+00:00\",\"author\":{\"@id\":\"https:\/\/franciscanos.org.br\/noticias\/#\/schema\/person\/b38fbf43118f02820bd932f2e4b14ad3\"},\"breadcrumb\":{\"@id\":\"https:\/\/franciscanos.org.br\/noticias\/semana-missionaria-mobiliza-amparenses.html#breadcrumb\"},\"inLanguage\":\"pt-BR\",\"potentialAction\":[{\"@type\":\"ReadAction\",\"target\":[\"https:\/\/franciscanos.org.br\/noticias\/semana-missionaria-mobiliza-amparenses.html\"]}]},{\"@type\":\"BreadcrumbList\",\"@id\":\"https:\/\/franciscanos.org.br\/noticias\/semana-missionaria-mobiliza-amparenses.html#breadcrumb\",\"itemListElement\":[{\"@type\":\"ListItem\",\"position\":1,\"name\":\"Home\",\"item\":\"https:\/\/franciscanos.org.br\/noticias\"},{\"@type\":\"ListItem\",\"position\":2,\"name\":\"Semana Mission\u00e1ria mobiliza e encanta amparenses\"}]},{\"@type\":\"Person\",\"@id\":\"https:\/\/franciscanos.org.br\/noticias\/#\/schema\/person\/b38fbf43118f02820bd932f2e4b14ad3\",\"name\":\"admin\",\"image\":{\"@type\":\"ImageObject\",\"inLanguage\":\"pt-BR\",\"@id\":\"https:\/\/franciscanos.org.br\/noticias\/#\/schema\/person\/image\/\",\"url\":\"https:\/\/secure.gravatar.com\/avatar\/e8495742d34d0ba6448ea1c628263b3e?s=96&d=mm&r=g\",\"contentUrl\":\"https:\/\/secure.gravatar.com\/avatar\/e8495742d34d0ba6448ea1c628263b3e?s=96&d=mm&r=g\",\"caption\":\"admin\"},\"url\":\"https:\/\/franciscanos.org.br\/noticias\/author\/admin\"}]}<\/script>\n<!-- \/ Yoast SEO plugin. -->","yoast_head_json":{"title":"Semana Mission\u00e1ria mobiliza e encanta amparenses - Not\u00edcias - Franciscanos","robots":{"index":"index","follow":"follow","max-snippet":"max-snippet:-1","max-image-preview":"max-image-preview:large","max-video-preview":"max-video-preview:-1"},"canonical":"https:\/\/franciscanos.org.br\/noticias\/semana-missionaria-mobiliza-amparenses.html","og_locale":"pt_BR","og_type":"article","og_title":"Semana Mission\u00e1ria mobiliza e encanta amparenses - Not\u00edcias - Franciscanos","og_description":"SAV\/PVF","og_url":"https:\/\/franciscanos.org.br\/noticias\/semana-missionaria-mobiliza-amparenses.html","og_site_name":"Not\u00edcias - Franciscanos","article_published_time":"2014-09-01T03:01:31+00:00","article_modified_time":"2019-04-26T13:47:33+00:00","og_image":[{"width":273,"height":181,"url":"https:\/\/franciscanos.org.br\/noticias\/wp-content\/uploads\/2014\/09\/meio.jpg","type":"image\/jpeg"}],"author":"admin","twitter_card":"summary_large_image","twitter_misc":{"Escrito por":"admin","Est. tempo de leitura":"3 minutos"},"schema":{"@context":"https:\/\/schema.org","@graph":[{"@type":"WebSite","@id":"https:\/\/franciscanos.org.br\/noticias\/#website","url":"https:\/\/franciscanos.org.br\/noticias\/","name":"Not\u00edcias - Franciscanos","description":"Prov\u00edncia Franciscana da Imaculada Concei\u00e7\u00e3o do Brasil - Ordem dos Frades Menores - OFM","potentialAction":[{"@type":"SearchAction","target":{"@type":"EntryPoint","urlTemplate":"https:\/\/franciscanos.org.br\/noticias\/?s={search_term_string}"},"query-input":"required name=search_term_string"}],"inLanguage":"pt-BR"},{"@type":"ImageObject","inLanguage":"pt-BR","@id":"https:\/\/franciscanos.org.br\/noticias\/semana-missionaria-mobiliza-amparenses.html#primaryimage","url":"https:\/\/franciscanos.org.br\/noticias\/wp-content\/uploads\/2014\/09\/meio.jpg","contentUrl":"https:\/\/franciscanos.org.br\/noticias\/wp-content\/uploads\/2014\/09\/meio.jpg","width":273,"height":181},{"@type":"WebPage","@id":"https:\/\/franciscanos.org.br\/noticias\/semana-missionaria-mobiliza-amparenses.html#webpage","url":"https:\/\/franciscanos.org.br\/noticias\/semana-missionaria-mobiliza-amparenses.html","name":"Semana Mission\u00e1ria mobiliza e encanta amparenses - Not\u00edcias - Franciscanos","isPartOf":{"@id":"https:\/\/franciscanos.org.br\/noticias\/#website"},"primaryImageOfPage":{"@id":"https:\/\/franciscanos.org.br\/noticias\/semana-missionaria-mobiliza-amparenses.html#primaryimage"},"datePublished":"2014-09-01T03:01:31+00:00","dateModified":"2019-04-26T13:47:33+00:00","author":{"@id":"https:\/\/franciscanos.org.br\/noticias\/#\/schema\/person\/b38fbf43118f02820bd932f2e4b14ad3"},"breadcrumb":{"@id":"https:\/\/franciscanos.org.br\/noticias\/semana-missionaria-mobiliza-amparenses.html#breadcrumb"},"inLanguage":"pt-BR","potentialAction":[{"@type":"ReadAction","target":["https:\/\/franciscanos.org.br\/noticias\/semana-missionaria-mobiliza-amparenses.html"]}]},{"@type":"BreadcrumbList","@id":"https:\/\/franciscanos.org.br\/noticias\/semana-missionaria-mobiliza-amparenses.html#breadcrumb","itemListElement":[{"@type":"ListItem","position":1,"name":"Home","item":"https:\/\/franciscanos.org.br\/noticias"},{"@type":"ListItem","position":2,"name":"Semana Mission\u00e1ria mobiliza e encanta amparenses"}]},{"@type":"Person","@id":"https:\/\/franciscanos.org.br\/noticias\/#\/schema\/person\/b38fbf43118f02820bd932f2e4b14ad3","name":"admin","image":{"@type":"ImageObject","inLanguage":"pt-BR","@id":"https:\/\/franciscanos.org.br\/noticias\/#\/schema\/person\/image\/","url":"https:\/\/secure.gravatar.com\/avatar\/e8495742d34d0ba6448ea1c628263b3e?s=96&d=mm&r=g","contentUrl":"https:\/\/secure.gravatar.com\/avatar\/e8495742d34d0ba6448ea1c628263b3e?s=96&d=mm&r=g","caption":"admin"},"url":"https:\/\/franciscanos.org.br\/noticias\/author\/admin"}]}},"_links":{"self":[{"href":"https:\/\/franciscanos.org.br\/noticias\/wp-json\/wp\/v2\/posts\/66029"}],"collection":[{"href":"https:\/\/franciscanos.org.br\/noticias\/wp-json\/wp\/v2\/posts"}],"about":[{"href":"https:\/\/franciscanos.org.br\/noticias\/wp-json\/wp\/v2\/types\/post"}],"author":[{"embeddable":true,"href":"https:\/\/franciscanos.org.br\/noticias\/wp-json\/wp\/v2\/users\/1"}],"replies":[{"embeddable":true,"href":"https:\/\/franciscanos.org.br\/noticias\/wp-json\/wp\/v2\/comments?post=66029"}],"version-history":[{"count":0,"href":"https:\/\/franciscanos.org.br\/noticias\/wp-json\/wp\/v2\/posts\/66029\/revisions"}],"wp:featuredmedia":[{"embeddable":true,"href":"https:\/\/franciscanos.org.br\/noticias\/wp-json\/wp\/v2\/media\/203535"}],"wp:attachment":[{"href":"https:\/\/franciscanos.org.br\/noticias\/wp-json\/wp\/v2\/media?parent=66029"}],"wp:term":[{"taxonomy":"category","embeddable":true,"href":"https:\/\/franciscanos.org.br\/noticias\/wp-json\/wp\/v2\/categories?post=66029"},{"taxonomy":"post_tag","embeddable":true,"href":"https:\/\/franciscanos.org.br\/noticias\/wp-json\/wp\/v2\/tags?post=66029"}],"curies":[{"name":"wp","href":"https:\/\/api.w.org\/{rel}","templated":true}]}}