{"id":65835,"date":"2014-08-18T10:18:59","date_gmt":"2014-08-18T13:18:59","guid":{"rendered":"http:\/\/franciscanos.org.br\/?p=65835"},"modified":"2020-06-10T17:43:55","modified_gmt":"2020-06-10T20:43:55","slug":"o-perdao-e-a-porta-que-leva-a-reconciliacao","status":"publish","type":"post","link":"https:\/\/franciscanos.org.br\/noticias\/o-perdao-e-a-porta-que-leva-a-reconciliacao.html","title":{"rendered":"Papa: &#8220;O perd\u00e3o \u00e9 a porta que leva \u00e0 reconcilia\u00e7\u00e3o&#8221;"},"content":{"rendered":"<p><img loading=\"lazy\" class=\"alignnone size-full wp-image-226177\" src=\"https:\/\/franciscanos.org.br\/noticias\/wp-content\/uploads\/2014\/08\/coreia.jpg\" alt=\"\" width=\"1280\" height=\"720\" srcset=\"https:\/\/franciscanos.org.br\/noticias\/wp-content\/uploads\/2014\/08\/coreia.jpg 1280w, https:\/\/franciscanos.org.br\/noticias\/wp-content\/uploads\/2014\/08\/coreia-450x253.jpg 450w, https:\/\/franciscanos.org.br\/noticias\/wp-content\/uploads\/2014\/08\/coreia-1024x576.jpg 1024w, https:\/\/franciscanos.org.br\/noticias\/wp-content\/uploads\/2014\/08\/coreia-768x432.jpg 768w, https:\/\/franciscanos.org.br\/noticias\/wp-content\/uploads\/2014\/08\/coreia-150x84.jpg 150w\" sizes=\"(max-width: 1280px) 100vw, 1280px\" \/><br \/>\nPartindo de Seul \u00e0s 13 horas locais (eram 6 da manh\u00e3 em Roma), o avi\u00e3o das Linhas A\u00e9reas Coreanas em que viaja o Papa Francisco dever\u00e1 chegar ao aeroporto romano de Ciampino perto das 18 horas de Roma, ap\u00f3s um voo de quase 12 horas. A viagem concluiu-se com a \u201cMissa pela paz e pela reconcilia\u00e7\u00e3o na Coreia\u201d, celebrada esta manh\u00e3 na catedral de Seul, na presen\u00e7a da Presidente coreana, Park Geun-hye. Como disse o pr\u00f3prio Papa na homilia, tratou-se de \u201cuma ora\u00e7\u00e3o pela reconcilia\u00e7\u00e3o nesta fam\u00edlia coreana\u201d.<\/p>\n<p>Partindo da primeira leitura, que referia a promessa feita por Deus, no Antigo Testamento, de restar a unidade e prosperidade do povo disperso pela desgra\u00e7a e pela divis\u00e3o, o Papa sublinhou a esperan\u00e7a de saber que h\u00e1 \u201cum futuro que Deus est\u00e1 desde j\u00e1 a preparar para n\u00f3s\u201d. Uma promessa contudo ligada ao mandamento de retornar a Deus e de obedecer \u00e0 sua Lei. Escutando esta promessa, no contexto da experi\u00eancia hist\u00f3rica do povo coreano, uma experi\u00eancia de divis\u00e3o e conflito que dura desde h\u00e1 mais de 60 anos, Papa Francisco insistiu no convite que Deus faz aos seguidores de Cristo para verificarem \u201ca qualidade da sua contribui\u00e7\u00e3o para a constru\u00e7\u00e3o de uma sociedade justa e humana\u201d.<\/p>\n<p>&#8220;(Deus) Chama cada um de v\u00f3s a refletir sobre o testemunho que d\u00e1, como indiv\u00edduo e como comunidade, de compromisso evang\u00e9lico com os desfavorecidos, os marginalizados, com aqueles que n\u00e3o t\u00eam emprego ou est\u00e3o exclu\u00eddos da prosperidade que muitos usufruem. Chama-vos, como crist\u00e3os e como coreanos, a repelir com firmeza uma mentalidade fundada sobre a suspeita, a confronta\u00e7\u00e3o e a competi\u00e7\u00e3o, optando antes por favorecer uma cultura plasmada pelo ensinamento do Evangelho e pelos mais nobres valores tradicionais do povo coreano&#8221;.<\/p>\n<p>Recordando a ora\u00e7\u00e3o do Pai nosso, em que pedimos diariamente o perd\u00e3o dos nossos pecados, \u201cassim como n\u00f3s perdoamos a quem nos tem ofendido\u201d, o Papa observou que \u201cJesus pede-nos para acreditarmos que o perd\u00e3o que leva \u00e0 reconcilia\u00e7\u00e3o\u201d.<br \/>\nSer\u00e1 o pr\u00f3prio Senhor a dar-nos esta gra\u00e7a, como fruto da \u201cfor\u00e7a infinita da Cruz de Cristo\u201d. \u00c9 a Cruz de Cristo \u2013 sublinhou \u2013 que revela o poder que Deus tem de superar toda a divis\u00e3o, curar todas as feridas, restaurar os v\u00ednculos de amor fraterno\u201d. \u00c9 esta a mensagem que o Papa deixa aos crist\u00e3os coreanos: &#8220;Tende confian\u00e7a na for\u00e7a da cruz de Cristo; acolhei nos vossos cora\u00e7\u00f5es a sua gra\u00e7a reconciliadora e partilhai-a com os outros. Pe\u00e7o-vos que deis um testemunho convincente da mensagem reconciliadora de Cristo nas vossas casas, nas vossas comunidade e em todas as esferas da vida nacional&#8221;.<\/p>\n<p><strong> HOMILIA<\/strong><br \/>\n<strong> Viagem Apost\u00f3lica \u00e0 Coreia do Sul<\/strong><br \/>\n<strong> Santa Missa pela paz e reconcilia\u00e7\u00e3o<\/strong><br \/>\n<strong> Catedral de Myeong-dong, Seul<\/strong><br \/>\n<strong> Segunda-feira, 18 de agosto de 2014<\/strong><br \/>\nQueridos irm\u00e3os e irm\u00e3s!<\/p>\n<p>A minha estadia na Coreia est\u00e1 chegando ao fim e n\u00e3o posso deixar de agradecer a Deus pelas muitas b\u00ean\u00e7\u00e3os que concedeu a este amado pa\u00eds e, de maneira particular, \u00e0 Igreja na Coreia. Dentre tais b\u00ean\u00e7\u00e3os, conservo de modo especial a experi\u00eancia que vivemos juntos nestes \u00faltimos dias, da presen\u00e7a de tantos jovens peregrinos origin\u00e1rios de todas as partes da \u00c1sia. O seu amor por Jesus e o seu entusiasmo pela propaga\u00e7\u00e3o do seu Reino foram uma inspira\u00e7\u00e3o para todos.<\/p>\n<p>A minha visita culmina agora nesta celebra\u00e7\u00e3o da Santa Missa, em que imploramos de Deus a gra\u00e7a da paz e da reconcilia\u00e7\u00e3o. Esta ora\u00e7\u00e3o reveste-se de particular resson\u00e2ncia na Pen\u00ednsula Coreana. A Missa de hoje \u00e9, sobretudo e principalmente, uma ora\u00e7\u00e3o pela reconcilia\u00e7\u00e3o nesta fam\u00edlia coreana. Jesus diz-nos, no Evangelho, como \u00e9 poderosa a nossa ora\u00e7\u00e3o, quando dois ou tr\u00eas se re\u00fanem em seu nome para pedir qualquer coisa (cf. Mt 18, 19-20). Muito mais o ser\u00e1, quando um povo inteiro eleva a sua instante s\u00faplica ao c\u00e9u!<\/p>\n<p>A primeira leitura apresenta a promessa feita por Deus de restaurar na unidade e na prosperidade um povo disperso pela desgra\u00e7a e a divis\u00e3o. Para n\u00f3s, como para o povo de Israel, \u00e9 uma promessa cheia de esperan\u00e7a: indica um futuro que Deus est\u00e1 desde j\u00e1 preparando para n\u00f3s. Mas esta promessa est\u00e1 inseparavelmente ligada com um mandamento: o mandamento de retornar a Deus e obedecer de todo o cora\u00e7\u00e3o \u00e0 sua lei (cf. Dt 30, 2-3). O dom divino da reconcilia\u00e7\u00e3o, da unidade e da paz est\u00e1 inseparavelmente ligado \u00e0 gra\u00e7a da convers\u00e3o: trata-se de uma transforma\u00e7\u00e3o do cora\u00e7\u00e3o, que pode mudar o curso da nossa vida e da nossa hist\u00f3ria, como indiv\u00edduos e como povo.<\/p>\n<p>Nesta Missa, naturalmente escutamos essa promessa no contexto da experi\u00eancia hist\u00f3rica do povo coreano, uma experi\u00eancia de divis\u00e3o e conflito que j\u00e1 dura h\u00e1 mais de 60 anos. Mas o premente convite de Deus \u00e0 convers\u00e3o chama tamb\u00e9m os seguidores de Cristo na Coreia a examinarem-se sobre a qualidade da sua contribui\u00e7\u00e3o para a constru\u00e7\u00e3o duma sociedade justa e humana. Chama cada um de v\u00f3s a refletir sobre o testemunho que d\u00e1, como indiv\u00edduo e como comunidade, de compromisso evang\u00e9lico com os desfavorecidos, os marginalizados, com aqueles que n\u00e3o t\u00eam emprego ou est\u00e3o exclu\u00eddos da prosperidade que muitos usufruem. Chama-vos, como crist\u00e3os e como coreanos, a repelir com firmeza uma mentalidade fundada sobre a suspeita, a confronta\u00e7\u00e3o e a competi\u00e7\u00e3o, optando antes por favorecer uma cultura plasmada pelo ensinamento do Evangelho e pelos mais nobres valores tradicionais do povo coreano.<\/p>\n<p>No Evangelho de hoje, Pedro pergunta ao Senhor: \u00abQuantas vezes devo perdoar, se meu irm\u00e3o pecar contra mim? At\u00e9 sete vezes?\u00bb O Senhor responde: \u00abDigo-te, n\u00e3o at\u00e9 sete vezes, mas at\u00e9 setenta vezes sete\u00bb (Mt 18, 21-22). Estas palavras tocam o cora\u00e7\u00e3o da mensagem de reconcilia\u00e7\u00e3o e de paz indicada por Jesus. Obedientes ao seu mandamento, pedimos diariamente ao nosso Pai do C\u00e9u que perdoe os nossos pecados, \u00abassim como n\u00f3s perdoamos a quem nos tem ofendido\u00bb. Mas, se n\u00e3o estiv\u00e9ssemos prontos a fazer o mesmo, como poder\u00edamos honestamente rezar pela paz e a reconcilia\u00e7\u00e3o?<\/p>\n<p>Jesus pede-nos para acreditar que o perd\u00e3o \u00e9 a porta que leva \u00e0 reconcilia\u00e7\u00e3o. Quando nos manda perdoar aos nossos irm\u00e3os sem qualquer reserva, pede-nos para fazer algo de totalmente radical, mas d\u00e1-nos tamb\u00e9m a gra\u00e7a de o cumprir. Aquilo que, visto duma perspectiva humana, parece ser imposs\u00edvel, impratic\u00e1vel e \u00e0s vezes at\u00e9 repugnante, Jesus torna-o poss\u00edvel e frutuoso com a for\u00e7a infinita da sua cruz. A cruz de Cristo revela o poder que Deus tem de superar toda a divis\u00e3o, curar toda a ferida e restaurar os v\u00ednculos originais de amor fraterno.<\/p>\n<p>Assim, a mensagem que vos deixo no final da minha visita a Coreia \u00e9 esta: tende confian\u00e7a na for\u00e7a da cruz de Cristo; acolhei nos vossos cora\u00e7\u00f5es a sua gra\u00e7a reconciliadora e partilhai-a com os outros. Pe\u00e7o-vos que deis um testemunho convincente da mensagem reconciliadora de Cristo nas vossas casas, nas vossas comunidade e em todas as esferas da vida nacional. Estou confiante que v\u00f3s, num esp\u00edrito de amizade e coopera\u00e7\u00e3o com os outros crist\u00e3os, com os seguidores de outras religi\u00f5es e com todos os homens e mulheres de boa vontade que t\u00eam a peito o futuro da sociedade coreana, sereis fermento do Reino de Deus nesta terra. Ent\u00e3o, as nossas ora\u00e7\u00f5es pela paz e a reconcilia\u00e7\u00e3o subir\u00e3o at\u00e9 Deus de cora\u00e7\u00f5es mais puros e, pelo dom da sua gra\u00e7a, h\u00e3o-de alcan\u00e7ar aquele bem precioso por que todos suspiramos.<\/p>\n<p>Por isso, rezemos pelo aparecimento de novas oportunidades de di\u00e1logo, encontro e supera\u00e7\u00e3o das diferen\u00e7as, por uma incessante generosidade na presta\u00e7\u00e3o de assist\u00eancia humanit\u00e1ria aos necessitados, e por um reconhecimento sempre mais vasto de que todos os coreanos s\u00e3o irm\u00e3os e irm\u00e3s, membros duma \u00fanica fam\u00edlia e dum \u00fanico povo.<\/p>\n<p>Antes de deixar a Coreia, quero agradecer \u00e0 Senhora Presidente da Rep\u00fablica, \u00e0s Autoridades civis e eclesi\u00e1sticas e a todos aqueles que de alguma forma ajudaram a tornar poss\u00edvel esta visita. De modo especial, quero dirigir uma palavra de gratid\u00e3o pessoal aos sacerdotes da Coreia, que diariamente se empenham no servi\u00e7o do Evangelho e na edifica\u00e7\u00e3o da f\u00e9, da esperan\u00e7a e da caridade do Povo de Deus. A v\u00f3s, como embaixadores de Cristo e ministros do seu amor de reconcilia\u00e7\u00e3o (cf. 2 Cor 5, 18-20), pe\u00e7o que continueis a construir la\u00e7os de respeito, confian\u00e7a e coopera\u00e7\u00e3o harmoniosa nas vossas par\u00f3quias, entre v\u00f3s e com os vossos Bispos. O vosso exemplo de um amor sem reservas ao Senhor, a vossa fidelidade e dedica\u00e7\u00e3o ao minist\u00e9rio, bem como o vosso empenhamento caritativo com os necessitados contribuem enormemente para a obra de reconcilia\u00e7\u00e3o e paz neste pa\u00eds.<\/p>\n<p>Queridos irm\u00e3os e irm\u00e3s, Deus chama-nos a voltar para Ele e a escutar a sua voz, e promete estabelecer-nos sobre a terra numa paz e prosperidade maiores, como os nossos antepassados nunca conheceram. Possam os seguidores de Cristo na Coreia preparar a alvorada daquele dia novo em que esta terra do calmo amanhecer gozar\u00e1 das mais ricas b\u00ean\u00e7\u00e3os divinas de harmonia e de paz! \u00a0Am\u00e9m.<\/p>\n<hr \/>\n<p><strong>CONFIRA O DISCURSO DO PAPA \u00c0S AUTORIDADES<\/strong><\/p>\n<p>Constitui para mim uma grande alegria vir \u00e0 Coreia, a \u00abterra do calmo amanhecer\u00bb, e experimentar n\u00e3o s\u00f3 a beleza natural do pa\u00eds, mas tamb\u00e9m e sobretudo a beleza do seu povo e da sua riqueza hist\u00f3rica e cultural. No decurso dos anos, esta heran\u00e7a nacional foi posta \u00e0 prova pela viol\u00eancia, a persegui\u00e7\u00e3o e a guerra; mas, n\u00e3o obstante essas provas, sempre prevaleceu o \u00abcalmo amanhecer\u00bb, quando o calor do dia ainda n\u00e3o se imp\u00f4s e a escurid\u00e3o da noite j\u00e1 se foi, ou seja, uma inalter\u00e1vel esperan\u00e7a de justi\u00e7a, paz e unidade. Que grande dom \u00e9 a esperan\u00e7a! N\u00e3o podemos desanimar na busca destas metas, que beneficiam n\u00e3o s\u00f3 o povo coreano mas tamb\u00e9m toda a regi\u00e3o e o mundo inteiro.<\/p>\n<p>Desejo agradecer-lhe, Senhora Presidente Park Geun-hye, a sua cordial recep\u00e7\u00e3o. Sa\u00fado Vossa Excel\u00eancia e os ilustres membros do Governo. Quero expressar o meu agradecimento tamb\u00e9m aos membros do Corpo Diplom\u00e1tico, e a todos os presentes que contribu\u00edram, com o melhor dos seus esfor\u00e7os, para a prepara\u00e7\u00e3o da minha visita. Estou muito grato pela vossa hospitalidade, que imediatamente me fez sentir no vosso meio como em casa.<\/p>\n<p>A minha visita \u00e0 Coreia tem lugar por ocasi\u00e3o da VI Jornada Asi\u00e1tica da Juventude, que re\u00fane jovens cat\u00f3licos de todo este vasto Continente numa jubilosa celebra\u00e7\u00e3o da f\u00e9 comum. Al\u00e9m disso, no decurso da minha visita, proclamarei Beatos alguns coreanos martirizados pela f\u00e9 crist\u00e3: Paul Yun Ji-chung e os seus 123 companheiros. Estes dois acontecimentos que celebramos completam-se um ao outro. A cultura coreana possui uma boa compreens\u00e3o da dignidade e sabedoria pr\u00f3prias dos antigos e honra o seu papel na sociedade. N\u00f3s, cat\u00f3licos, honramos os nossos antigos que sofreram o mart\u00edrio pela f\u00e9, porque se prontificaram a dar a vida pela verdade em que acreditaram e de acordo com a qual procuraram viver. Ensinam-nos a viver plenamente para Deus e para o bem do pr\u00f3ximo.<\/p>\n<p>Um povo grande e s\u00e1bio n\u00e3o se limita a amar as suas tradi\u00e7\u00f5es ancestrais, mas valoriza tamb\u00e9m os seus jovens, procurando transmitir-lhes a heran\u00e7a do passado que aplica aos desafios do presente. Sempre que os jovens se re\u00fanem, como sucede nesta ocasi\u00e3o, oferecem-nos a todos uma oportunidade preciosa para ouvirmos as suas esperan\u00e7as e preocupa\u00e7\u00f5es. E somos chamados tamb\u00e9m a reflectir se estamos a transmitir de modo adequado os nossos valores \u00e0s futuras gera\u00e7\u00f5es e qual tipo de sociedade nos preparamos para lhes entregar. Neste contexto, considero que seja particularmente importante, para n\u00f3s, reflectirmos sobre a necessidade de transmitir aos nossos jovens o dom da paz.<\/p>\n<p>Este apelo reveste-se de um significado muito especial aqui na Coreia, uma terra que sofreu longamente por causa da falta de paz. Exprimo o meu apre\u00e7o pelos esfor\u00e7os feitos a favor da reconcilia\u00e7\u00e3o e da estabilidade na Pen\u00ednsula Coreana e encorajo tais esfor\u00e7os, que s\u00e3o o \u00fanico caminho seguro para uma paz duradoura. A busca da paz por parte da Coreia \u00e9 uma causa que nos est\u00e1 particularmente a peito, pois concorre para a estabilidade de toda a regi\u00e3o e do mundo inteiro, cansado da guerra.<\/p>\n<p>Mas a busca da paz constitui um desafio tamb\u00e9m para cada um de n\u00f3s e, particularmente, para quantos de entre v\u00f3s t\u00eam a tarefa de procurar o bem comum da fam\u00edlia humana atrav\u00e9s do paciente trabalho da diplomacia. Trata-se do desafio perene de derrubar os muros da difid\u00eancia e do \u00f3dio, promovendo uma cultura de reconcilia\u00e7\u00e3o e solidariedade. De fato, enquanto arte do poss\u00edvel, a diplomacia baseia-se numa convic\u00e7\u00e3o firme e perseverante de que a paz pode ser melhor alcan\u00e7ada pelo di\u00e1logo e a escuta atenta e discreta, do que com recrimina\u00e7\u00f5es rec\u00edprocas, cr\u00edticas in\u00fateis e demonstra\u00e7\u00f5es de for\u00e7a.<\/p>\n<p>A paz n\u00e3o \u00e9 simplesmente aus\u00eancia de guerra, mas obra da justi\u00e7a (cf. Is 32, 17). E a justi\u00e7a, como virtude que \u00e9, faz apelo \u00e0 tenacidade da paci\u00eancia; n\u00e3o nos pede para esquecermos as injusti\u00e7as do passado, mas que as superemos atrav\u00e9s do perd\u00e3o, da toler\u00e2ncia e da coopera\u00e7\u00e3o. Exige a vontade de discernir e alcan\u00e7ar os objetivos reciprocamente vantajosos, construindo os alicerces do respeito m\u00fatuo, da compreens\u00e3o e da reconcilia\u00e7\u00e3o. Fa\u00e7o votos de que todos n\u00f3s possamos dedicar-nos \u00e0 constru\u00e7\u00e3o da paz, \u00e0 ora\u00e7\u00e3o pela paz, refor\u00e7ando o nosso compromisso de a realizar.<\/p>\n<p>Queridos amigos, os vossos esfor\u00e7os como l\u00edderes pol\u00edticos e civis visam, em \u00faltima an\u00e1lise, construir um mundo melhor, mais pac\u00edfico, mais justo e pr\u00f3spero para os nossos filhos. A experi\u00eancia ensina-nos que, num mundo cada vez mais globalizado, a nossa compreens\u00e3o do bem comum, do progresso e do desenvolvimento deve ser, em \u00faltima an\u00e1lise, n\u00e3o s\u00f3 de car\u00e1ter econ\u00f4mico mas tamb\u00e9m humano. A Coreia, como a maioria das na\u00e7\u00f5es desenvolvidas, enfrenta relevantes problem\u00e1ticas sociais, divis\u00f5es pol\u00edticas, desigualdades econ\u00f4micas e preocupa\u00e7\u00f5es na gest\u00e3o respons\u00e1vel do meio ambiente. Como \u00e9 importante que a voz de cada membro da sociedade seja ouvida, promovendo-se um esp\u00edrito de comunica\u00e7\u00e3o aberta, de di\u00e1logo e coopera\u00e7\u00e3o! \u00c9 igualmente importante que se dedique especial aten\u00e7\u00e3o aos pobres, \u00e0queles que s\u00e3o vulner\u00e1veis e a quantos n\u00e3o t\u00eam voz, n\u00e3o somente indo ao encontro das suas necessidades imediatas mas tamb\u00e9m promovendo-os no seu crescimento humano e espiritual. Nutro a esperan\u00e7a de que a democracia coreana se h\u00e1-de fortalecer cada vez mais e que esta na\u00e7\u00e3o demonstrar\u00e1 primar tamb\u00e9m na \u00abglobaliza\u00e7\u00e3o da solidariedade\u00bb que \u00e9 hoje particularmente necess\u00e1ria: a solidariedade que tem como objetivo o desenvolvimento integral de cada membro da fam\u00edlia humana.<\/p>\n<p>Vinte e cinco anos atr\u00e1s, na sua segunda visita \u00e0 Coreia, S\u00e3o Jo\u00e3o Paulo II manifestou a convic\u00e7\u00e3o de que \u00abo futuro da Coreia depender\u00e1 da presen\u00e7a entre o seu povo de muitos homens e mulheres s\u00e1bios, virtuosos e profundamente espirituais\u00bb (8 de Outubro de 1989). Hoje, fazendo-me eco de tais palavras, asseguro-vos o desejo constante da comunidade cat\u00f3lica coreana de participar plenamente na vida da na\u00e7\u00e3o. A Igreja deseja contribuir para a educa\u00e7\u00e3o dos jovens e para o crescimento de um esp\u00edrito de solidariedade para com os pobres e desfavorecidos, contribuir para a forma\u00e7\u00e3o de jovens gera\u00e7\u00f5es de cidad\u00e3os prontos a oferecer a sabedoria e clarivid\u00eancia herdadas dos seus antepassados e nascidas da sua f\u00e9 a fim de se enfrentarem as grandes quest\u00f5es pol\u00edticas e sociais da na\u00e7\u00e3o.<\/p>\n<p>Senhora Presidente, Senhoras e Senhores, agrade\u00e7o-vos mais uma vez a vossa recep\u00e7\u00e3o e hospitalidade. O Senhor vos aben\u00e7oe a v\u00f3s e ao querido povo coreano. De modo especial, o Senhor aben\u00e7oe os idosos e os jovens que, preservando a mem\u00f3ria e inspirando coragem, s\u00e3o o nosso maior tesouro e a nossa esperan\u00e7a para o futuro.<\/p>\n<hr \/>\n<p><em>Fonte: R\u00e1dio Vaticano<\/em><\/p>\n","protected":false},"excerpt":{"rendered":"<p>Viagem Apost\u00f3lica \u00e0 Cor\u00e9ia do Sul<\/p>\n","protected":false},"author":1,"featured_media":226178,"comment_status":"closed","ping_status":"open","sticky":false,"template":"","format":"standard","meta":[],"categories":[1428],"tags":[1140],"acf":[],"yoast_head":"<!-- This site is optimized with the Yoast SEO plugin v19.2 - https:\/\/yoast.com\/wordpress\/plugins\/seo\/ -->\n<title>Papa: &quot;O perd\u00e3o \u00e9 a porta que leva \u00e0 reconcilia\u00e7\u00e3o&quot; - Not\u00edcias - Franciscanos<\/title>\n<meta name=\"robots\" content=\"index, follow, max-snippet:-1, max-image-preview:large, max-video-preview:-1\" \/>\n<link rel=\"canonical\" href=\"https:\/\/franciscanos.org.br\/noticias\/o-perdao-e-a-porta-que-leva-a-reconciliacao.html\" \/>\n<meta property=\"og:locale\" content=\"pt_BR\" \/>\n<meta property=\"og:type\" content=\"article\" \/>\n<meta property=\"og:title\" content=\"Papa: &quot;O perd\u00e3o \u00e9 a porta que leva \u00e0 reconcilia\u00e7\u00e3o&quot; - Not\u00edcias - Franciscanos\" \/>\n<meta property=\"og:description\" content=\"Viagem Apost\u00f3lica \u00e0 Cor\u00e9ia do Sul\" \/>\n<meta property=\"og:url\" content=\"https:\/\/franciscanos.org.br\/noticias\/o-perdao-e-a-porta-que-leva-a-reconciliacao.html\" \/>\n<meta property=\"og:site_name\" content=\"Not\u00edcias - Franciscanos\" \/>\n<meta property=\"article:published_time\" content=\"2014-08-18T13:18:59+00:00\" \/>\n<meta property=\"article:modified_time\" content=\"2020-06-10T20:43:55+00:00\" \/>\n<meta property=\"og:image\" content=\"https:\/\/franciscanos.org.br\/noticias\/wp-content\/uploads\/2014\/08\/coreia_d.jpg\" \/>\n\t<meta property=\"og:image:width\" content=\"800\" \/>\n\t<meta property=\"og:image:height\" content=\"600\" \/>\n\t<meta property=\"og:image:type\" content=\"image\/jpeg\" \/>\n<meta name=\"author\" content=\"admin\" \/>\n<meta name=\"twitter:card\" content=\"summary_large_image\" \/>\n<meta name=\"twitter:label1\" content=\"Escrito por\" \/>\n\t<meta name=\"twitter:data1\" content=\"admin\" \/>\n\t<meta name=\"twitter:label2\" content=\"Est. tempo de leitura\" \/>\n\t<meta name=\"twitter:data2\" content=\"14 minutos\" \/>\n<script type=\"application\/ld+json\" class=\"yoast-schema-graph\">{\"@context\":\"https:\/\/schema.org\",\"@graph\":[{\"@type\":\"WebSite\",\"@id\":\"https:\/\/franciscanos.org.br\/noticias\/#website\",\"url\":\"https:\/\/franciscanos.org.br\/noticias\/\",\"name\":\"Not\u00edcias - Franciscanos\",\"description\":\"Prov\u00edncia Franciscana da Imaculada Concei\u00e7\u00e3o do Brasil - Ordem dos Frades Menores - OFM\",\"potentialAction\":[{\"@type\":\"SearchAction\",\"target\":{\"@type\":\"EntryPoint\",\"urlTemplate\":\"https:\/\/franciscanos.org.br\/noticias\/?s={search_term_string}\"},\"query-input\":\"required name=search_term_string\"}],\"inLanguage\":\"pt-BR\"},{\"@type\":\"ImageObject\",\"inLanguage\":\"pt-BR\",\"@id\":\"https:\/\/franciscanos.org.br\/noticias\/o-perdao-e-a-porta-que-leva-a-reconciliacao.html#primaryimage\",\"url\":\"https:\/\/franciscanos.org.br\/noticias\/wp-content\/uploads\/2014\/08\/coreia_d.jpg\",\"contentUrl\":\"https:\/\/franciscanos.org.br\/noticias\/wp-content\/uploads\/2014\/08\/coreia_d.jpg\",\"width\":800,\"height\":600},{\"@type\":\"WebPage\",\"@id\":\"https:\/\/franciscanos.org.br\/noticias\/o-perdao-e-a-porta-que-leva-a-reconciliacao.html#webpage\",\"url\":\"https:\/\/franciscanos.org.br\/noticias\/o-perdao-e-a-porta-que-leva-a-reconciliacao.html\",\"name\":\"Papa: \\\"O perd\u00e3o \u00e9 a porta que leva \u00e0 reconcilia\u00e7\u00e3o\\\" - Not\u00edcias - Franciscanos\",\"isPartOf\":{\"@id\":\"https:\/\/franciscanos.org.br\/noticias\/#website\"},\"primaryImageOfPage\":{\"@id\":\"https:\/\/franciscanos.org.br\/noticias\/o-perdao-e-a-porta-que-leva-a-reconciliacao.html#primaryimage\"},\"datePublished\":\"2014-08-18T13:18:59+00:00\",\"dateModified\":\"2020-06-10T20:43:55+00:00\",\"author\":{\"@id\":\"https:\/\/franciscanos.org.br\/noticias\/#\/schema\/person\/b38fbf43118f02820bd932f2e4b14ad3\"},\"breadcrumb\":{\"@id\":\"https:\/\/franciscanos.org.br\/noticias\/o-perdao-e-a-porta-que-leva-a-reconciliacao.html#breadcrumb\"},\"inLanguage\":\"pt-BR\",\"potentialAction\":[{\"@type\":\"ReadAction\",\"target\":[\"https:\/\/franciscanos.org.br\/noticias\/o-perdao-e-a-porta-que-leva-a-reconciliacao.html\"]}]},{\"@type\":\"BreadcrumbList\",\"@id\":\"https:\/\/franciscanos.org.br\/noticias\/o-perdao-e-a-porta-que-leva-a-reconciliacao.html#breadcrumb\",\"itemListElement\":[{\"@type\":\"ListItem\",\"position\":1,\"name\":\"Home\",\"item\":\"https:\/\/franciscanos.org.br\/noticias\"},{\"@type\":\"ListItem\",\"position\":2,\"name\":\"Papa: &#8220;O perd\u00e3o \u00e9 a porta que leva \u00e0 reconcilia\u00e7\u00e3o&#8221;\"}]},{\"@type\":\"Person\",\"@id\":\"https:\/\/franciscanos.org.br\/noticias\/#\/schema\/person\/b38fbf43118f02820bd932f2e4b14ad3\",\"name\":\"admin\",\"image\":{\"@type\":\"ImageObject\",\"inLanguage\":\"pt-BR\",\"@id\":\"https:\/\/franciscanos.org.br\/noticias\/#\/schema\/person\/image\/\",\"url\":\"https:\/\/secure.gravatar.com\/avatar\/e8495742d34d0ba6448ea1c628263b3e?s=96&d=mm&r=g\",\"contentUrl\":\"https:\/\/secure.gravatar.com\/avatar\/e8495742d34d0ba6448ea1c628263b3e?s=96&d=mm&r=g\",\"caption\":\"admin\"},\"url\":\"https:\/\/franciscanos.org.br\/noticias\/author\/admin\"}]}<\/script>\n<!-- \/ Yoast SEO plugin. -->","yoast_head_json":{"title":"Papa: \"O perd\u00e3o \u00e9 a porta que leva \u00e0 reconcilia\u00e7\u00e3o\" - Not\u00edcias - Franciscanos","robots":{"index":"index","follow":"follow","max-snippet":"max-snippet:-1","max-image-preview":"max-image-preview:large","max-video-preview":"max-video-preview:-1"},"canonical":"https:\/\/franciscanos.org.br\/noticias\/o-perdao-e-a-porta-que-leva-a-reconciliacao.html","og_locale":"pt_BR","og_type":"article","og_title":"Papa: \"O perd\u00e3o \u00e9 a porta que leva \u00e0 reconcilia\u00e7\u00e3o\" - Not\u00edcias - Franciscanos","og_description":"Viagem Apost\u00f3lica \u00e0 Cor\u00e9ia do Sul","og_url":"https:\/\/franciscanos.org.br\/noticias\/o-perdao-e-a-porta-que-leva-a-reconciliacao.html","og_site_name":"Not\u00edcias - Franciscanos","article_published_time":"2014-08-18T13:18:59+00:00","article_modified_time":"2020-06-10T20:43:55+00:00","og_image":[{"width":800,"height":600,"url":"https:\/\/franciscanos.org.br\/noticias\/wp-content\/uploads\/2014\/08\/coreia_d.jpg","type":"image\/jpeg"}],"author":"admin","twitter_card":"summary_large_image","twitter_misc":{"Escrito por":"admin","Est. tempo de leitura":"14 minutos"},"schema":{"@context":"https:\/\/schema.org","@graph":[{"@type":"WebSite","@id":"https:\/\/franciscanos.org.br\/noticias\/#website","url":"https:\/\/franciscanos.org.br\/noticias\/","name":"Not\u00edcias - Franciscanos","description":"Prov\u00edncia Franciscana da Imaculada Concei\u00e7\u00e3o do Brasil - Ordem dos Frades Menores - OFM","potentialAction":[{"@type":"SearchAction","target":{"@type":"EntryPoint","urlTemplate":"https:\/\/franciscanos.org.br\/noticias\/?s={search_term_string}"},"query-input":"required name=search_term_string"}],"inLanguage":"pt-BR"},{"@type":"ImageObject","inLanguage":"pt-BR","@id":"https:\/\/franciscanos.org.br\/noticias\/o-perdao-e-a-porta-que-leva-a-reconciliacao.html#primaryimage","url":"https:\/\/franciscanos.org.br\/noticias\/wp-content\/uploads\/2014\/08\/coreia_d.jpg","contentUrl":"https:\/\/franciscanos.org.br\/noticias\/wp-content\/uploads\/2014\/08\/coreia_d.jpg","width":800,"height":600},{"@type":"WebPage","@id":"https:\/\/franciscanos.org.br\/noticias\/o-perdao-e-a-porta-que-leva-a-reconciliacao.html#webpage","url":"https:\/\/franciscanos.org.br\/noticias\/o-perdao-e-a-porta-que-leva-a-reconciliacao.html","name":"Papa: \"O perd\u00e3o \u00e9 a porta que leva \u00e0 reconcilia\u00e7\u00e3o\" - Not\u00edcias - Franciscanos","isPartOf":{"@id":"https:\/\/franciscanos.org.br\/noticias\/#website"},"primaryImageOfPage":{"@id":"https:\/\/franciscanos.org.br\/noticias\/o-perdao-e-a-porta-que-leva-a-reconciliacao.html#primaryimage"},"datePublished":"2014-08-18T13:18:59+00:00","dateModified":"2020-06-10T20:43:55+00:00","author":{"@id":"https:\/\/franciscanos.org.br\/noticias\/#\/schema\/person\/b38fbf43118f02820bd932f2e4b14ad3"},"breadcrumb":{"@id":"https:\/\/franciscanos.org.br\/noticias\/o-perdao-e-a-porta-que-leva-a-reconciliacao.html#breadcrumb"},"inLanguage":"pt-BR","potentialAction":[{"@type":"ReadAction","target":["https:\/\/franciscanos.org.br\/noticias\/o-perdao-e-a-porta-que-leva-a-reconciliacao.html"]}]},{"@type":"BreadcrumbList","@id":"https:\/\/franciscanos.org.br\/noticias\/o-perdao-e-a-porta-que-leva-a-reconciliacao.html#breadcrumb","itemListElement":[{"@type":"ListItem","position":1,"name":"Home","item":"https:\/\/franciscanos.org.br\/noticias"},{"@type":"ListItem","position":2,"name":"Papa: &#8220;O perd\u00e3o \u00e9 a porta que leva \u00e0 reconcilia\u00e7\u00e3o&#8221;"}]},{"@type":"Person","@id":"https:\/\/franciscanos.org.br\/noticias\/#\/schema\/person\/b38fbf43118f02820bd932f2e4b14ad3","name":"admin","image":{"@type":"ImageObject","inLanguage":"pt-BR","@id":"https:\/\/franciscanos.org.br\/noticias\/#\/schema\/person\/image\/","url":"https:\/\/secure.gravatar.com\/avatar\/e8495742d34d0ba6448ea1c628263b3e?s=96&d=mm&r=g","contentUrl":"https:\/\/secure.gravatar.com\/avatar\/e8495742d34d0ba6448ea1c628263b3e?s=96&d=mm&r=g","caption":"admin"},"url":"https:\/\/franciscanos.org.br\/noticias\/author\/admin"}]}},"_links":{"self":[{"href":"https:\/\/franciscanos.org.br\/noticias\/wp-json\/wp\/v2\/posts\/65835"}],"collection":[{"href":"https:\/\/franciscanos.org.br\/noticias\/wp-json\/wp\/v2\/posts"}],"about":[{"href":"https:\/\/franciscanos.org.br\/noticias\/wp-json\/wp\/v2\/types\/post"}],"author":[{"embeddable":true,"href":"https:\/\/franciscanos.org.br\/noticias\/wp-json\/wp\/v2\/users\/1"}],"replies":[{"embeddable":true,"href":"https:\/\/franciscanos.org.br\/noticias\/wp-json\/wp\/v2\/comments?post=65835"}],"version-history":[{"count":3,"href":"https:\/\/franciscanos.org.br\/noticias\/wp-json\/wp\/v2\/posts\/65835\/revisions"}],"predecessor-version":[{"id":226185,"href":"https:\/\/franciscanos.org.br\/noticias\/wp-json\/wp\/v2\/posts\/65835\/revisions\/226185"}],"wp:featuredmedia":[{"embeddable":true,"href":"https:\/\/franciscanos.org.br\/noticias\/wp-json\/wp\/v2\/media\/226178"}],"wp:attachment":[{"href":"https:\/\/franciscanos.org.br\/noticias\/wp-json\/wp\/v2\/media?parent=65835"}],"wp:term":[{"taxonomy":"category","embeddable":true,"href":"https:\/\/franciscanos.org.br\/noticias\/wp-json\/wp\/v2\/categories?post=65835"},{"taxonomy":"post_tag","embeddable":true,"href":"https:\/\/franciscanos.org.br\/noticias\/wp-json\/wp\/v2\/tags?post=65835"}],"curies":[{"name":"wp","href":"https:\/\/api.w.org\/{rel}","templated":true}]}}