{"id":65797,"date":"2014-08-17T19:33:18","date_gmt":"2014-08-17T22:33:18","guid":{"rendered":"http:\/\/franciscanos.org.br\/?p=65797"},"modified":"2020-06-10T17:41:33","modified_gmt":"2020-06-10T20:41:33","slug":"papa-encerra-jornada-da-juventude-asiatica","status":"publish","type":"post","link":"https:\/\/franciscanos.org.br\/noticias\/papa-encerra-jornada-da-juventude-asiatica.html","title":{"rendered":"Papa encerra Jornada da Juventude Asi\u00e1tica"},"content":{"rendered":"<p><img loading=\"lazy\" src=\"http:\/\/franciscanos.org.br\/wp-content\/uploads\/2014\/08\/papa_coreia.jpg\" alt=\"papa_coreia\" width=\"820\" height=\"216\" \/><\/p>\n<p>O Papa Francisco celebrou neste domingo, 17 de agosto, a Missa final da 6\u00aa Jornada da Juventude Asi\u00e1tica, ponto alto de sua viagem \u00e0 Coreia do Sul. Na homilia, ele refletiu sobre o tema da Jornada, evocando o testemunho dos m\u00e1rtires e convidando os jovens a seguirem pelo caminho de Jesus, sem ter medo de levar a sabedoria da f\u00e9.<\/p>\n<p>O evento teve como tema \u201cA gl\u00f3ria dos m\u00e1rtires resplandece sobre v\u00f3s\u201d, palavras que, segundo Francisco, d\u00e3o consolo e for\u00e7a. Ele recordou que os m\u00e1rtires da Coreia e de toda a \u00c1sia entregaram os seus corpos aos perseguidores, mas para os fi\u00e9is entregaram o testemunho de que a luz de Cristo afugenta as trevas.<\/p>\n<p>Falando da outra parte do tema \u2013 \u201cJuventude da \u00c1sia, levanta-te!\u201d \u2013 o Santo Padre explicou a responsabilidade dos jovens de espelharem o amor de Deus no mundo. \u201cComo jovens que n\u00e3o apenas vivem na \u00c1sia, mas s\u00e3o filhos e filhas deste grande Continente, tendes o direito e o dever de tomar parte plena na vida das vossas sociedades. N\u00e3o tenhais medo de levar a sabedoria da f\u00e9 a todos os campos da vida social!\u201d<\/p>\n<p>Concentrando-se sobre a palavra \u201cjuventude\u201d, Francisco destacou que esta \u00e9 uma fase repleta de otimismo, energia e boa vontade. Os jovens devem deixar que Jesus transforme tal otimismo em esperan\u00e7a crist\u00e3, a energia em virtude moral e a boa vontade em amor genu\u00edno que sabe se sacrificar.<\/p>\n<p>O Pont\u00edfice ressaltou ainda que os jovens n\u00e3o s\u00e3o apenas o futuro da Igreja, mas tamb\u00e9m uma parte necess\u00e1ria do presente. Dessa forma, ele os convidou a se aproximarem cada vez mais de Deus, gastando os anos da juventude na edifica\u00e7\u00e3o de uma Igreja mais santa, mais mission\u00e1ria e mais humilde.<\/p>\n<p><strong>MULTID\u00c3O NA BEATIFICA\u00c7\u00c3O DOS M\u00c1RTIRES &#8211;<\/strong> O coreano Paul Yun Ji-Chung e seus 123 companheiros m\u00e1rtires foram beatificados neste s\u00e1bado, 16, pelo Papa Francisco, na Missa celebrada na Porta de Gwanghwamun, em Seul, Coreia do Sul.<\/p>\n<p>Cerca 800 mil fi\u00e9is, vindos de toda a Coreia, participaram da celebra\u00e7\u00e3o que beatificou crist\u00e3os da primeira gera\u00e7\u00e3o de v\u00edtimas da persegui\u00e7\u00e3o religiosa no pa\u00eds.<\/p>\n<p><strong>\u00cdntegra da Missa final deste domingo da Jornada da Juventude<\/strong><\/p>\n<p>Queridos jovens amigos!<\/p>\n<p>\u201cA gl\u00f3ria dos m\u00e1rtires resplandece sobre v\u00f3s\u201d: estas palavras, que fazem parte do tema da VI Jornada Asi\u00e1tica da Juventude, s\u00e3o de consola\u00e7\u00e3o para todos n\u00f3s e d\u00e3o-nos for\u00e7a. Jovens da \u00c1sia, v\u00f3s sois herdeiros dum grande testemunho, duma preciosa confiss\u00e3o de f\u00e9 em Cristo. Ele \u00e9 a luz do mundo, \u00e9 a luz da nossa vida! Os m\u00e1rtires da Coreia, e tantos outros em toda a \u00c1sia, entregaram seus corpos aos perseguidores; mas, a n\u00f3s, entregaram um testemunho perene de que a luz da verdade de Cristo afugenta todas as trevas e o amor de Cristo triunfa glorioso. Com a certeza da sua vit\u00f3ria sobre a morte e da nossa participa\u00e7\u00e3o nela, podemos enfrentar o desafio de ser seus disc\u00edpulos hoje, nas nossas situa\u00e7\u00f5es de vida e no nosso tempo.<\/p>\n<p>As palavras, sobre as quais acabamos de refletir, s\u00e3o uma consola\u00e7\u00e3o. A outra parte do tema desta Jornada \u2013 \u201cJuventude da \u00c1sia, levanta-te!\u201d \u2013 fala-vos de um dever, de uma responsabilidade. Consideremos brevemente cada uma destas palavras. Antes de mais nada, a express\u00e3o \u201cda \u00c1sia\u201d. Reunistes-vos aqui, na Coreia, vindos de toda a parte da \u00c1sia. Cada um de v\u00f3s possui um lugar e um contexto pr\u00f3prios, onde sois chamados a espelhar o amor de Deus. O Continente Asi\u00e1tico, permeado de ricas tradi\u00e7\u00f5es filos\u00f3ficas e religiosas, continua a ser uma grande delimita\u00e7\u00e3o que espera o vosso testemunho de Cristo, \u201ccaminho, verdade e vida\u201d (Jo 14, 6). Como jovens que n\u00e3o apenas vivem na \u00c1sia, mas s\u00e3o filhos e filhas deste grande Continente, tendes o direito e o dever de tomar parte plena na vida das vossas sociedades. N\u00e3o tenhais medo de levar a sabedoria da f\u00e9 a todos os campos da vida social!<\/p>\n<p>Al\u00e9m disso, como jovens asi\u00e1ticos, vedes e amais, a partir de dentro tudo o que \u00e9 belo, nobre e verdadeiro nas vossas culturas e tradi\u00e7\u00f5es. Ao mesmo tempo, como crist\u00e3os, sabeis tamb\u00e9m que o Evangelho tem a for\u00e7a de purificar, elevar e aperfei\u00e7oar este patrim\u00f4nio. Atrav\u00e9s da presen\u00e7a do Esp\u00edrito Santo, que vos foi dado no Batismo e selado na Crisma, podeis, em uni\u00e3o com os vossos pastores, apreciar os in\u00fameros valores positivos das diferentes culturas da \u00c1sia. Al\u00e9m disso, sois capazes de discernir aquilo que \u00e9 incompat\u00edvel com a vossa f\u00e9 cat\u00f3lica, o que \u00e9 contr\u00e1rio \u00e0 vida da gra\u00e7a enxertada em v\u00f3s com o Batismo, e os aspectos da cultura contempor\u00e2nea que s\u00e3o pecaminosos, corruptos e levam \u00e0 morte.<\/p>\n<p>Voltando ao tema desta Jornada, detenhamo-nos agora sobre a palavra: \u201cJuventude\u201d. V\u00f3s e os vossos amigos estais cheios do otimismo, de energia e de boa vontade, caracter\u00edsticos desta esta\u00e7\u00e3o da vossa vida. Deixai que Cristo transforme o vosso natural otimismo em esperan\u00e7a crist\u00e3, a vossa energia em virtude moral, a vossa boa vontade em amor genu\u00edno que sabe sacrificar-se! Este \u00e9 o caminho que sois chamados a empreender. Este \u00e9 o caminho para vencer tudo o que amea\u00e7a a esperan\u00e7a, a virtude e o amor na vossa vidas e na vossa cultura. Assim a vossa juventude ser\u00e1 um presente para Jesus e para o mundo.<\/p>\n<p>Como jovens crist\u00e3os \u2013 quer sejais trabalhadores ou estudantes, quer tenhais j\u00e1 iniciado uma profiss\u00e3o ou respondido \u00e0 chamada para o matrim\u00f4nio, a vida religiosa ou o sacerd\u00f3cio \u2013, n\u00e3o constitu\u00eds parte apenas do futuro da Igreja: sois uma parte necess\u00e1ria e amada tamb\u00e9m do presente da Igreja! Permanecei unidos uns aos outros, aproximai-vos cada vez mais de Deus, e, juntamente com os vossos Bispos e sacerdotes, gastai estes anos na edifica\u00e7\u00e3o duma Igreja mais santa, mais mission\u00e1ria e humilde, uma Igreja que ama e adora a Deus, procurando servir os pobres, os abandonados, os doentes e os marginalizados.<\/p>\n<p>Muitas vezes, na vossa vida crist\u00e3, sereis tentados \u2013 como os disc\u00edpulos no Evangelho de hoje \u2013 a afastar o estrangeiro, o necessitado, o pobre e quem tem o cora\u00e7\u00e3o despeda\u00e7ado. E no entanto s\u00e3o sobretudo pessoas como estas que repetem o grito da mulher do Evangelho: \u201cSenhor, ajuda-me!\u201d A invoca\u00e7\u00e3o da mulher cananeia \u00e9 o grito de toda a pessoa que est\u00e1 \u00e0 procura de amor, aceita\u00e7\u00e3o e amizade com Cristo. \u00c9 o gemido de tantas pessoas nas nossas cidades an\u00f4nimas, a s\u00faplica de muitos dos vossos contempor\u00e2neos, e a ora\u00e7\u00e3o de todos os m\u00e1rtires que ainda hoje sofrem persegui\u00e7\u00e3o e morte pelo nome de Jesus: \u201cSenhor, ajuda-me!\u201d Muitas vezes, \u00e9 um grito que brota dos nossos pr\u00f3prios cora\u00e7\u00f5es: \u201cSenhor, ajuda-me!\u201d Demos resposta a esta invoca\u00e7\u00e3o, n\u00e3o como aqueles que afastam as pessoas que pedem, como se a atitude de servir os necessitados se contrapusesse a estar mais perto do Senhor. N\u00e3o! Devemos ser como Cristo, que responde a cada pedido de ajuda com amor, miseric\u00f3rdia e compaix\u00e3o.<\/p>\n<p>Finalmente, a terceira parte do tema desta Jornada \u2013 \u201cLevanta-te!\u201d \u2013 fala duma responsabilidade que o Senhor vos confia. \u00c9 o dever de estarmos vigilantes, para n\u00e3o deixar que as press\u00f5es, as tenta\u00e7\u00f5es e os pecados \u2013 os nossos ou os dos outros \u2013 entorpe\u00e7am a nossa sensibilidade \u00e0 beleza da santidade, \u00e0 alegria do Evangelho. O Salmo Responsorial de hoje convida-nos repetidamente a \u201cestar alegres e cantar com alegria\u201d. Ningu\u00e9m que esteja a dormir pode cantar, dan\u00e7ar, alegrar-se. Queridos jovens, \u201co Senhor nosso Deus nos aben\u00e7oou\u201d (Sal 67, 8); d\u2019Ele, \u201calcan\u00e7amos miseric\u00f3rdia\u201d (cf. Rom 11, 30). Com a certeza do amor de Deus, ide pelo mundo, fazendo com que, \u201cem consequ\u00eancia da miseric\u00f3rdia usada convosco\u201d (Rom 11, 31), os vossos amigos, os colegas de trabalho, os concidad\u00e3os e todas as pessoas deste grande Continente \u201calcancem finalmente miseric\u00f3rdia\u201d (cf. Rom 11, 31). \u00c9 justamente por esta miseric\u00f3rdia que somos salvos.<\/p>\n<p>Queridos jovens da \u00c1sia, fa\u00e7o votos de que, unidos a Cristo e \u00e0 Igreja, possais seguir por esta estrada que certamente vos encher\u00e1 de alegria. E agora que estamos para nos aproximar da mesa da Eucaristia, dirijamo-nos \u00e0 Maria nossa M\u00e3e, que deu ao mundo Jesus: Sim, \u00f3 Maria nossa M\u00e3e, desejamos receber Jesus! No vosso carinho maternal, ajudai-nos a lev\u00e1-Lo aos outros, a servi-Lo fielmente e a honr\u00e1-Lo em todo tempo e lugar, neste pa\u00eds e na \u00c1sia inteira. Am\u00e9m.<\/p>\n<hr \/>\n<h3>Encontro com os Bispos na sede da Confer\u00eancia Episcopal Coreana<\/h3>\n<p>Queridos Irm\u00e3os Bispos!<\/p>\n<p>Com grande afeto, a todos vos sa\u00fado e agrade\u00e7o a Dom Peter U-il Kang as palavras fraternas de boas-vindas que me dirigiu em vosso nome. \u00c9 uma b\u00ean\u00e7\u00e3o para mim estar aqui e poder conhecer pessoalmente a vida din\u00e2mica da Igreja na Coreia. A v\u00f3s, como pastores, compete a tarefa de guardar o rebanho do Senhor. Sois os guardi\u00e3es das maravilhas que Ele realiza no seu povo. Guardar \u00e9 uma das tarefas confiadas especificamente ao Bispo: cuidar do povo de Deus. Hoje quero refletir convosco, como irm\u00e3o no episcopado, sobre dois aspectos centrais da guarda do povo de Deus neste pa\u00eds: ser guardi\u00e3es da mem\u00f3ria e guardi\u00e3es da esperan\u00e7a.<\/p>\n<p>Ser guardi\u00e3es da mem\u00f3ria. A beatifica\u00e7\u00e3o de Paul Yun Ji-chung e dos seus companheiros \u00e9 uma ocasi\u00e3o para agradecer ao Senhor que, a partir das sementes lan\u00e7adas pelos m\u00e1rtires, fez brotar uma colheita abundante de gra\u00e7a nesta terra. V\u00f3s sois os descendentes dos m\u00e1rtires, herdeiros do seu her\u00f3ico testemunho de f\u00e9 em Cristo. Al\u00e9m disso, sois herdeiros de uma tradi\u00e7\u00e3o extraordin\u00e1ria, que teve in\u00edcio e cresceu amplamente gra\u00e7as \u00e0 fidelidade, perseveran\u00e7a e trabalho de gera\u00e7\u00f5es de leigos. \u00c9 significativo que a hist\u00f3ria da Igreja na Coreia tenha come\u00e7ado por um encontro direto com a Palavra de Deus. Foi a beleza intr\u00ednseca e a integridade da mensagem crist\u00e3 \u2013 o Evangelho e o seu apelo \u00e0 convers\u00e3o, \u00e0 renova\u00e7\u00e3o interior e a uma vida de caridade \u2013 que impressionaram a Yi Byeok e aos nobres anci\u00e3os da primeira gera\u00e7\u00e3o, sendo a essa mesma mensagem, \u00e0 sua pureza, que a Igreja na Coreia olha, como num espelho, para se descobrir autenticamente a si mesma.<\/p>\n<p>Hoje, a fecundidade do Evangelho na terra coreana e a grande heran\u00e7a transmitida por vossos antepassados na f\u00e9 podem-se reconhecer no florescimento de par\u00f3quias ativas e movimentos eclesiais, nos s\u00f3lidos programas de catequese, na solicitude pastoral pelos jovens e nas escolas cat\u00f3licas, nos semin\u00e1rios e nas universidades. A Igreja na Coreia \u00e9 estimada pelo seu papel na vida espiritual e cultural da na\u00e7\u00e3o e pelo seu vigoroso impulso mission\u00e1rio: de terra de miss\u00e3o, a Coreia tornou-se hoje terra de mission\u00e1rios; e a Igreja universal continua a beneficiar de tantos sacerdotes e religiosos que enviastes pelo mundo.<\/p>\n<p>Ser guardi\u00e3es da mem\u00f3ria significa algo mais que recordar e aprender com as gra\u00e7as do passado; significa tamb\u00e9m tirar dela os recursos espirituais para enfrentar, com clarivid\u00eancia e determina\u00e7\u00e3o, as esperan\u00e7as, as promessas e os desafios do futuro. Como v\u00f3s mesmos observastes, a vida e a miss\u00e3o da Igreja na Coreia n\u00e3o se medem, em \u00faltima an\u00e1lise, em termos exteriores, quantitativos e institucionais; mas antes devem-se julgar \u00e0 luz clara do Evangelho e do seu apelo a converter-se \u00e0 pessoa de Jesus Cristo. Ser guardi\u00e3es da mem\u00f3ria significa dar-se conta de que o crescimento vem de Deus (cf. 1 Cor 3, 6) e, ao mesmo tempo, \u00e9 fruto de um trabalho paciente e perseverante, tanto no passado como no presente. A nossa mem\u00f3ria dos m\u00e1rtires e das gera\u00e7\u00f5es passadas de crist\u00e3os deve ser realista, n\u00e3o idealizada nem \u00abtriunfalista\u00bb. Olhar para o passado sem ouvir a chamada de Deus \u00e0 convers\u00e3o no presente n\u00e3o nos ajuda a prosseguir na caminhada; antes, pelo contr\u00e1rio, acabar\u00e1 por travar ou at\u00e9 mesmo deter o nosso progresso espiritual.<\/p>\n<p>Al\u00e9m de ser guardi\u00e3es da mem\u00f3ria, v\u00f3s, queridos irm\u00e3os, sois chamados tamb\u00e9m a ser guardi\u00e3es da esperan\u00e7a: a esperan\u00e7a oferecida pelo Evangelho da gra\u00e7a e da miseric\u00f3rdia de Deus em Jesus Cristo, a esperan\u00e7a que inspirou os m\u00e1rtires. \u00c9 esta esperan\u00e7a que somos chamados a proclamar a um mundo que, apesar de sua prosperidade material, busca algo mais, algo maior, algo mais aut\u00eantico e que d\u00e1 plenitude. V\u00f3s e os vossos irm\u00e3os sacerdotes ofereceis esta esperan\u00e7a com o vosso minist\u00e9rio de santifica\u00e7\u00e3o, que n\u00e3o apenas conduz os fi\u00e9is \u00e0s fontes da gra\u00e7a na liturgia e nos sacramentos, mas constantemente os impele a agir em resposta a Deus que chama a tender para a meta (cf. Fil 3, 14). Guardais esta esperan\u00e7a, mantendo viva a chama da santidade, da caridade fraterna e do zelo mission\u00e1rio na comunh\u00e3o eclesial. Por esta raz\u00e3o, pe\u00e7o-vos que permane\u00e7ais sempre ao lado dos vossos sacerdotes, encorajando-os no seu trabalho di\u00e1rio, na sua busca da santidade e na proclama\u00e7\u00e3o do Evangelho de salva\u00e7\u00e3o. Pe\u00e7o-vos que lhes transmitais a minha sauda\u00e7\u00e3o afetuosa e a minha gratid\u00e3o pelo generoso servi\u00e7o em favor do povo de Deus.<\/p>\n<p>Se abra\u00e7armos o desafio de ser uma Igreja mission\u00e1ria, uma Igreja constantemente em sa\u00edda para o mundo e, em particular, para as periferias da sociedade contempor\u00e2nea, teremos necessidade de cultivar aquele \u00abprazer espiritual\u00bb que nos torna capazes de acolher e identificar-nos com cada membro do Corpo de Cristo (cf. Exort. ap. Evangelii gaudium, 268). Neste sentido, \u00e9 preciso mostrar particular solicitude, nas nossas comunidades, pelas crian\u00e7as e os idosos. Como podemos ser guardi\u00f5es de esperan\u00e7a, se negligenciamos a mem\u00f3ria, a sabedoria e a experi\u00eancia dos idosos e as aspira\u00e7\u00f5es dos jovens? A este respeito, quero pedir-vos que cuideis de modo especial da educa\u00e7\u00e3o dos jovens, sustentando na sua indispens\u00e1vel miss\u00e3o n\u00e3o apenas as universidades, mas tamb\u00e9m as escolas cat\u00f3licas de todos os graus, a come\u00e7ar pelas escolas prim\u00e1rias, onde as mentes e os cora\u00e7\u00f5es jovens s\u00e3o formados no amor de Deus e da sua Igreja, no bem, no verdadeiro e no belo, para serem bons crist\u00e3os e honestos cidad\u00e3os.<\/p>\n<p>Ser guardi\u00e3es da esperan\u00e7a implica tamb\u00e9m garantir que o testemunho prof\u00e9tico da Igreja na Coreia continue a expressar-se na sua solicitude pelos pobres e nos seus programas de solidariedade especialmente a favor dos refugiados e migrantes e daqueles que vivem \u00e0 margem da sociedade. Esta solicitude deveria manifestar-se n\u00e3o somente atrav\u00e9s de iniciativas concretas de caridade \u2013 que s\u00e3o muito necess\u00e1rias \u2013, mas tamb\u00e9m no trabalho constante de promo\u00e7\u00e3o em n\u00edvel social, ocupacional e educativo. Podemos correr o risco de reduzir o nosso empenho com os necessitados simplesmente a uma dimens\u00e3o assistencial, ignorando a necessidade que tem cada um de crescer como pessoa e poder expressar com dignidade a sua pr\u00f3pria personalidade, criatividade e cultura. A solidariedade com os pobres deve ser considerada como um elemento essencial da vida crist\u00e3; atrav\u00e9s da prega\u00e7\u00e3o e da catequese, fundadas sobre o rico patrim\u00f4nio da doutrina social da Igreja, essa solidariedade deve permear os cora\u00e7\u00f5es e as mentes dos fi\u00e9is e refletir-se em todos os aspectos da vida eclesial. O ideal apost\u00f3lico de uma Igreja dos pobres e para os pobres encontrou uma express\u00e3o eloquente nas primeiras comunidades crist\u00e3s da vossa na\u00e7\u00e3o. Espero que este ideal continue a moldar o caminho da Igreja coreana na sua peregrina\u00e7\u00e3o para o futuro. Estou convencido de que, se sobressair na Igreja o rosto do amor, cada vez mais jovens se sentir\u00e3o atra\u00eddos para o cora\u00e7\u00e3o de Jesus, sempre inflamado de amor divino na comunh\u00e3o do seu m\u00edstico Corpo.<\/p>\n<p>Queridos irm\u00e3os, um testemunho prof\u00e9tico do Evangelho apresenta alguns desafios especiais para a Igreja na Coreia, uma vez que esta vive e trabalha no meio de uma sociedade pr\u00f3spera mas cada vez mais secularizada e materialista. Em tais circunst\u00e2ncias, os agentes de pastoral s\u00e3o tentados a adotar n\u00e3o apenas modelos eficazes de gest\u00e3o, programa\u00e7\u00e3o e organiza\u00e7\u00e3o, inspirados no mundo dos neg\u00f3cios, mas tamb\u00e9m um estilo de vida e uma mentalidade guiados mais por crit\u00e9rios mundanos de sucesso e at\u00e9 mesmo de poder do que pelos crit\u00e9rios enunciados por Jesus no Evangelho. Ai de n\u00f3s, se a cruz ficar esvaziada do seu poder de julgar a sabedoria deste mundo (cf. 1 Cor 1, 17)! Exorto-vos, a v\u00f3s e aos vossos irm\u00e3os sacerdotes, a rejeitar esta tenta\u00e7\u00e3o em todas as suas formas. Queira o C\u00e9u que possamos salvar-nos da mundanidade espiritual e pastoral que sufoca o Esp\u00edrito, substitui a convers\u00e3o com a condescend\u00eancia e acaba por dissipar todo o fervor mission\u00e1rio (cf. Exort. ap. Evangelii Gaudium, 93-97).<\/p>\n<p>Queridos Irm\u00e3os Bispos, com estas reflex\u00f5es sobre a vossa miss\u00e3o como guardi\u00e3es da mem\u00f3ria e da esperan\u00e7a, quis encorajar-vos nos vossos esfor\u00e7os por aumentar a unidade, santidade e zelo dos fi\u00e9is na Coreia. A mem\u00f3ria e a esperan\u00e7a nos inspiram e guiam para o futuro. Recordo-vos a todos nas minhas ora\u00e7\u00f5es e exorto-vos a confiar sempre no poder da gra\u00e7a de Deus: \u00abO Senhor \u00e9 fiel: Ele vos sustentar\u00e1 e guardar\u00e1 do Maligno\u00bb (2 Tes 3, 3). Possam as s\u00faplicas de Maria, M\u00e3e da Igreja, levar ao seu pleno florescimento nesta terra as sementes lan\u00e7adas pelos m\u00e1rtires, irrigadas por gera\u00e7\u00f5es de fi\u00e9is cat\u00f3licos e transmitidas a v\u00f3s como uma promessa para o futuro do pa\u00eds e do mundo. A v\u00f3s e a quantos est\u00e3o confiados ao vosso cuidado pastoral e \u00e0 vossa guarda, concedo de cora\u00e7\u00e3o a B\u00ean\u00e7\u00e3o Apost\u00f3lica.<\/p>\n<p><strong>Viagem Apost\u00f3lica \u00e0 Coreia do Sul<\/strong><br \/>\n<strong>Encontro com os Bispos da Coreia na sede da Confer\u00eancia Episcopal Coreana<\/strong><br \/>\n<strong>Quinta-feira, 14 de agosto de 2014<\/strong><\/p>\n<hr \/>\n<p><em>Fonte: R\u00e1dio Vaticano<\/em><\/p>\n","protected":false},"excerpt":{"rendered":"<p>Viagem apost\u00f3lica \u00e0 Cor\u00e9ia do Sul<\/p>\n","protected":false},"author":1,"featured_media":0,"comment_status":"closed","ping_status":"open","sticky":false,"template":"","format":"standard","meta":[],"categories":[1428],"tags":[1140],"acf":[],"yoast_head":"<!-- This site is optimized with the Yoast SEO plugin v19.2 - https:\/\/yoast.com\/wordpress\/plugins\/seo\/ -->\n<title>Papa encerra Jornada da Juventude Asi\u00e1tica - Not\u00edcias - Franciscanos<\/title>\n<meta name=\"robots\" content=\"index, follow, max-snippet:-1, max-image-preview:large, max-video-preview:-1\" \/>\n<link rel=\"canonical\" href=\"https:\/\/franciscanos.org.br\/noticias\/papa-encerra-jornada-da-juventude-asiatica.html\" \/>\n<meta property=\"og:locale\" content=\"pt_BR\" \/>\n<meta property=\"og:type\" content=\"article\" \/>\n<meta property=\"og:title\" content=\"Papa encerra Jornada da Juventude Asi\u00e1tica - Not\u00edcias - Franciscanos\" \/>\n<meta property=\"og:description\" content=\"Viagem apost\u00f3lica \u00e0 Cor\u00e9ia do Sul\" \/>\n<meta property=\"og:url\" content=\"https:\/\/franciscanos.org.br\/noticias\/papa-encerra-jornada-da-juventude-asiatica.html\" \/>\n<meta property=\"og:site_name\" content=\"Not\u00edcias - Franciscanos\" \/>\n<meta property=\"article:published_time\" content=\"2014-08-17T22:33:18+00:00\" \/>\n<meta property=\"article:modified_time\" content=\"2020-06-10T20:41:33+00:00\" \/>\n<meta property=\"og:image\" content=\"http:\/\/franciscanos.org.br\/wp-content\/uploads\/2014\/08\/papa_coreia.jpg\" \/>\n<meta name=\"author\" content=\"admin\" \/>\n<meta name=\"twitter:card\" content=\"summary_large_image\" \/>\n<meta name=\"twitter:label1\" content=\"Escrito por\" \/>\n\t<meta name=\"twitter:data1\" content=\"admin\" \/>\n\t<meta name=\"twitter:label2\" content=\"Est. tempo de leitura\" \/>\n\t<meta name=\"twitter:data2\" content=\"16 minutos\" \/>\n<script type=\"application\/ld+json\" class=\"yoast-schema-graph\">{\"@context\":\"https:\/\/schema.org\",\"@graph\":[{\"@type\":\"WebSite\",\"@id\":\"https:\/\/franciscanos.org.br\/noticias\/#website\",\"url\":\"https:\/\/franciscanos.org.br\/noticias\/\",\"name\":\"Not\u00edcias - Franciscanos\",\"description\":\"Prov\u00edncia Franciscana da Imaculada Concei\u00e7\u00e3o do Brasil - Ordem dos Frades Menores - OFM\",\"potentialAction\":[{\"@type\":\"SearchAction\",\"target\":{\"@type\":\"EntryPoint\",\"urlTemplate\":\"https:\/\/franciscanos.org.br\/noticias\/?s={search_term_string}\"},\"query-input\":\"required name=search_term_string\"}],\"inLanguage\":\"pt-BR\"},{\"@type\":\"ImageObject\",\"inLanguage\":\"pt-BR\",\"@id\":\"https:\/\/franciscanos.org.br\/noticias\/papa-encerra-jornada-da-juventude-asiatica.html#primaryimage\",\"url\":\"http:\/\/franciscanos.org.br\/wp-content\/uploads\/2014\/08\/papa_coreia.jpg\",\"contentUrl\":\"http:\/\/franciscanos.org.br\/wp-content\/uploads\/2014\/08\/papa_coreia.jpg\"},{\"@type\":\"WebPage\",\"@id\":\"https:\/\/franciscanos.org.br\/noticias\/papa-encerra-jornada-da-juventude-asiatica.html#webpage\",\"url\":\"https:\/\/franciscanos.org.br\/noticias\/papa-encerra-jornada-da-juventude-asiatica.html\",\"name\":\"Papa encerra Jornada da Juventude Asi\u00e1tica - Not\u00edcias - Franciscanos\",\"isPartOf\":{\"@id\":\"https:\/\/franciscanos.org.br\/noticias\/#website\"},\"primaryImageOfPage\":{\"@id\":\"https:\/\/franciscanos.org.br\/noticias\/papa-encerra-jornada-da-juventude-asiatica.html#primaryimage\"},\"datePublished\":\"2014-08-17T22:33:18+00:00\",\"dateModified\":\"2020-06-10T20:41:33+00:00\",\"author\":{\"@id\":\"https:\/\/franciscanos.org.br\/noticias\/#\/schema\/person\/b38fbf43118f02820bd932f2e4b14ad3\"},\"breadcrumb\":{\"@id\":\"https:\/\/franciscanos.org.br\/noticias\/papa-encerra-jornada-da-juventude-asiatica.html#breadcrumb\"},\"inLanguage\":\"pt-BR\",\"potentialAction\":[{\"@type\":\"ReadAction\",\"target\":[\"https:\/\/franciscanos.org.br\/noticias\/papa-encerra-jornada-da-juventude-asiatica.html\"]}]},{\"@type\":\"BreadcrumbList\",\"@id\":\"https:\/\/franciscanos.org.br\/noticias\/papa-encerra-jornada-da-juventude-asiatica.html#breadcrumb\",\"itemListElement\":[{\"@type\":\"ListItem\",\"position\":1,\"name\":\"Home\",\"item\":\"https:\/\/franciscanos.org.br\/noticias\"},{\"@type\":\"ListItem\",\"position\":2,\"name\":\"Papa encerra Jornada da Juventude Asi\u00e1tica\"}]},{\"@type\":\"Person\",\"@id\":\"https:\/\/franciscanos.org.br\/noticias\/#\/schema\/person\/b38fbf43118f02820bd932f2e4b14ad3\",\"name\":\"admin\",\"image\":{\"@type\":\"ImageObject\",\"inLanguage\":\"pt-BR\",\"@id\":\"https:\/\/franciscanos.org.br\/noticias\/#\/schema\/person\/image\/\",\"url\":\"https:\/\/secure.gravatar.com\/avatar\/e8495742d34d0ba6448ea1c628263b3e?s=96&d=mm&r=g\",\"contentUrl\":\"https:\/\/secure.gravatar.com\/avatar\/e8495742d34d0ba6448ea1c628263b3e?s=96&d=mm&r=g\",\"caption\":\"admin\"},\"url\":\"https:\/\/franciscanos.org.br\/noticias\/author\/admin\"}]}<\/script>\n<!-- \/ Yoast SEO plugin. -->","yoast_head_json":{"title":"Papa encerra Jornada da Juventude Asi\u00e1tica - Not\u00edcias - Franciscanos","robots":{"index":"index","follow":"follow","max-snippet":"max-snippet:-1","max-image-preview":"max-image-preview:large","max-video-preview":"max-video-preview:-1"},"canonical":"https:\/\/franciscanos.org.br\/noticias\/papa-encerra-jornada-da-juventude-asiatica.html","og_locale":"pt_BR","og_type":"article","og_title":"Papa encerra Jornada da Juventude Asi\u00e1tica - Not\u00edcias - Franciscanos","og_description":"Viagem apost\u00f3lica \u00e0 Cor\u00e9ia do Sul","og_url":"https:\/\/franciscanos.org.br\/noticias\/papa-encerra-jornada-da-juventude-asiatica.html","og_site_name":"Not\u00edcias - Franciscanos","article_published_time":"2014-08-17T22:33:18+00:00","article_modified_time":"2020-06-10T20:41:33+00:00","og_image":[{"url":"http:\/\/franciscanos.org.br\/wp-content\/uploads\/2014\/08\/papa_coreia.jpg"}],"author":"admin","twitter_card":"summary_large_image","twitter_misc":{"Escrito por":"admin","Est. tempo de leitura":"16 minutos"},"schema":{"@context":"https:\/\/schema.org","@graph":[{"@type":"WebSite","@id":"https:\/\/franciscanos.org.br\/noticias\/#website","url":"https:\/\/franciscanos.org.br\/noticias\/","name":"Not\u00edcias - Franciscanos","description":"Prov\u00edncia Franciscana da Imaculada Concei\u00e7\u00e3o do Brasil - Ordem dos Frades Menores - OFM","potentialAction":[{"@type":"SearchAction","target":{"@type":"EntryPoint","urlTemplate":"https:\/\/franciscanos.org.br\/noticias\/?s={search_term_string}"},"query-input":"required name=search_term_string"}],"inLanguage":"pt-BR"},{"@type":"ImageObject","inLanguage":"pt-BR","@id":"https:\/\/franciscanos.org.br\/noticias\/papa-encerra-jornada-da-juventude-asiatica.html#primaryimage","url":"http:\/\/franciscanos.org.br\/wp-content\/uploads\/2014\/08\/papa_coreia.jpg","contentUrl":"http:\/\/franciscanos.org.br\/wp-content\/uploads\/2014\/08\/papa_coreia.jpg"},{"@type":"WebPage","@id":"https:\/\/franciscanos.org.br\/noticias\/papa-encerra-jornada-da-juventude-asiatica.html#webpage","url":"https:\/\/franciscanos.org.br\/noticias\/papa-encerra-jornada-da-juventude-asiatica.html","name":"Papa encerra Jornada da Juventude Asi\u00e1tica - Not\u00edcias - Franciscanos","isPartOf":{"@id":"https:\/\/franciscanos.org.br\/noticias\/#website"},"primaryImageOfPage":{"@id":"https:\/\/franciscanos.org.br\/noticias\/papa-encerra-jornada-da-juventude-asiatica.html#primaryimage"},"datePublished":"2014-08-17T22:33:18+00:00","dateModified":"2020-06-10T20:41:33+00:00","author":{"@id":"https:\/\/franciscanos.org.br\/noticias\/#\/schema\/person\/b38fbf43118f02820bd932f2e4b14ad3"},"breadcrumb":{"@id":"https:\/\/franciscanos.org.br\/noticias\/papa-encerra-jornada-da-juventude-asiatica.html#breadcrumb"},"inLanguage":"pt-BR","potentialAction":[{"@type":"ReadAction","target":["https:\/\/franciscanos.org.br\/noticias\/papa-encerra-jornada-da-juventude-asiatica.html"]}]},{"@type":"BreadcrumbList","@id":"https:\/\/franciscanos.org.br\/noticias\/papa-encerra-jornada-da-juventude-asiatica.html#breadcrumb","itemListElement":[{"@type":"ListItem","position":1,"name":"Home","item":"https:\/\/franciscanos.org.br\/noticias"},{"@type":"ListItem","position":2,"name":"Papa encerra Jornada da Juventude Asi\u00e1tica"}]},{"@type":"Person","@id":"https:\/\/franciscanos.org.br\/noticias\/#\/schema\/person\/b38fbf43118f02820bd932f2e4b14ad3","name":"admin","image":{"@type":"ImageObject","inLanguage":"pt-BR","@id":"https:\/\/franciscanos.org.br\/noticias\/#\/schema\/person\/image\/","url":"https:\/\/secure.gravatar.com\/avatar\/e8495742d34d0ba6448ea1c628263b3e?s=96&d=mm&r=g","contentUrl":"https:\/\/secure.gravatar.com\/avatar\/e8495742d34d0ba6448ea1c628263b3e?s=96&d=mm&r=g","caption":"admin"},"url":"https:\/\/franciscanos.org.br\/noticias\/author\/admin"}]}},"_links":{"self":[{"href":"https:\/\/franciscanos.org.br\/noticias\/wp-json\/wp\/v2\/posts\/65797"}],"collection":[{"href":"https:\/\/franciscanos.org.br\/noticias\/wp-json\/wp\/v2\/posts"}],"about":[{"href":"https:\/\/franciscanos.org.br\/noticias\/wp-json\/wp\/v2\/types\/post"}],"author":[{"embeddable":true,"href":"https:\/\/franciscanos.org.br\/noticias\/wp-json\/wp\/v2\/users\/1"}],"replies":[{"embeddable":true,"href":"https:\/\/franciscanos.org.br\/noticias\/wp-json\/wp\/v2\/comments?post=65797"}],"version-history":[{"count":2,"href":"https:\/\/franciscanos.org.br\/noticias\/wp-json\/wp\/v2\/posts\/65797\/revisions"}],"predecessor-version":[{"id":226181,"href":"https:\/\/franciscanos.org.br\/noticias\/wp-json\/wp\/v2\/posts\/65797\/revisions\/226181"}],"wp:attachment":[{"href":"https:\/\/franciscanos.org.br\/noticias\/wp-json\/wp\/v2\/media?parent=65797"}],"wp:term":[{"taxonomy":"category","embeddable":true,"href":"https:\/\/franciscanos.org.br\/noticias\/wp-json\/wp\/v2\/categories?post=65797"},{"taxonomy":"post_tag","embeddable":true,"href":"https:\/\/franciscanos.org.br\/noticias\/wp-json\/wp\/v2\/tags?post=65797"}],"curies":[{"name":"wp","href":"https:\/\/api.w.org\/{rel}","templated":true}]}}