{"id":65605,"date":"2014-08-13T08:54:01","date_gmt":"2014-08-13T11:54:01","guid":{"rendered":"http:\/\/franciscanos.org.br\/?p=65605"},"modified":"2021-07-05T20:17:47","modified_gmt":"2021-07-05T23:17:47","slug":"canarinhos-se-apresentam-com-a-orquestra-petrobras-sinfonica","status":"publish","type":"post","link":"https:\/\/franciscanos.org.br\/noticias\/canarinhos-se-apresentam-com-a-orquestra-petrobras-sinfonica.html","title":{"rendered":"Canarinhos se apresentam com a Orquestra Petrobras Sinf\u00f4nica"},"content":{"rendered":"<p><em><strong><img loading=\"lazy\" class=\"alignright size-full wp-image-65606\" src=\"http:\/\/franciscanos.org.br\/wp-content\/uploads\/2014\/08\/canarinhos.jpg\" alt=\"canarinhos\" width=\"500\" height=\"296\" \/>Apresenta\u00e7\u00f5es encantaram p\u00fablico que foi ao Theatro Municipal, no Rio<\/strong><\/em><\/p>\n<p>Os Corais dos Canarinhos emocionaram o p\u00fablico que compareceu ao Theatro Municipal neste fim de semana. Os grupos vocais do Instituto dos Meninos Cantores de Petr\u00f3polis participaram de uma apresenta\u00e7\u00e3o com a Orquestra Petrobras Sinf\u00f4nica, em um dos espa\u00e7os culturais mais nobres do pa\u00eds. Na sexta-feira (8) e no s\u00e1bado (9), eles cantaram a cl\u00e1ssica obra \u201cO Messias\u201d, de Handel.<\/p>\n<p>O ponto alto da apresenta\u00e7\u00e3o foi quando a plateia pediu \u201cbis\u201d na hora do Hallelujah, n\u00famero de encerramento do espet\u00e1culo. O maestro da Orquestra Petrobras Sinf\u00f4nica, Carlos Prazeres, convidou o maestro do Coral dos Canarinhos de Petr\u00f3polis, Marco Aur\u00e9lio Lischt, para reger os grupos vocais e instrumentais. \u201cO Hallelujah \u00e9 a obra que todos esperam quando &#8220;O Messias\u201d \u00e9 apresentado. A alegria dos meninos e meninas dos Canarinhos, que deram tudo de si e fizeram uma bela apresenta\u00e7\u00e3o, nos contagiou e nos deixou emocionados\u201d, afirmou Lischt.<\/p>\n<p>O diretor art\u00edstico do Instituto dos Meninos Cantores de Petr\u00f3polis avaliou as apresenta\u00e7\u00f5es como extremamente positivas para os coralistas. \u201cTodos foram muito bem nos dois concertos. Foi uma experi\u00eancia \u00fanica, emocionante, que ficou acima do que os pr\u00f3prios meninos e meninas esperavam&#8221;, declarou.<\/p>\n<p>Maestro do Coral das Meninas, Marcelo Vizani, tamb\u00e9m ficou encantado com as apresenta\u00e7\u00f5es. \u201cFoi algo divino, muito emocionante. \u00c9 uma sensa\u00e7\u00e3o que fica at\u00e9 dif\u00edcil de explicar. Foram dois concertos muito bonitos\u201d, destacou.<\/p>\n<p>Mais informa\u00e7\u00f5es sobre as atividades do Instituto dos Meninos Cantores de Petr\u00f3polis podem ser consultadas no site www.canarinhos.com.br, pelo Facebook http:\/\/fb.com\/canarinhosdepetropolis ou pelo telefone: (21) 2104-4141.<\/p>\n<h3><strong>Gera\u00e7\u00f5es interligadas atrav\u00e9s da m\u00fasica<\/strong><\/h3>\n<p>Em tese, o dom da m\u00fasica n\u00e3o pode ser classificado como algo heredit\u00e1rio. N\u00e3o h\u00e1 estudos que comprovem isso. No entanto, na pr\u00e1tica, a hist\u00f3ria \u00e9 diferente: v\u00e1rias gera\u00e7\u00f5es est\u00e3o entrela\u00e7adas, al\u00e9m dos v\u00ednculos familiares, por atuarem, de forma profissional ou amadora, no cen\u00e1rio musical. O Coral dos Canarinhos de Petr\u00f3polis \u00e9 um exemplo disso: filhos, sobrinhos e netos de ex-integrantes dos Corais est\u00e3o, hoje, seguindo os mesmos passos.<\/p>\n<p>Um exemplo desta tradi\u00e7\u00e3o musical est\u00e1 na fam\u00edlia Fiorini. Sobrinho de ex-Canarinho, Tarc\u00edsio, que tamb\u00e9m passou pelo grupo vocal, \u00e9 tio de Bernardo, que atualmente integra o coro. \u201cPensei em colocar o meu sobrinho na Escola de Aprendizes para ver se ele se interessaria pelo Coral, porque acho que seria muito interessante pra ele ter essa experi\u00eancia, tanto cultural quanto educacional, a partir do trabalho que a escola e que o Instituto desenvolvem. Fico feliz em ver que, tanto tempo depois, ele n\u00e3o apenas continua no Coral como est\u00e1 motivado\u201d, afirmou.<\/p>\n<p>Ele lembra, com alegria, a \u00e9poca que passou pelo Coral. \u201cEsta foi uma fase maravilhosa da minha vida. Fico muito feliz em ver que, mesmo tendo que abrir m\u00e3o de algumas coisas, o Bernardo tenha curtido e esteja participando at\u00e9 hoje, motivado\u201d, comemora. Na fam\u00edlia, a rela\u00e7\u00e3o com os Canarinhos n\u00e3o para por a\u00ed: os primos e o irm\u00e3o de Tarc\u00edsio tamb\u00e9m integraram o coro. \u201cAcho muito legal ver essa continuidade dentro da fam\u00edlia\u201d, afirma.<\/p>\n<p>Outro integrante da fam\u00edlia, o ex-Canarinho Rodrigo Fiorini queria, desde cedo, ver o filho, Guido, no Coral, mas procurou n\u00e3o influenciar nas escolhas dele, que tem atualmente 10 anos. \u201cSempre sonhei em colocar o meu filho nos Canarinhos. N\u00e3o interferi no aprendizado dele, mas mostrei o que era o mundo da m\u00fasica e o incentivei para entrar. E isso foi um processo tranquilo\u201d, afirma.<\/p>\n<p>Rodrigo destacou que o filho j\u00e1 se apresentou como solista \u2013 coisa que o pai nunca fez. \u201cVejo que meu filho vestiu a camisa e gosta de estar no IMCP. N\u00e3o sei se vai seguir carreira na m\u00fasica, mas tenho muito orgulho de v\u00ea-lo seguindo os meus passos. Al\u00e9m disso, vejo que ele est\u00e1 muito consciente do que quer, e isso \u00e9 muito importante\u201d, disse.<\/p>\n<p>Mas outras fam\u00edlias tamb\u00e9m est\u00e3o ligadas pela m\u00fasica, como a Burger. Osmar, que viveu a experi\u00eancia de ser coralista do IMCP, agora v\u00ea seus dois filhos, Jo\u00e3o Pedro (que j\u00e1 est\u00e1 h\u00e1 nove anos no grupo) e Marcos Paulo (que est\u00e1 na Escola de Aprendizes), seguindo o mesmo caminho. \u201cEstar nos Canarinhos \u00e9 uma oportunidade \u00fanica para o desenvolvimento musical e cultural\u201d, afirmou. \u201cA voca\u00e7\u00e3o e o gosto pela m\u00fasica j\u00e1 foram despertados mesmo no meu filho mais novo, que ainda n\u00e3o ingressou no Coral. Fico muito orgulhoso. Al\u00e9m de me enxergar neles, me d\u00e1 uma felicidade imensa perceber que, com tantas incertezas que a gente observa no mundo atual, eles escolheram um bom caminho\u201d, destaca.<\/p>\n<p>Para o maestro do Coral dos meninos e diretor art\u00edstico do IMCP, Marco Aur\u00e9lio Lischt, h\u00e1 uma disposi\u00e7\u00e3o maior para as pessoas seguirem a mesma carreira dentro de uma fam\u00edlia. \u201cO homem \u00e9 o produto do meio em que vive. Se ele vive em uma fam\u00edlia de m\u00fasicos, de alguma forma, respira m\u00fasica. Isso n\u00e3o \u00e9 determinante para a sele\u00e7\u00e3o da carreira, mas ajuda quem j\u00e1 tem uma pr\u00e9-disposi\u00e7\u00e3o para seguir esse caminho\u201d. Lischt diz isso com propriedade: seu pai foi Canarinho e seu sobrinho, Rafael, est\u00e1 no Coral atualmente. \u201cEle j\u00e1 est\u00e1 h\u00e1 alguns anos e est\u00e1 gostando, est\u00e1 engajado nas nossas atividades\u201d, destacou.<\/p>\n","protected":false},"excerpt":{"rendered":"<p>Coral<\/p>\n","protected":false},"author":1,"featured_media":219207,"comment_status":"closed","ping_status":"open","sticky":false,"template":"","format":"standard","meta":[],"categories":[1],"tags":[1378],"acf":[],"yoast_head":"<!-- This site is optimized with the Yoast SEO plugin v19.2 - https:\/\/yoast.com\/wordpress\/plugins\/seo\/ -->\n<title>Canarinhos se apresentam com a Orquestra Petrobras Sinf\u00f4nica - Not\u00edcias - Franciscanos<\/title>\n<meta name=\"robots\" content=\"index, follow, max-snippet:-1, max-image-preview:large, max-video-preview:-1\" \/>\n<link rel=\"canonical\" href=\"https:\/\/franciscanos.org.br\/noticias\/canarinhos-se-apresentam-com-a-orquestra-petrobras-sinfonica.html\" \/>\n<meta property=\"og:locale\" content=\"pt_BR\" \/>\n<meta property=\"og:type\" content=\"article\" \/>\n<meta property=\"og:title\" content=\"Canarinhos se apresentam com a Orquestra Petrobras Sinf\u00f4nica - Not\u00edcias - Franciscanos\" \/>\n<meta property=\"og:description\" content=\"Coral\" \/>\n<meta property=\"og:url\" content=\"https:\/\/franciscanos.org.br\/noticias\/canarinhos-se-apresentam-com-a-orquestra-petrobras-sinfonica.html\" \/>\n<meta property=\"og:site_name\" content=\"Not\u00edcias - Franciscanos\" \/>\n<meta property=\"article:published_time\" content=\"2014-08-13T11:54:01+00:00\" \/>\n<meta property=\"article:modified_time\" content=\"2021-07-05T23:17:47+00:00\" \/>\n<meta property=\"og:image\" content=\"https:\/\/franciscanos.org.br\/noticias\/wp-content\/uploads\/2014\/08\/canarinhos-1.jpg\" \/>\n\t<meta property=\"og:image:width\" content=\"273\" \/>\n\t<meta property=\"og:image:height\" content=\"181\" \/>\n\t<meta property=\"og:image:type\" content=\"image\/jpeg\" \/>\n<meta name=\"author\" content=\"admin\" \/>\n<meta name=\"twitter:card\" content=\"summary_large_image\" \/>\n<meta name=\"twitter:label1\" content=\"Escrito por\" \/>\n\t<meta name=\"twitter:data1\" content=\"admin\" \/>\n\t<meta name=\"twitter:label2\" content=\"Est. tempo de leitura\" \/>\n\t<meta name=\"twitter:data2\" content=\"5 minutos\" \/>\n<script type=\"application\/ld+json\" class=\"yoast-schema-graph\">{\"@context\":\"https:\/\/schema.org\",\"@graph\":[{\"@type\":\"WebSite\",\"@id\":\"https:\/\/franciscanos.org.br\/noticias\/#website\",\"url\":\"https:\/\/franciscanos.org.br\/noticias\/\",\"name\":\"Not\u00edcias - Franciscanos\",\"description\":\"Prov\u00edncia Franciscana da Imaculada Concei\u00e7\u00e3o do Brasil - Ordem dos Frades Menores - OFM\",\"potentialAction\":[{\"@type\":\"SearchAction\",\"target\":{\"@type\":\"EntryPoint\",\"urlTemplate\":\"https:\/\/franciscanos.org.br\/noticias\/?s={search_term_string}\"},\"query-input\":\"required name=search_term_string\"}],\"inLanguage\":\"pt-BR\"},{\"@type\":\"ImageObject\",\"inLanguage\":\"pt-BR\",\"@id\":\"https:\/\/franciscanos.org.br\/noticias\/canarinhos-se-apresentam-com-a-orquestra-petrobras-sinfonica.html#primaryimage\",\"url\":\"https:\/\/franciscanos.org.br\/noticias\/wp-content\/uploads\/2014\/08\/canarinhos-1.jpg\",\"contentUrl\":\"https:\/\/franciscanos.org.br\/noticias\/wp-content\/uploads\/2014\/08\/canarinhos-1.jpg\",\"width\":273,\"height\":181},{\"@type\":\"WebPage\",\"@id\":\"https:\/\/franciscanos.org.br\/noticias\/canarinhos-se-apresentam-com-a-orquestra-petrobras-sinfonica.html#webpage\",\"url\":\"https:\/\/franciscanos.org.br\/noticias\/canarinhos-se-apresentam-com-a-orquestra-petrobras-sinfonica.html\",\"name\":\"Canarinhos se apresentam com a Orquestra Petrobras Sinf\u00f4nica - Not\u00edcias - Franciscanos\",\"isPartOf\":{\"@id\":\"https:\/\/franciscanos.org.br\/noticias\/#website\"},\"primaryImageOfPage\":{\"@id\":\"https:\/\/franciscanos.org.br\/noticias\/canarinhos-se-apresentam-com-a-orquestra-petrobras-sinfonica.html#primaryimage\"},\"datePublished\":\"2014-08-13T11:54:01+00:00\",\"dateModified\":\"2021-07-05T23:17:47+00:00\",\"author\":{\"@id\":\"https:\/\/franciscanos.org.br\/noticias\/#\/schema\/person\/b38fbf43118f02820bd932f2e4b14ad3\"},\"breadcrumb\":{\"@id\":\"https:\/\/franciscanos.org.br\/noticias\/canarinhos-se-apresentam-com-a-orquestra-petrobras-sinfonica.html#breadcrumb\"},\"inLanguage\":\"pt-BR\",\"potentialAction\":[{\"@type\":\"ReadAction\",\"target\":[\"https:\/\/franciscanos.org.br\/noticias\/canarinhos-se-apresentam-com-a-orquestra-petrobras-sinfonica.html\"]}]},{\"@type\":\"BreadcrumbList\",\"@id\":\"https:\/\/franciscanos.org.br\/noticias\/canarinhos-se-apresentam-com-a-orquestra-petrobras-sinfonica.html#breadcrumb\",\"itemListElement\":[{\"@type\":\"ListItem\",\"position\":1,\"name\":\"Home\",\"item\":\"https:\/\/franciscanos.org.br\/noticias\"},{\"@type\":\"ListItem\",\"position\":2,\"name\":\"Canarinhos se apresentam com a Orquestra Petrobras Sinf\u00f4nica\"}]},{\"@type\":\"Person\",\"@id\":\"https:\/\/franciscanos.org.br\/noticias\/#\/schema\/person\/b38fbf43118f02820bd932f2e4b14ad3\",\"name\":\"admin\",\"image\":{\"@type\":\"ImageObject\",\"inLanguage\":\"pt-BR\",\"@id\":\"https:\/\/franciscanos.org.br\/noticias\/#\/schema\/person\/image\/\",\"url\":\"https:\/\/secure.gravatar.com\/avatar\/e8495742d34d0ba6448ea1c628263b3e?s=96&d=mm&r=g\",\"contentUrl\":\"https:\/\/secure.gravatar.com\/avatar\/e8495742d34d0ba6448ea1c628263b3e?s=96&d=mm&r=g\",\"caption\":\"admin\"},\"url\":\"https:\/\/franciscanos.org.br\/noticias\/author\/admin\"}]}<\/script>\n<!-- \/ Yoast SEO plugin. -->","yoast_head_json":{"title":"Canarinhos se apresentam com a Orquestra Petrobras Sinf\u00f4nica - Not\u00edcias - Franciscanos","robots":{"index":"index","follow":"follow","max-snippet":"max-snippet:-1","max-image-preview":"max-image-preview:large","max-video-preview":"max-video-preview:-1"},"canonical":"https:\/\/franciscanos.org.br\/noticias\/canarinhos-se-apresentam-com-a-orquestra-petrobras-sinfonica.html","og_locale":"pt_BR","og_type":"article","og_title":"Canarinhos se apresentam com a Orquestra Petrobras Sinf\u00f4nica - Not\u00edcias - Franciscanos","og_description":"Coral","og_url":"https:\/\/franciscanos.org.br\/noticias\/canarinhos-se-apresentam-com-a-orquestra-petrobras-sinfonica.html","og_site_name":"Not\u00edcias - Franciscanos","article_published_time":"2014-08-13T11:54:01+00:00","article_modified_time":"2021-07-05T23:17:47+00:00","og_image":[{"width":273,"height":181,"url":"https:\/\/franciscanos.org.br\/noticias\/wp-content\/uploads\/2014\/08\/canarinhos-1.jpg","type":"image\/jpeg"}],"author":"admin","twitter_card":"summary_large_image","twitter_misc":{"Escrito por":"admin","Est. tempo de leitura":"5 minutos"},"schema":{"@context":"https:\/\/schema.org","@graph":[{"@type":"WebSite","@id":"https:\/\/franciscanos.org.br\/noticias\/#website","url":"https:\/\/franciscanos.org.br\/noticias\/","name":"Not\u00edcias - Franciscanos","description":"Prov\u00edncia Franciscana da Imaculada Concei\u00e7\u00e3o do Brasil - Ordem dos Frades Menores - OFM","potentialAction":[{"@type":"SearchAction","target":{"@type":"EntryPoint","urlTemplate":"https:\/\/franciscanos.org.br\/noticias\/?s={search_term_string}"},"query-input":"required name=search_term_string"}],"inLanguage":"pt-BR"},{"@type":"ImageObject","inLanguage":"pt-BR","@id":"https:\/\/franciscanos.org.br\/noticias\/canarinhos-se-apresentam-com-a-orquestra-petrobras-sinfonica.html#primaryimage","url":"https:\/\/franciscanos.org.br\/noticias\/wp-content\/uploads\/2014\/08\/canarinhos-1.jpg","contentUrl":"https:\/\/franciscanos.org.br\/noticias\/wp-content\/uploads\/2014\/08\/canarinhos-1.jpg","width":273,"height":181},{"@type":"WebPage","@id":"https:\/\/franciscanos.org.br\/noticias\/canarinhos-se-apresentam-com-a-orquestra-petrobras-sinfonica.html#webpage","url":"https:\/\/franciscanos.org.br\/noticias\/canarinhos-se-apresentam-com-a-orquestra-petrobras-sinfonica.html","name":"Canarinhos se apresentam com a Orquestra Petrobras Sinf\u00f4nica - Not\u00edcias - Franciscanos","isPartOf":{"@id":"https:\/\/franciscanos.org.br\/noticias\/#website"},"primaryImageOfPage":{"@id":"https:\/\/franciscanos.org.br\/noticias\/canarinhos-se-apresentam-com-a-orquestra-petrobras-sinfonica.html#primaryimage"},"datePublished":"2014-08-13T11:54:01+00:00","dateModified":"2021-07-05T23:17:47+00:00","author":{"@id":"https:\/\/franciscanos.org.br\/noticias\/#\/schema\/person\/b38fbf43118f02820bd932f2e4b14ad3"},"breadcrumb":{"@id":"https:\/\/franciscanos.org.br\/noticias\/canarinhos-se-apresentam-com-a-orquestra-petrobras-sinfonica.html#breadcrumb"},"inLanguage":"pt-BR","potentialAction":[{"@type":"ReadAction","target":["https:\/\/franciscanos.org.br\/noticias\/canarinhos-se-apresentam-com-a-orquestra-petrobras-sinfonica.html"]}]},{"@type":"BreadcrumbList","@id":"https:\/\/franciscanos.org.br\/noticias\/canarinhos-se-apresentam-com-a-orquestra-petrobras-sinfonica.html#breadcrumb","itemListElement":[{"@type":"ListItem","position":1,"name":"Home","item":"https:\/\/franciscanos.org.br\/noticias"},{"@type":"ListItem","position":2,"name":"Canarinhos se apresentam com a Orquestra Petrobras Sinf\u00f4nica"}]},{"@type":"Person","@id":"https:\/\/franciscanos.org.br\/noticias\/#\/schema\/person\/b38fbf43118f02820bd932f2e4b14ad3","name":"admin","image":{"@type":"ImageObject","inLanguage":"pt-BR","@id":"https:\/\/franciscanos.org.br\/noticias\/#\/schema\/person\/image\/","url":"https:\/\/secure.gravatar.com\/avatar\/e8495742d34d0ba6448ea1c628263b3e?s=96&d=mm&r=g","contentUrl":"https:\/\/secure.gravatar.com\/avatar\/e8495742d34d0ba6448ea1c628263b3e?s=96&d=mm&r=g","caption":"admin"},"url":"https:\/\/franciscanos.org.br\/noticias\/author\/admin"}]}},"_links":{"self":[{"href":"https:\/\/franciscanos.org.br\/noticias\/wp-json\/wp\/v2\/posts\/65605"}],"collection":[{"href":"https:\/\/franciscanos.org.br\/noticias\/wp-json\/wp\/v2\/posts"}],"about":[{"href":"https:\/\/franciscanos.org.br\/noticias\/wp-json\/wp\/v2\/types\/post"}],"author":[{"embeddable":true,"href":"https:\/\/franciscanos.org.br\/noticias\/wp-json\/wp\/v2\/users\/1"}],"replies":[{"embeddable":true,"href":"https:\/\/franciscanos.org.br\/noticias\/wp-json\/wp\/v2\/comments?post=65605"}],"version-history":[{"count":1,"href":"https:\/\/franciscanos.org.br\/noticias\/wp-json\/wp\/v2\/posts\/65605\/revisions"}],"predecessor-version":[{"id":232914,"href":"https:\/\/franciscanos.org.br\/noticias\/wp-json\/wp\/v2\/posts\/65605\/revisions\/232914"}],"wp:featuredmedia":[{"embeddable":true,"href":"https:\/\/franciscanos.org.br\/noticias\/wp-json\/wp\/v2\/media\/219207"}],"wp:attachment":[{"href":"https:\/\/franciscanos.org.br\/noticias\/wp-json\/wp\/v2\/media?parent=65605"}],"wp:term":[{"taxonomy":"category","embeddable":true,"href":"https:\/\/franciscanos.org.br\/noticias\/wp-json\/wp\/v2\/categories?post=65605"},{"taxonomy":"post_tag","embeddable":true,"href":"https:\/\/franciscanos.org.br\/noticias\/wp-json\/wp\/v2\/tags?post=65605"}],"curies":[{"name":"wp","href":"https:\/\/api.w.org\/{rel}","templated":true}]}}