{"id":64897,"date":"2014-07-31T16:22:52","date_gmt":"2014-07-31T19:22:52","guid":{"rendered":"http:\/\/franciscanos.org.br\/?p=64897"},"modified":"2020-11-11T13:41:15","modified_gmt":"2020-11-11T16:41:15","slug":"o-espetaculo-nao-pode-parar","status":"publish","type":"post","link":"https:\/\/franciscanos.org.br\/noticias\/o-espetaculo-nao-pode-parar.html","title":{"rendered":"O espet\u00e1culo n\u00e3o pode parar"},"content":{"rendered":"<p>&nbsp;<\/p>\n<div id=\"attachment_229345\" style=\"width: 1210px\" class=\"wp-caption alignnone\"><img aria-describedby=\"caption-attachment-229345\" loading=\"lazy\" class=\"wp-image-229345 size-full\" src=\"https:\/\/franciscanos.org.br\/noticias\/wp-content\/uploads\/2014\/07\/liturgia_2.png\" alt=\"\" width=\"1200\" height=\"789\" srcset=\"https:\/\/franciscanos.org.br\/noticias\/wp-content\/uploads\/2014\/07\/liturgia_2.png 1200w, https:\/\/franciscanos.org.br\/noticias\/wp-content\/uploads\/2014\/07\/liturgia_2-450x296.png 450w, https:\/\/franciscanos.org.br\/noticias\/wp-content\/uploads\/2014\/07\/liturgia_2-1024x673.png 1024w, https:\/\/franciscanos.org.br\/noticias\/wp-content\/uploads\/2014\/07\/liturgia_2-768x505.png 768w, https:\/\/franciscanos.org.br\/noticias\/wp-content\/uploads\/2014\/07\/liturgia_2-150x99.png 150w\" sizes=\"(max-width: 1200px) 100vw, 1200px\" \/><p id=\"caption-attachment-229345\" class=\"wp-caption-text\">\u00a0 \u00a0 \u00a0 \u00a0 \u00a0 \u00a0 \u00a0 \u00a0 \u00a0 \u00a0 \u00a0 \u00a0 \u00a0 \u00a0 \u00a0 \u00a0 \u00a0 \u00a0 \u00a0 \u00a0 \u00a0 \u00a0 \u00a0 \u00a0 \u00a0 \u00a0 \u00a0 \u00a0 \u00a0 \u00a0 \u00a0 \u00a0 \u00a0 \u00a0 \u00a0 \u00a0 \u00a0 \u00a0 \u00a0 \u00a0 \u00a0 \u00a0 \u00a0 \u00a0 \u00a0 \u00a0 \u00a0 \u00a0 \u00a0 \u00a0 \u00a0 \u00a0 \u00a0 \u00a0 \u00a0 \u00a0 \u00a0 \u00a0 \u00a0 \u00a0 \u00a0 \u00a0 \u00a0 \u00a0 \u00a0 \u00a0 \u00a0 \u00a0 \u00a0 \u00a0 \u00a0 \u00a0 \u00a0 \u00a0 \u00a0 \u00a0 \u00a0 \u00a0<em> \u00a0 \u00a0 \u00a0Imagem ilustrativa (fonte: Canva) <\/em><\/p><\/div>\n<blockquote><p><em>Olha o p\u00fablico cansado de esperar! O espet\u00e1culo n\u00e3o pode parar!\u201d<\/em><\/p><\/blockquote>\n<p>Este verso \u00e9 da m\u00fasica <em>Piruetas<\/em>, de Chico Buarque, que foi parte da trilha sonora do filme <em>Saltimbancos Trapalh\u00f5es<\/em>, de 1981. O Evangelho deste 18\u00ba Domingo do Tempo Comum traz \u00e0 lembran\u00e7a este verso da can\u00e7\u00e3o. De fato, \u201co espet\u00e1culo n\u00e3o pode parar\u201d e nada de mais espetacular poderia acontecer na hist\u00f3ria da humanidade do que a presen\u00e7a de Deus encarnada em Jesus Cristo no seio da humanidade. Na itiner\u00e2ncia de quem n\u00e3o tinha sequer onde recostar a cabe\u00e7a, Jesus procura um lugar deserto a partida violenta injusta de Jo\u00e3o Batista, seu primo amado que fora morto brutalmente por ordem do Rei Herodes. Plenamente humano, o Mestre busca um tempo para si, para refletir e \u201cdigerir\u201d no cora\u00e7\u00e3o o epis\u00f3dio que, sem d\u00favida, lhe causava dor.<\/p>\n<p>No entanto, seus planos s\u00e3o alterados pela grande multid\u00e3o que vem a seu encontro em busca de uma palavra, de um gesto, de um ensinamento, de uma cura. Jesus se esquece de sua dor pessoal e se compadece daqueles que v\u00eam a seu encontro. O cora\u00e7\u00e3o despeda\u00e7ado de quem perde um ente querido se desdobra e se renova a fim de ser fonte de vida, esperan\u00e7a e salva\u00e7\u00e3o para os necessitados que v\u00eam a seu encontro, revelando que, de fato, nada o poderia separar do Amor de Deus que Ele veio manifestar (Cf. Rm 8,35.37-39).<\/p>\n<p>Mesmo com o cora\u00e7\u00e3o ferido, Jesus se apresenta como cura para os doentes e tamb\u00e9m, num gesto de profecia e generosidade, multiplica o p\u00e3o para a multid\u00e3o faminta, convocando seus disc\u00edpulos a serem os distribuidores do farto alimento de gra\u00e7a e bondade. O mesmo que multiplica o p\u00e3o para saciar a multid\u00e3o com fome, atrav\u00e9s da Eucaristia continua a se oferecer como alimento vivo e salutar para todos os que nele creem.<\/p>\n<p><strong>Frei Gustavo Medella<\/strong><\/p>\n","protected":false},"excerpt":{"rendered":"<p>Liturgia dominical<\/p>\n","protected":false},"author":1,"featured_media":229347,"comment_status":"closed","ping_status":"open","sticky":false,"template":"","format":"standard","meta":[],"categories":[1],"tags":[537],"acf":[],"yoast_head":"<!-- This site is optimized with the Yoast SEO plugin v19.2 - https:\/\/yoast.com\/wordpress\/plugins\/seo\/ -->\n<title>O espet\u00e1culo n\u00e3o pode parar - Not\u00edcias - Franciscanos<\/title>\n<meta name=\"robots\" content=\"index, follow, max-snippet:-1, max-image-preview:large, max-video-preview:-1\" \/>\n<link rel=\"canonical\" href=\"https:\/\/franciscanos.org.br\/noticias\/o-espetaculo-nao-pode-parar.html\" \/>\n<meta property=\"og:locale\" content=\"pt_BR\" \/>\n<meta property=\"og:type\" content=\"article\" \/>\n<meta property=\"og:title\" content=\"O espet\u00e1culo n\u00e3o pode parar - Not\u00edcias - Franciscanos\" \/>\n<meta property=\"og:description\" content=\"Liturgia dominical\" \/>\n<meta property=\"og:url\" content=\"https:\/\/franciscanos.org.br\/noticias\/o-espetaculo-nao-pode-parar.html\" \/>\n<meta property=\"og:site_name\" content=\"Not\u00edcias - Franciscanos\" \/>\n<meta property=\"article:published_time\" content=\"2014-07-31T19:22:52+00:00\" \/>\n<meta property=\"article:modified_time\" content=\"2020-11-11T16:41:15+00:00\" \/>\n<meta property=\"og:image\" content=\"https:\/\/franciscanos.org.br\/noticias\/wp-content\/uploads\/2014\/07\/liturgia_2d.png\" \/>\n\t<meta property=\"og:image:width\" content=\"800\" \/>\n\t<meta property=\"og:image:height\" content=\"600\" \/>\n\t<meta property=\"og:image:type\" content=\"image\/png\" \/>\n<meta name=\"author\" content=\"admin\" \/>\n<meta name=\"twitter:card\" content=\"summary_large_image\" \/>\n<meta name=\"twitter:label1\" content=\"Escrito por\" \/>\n\t<meta name=\"twitter:data1\" content=\"admin\" \/>\n\t<meta name=\"twitter:label2\" content=\"Est. tempo de leitura\" \/>\n\t<meta name=\"twitter:data2\" content=\"2 minutos\" \/>\n<script type=\"application\/ld+json\" class=\"yoast-schema-graph\">{\"@context\":\"https:\/\/schema.org\",\"@graph\":[{\"@type\":\"WebSite\",\"@id\":\"https:\/\/franciscanos.org.br\/noticias\/#website\",\"url\":\"https:\/\/franciscanos.org.br\/noticias\/\",\"name\":\"Not\u00edcias - Franciscanos\",\"description\":\"Prov\u00edncia Franciscana da Imaculada Concei\u00e7\u00e3o do Brasil - Ordem dos Frades Menores - OFM\",\"potentialAction\":[{\"@type\":\"SearchAction\",\"target\":{\"@type\":\"EntryPoint\",\"urlTemplate\":\"https:\/\/franciscanos.org.br\/noticias\/?s={search_term_string}\"},\"query-input\":\"required name=search_term_string\"}],\"inLanguage\":\"pt-BR\"},{\"@type\":\"ImageObject\",\"inLanguage\":\"pt-BR\",\"@id\":\"https:\/\/franciscanos.org.br\/noticias\/o-espetaculo-nao-pode-parar.html#primaryimage\",\"url\":\"https:\/\/franciscanos.org.br\/noticias\/wp-content\/uploads\/2014\/07\/liturgia_2d.png\",\"contentUrl\":\"https:\/\/franciscanos.org.br\/noticias\/wp-content\/uploads\/2014\/07\/liturgia_2d.png\",\"width\":800,\"height\":600},{\"@type\":\"WebPage\",\"@id\":\"https:\/\/franciscanos.org.br\/noticias\/o-espetaculo-nao-pode-parar.html#webpage\",\"url\":\"https:\/\/franciscanos.org.br\/noticias\/o-espetaculo-nao-pode-parar.html\",\"name\":\"O espet\u00e1culo n\u00e3o pode parar - Not\u00edcias - Franciscanos\",\"isPartOf\":{\"@id\":\"https:\/\/franciscanos.org.br\/noticias\/#website\"},\"primaryImageOfPage\":{\"@id\":\"https:\/\/franciscanos.org.br\/noticias\/o-espetaculo-nao-pode-parar.html#primaryimage\"},\"datePublished\":\"2014-07-31T19:22:52+00:00\",\"dateModified\":\"2020-11-11T16:41:15+00:00\",\"author\":{\"@id\":\"https:\/\/franciscanos.org.br\/noticias\/#\/schema\/person\/b38fbf43118f02820bd932f2e4b14ad3\"},\"breadcrumb\":{\"@id\":\"https:\/\/franciscanos.org.br\/noticias\/o-espetaculo-nao-pode-parar.html#breadcrumb\"},\"inLanguage\":\"pt-BR\",\"potentialAction\":[{\"@type\":\"ReadAction\",\"target\":[\"https:\/\/franciscanos.org.br\/noticias\/o-espetaculo-nao-pode-parar.html\"]}]},{\"@type\":\"BreadcrumbList\",\"@id\":\"https:\/\/franciscanos.org.br\/noticias\/o-espetaculo-nao-pode-parar.html#breadcrumb\",\"itemListElement\":[{\"@type\":\"ListItem\",\"position\":1,\"name\":\"Home\",\"item\":\"https:\/\/franciscanos.org.br\/noticias\"},{\"@type\":\"ListItem\",\"position\":2,\"name\":\"O espet\u00e1culo n\u00e3o pode parar\"}]},{\"@type\":\"Person\",\"@id\":\"https:\/\/franciscanos.org.br\/noticias\/#\/schema\/person\/b38fbf43118f02820bd932f2e4b14ad3\",\"name\":\"admin\",\"image\":{\"@type\":\"ImageObject\",\"inLanguage\":\"pt-BR\",\"@id\":\"https:\/\/franciscanos.org.br\/noticias\/#\/schema\/person\/image\/\",\"url\":\"https:\/\/secure.gravatar.com\/avatar\/e8495742d34d0ba6448ea1c628263b3e?s=96&d=mm&r=g\",\"contentUrl\":\"https:\/\/secure.gravatar.com\/avatar\/e8495742d34d0ba6448ea1c628263b3e?s=96&d=mm&r=g\",\"caption\":\"admin\"},\"url\":\"https:\/\/franciscanos.org.br\/noticias\/author\/admin\"}]}<\/script>\n<!-- \/ Yoast SEO plugin. -->","yoast_head_json":{"title":"O espet\u00e1culo n\u00e3o pode parar - Not\u00edcias - Franciscanos","robots":{"index":"index","follow":"follow","max-snippet":"max-snippet:-1","max-image-preview":"max-image-preview:large","max-video-preview":"max-video-preview:-1"},"canonical":"https:\/\/franciscanos.org.br\/noticias\/o-espetaculo-nao-pode-parar.html","og_locale":"pt_BR","og_type":"article","og_title":"O espet\u00e1culo n\u00e3o pode parar - Not\u00edcias - Franciscanos","og_description":"Liturgia dominical","og_url":"https:\/\/franciscanos.org.br\/noticias\/o-espetaculo-nao-pode-parar.html","og_site_name":"Not\u00edcias - Franciscanos","article_published_time":"2014-07-31T19:22:52+00:00","article_modified_time":"2020-11-11T16:41:15+00:00","og_image":[{"width":800,"height":600,"url":"https:\/\/franciscanos.org.br\/noticias\/wp-content\/uploads\/2014\/07\/liturgia_2d.png","type":"image\/png"}],"author":"admin","twitter_card":"summary_large_image","twitter_misc":{"Escrito por":"admin","Est. tempo de leitura":"2 minutos"},"schema":{"@context":"https:\/\/schema.org","@graph":[{"@type":"WebSite","@id":"https:\/\/franciscanos.org.br\/noticias\/#website","url":"https:\/\/franciscanos.org.br\/noticias\/","name":"Not\u00edcias - Franciscanos","description":"Prov\u00edncia Franciscana da Imaculada Concei\u00e7\u00e3o do Brasil - Ordem dos Frades Menores - OFM","potentialAction":[{"@type":"SearchAction","target":{"@type":"EntryPoint","urlTemplate":"https:\/\/franciscanos.org.br\/noticias\/?s={search_term_string}"},"query-input":"required name=search_term_string"}],"inLanguage":"pt-BR"},{"@type":"ImageObject","inLanguage":"pt-BR","@id":"https:\/\/franciscanos.org.br\/noticias\/o-espetaculo-nao-pode-parar.html#primaryimage","url":"https:\/\/franciscanos.org.br\/noticias\/wp-content\/uploads\/2014\/07\/liturgia_2d.png","contentUrl":"https:\/\/franciscanos.org.br\/noticias\/wp-content\/uploads\/2014\/07\/liturgia_2d.png","width":800,"height":600},{"@type":"WebPage","@id":"https:\/\/franciscanos.org.br\/noticias\/o-espetaculo-nao-pode-parar.html#webpage","url":"https:\/\/franciscanos.org.br\/noticias\/o-espetaculo-nao-pode-parar.html","name":"O espet\u00e1culo n\u00e3o pode parar - Not\u00edcias - Franciscanos","isPartOf":{"@id":"https:\/\/franciscanos.org.br\/noticias\/#website"},"primaryImageOfPage":{"@id":"https:\/\/franciscanos.org.br\/noticias\/o-espetaculo-nao-pode-parar.html#primaryimage"},"datePublished":"2014-07-31T19:22:52+00:00","dateModified":"2020-11-11T16:41:15+00:00","author":{"@id":"https:\/\/franciscanos.org.br\/noticias\/#\/schema\/person\/b38fbf43118f02820bd932f2e4b14ad3"},"breadcrumb":{"@id":"https:\/\/franciscanos.org.br\/noticias\/o-espetaculo-nao-pode-parar.html#breadcrumb"},"inLanguage":"pt-BR","potentialAction":[{"@type":"ReadAction","target":["https:\/\/franciscanos.org.br\/noticias\/o-espetaculo-nao-pode-parar.html"]}]},{"@type":"BreadcrumbList","@id":"https:\/\/franciscanos.org.br\/noticias\/o-espetaculo-nao-pode-parar.html#breadcrumb","itemListElement":[{"@type":"ListItem","position":1,"name":"Home","item":"https:\/\/franciscanos.org.br\/noticias"},{"@type":"ListItem","position":2,"name":"O espet\u00e1culo n\u00e3o pode parar"}]},{"@type":"Person","@id":"https:\/\/franciscanos.org.br\/noticias\/#\/schema\/person\/b38fbf43118f02820bd932f2e4b14ad3","name":"admin","image":{"@type":"ImageObject","inLanguage":"pt-BR","@id":"https:\/\/franciscanos.org.br\/noticias\/#\/schema\/person\/image\/","url":"https:\/\/secure.gravatar.com\/avatar\/e8495742d34d0ba6448ea1c628263b3e?s=96&d=mm&r=g","contentUrl":"https:\/\/secure.gravatar.com\/avatar\/e8495742d34d0ba6448ea1c628263b3e?s=96&d=mm&r=g","caption":"admin"},"url":"https:\/\/franciscanos.org.br\/noticias\/author\/admin"}]}},"_links":{"self":[{"href":"https:\/\/franciscanos.org.br\/noticias\/wp-json\/wp\/v2\/posts\/64897"}],"collection":[{"href":"https:\/\/franciscanos.org.br\/noticias\/wp-json\/wp\/v2\/posts"}],"about":[{"href":"https:\/\/franciscanos.org.br\/noticias\/wp-json\/wp\/v2\/types\/post"}],"author":[{"embeddable":true,"href":"https:\/\/franciscanos.org.br\/noticias\/wp-json\/wp\/v2\/users\/1"}],"replies":[{"embeddable":true,"href":"https:\/\/franciscanos.org.br\/noticias\/wp-json\/wp\/v2\/comments?post=64897"}],"version-history":[{"count":2,"href":"https:\/\/franciscanos.org.br\/noticias\/wp-json\/wp\/v2\/posts\/64897\/revisions"}],"predecessor-version":[{"id":229348,"href":"https:\/\/franciscanos.org.br\/noticias\/wp-json\/wp\/v2\/posts\/64897\/revisions\/229348"}],"wp:featuredmedia":[{"embeddable":true,"href":"https:\/\/franciscanos.org.br\/noticias\/wp-json\/wp\/v2\/media\/229347"}],"wp:attachment":[{"href":"https:\/\/franciscanos.org.br\/noticias\/wp-json\/wp\/v2\/media?parent=64897"}],"wp:term":[{"taxonomy":"category","embeddable":true,"href":"https:\/\/franciscanos.org.br\/noticias\/wp-json\/wp\/v2\/categories?post=64897"},{"taxonomy":"post_tag","embeddable":true,"href":"https:\/\/franciscanos.org.br\/noticias\/wp-json\/wp\/v2\/tags?post=64897"}],"curies":[{"name":"wp","href":"https:\/\/api.w.org\/{rel}","templated":true}]}}