{"id":64846,"date":"2014-07-30T07:28:24","date_gmt":"2014-07-30T10:28:24","guid":{"rendered":"http:\/\/franciscanos.org.br\/?p=64846"},"modified":"2021-07-05T20:10:32","modified_gmt":"2021-07-05T23:10:32","slug":"alunos-fazem-duas-apresentacoes-no-instituto","status":"publish","type":"post","link":"https:\/\/franciscanos.org.br\/noticias\/alunos-fazem-duas-apresentacoes-no-instituto.html","title":{"rendered":"Alunos fazem duas apresenta\u00e7\u00f5es no Instituto"},"content":{"rendered":"<p><img loading=\"lazy\" src=\"http:\/\/franciscanos.org.br\/wp-content\/uploads\/2014\/07\/canarinhos_alto.jpg\" alt=\"canarinhos_alto\" width=\"820\" height=\"266\" \/><\/p>\n<p>O Instituto dos Meninos Cantores de Petr\u00f3polis realizou, na sexta-feira (25) e no s\u00e1bado (26), duas audi\u00e7\u00f5es da Escola de M\u00fasica. Nos dois dias, os alunos fizeram apresenta\u00e7\u00f5es de violino, piano, viol\u00e3o e guitarra na sede do Instituto. As apresenta\u00e7\u00f5es foram uma forma dos alunos mostrarem o que aprenderam ao longo deste tempo e perderem a inibi\u00e7\u00e3o, exibindo-se a familiares, amigos e ao p\u00fablico, que p\u00f4de comparecer ao encontro.<\/p>\n<p><a href=\"http:\/\/franciscanos.org.br\/wp-content\/uploads\/2014\/07\/canarinhos_2.jpg\"><img loading=\"lazy\" class=\"alignright size-full wp-image-64848\" src=\"http:\/\/franciscanos.org.br\/wp-content\/uploads\/2014\/07\/canarinhos_2.jpg\" alt=\"canarinhos_2\" width=\"450\" height=\"300\" \/><\/a>A Escola de M\u00fasica do Instituto dos Meninos Cantores de Petr\u00f3polis oferece cursos de violino, viol\u00e3o, baixo, piano, \u00f3rg\u00e3o de tubos e reg\u00eancia coral. As aulas s\u00e3o individuais, podendo ter dura\u00e7\u00e3o de 30 minutos ou uma hora. Podem participar crian\u00e7as a partir de tr\u00eas anos.<\/p>\n<p>Mais informa\u00e7\u00f5es sobre as atividades do Instituto podem ser consultadas pelo site http:\/\/canarinhos.com.br, pelo Facebook http:\/\/fb.com\/canarinhosdepetropolis ou pelo telefone (24) 2104-4141.<\/p>\n<p>O Instituto dos Corais dos Canarinhos de Petr\u00f3polis fica Rua Santos Dumont, 355, no Centro Hist\u00f3rico.<\/p>\n<p><strong>NO TEATRO MUNICIPAL <\/strong><\/p>\n<p>Nos pr\u00f3ximos dias 8 e 9 de agosto, os Corais dos Canarinhos de Petr\u00f3polis subir\u00e3o no palco de um dos teatros mais importantes da Am\u00e9rica Latina. A convite da Orquestra Petrobras Sinf\u00f4nica, os corais das Meninas e dos Meninos far\u00e3o parte da interpreta\u00e7\u00e3o de uma das composi\u00e7\u00f5es cl\u00e1ssicas mais famosas do mundo: \u201cO Messias\u201d, de H\u00e4ndel.<\/p>\n<p>A apresenta\u00e7\u00e3o ser\u00e1 um marco na hist\u00f3ria dos corais, que j\u00e1 se apresentaram ao lado da Orquestra Petrobras Sinf\u00f4nica. \u201cPara n\u00f3s, esta apresenta\u00e7\u00e3o \u00e9 de suma import\u00e2ncia. Estaremos ao lado de uma orquestra que tem proje\u00e7\u00e3o nacional e internacional, apresentando uma obra de grande envergadura em um dos principais palcos da Am\u00e9rica Latina, que \u00e9 o Municipal. Esta vai ser uma experi\u00eancia de grande valor para os meninos e as meninas dos Canarinhos\u201d, declarou o maestro do Coral dos Canarinhos e diretor art\u00edstico do Instituto dos Meninos Cantores de Petr\u00f3polis, Marco Aur\u00e9lio Lischt.<\/p>\n<p>A apresenta\u00e7\u00e3o tamb\u00e9m marca a volta dos Corais dos Canarinhos ao Theatro Municipal do Rio de Janeiro, a casa mais tradicional do Brasil e uma das principais da Am\u00e9rica Latina. \u201cEssa volta ao Municipal, al\u00e9m da experi\u00eancia para os meninos e meninas, agrega visibilidade e prest\u00edgio ao nosso trabalho. Recebemos o convite da Orquestra Petrobras Sinf\u00f4nica com muita alegria, pois isto reafirma a qualidade e a credibilidade que o trabalho desenvolvido pelo Instituto dos Meninos Cantores de Petr\u00f3polis conquistou ao longo do tempo. Al\u00e9m disso, para os coralistas, \u00e9 muito importante ter a experi\u00eancia de executar obras com uma orquestra deste porte\u201d, destacou o produtor musical do IMCP, Marcelo Vieira.<\/p>\n<p>A Orquestra Petrobras Sinf\u00f4nica e os corais dos Canarinhos de Petr\u00f3polis far\u00e3o duas apresenta\u00e7\u00f5es: no dia 8, \u00e0s 20h, e no dia 9, \u00e0s 16h.<\/p>\n","protected":false},"excerpt":{"rendered":"<p>Canarinhos<\/p>\n","protected":false},"author":1,"featured_media":201550,"comment_status":"closed","ping_status":"open","sticky":false,"template":"","format":"standard","meta":[],"categories":[1],"tags":[1378,1788],"acf":[],"yoast_head":"<!-- This site is optimized with the Yoast SEO plugin v19.2 - https:\/\/yoast.com\/wordpress\/plugins\/seo\/ -->\n<title>Alunos fazem duas apresenta\u00e7\u00f5es no Instituto - Not\u00edcias - Franciscanos<\/title>\n<meta name=\"robots\" content=\"index, follow, max-snippet:-1, max-image-preview:large, max-video-preview:-1\" \/>\n<link rel=\"canonical\" href=\"https:\/\/franciscanos.org.br\/noticias\/alunos-fazem-duas-apresentacoes-no-instituto.html\" \/>\n<meta property=\"og:locale\" content=\"pt_BR\" \/>\n<meta property=\"og:type\" content=\"article\" \/>\n<meta property=\"og:title\" content=\"Alunos fazem duas apresenta\u00e7\u00f5es no Instituto - Not\u00edcias - Franciscanos\" \/>\n<meta property=\"og:description\" content=\"Canarinhos\" \/>\n<meta property=\"og:url\" content=\"https:\/\/franciscanos.org.br\/noticias\/alunos-fazem-duas-apresentacoes-no-instituto.html\" \/>\n<meta property=\"og:site_name\" content=\"Not\u00edcias - Franciscanos\" \/>\n<meta property=\"article:published_time\" content=\"2014-07-30T10:28:24+00:00\" \/>\n<meta property=\"article:modified_time\" content=\"2021-07-05T23:10:32+00:00\" \/>\n<meta property=\"og:image\" content=\"https:\/\/franciscanos.org.br\/noticias\/wp-content\/uploads\/2014\/07\/canarinhos_instituto.jpg\" \/>\n\t<meta property=\"og:image:width\" content=\"273\" \/>\n\t<meta property=\"og:image:height\" content=\"181\" \/>\n\t<meta property=\"og:image:type\" content=\"image\/jpeg\" \/>\n<meta name=\"author\" content=\"admin\" \/>\n<meta name=\"twitter:card\" content=\"summary_large_image\" \/>\n<meta name=\"twitter:label1\" content=\"Escrito por\" \/>\n\t<meta name=\"twitter:data1\" content=\"admin\" \/>\n\t<meta name=\"twitter:label2\" content=\"Est. tempo de leitura\" \/>\n\t<meta name=\"twitter:data2\" content=\"2 minutos\" \/>\n<script type=\"application\/ld+json\" class=\"yoast-schema-graph\">{\"@context\":\"https:\/\/schema.org\",\"@graph\":[{\"@type\":\"WebSite\",\"@id\":\"https:\/\/franciscanos.org.br\/noticias\/#website\",\"url\":\"https:\/\/franciscanos.org.br\/noticias\/\",\"name\":\"Not\u00edcias - Franciscanos\",\"description\":\"Prov\u00edncia Franciscana da Imaculada Concei\u00e7\u00e3o do Brasil - Ordem dos Frades Menores - OFM\",\"potentialAction\":[{\"@type\":\"SearchAction\",\"target\":{\"@type\":\"EntryPoint\",\"urlTemplate\":\"https:\/\/franciscanos.org.br\/noticias\/?s={search_term_string}\"},\"query-input\":\"required name=search_term_string\"}],\"inLanguage\":\"pt-BR\"},{\"@type\":\"ImageObject\",\"inLanguage\":\"pt-BR\",\"@id\":\"https:\/\/franciscanos.org.br\/noticias\/alunos-fazem-duas-apresentacoes-no-instituto.html#primaryimage\",\"url\":\"https:\/\/franciscanos.org.br\/noticias\/wp-content\/uploads\/2014\/07\/canarinhos_instituto.jpg\",\"contentUrl\":\"https:\/\/franciscanos.org.br\/noticias\/wp-content\/uploads\/2014\/07\/canarinhos_instituto.jpg\",\"width\":273,\"height\":181},{\"@type\":\"WebPage\",\"@id\":\"https:\/\/franciscanos.org.br\/noticias\/alunos-fazem-duas-apresentacoes-no-instituto.html#webpage\",\"url\":\"https:\/\/franciscanos.org.br\/noticias\/alunos-fazem-duas-apresentacoes-no-instituto.html\",\"name\":\"Alunos fazem duas apresenta\u00e7\u00f5es no Instituto - Not\u00edcias - Franciscanos\",\"isPartOf\":{\"@id\":\"https:\/\/franciscanos.org.br\/noticias\/#website\"},\"primaryImageOfPage\":{\"@id\":\"https:\/\/franciscanos.org.br\/noticias\/alunos-fazem-duas-apresentacoes-no-instituto.html#primaryimage\"},\"datePublished\":\"2014-07-30T10:28:24+00:00\",\"dateModified\":\"2021-07-05T23:10:32+00:00\",\"author\":{\"@id\":\"https:\/\/franciscanos.org.br\/noticias\/#\/schema\/person\/b38fbf43118f02820bd932f2e4b14ad3\"},\"breadcrumb\":{\"@id\":\"https:\/\/franciscanos.org.br\/noticias\/alunos-fazem-duas-apresentacoes-no-instituto.html#breadcrumb\"},\"inLanguage\":\"pt-BR\",\"potentialAction\":[{\"@type\":\"ReadAction\",\"target\":[\"https:\/\/franciscanos.org.br\/noticias\/alunos-fazem-duas-apresentacoes-no-instituto.html\"]}]},{\"@type\":\"BreadcrumbList\",\"@id\":\"https:\/\/franciscanos.org.br\/noticias\/alunos-fazem-duas-apresentacoes-no-instituto.html#breadcrumb\",\"itemListElement\":[{\"@type\":\"ListItem\",\"position\":1,\"name\":\"Home\",\"item\":\"https:\/\/franciscanos.org.br\/noticias\"},{\"@type\":\"ListItem\",\"position\":2,\"name\":\"Alunos fazem duas apresenta\u00e7\u00f5es no Instituto\"}]},{\"@type\":\"Person\",\"@id\":\"https:\/\/franciscanos.org.br\/noticias\/#\/schema\/person\/b38fbf43118f02820bd932f2e4b14ad3\",\"name\":\"admin\",\"image\":{\"@type\":\"ImageObject\",\"inLanguage\":\"pt-BR\",\"@id\":\"https:\/\/franciscanos.org.br\/noticias\/#\/schema\/person\/image\/\",\"url\":\"https:\/\/secure.gravatar.com\/avatar\/e8495742d34d0ba6448ea1c628263b3e?s=96&d=mm&r=g\",\"contentUrl\":\"https:\/\/secure.gravatar.com\/avatar\/e8495742d34d0ba6448ea1c628263b3e?s=96&d=mm&r=g\",\"caption\":\"admin\"},\"url\":\"https:\/\/franciscanos.org.br\/noticias\/author\/admin\"}]}<\/script>\n<!-- \/ Yoast SEO plugin. -->","yoast_head_json":{"title":"Alunos fazem duas apresenta\u00e7\u00f5es no Instituto - Not\u00edcias - Franciscanos","robots":{"index":"index","follow":"follow","max-snippet":"max-snippet:-1","max-image-preview":"max-image-preview:large","max-video-preview":"max-video-preview:-1"},"canonical":"https:\/\/franciscanos.org.br\/noticias\/alunos-fazem-duas-apresentacoes-no-instituto.html","og_locale":"pt_BR","og_type":"article","og_title":"Alunos fazem duas apresenta\u00e7\u00f5es no Instituto - Not\u00edcias - Franciscanos","og_description":"Canarinhos","og_url":"https:\/\/franciscanos.org.br\/noticias\/alunos-fazem-duas-apresentacoes-no-instituto.html","og_site_name":"Not\u00edcias - Franciscanos","article_published_time":"2014-07-30T10:28:24+00:00","article_modified_time":"2021-07-05T23:10:32+00:00","og_image":[{"width":273,"height":181,"url":"https:\/\/franciscanos.org.br\/noticias\/wp-content\/uploads\/2014\/07\/canarinhos_instituto.jpg","type":"image\/jpeg"}],"author":"admin","twitter_card":"summary_large_image","twitter_misc":{"Escrito por":"admin","Est. tempo de leitura":"2 minutos"},"schema":{"@context":"https:\/\/schema.org","@graph":[{"@type":"WebSite","@id":"https:\/\/franciscanos.org.br\/noticias\/#website","url":"https:\/\/franciscanos.org.br\/noticias\/","name":"Not\u00edcias - Franciscanos","description":"Prov\u00edncia Franciscana da Imaculada Concei\u00e7\u00e3o do Brasil - Ordem dos Frades Menores - OFM","potentialAction":[{"@type":"SearchAction","target":{"@type":"EntryPoint","urlTemplate":"https:\/\/franciscanos.org.br\/noticias\/?s={search_term_string}"},"query-input":"required name=search_term_string"}],"inLanguage":"pt-BR"},{"@type":"ImageObject","inLanguage":"pt-BR","@id":"https:\/\/franciscanos.org.br\/noticias\/alunos-fazem-duas-apresentacoes-no-instituto.html#primaryimage","url":"https:\/\/franciscanos.org.br\/noticias\/wp-content\/uploads\/2014\/07\/canarinhos_instituto.jpg","contentUrl":"https:\/\/franciscanos.org.br\/noticias\/wp-content\/uploads\/2014\/07\/canarinhos_instituto.jpg","width":273,"height":181},{"@type":"WebPage","@id":"https:\/\/franciscanos.org.br\/noticias\/alunos-fazem-duas-apresentacoes-no-instituto.html#webpage","url":"https:\/\/franciscanos.org.br\/noticias\/alunos-fazem-duas-apresentacoes-no-instituto.html","name":"Alunos fazem duas apresenta\u00e7\u00f5es no Instituto - Not\u00edcias - Franciscanos","isPartOf":{"@id":"https:\/\/franciscanos.org.br\/noticias\/#website"},"primaryImageOfPage":{"@id":"https:\/\/franciscanos.org.br\/noticias\/alunos-fazem-duas-apresentacoes-no-instituto.html#primaryimage"},"datePublished":"2014-07-30T10:28:24+00:00","dateModified":"2021-07-05T23:10:32+00:00","author":{"@id":"https:\/\/franciscanos.org.br\/noticias\/#\/schema\/person\/b38fbf43118f02820bd932f2e4b14ad3"},"breadcrumb":{"@id":"https:\/\/franciscanos.org.br\/noticias\/alunos-fazem-duas-apresentacoes-no-instituto.html#breadcrumb"},"inLanguage":"pt-BR","potentialAction":[{"@type":"ReadAction","target":["https:\/\/franciscanos.org.br\/noticias\/alunos-fazem-duas-apresentacoes-no-instituto.html"]}]},{"@type":"BreadcrumbList","@id":"https:\/\/franciscanos.org.br\/noticias\/alunos-fazem-duas-apresentacoes-no-instituto.html#breadcrumb","itemListElement":[{"@type":"ListItem","position":1,"name":"Home","item":"https:\/\/franciscanos.org.br\/noticias"},{"@type":"ListItem","position":2,"name":"Alunos fazem duas apresenta\u00e7\u00f5es no Instituto"}]},{"@type":"Person","@id":"https:\/\/franciscanos.org.br\/noticias\/#\/schema\/person\/b38fbf43118f02820bd932f2e4b14ad3","name":"admin","image":{"@type":"ImageObject","inLanguage":"pt-BR","@id":"https:\/\/franciscanos.org.br\/noticias\/#\/schema\/person\/image\/","url":"https:\/\/secure.gravatar.com\/avatar\/e8495742d34d0ba6448ea1c628263b3e?s=96&d=mm&r=g","contentUrl":"https:\/\/secure.gravatar.com\/avatar\/e8495742d34d0ba6448ea1c628263b3e?s=96&d=mm&r=g","caption":"admin"},"url":"https:\/\/franciscanos.org.br\/noticias\/author\/admin"}]}},"_links":{"self":[{"href":"https:\/\/franciscanos.org.br\/noticias\/wp-json\/wp\/v2\/posts\/64846"}],"collection":[{"href":"https:\/\/franciscanos.org.br\/noticias\/wp-json\/wp\/v2\/posts"}],"about":[{"href":"https:\/\/franciscanos.org.br\/noticias\/wp-json\/wp\/v2\/types\/post"}],"author":[{"embeddable":true,"href":"https:\/\/franciscanos.org.br\/noticias\/wp-json\/wp\/v2\/users\/1"}],"replies":[{"embeddable":true,"href":"https:\/\/franciscanos.org.br\/noticias\/wp-json\/wp\/v2\/comments?post=64846"}],"version-history":[{"count":1,"href":"https:\/\/franciscanos.org.br\/noticias\/wp-json\/wp\/v2\/posts\/64846\/revisions"}],"predecessor-version":[{"id":232900,"href":"https:\/\/franciscanos.org.br\/noticias\/wp-json\/wp\/v2\/posts\/64846\/revisions\/232900"}],"wp:featuredmedia":[{"embeddable":true,"href":"https:\/\/franciscanos.org.br\/noticias\/wp-json\/wp\/v2\/media\/201550"}],"wp:attachment":[{"href":"https:\/\/franciscanos.org.br\/noticias\/wp-json\/wp\/v2\/media?parent=64846"}],"wp:term":[{"taxonomy":"category","embeddable":true,"href":"https:\/\/franciscanos.org.br\/noticias\/wp-json\/wp\/v2\/categories?post=64846"},{"taxonomy":"post_tag","embeddable":true,"href":"https:\/\/franciscanos.org.br\/noticias\/wp-json\/wp\/v2\/tags?post=64846"}],"curies":[{"name":"wp","href":"https:\/\/api.w.org\/{rel}","templated":true}]}}