{"id":64197,"date":"2014-07-17T08:36:03","date_gmt":"2014-07-17T11:36:03","guid":{"rendered":"http:\/\/franciscanos.org.br\/?p=64197"},"modified":"2019-04-17T14:52:13","modified_gmt":"2019-04-17T17:52:13","slug":"apresentacao-8","status":"publish","type":"post","link":"https:\/\/franciscanos.org.br\/noticias\/apresentacao-8.html","title":{"rendered":"Her\u00f3i e vil\u00e3o brigam dentro do cora\u00e7\u00e3o"},"content":{"rendered":"<p><img loading=\"lazy\" src=\"https:\/\/franciscanos.org.br\/noticias\/wp-content\/uploads\/2014\/07\/joio_trigo4.jpg\" alt=\"\" width=\"830\" height=\"410\" \/><\/p>\n<p>Voc\u00ea j\u00e1 reparou que nas novelas e nos filmes os personagens que mais fazem sucesso s\u00e3o aqueles muito bons ou muito maus? \u00c9 s\u00f3 voc\u00ea fazer um exerc\u00edcio de mem\u00f3ria e vai perceber que ter\u00e1 mais facilidade para se lembrar dos grandes vil\u00f5es ou mocinhos do que daqueles personagens que eram o meio termo.<\/p>\n<p>Este fato acontece porque o ser humano tem a tend\u00eancia de se projetar nestas figuras fortes. O her\u00f3i desperta dentro da pessoa tudo que ela tem de melhor: a bondade, a perseveran\u00e7a, a honestidade, a nobreza de car\u00e1ter e a coragem. J\u00e1 o malfeitor aponta para os grandes v\u00edcios humanos: a mesquinhez, o ego\u00edsmo, a covardia, o \u00f3dio e a inveja. Ao ver o inimigo vencido na fic\u00e7\u00e3o, o telespectador se sente tranq\u00fcilo. \u00c9 como se, junto com aqueles vil\u00f5es, todos os seus defeitos tamb\u00e9m ca\u00edssem por terra.<\/p>\n<p>A verdade \u00e9 que, na vida real, toda pessoa traz dentro de si as duas imagens. Pensando a partir da par\u00e1bola que Jesus nos apresenta no Evangelho deste final de semana (Mt 13,24-43), 16\u00ba Domingo do Tempo Comum, seria como dizer que joio e trigo crescem juntos no cora\u00e7\u00e3o humano. A luta entre o her\u00f3i e o vil\u00e3o acontece dentro de cada um. Por melhor que seja a pessoa, ela tamb\u00e9m tem seus momentos de engano. Est\u00e1 sujeita tamb\u00e9m a cometer erros. Por isso, o melhor a ser feito \u00e9 reconhecer esta batalha e n\u00e3o se apavorar.<\/p>\n<p>A supera\u00e7\u00e3o das pr\u00f3prias sombras interiores \u00e9 um processo cont\u00ednuo. Lembre-se dos filmes: os inimigos s\u00f3 s\u00e3o derrotados no final. N\u00e3o se apavore nem fique com raiva de si mesmo por causa de seus trope\u00e7os. Lute contra eles com coragem e perseveran\u00e7a. Entregue-se por inteiro a Deus e acredite na for\u00e7a da bondade que habita em seu cora\u00e7\u00e3o.<\/p>\n<p><strong>Frei Gustavo Medella<\/strong><\/p>\n","protected":false},"excerpt":{"rendered":"<p>Liturgia dominical<\/p>\n","protected":false},"author":1,"featured_media":0,"comment_status":"closed","ping_status":"open","sticky":false,"template":"","format":"standard","meta":[],"categories":[1],"tags":[537],"acf":[],"yoast_head":"<!-- This site is optimized with the Yoast SEO plugin v19.2 - https:\/\/yoast.com\/wordpress\/plugins\/seo\/ -->\n<title>Her\u00f3i e vil\u00e3o brigam dentro do cora\u00e7\u00e3o - Not\u00edcias - Franciscanos<\/title>\n<meta name=\"robots\" content=\"index, follow, max-snippet:-1, max-image-preview:large, max-video-preview:-1\" \/>\n<link rel=\"canonical\" href=\"https:\/\/franciscanos.org.br\/noticias\/apresentacao-8.html\" \/>\n<meta property=\"og:locale\" content=\"pt_BR\" \/>\n<meta property=\"og:type\" content=\"article\" \/>\n<meta property=\"og:title\" content=\"Her\u00f3i e vil\u00e3o brigam dentro do cora\u00e7\u00e3o - Not\u00edcias - Franciscanos\" \/>\n<meta property=\"og:description\" content=\"Liturgia dominical\" \/>\n<meta property=\"og:url\" content=\"https:\/\/franciscanos.org.br\/noticias\/apresentacao-8.html\" \/>\n<meta property=\"og:site_name\" content=\"Not\u00edcias - Franciscanos\" \/>\n<meta property=\"article:published_time\" content=\"2014-07-17T11:36:03+00:00\" \/>\n<meta property=\"article:modified_time\" content=\"2019-04-17T17:52:13+00:00\" \/>\n<meta property=\"og:image\" content=\"https:\/\/franciscanos.org.br\/noticias\/wp-content\/uploads\/2014\/07\/joio_trigo4.jpg\" \/>\n<meta name=\"author\" content=\"admin\" \/>\n<meta name=\"twitter:card\" content=\"summary_large_image\" \/>\n<meta name=\"twitter:label1\" content=\"Escrito por\" \/>\n\t<meta name=\"twitter:data1\" content=\"admin\" \/>\n\t<meta name=\"twitter:label2\" content=\"Est. tempo de leitura\" \/>\n\t<meta name=\"twitter:data2\" content=\"2 minutos\" \/>\n<script type=\"application\/ld+json\" class=\"yoast-schema-graph\">{\"@context\":\"https:\/\/schema.org\",\"@graph\":[{\"@type\":\"WebSite\",\"@id\":\"https:\/\/franciscanos.org.br\/noticias\/#website\",\"url\":\"https:\/\/franciscanos.org.br\/noticias\/\",\"name\":\"Not\u00edcias - Franciscanos\",\"description\":\"Prov\u00edncia Franciscana da Imaculada Concei\u00e7\u00e3o do Brasil - Ordem dos Frades Menores - OFM\",\"potentialAction\":[{\"@type\":\"SearchAction\",\"target\":{\"@type\":\"EntryPoint\",\"urlTemplate\":\"https:\/\/franciscanos.org.br\/noticias\/?s={search_term_string}\"},\"query-input\":\"required name=search_term_string\"}],\"inLanguage\":\"pt-BR\"},{\"@type\":\"ImageObject\",\"inLanguage\":\"pt-BR\",\"@id\":\"https:\/\/franciscanos.org.br\/noticias\/apresentacao-8.html#primaryimage\",\"url\":\"https:\/\/franciscanos.org.br\/noticias\/wp-content\/uploads\/2014\/07\/joio_trigo4.jpg\",\"contentUrl\":\"https:\/\/franciscanos.org.br\/noticias\/wp-content\/uploads\/2014\/07\/joio_trigo4.jpg\",\"width\":830,\"height\":410},{\"@type\":\"WebPage\",\"@id\":\"https:\/\/franciscanos.org.br\/noticias\/apresentacao-8.html#webpage\",\"url\":\"https:\/\/franciscanos.org.br\/noticias\/apresentacao-8.html\",\"name\":\"Her\u00f3i e vil\u00e3o brigam dentro do cora\u00e7\u00e3o - Not\u00edcias - Franciscanos\",\"isPartOf\":{\"@id\":\"https:\/\/franciscanos.org.br\/noticias\/#website\"},\"primaryImageOfPage\":{\"@id\":\"https:\/\/franciscanos.org.br\/noticias\/apresentacao-8.html#primaryimage\"},\"datePublished\":\"2014-07-17T11:36:03+00:00\",\"dateModified\":\"2019-04-17T17:52:13+00:00\",\"author\":{\"@id\":\"https:\/\/franciscanos.org.br\/noticias\/#\/schema\/person\/b38fbf43118f02820bd932f2e4b14ad3\"},\"breadcrumb\":{\"@id\":\"https:\/\/franciscanos.org.br\/noticias\/apresentacao-8.html#breadcrumb\"},\"inLanguage\":\"pt-BR\",\"potentialAction\":[{\"@type\":\"ReadAction\",\"target\":[\"https:\/\/franciscanos.org.br\/noticias\/apresentacao-8.html\"]}]},{\"@type\":\"BreadcrumbList\",\"@id\":\"https:\/\/franciscanos.org.br\/noticias\/apresentacao-8.html#breadcrumb\",\"itemListElement\":[{\"@type\":\"ListItem\",\"position\":1,\"name\":\"Home\",\"item\":\"https:\/\/franciscanos.org.br\/noticias\"},{\"@type\":\"ListItem\",\"position\":2,\"name\":\"Her\u00f3i e vil\u00e3o brigam dentro do cora\u00e7\u00e3o\"}]},{\"@type\":\"Person\",\"@id\":\"https:\/\/franciscanos.org.br\/noticias\/#\/schema\/person\/b38fbf43118f02820bd932f2e4b14ad3\",\"name\":\"admin\",\"image\":{\"@type\":\"ImageObject\",\"inLanguage\":\"pt-BR\",\"@id\":\"https:\/\/franciscanos.org.br\/noticias\/#\/schema\/person\/image\/\",\"url\":\"https:\/\/secure.gravatar.com\/avatar\/e8495742d34d0ba6448ea1c628263b3e?s=96&d=mm&r=g\",\"contentUrl\":\"https:\/\/secure.gravatar.com\/avatar\/e8495742d34d0ba6448ea1c628263b3e?s=96&d=mm&r=g\",\"caption\":\"admin\"},\"url\":\"https:\/\/franciscanos.org.br\/noticias\/author\/admin\"}]}<\/script>\n<!-- \/ Yoast SEO plugin. -->","yoast_head_json":{"title":"Her\u00f3i e vil\u00e3o brigam dentro do cora\u00e7\u00e3o - Not\u00edcias - Franciscanos","robots":{"index":"index","follow":"follow","max-snippet":"max-snippet:-1","max-image-preview":"max-image-preview:large","max-video-preview":"max-video-preview:-1"},"canonical":"https:\/\/franciscanos.org.br\/noticias\/apresentacao-8.html","og_locale":"pt_BR","og_type":"article","og_title":"Her\u00f3i e vil\u00e3o brigam dentro do cora\u00e7\u00e3o - Not\u00edcias - Franciscanos","og_description":"Liturgia dominical","og_url":"https:\/\/franciscanos.org.br\/noticias\/apresentacao-8.html","og_site_name":"Not\u00edcias - Franciscanos","article_published_time":"2014-07-17T11:36:03+00:00","article_modified_time":"2019-04-17T17:52:13+00:00","og_image":[{"url":"https:\/\/franciscanos.org.br\/noticias\/wp-content\/uploads\/2014\/07\/joio_trigo4.jpg"}],"author":"admin","twitter_card":"summary_large_image","twitter_misc":{"Escrito por":"admin","Est. tempo de leitura":"2 minutos"},"schema":{"@context":"https:\/\/schema.org","@graph":[{"@type":"WebSite","@id":"https:\/\/franciscanos.org.br\/noticias\/#website","url":"https:\/\/franciscanos.org.br\/noticias\/","name":"Not\u00edcias - Franciscanos","description":"Prov\u00edncia Franciscana da Imaculada Concei\u00e7\u00e3o do Brasil - Ordem dos Frades Menores - OFM","potentialAction":[{"@type":"SearchAction","target":{"@type":"EntryPoint","urlTemplate":"https:\/\/franciscanos.org.br\/noticias\/?s={search_term_string}"},"query-input":"required name=search_term_string"}],"inLanguage":"pt-BR"},{"@type":"ImageObject","inLanguage":"pt-BR","@id":"https:\/\/franciscanos.org.br\/noticias\/apresentacao-8.html#primaryimage","url":"https:\/\/franciscanos.org.br\/noticias\/wp-content\/uploads\/2014\/07\/joio_trigo4.jpg","contentUrl":"https:\/\/franciscanos.org.br\/noticias\/wp-content\/uploads\/2014\/07\/joio_trigo4.jpg","width":830,"height":410},{"@type":"WebPage","@id":"https:\/\/franciscanos.org.br\/noticias\/apresentacao-8.html#webpage","url":"https:\/\/franciscanos.org.br\/noticias\/apresentacao-8.html","name":"Her\u00f3i e vil\u00e3o brigam dentro do cora\u00e7\u00e3o - Not\u00edcias - Franciscanos","isPartOf":{"@id":"https:\/\/franciscanos.org.br\/noticias\/#website"},"primaryImageOfPage":{"@id":"https:\/\/franciscanos.org.br\/noticias\/apresentacao-8.html#primaryimage"},"datePublished":"2014-07-17T11:36:03+00:00","dateModified":"2019-04-17T17:52:13+00:00","author":{"@id":"https:\/\/franciscanos.org.br\/noticias\/#\/schema\/person\/b38fbf43118f02820bd932f2e4b14ad3"},"breadcrumb":{"@id":"https:\/\/franciscanos.org.br\/noticias\/apresentacao-8.html#breadcrumb"},"inLanguage":"pt-BR","potentialAction":[{"@type":"ReadAction","target":["https:\/\/franciscanos.org.br\/noticias\/apresentacao-8.html"]}]},{"@type":"BreadcrumbList","@id":"https:\/\/franciscanos.org.br\/noticias\/apresentacao-8.html#breadcrumb","itemListElement":[{"@type":"ListItem","position":1,"name":"Home","item":"https:\/\/franciscanos.org.br\/noticias"},{"@type":"ListItem","position":2,"name":"Her\u00f3i e vil\u00e3o brigam dentro do cora\u00e7\u00e3o"}]},{"@type":"Person","@id":"https:\/\/franciscanos.org.br\/noticias\/#\/schema\/person\/b38fbf43118f02820bd932f2e4b14ad3","name":"admin","image":{"@type":"ImageObject","inLanguage":"pt-BR","@id":"https:\/\/franciscanos.org.br\/noticias\/#\/schema\/person\/image\/","url":"https:\/\/secure.gravatar.com\/avatar\/e8495742d34d0ba6448ea1c628263b3e?s=96&d=mm&r=g","contentUrl":"https:\/\/secure.gravatar.com\/avatar\/e8495742d34d0ba6448ea1c628263b3e?s=96&d=mm&r=g","caption":"admin"},"url":"https:\/\/franciscanos.org.br\/noticias\/author\/admin"}]}},"_links":{"self":[{"href":"https:\/\/franciscanos.org.br\/noticias\/wp-json\/wp\/v2\/posts\/64197"}],"collection":[{"href":"https:\/\/franciscanos.org.br\/noticias\/wp-json\/wp\/v2\/posts"}],"about":[{"href":"https:\/\/franciscanos.org.br\/noticias\/wp-json\/wp\/v2\/types\/post"}],"author":[{"embeddable":true,"href":"https:\/\/franciscanos.org.br\/noticias\/wp-json\/wp\/v2\/users\/1"}],"replies":[{"embeddable":true,"href":"https:\/\/franciscanos.org.br\/noticias\/wp-json\/wp\/v2\/comments?post=64197"}],"version-history":[{"count":0,"href":"https:\/\/franciscanos.org.br\/noticias\/wp-json\/wp\/v2\/posts\/64197\/revisions"}],"wp:attachment":[{"href":"https:\/\/franciscanos.org.br\/noticias\/wp-json\/wp\/v2\/media?parent=64197"}],"wp:term":[{"taxonomy":"category","embeddable":true,"href":"https:\/\/franciscanos.org.br\/noticias\/wp-json\/wp\/v2\/categories?post=64197"},{"taxonomy":"post_tag","embeddable":true,"href":"https:\/\/franciscanos.org.br\/noticias\/wp-json\/wp\/v2\/tags?post=64197"}],"curies":[{"name":"wp","href":"https:\/\/api.w.org\/{rel}","templated":true}]}}