{"id":64108,"date":"2014-07-14T08:01:51","date_gmt":"2014-07-14T11:01:51","guid":{"rendered":"http:\/\/franciscanos.org.br\/?p=64108"},"modified":"2020-02-11T11:16:22","modified_gmt":"2020-02-11T14:16:22","slug":"camilianos-celebram-400-anos-de-seu-fundador","status":"publish","type":"post","link":"https:\/\/franciscanos.org.br\/noticias\/camilianos-celebram-400-anos-de-seu-fundador.html","title":{"rendered":"Camilianos celebram 400 anos de seu fundador"},"content":{"rendered":"<div id=\"attachment_64109\" style=\"width: 460px\" class=\"wp-caption alignright\"><a href=\"http:\/\/franciscanos.org.br\/wp-content\/uploads\/2014\/07\/camilianos.jpg\"><img aria-describedby=\"caption-attachment-64109\" loading=\"lazy\" class=\"wp-image-64109 size-full\" src=\"http:\/\/franciscanos.org.br\/wp-content\/uploads\/2014\/07\/camilianos.jpg\" alt=\"camilianos\" width=\"450\" height=\"338\" \/><\/a><p id=\"caption-attachment-64109\" class=\"wp-caption-text\">Camilianos na ora\u00e7\u00e3o do Angelus ontem na Pra\u00e7a S\u00e3o Pedro<\/p><\/div>\n<p><strong>Cidade do Vaticano<\/strong> \u2013 Uma grande cruz, formada por guarda-chuvas vermelhos, chamou a aten\u00e7\u00e3o dos fi\u00e9is e peregrinos este domingo, na Pra\u00e7a S\u00e3o Pedro, durante a ora\u00e7\u00e3o mariana do Angelus.<\/p>\n<p>A iniciativa foi organizada pelos filhos e filhas espirituais de S\u00e3o Camilo de Lellis, que hoje (14\/07) celebram os 400 anos de morte de seu fundador.<\/p>\n<p>A eles, o Papa disse: &#8220;Convido a fam\u00edlia camiliana, no final deste ano jubilar, a ser sinal do Senhor Jesus que, como bom samaritano, se debru\u00e7a sobre as feridas do corpo e do esp\u00edrito da humanidade sofredora, derramando o \u00f3leo da consola\u00e7\u00e3o e o vinho da esperan\u00e7a. A voc\u00eas, aqui na Pra\u00e7a S\u00e3o Pedro, como tamb\u00e9m aos agentes de sa\u00fade que prestam seu servi\u00e7o em hospitais e casas de repouso, fa\u00e7o votos de crescer sempre mais no carisma da caridade, alimentado pelo contato di\u00e1rio com os enfermos&#8221;.<\/p>\n<p>Padre Ant\u00f4nio Mendes Freitas, vice-provincial e superintendente dos tr\u00eas hospitais S\u00e3o Camilo em S\u00e3o Paulo, apresentou a nova Carta de Identidade das Entidades Camilianas do Brasil, que manifesta os princ\u00edpios que pautam os cerca 24 mil funcion\u00e1rios das 14 entidades das organiza\u00e7\u00f5es camilianas.<\/p>\n<p>Na carta, os padres, irm\u00e3os e colaboradores camilianos declaram publicamente o compromisso de fidelidade aos ideais do fundador. \u201cAtualizamos nosso carisma e espiritualidade para o nosso tempo, a fim de servir, com amor evang\u00e9lico e compet\u00eancia profissional, \u00e0s novas e futuras gera\u00e7\u00f5es, no \u00e2mbito da sa\u00fade, em suas m\u00faltiplas necessidades, sejam elas biol\u00f3gicas, ecol\u00f3gicas, sociais, ps\u00edquicas, ou espirituais\u201d.<\/p>\n<p>A comemora\u00e7\u00e3o tamb\u00e9m foi a oportunidade do lan\u00e7amento do novo projeto editorial dos Camilianos, os tr\u00eas volumes da s\u00e9rie Bio\u00e9tica, Cuidado e Humaniza\u00e7\u00e3o, que re\u00fane diversos especialistas nacionais e internacionais na \u00e1rea da qual as Organiza\u00e7\u00f5es Camilianas foi pioneira, com o lan\u00e7amento da primeira publica\u00e7\u00e3o sobre Bio\u00e9tica, h\u00e1 10 anos.<\/p>\n<p>o recordar os 400 anos da morte de seu fundador, os camilianos revisitaram a hist\u00f3ria, obra e legado do santo italiano que nasceu na prov\u00edncia de Abruzo em 1550, segundo e \u00faltimo filho de uma m\u00e3e idosa e um pai ausente, como relata padre L\u00e9o. \u201cSua m\u00e3e, Camila, o concebeu com aproximadamente 60 anos, ap\u00f3s a morte de seu primeiro filho, Giuseppe, que faleceu antes dos 20 anos. O pai, Jo\u00e3o de Lellis, era um militar, sempre em campanhas fora de casa\u201d.<\/p>\n<p>A m\u00e3e de Camilo morreu quanto ele ainda tinha 13 anos e o pai, quando estava com 19. \u201cLogo ap\u00f3s surge uma ferida na perna direita que lhe traria problemas para o resto da vida. Isso tamb\u00e9m lhe deu a primeira experi\u00eancia de hospital como paciente\u201d, conta o provincial.<\/p>\n<p>Por duas vezes, o jovem Camilo tentou ser um frade Capuchinho. Por\u00e9m, a ferida em sua perna abria novamente e ele retornava ao hospital. E foi no Hospital S\u00e3o Tiago, em Roma, que ele passou a ajudar como enfermeiro at\u00e9 tornar-se administrador. Foi nessa experi\u00eancia que Camilo teve a inspira\u00e7\u00e3o de fundar a ordem religiosa que hoje atua em 36 pa\u00edses dos cinco continentes.<\/p>\n<p>Da espiritualidade de S\u00e3o Camilo, os camilianos herdaram uma nova forma de se relacionar com os enfermos, mais humanizada como com o \u201camor de uma m\u00e3e\u201d, de forma incondicional e buscando o cuidado da pessoa toda, \u201ccorpo e esp\u00edrito\u201d, baseada na express\u00e3o que marcou sua miss\u00e3o: \u201cMais cora\u00e7\u00e3o nas m\u00e3os\u201d.<\/p>\n<p>\u201cCamilo fez uma s\u00edntese muito preciosa para n\u00f3s, em mundo indiferente \u00e0 dor do outro. Somos chamados a dar continuidade \u00e0 obra de s\u00e3o Camilo, que \u00e9 a obra de Jesus Cristo. Que o amor seja o norteador das nossas a\u00e7\u00f5es\u201d, afirma padre Leocir (L\u00e9o) Pessini.<\/p>\n","protected":false},"excerpt":{"rendered":"<p>Carisma camiliano<\/p>\n","protected":false},"author":1,"featured_media":219102,"comment_status":"closed","ping_status":"open","sticky":false,"template":"","format":"standard","meta":[],"categories":[1],"tags":[],"acf":[],"yoast_head":"<!-- This site is optimized with the Yoast SEO plugin v19.2 - https:\/\/yoast.com\/wordpress\/plugins\/seo\/ -->\n<title>Camilianos celebram 400 anos de seu fundador - Not\u00edcias - Franciscanos<\/title>\n<meta name=\"robots\" content=\"index, follow, max-snippet:-1, max-image-preview:large, max-video-preview:-1\" \/>\n<link rel=\"canonical\" href=\"https:\/\/franciscanos.org.br\/noticias\/camilianos-celebram-400-anos-de-seu-fundador.html\" \/>\n<meta property=\"og:locale\" content=\"pt_BR\" \/>\n<meta property=\"og:type\" content=\"article\" \/>\n<meta property=\"og:title\" content=\"Camilianos celebram 400 anos de seu fundador - Not\u00edcias - Franciscanos\" \/>\n<meta property=\"og:description\" content=\"Carisma camiliano\" \/>\n<meta property=\"og:url\" content=\"https:\/\/franciscanos.org.br\/noticias\/camilianos-celebram-400-anos-de-seu-fundador.html\" \/>\n<meta property=\"og:site_name\" content=\"Not\u00edcias - Franciscanos\" \/>\n<meta property=\"article:published_time\" content=\"2014-07-14T11:01:51+00:00\" \/>\n<meta property=\"article:modified_time\" content=\"2020-02-11T14:16:22+00:00\" \/>\n<meta property=\"og:image\" content=\"https:\/\/franciscanos.org.br\/noticias\/wp-content\/uploads\/2014\/07\/camilianos.jpg\" \/>\n\t<meta property=\"og:image:width\" content=\"273\" \/>\n\t<meta property=\"og:image:height\" content=\"181\" \/>\n\t<meta property=\"og:image:type\" content=\"image\/jpeg\" \/>\n<meta name=\"author\" content=\"admin\" \/>\n<meta name=\"twitter:card\" content=\"summary_large_image\" \/>\n<meta name=\"twitter:label1\" content=\"Escrito por\" \/>\n\t<meta name=\"twitter:data1\" content=\"admin\" \/>\n\t<meta name=\"twitter:label2\" content=\"Est. tempo de leitura\" \/>\n\t<meta name=\"twitter:data2\" content=\"3 minutos\" \/>\n<script type=\"application\/ld+json\" class=\"yoast-schema-graph\">{\"@context\":\"https:\/\/schema.org\",\"@graph\":[{\"@type\":\"WebSite\",\"@id\":\"https:\/\/franciscanos.org.br\/noticias\/#website\",\"url\":\"https:\/\/franciscanos.org.br\/noticias\/\",\"name\":\"Not\u00edcias - Franciscanos\",\"description\":\"Prov\u00edncia Franciscana da Imaculada Concei\u00e7\u00e3o do Brasil - Ordem dos Frades Menores - OFM\",\"potentialAction\":[{\"@type\":\"SearchAction\",\"target\":{\"@type\":\"EntryPoint\",\"urlTemplate\":\"https:\/\/franciscanos.org.br\/noticias\/?s={search_term_string}\"},\"query-input\":\"required name=search_term_string\"}],\"inLanguage\":\"pt-BR\"},{\"@type\":\"ImageObject\",\"inLanguage\":\"pt-BR\",\"@id\":\"https:\/\/franciscanos.org.br\/noticias\/camilianos-celebram-400-anos-de-seu-fundador.html#primaryimage\",\"url\":\"https:\/\/franciscanos.org.br\/noticias\/wp-content\/uploads\/2014\/07\/camilianos.jpg\",\"contentUrl\":\"https:\/\/franciscanos.org.br\/noticias\/wp-content\/uploads\/2014\/07\/camilianos.jpg\",\"width\":273,\"height\":181},{\"@type\":\"WebPage\",\"@id\":\"https:\/\/franciscanos.org.br\/noticias\/camilianos-celebram-400-anos-de-seu-fundador.html#webpage\",\"url\":\"https:\/\/franciscanos.org.br\/noticias\/camilianos-celebram-400-anos-de-seu-fundador.html\",\"name\":\"Camilianos celebram 400 anos de seu fundador - Not\u00edcias - Franciscanos\",\"isPartOf\":{\"@id\":\"https:\/\/franciscanos.org.br\/noticias\/#website\"},\"primaryImageOfPage\":{\"@id\":\"https:\/\/franciscanos.org.br\/noticias\/camilianos-celebram-400-anos-de-seu-fundador.html#primaryimage\"},\"datePublished\":\"2014-07-14T11:01:51+00:00\",\"dateModified\":\"2020-02-11T14:16:22+00:00\",\"author\":{\"@id\":\"https:\/\/franciscanos.org.br\/noticias\/#\/schema\/person\/b38fbf43118f02820bd932f2e4b14ad3\"},\"breadcrumb\":{\"@id\":\"https:\/\/franciscanos.org.br\/noticias\/camilianos-celebram-400-anos-de-seu-fundador.html#breadcrumb\"},\"inLanguage\":\"pt-BR\",\"potentialAction\":[{\"@type\":\"ReadAction\",\"target\":[\"https:\/\/franciscanos.org.br\/noticias\/camilianos-celebram-400-anos-de-seu-fundador.html\"]}]},{\"@type\":\"BreadcrumbList\",\"@id\":\"https:\/\/franciscanos.org.br\/noticias\/camilianos-celebram-400-anos-de-seu-fundador.html#breadcrumb\",\"itemListElement\":[{\"@type\":\"ListItem\",\"position\":1,\"name\":\"Home\",\"item\":\"https:\/\/franciscanos.org.br\/noticias\"},{\"@type\":\"ListItem\",\"position\":2,\"name\":\"Camilianos celebram 400 anos de seu fundador\"}]},{\"@type\":\"Person\",\"@id\":\"https:\/\/franciscanos.org.br\/noticias\/#\/schema\/person\/b38fbf43118f02820bd932f2e4b14ad3\",\"name\":\"admin\",\"image\":{\"@type\":\"ImageObject\",\"inLanguage\":\"pt-BR\",\"@id\":\"https:\/\/franciscanos.org.br\/noticias\/#\/schema\/person\/image\/\",\"url\":\"https:\/\/secure.gravatar.com\/avatar\/e8495742d34d0ba6448ea1c628263b3e?s=96&d=mm&r=g\",\"contentUrl\":\"https:\/\/secure.gravatar.com\/avatar\/e8495742d34d0ba6448ea1c628263b3e?s=96&d=mm&r=g\",\"caption\":\"admin\"},\"url\":\"https:\/\/franciscanos.org.br\/noticias\/author\/admin\"}]}<\/script>\n<!-- \/ Yoast SEO plugin. -->","yoast_head_json":{"title":"Camilianos celebram 400 anos de seu fundador - Not\u00edcias - Franciscanos","robots":{"index":"index","follow":"follow","max-snippet":"max-snippet:-1","max-image-preview":"max-image-preview:large","max-video-preview":"max-video-preview:-1"},"canonical":"https:\/\/franciscanos.org.br\/noticias\/camilianos-celebram-400-anos-de-seu-fundador.html","og_locale":"pt_BR","og_type":"article","og_title":"Camilianos celebram 400 anos de seu fundador - Not\u00edcias - Franciscanos","og_description":"Carisma camiliano","og_url":"https:\/\/franciscanos.org.br\/noticias\/camilianos-celebram-400-anos-de-seu-fundador.html","og_site_name":"Not\u00edcias - Franciscanos","article_published_time":"2014-07-14T11:01:51+00:00","article_modified_time":"2020-02-11T14:16:22+00:00","og_image":[{"width":273,"height":181,"url":"https:\/\/franciscanos.org.br\/noticias\/wp-content\/uploads\/2014\/07\/camilianos.jpg","type":"image\/jpeg"}],"author":"admin","twitter_card":"summary_large_image","twitter_misc":{"Escrito por":"admin","Est. tempo de leitura":"3 minutos"},"schema":{"@context":"https:\/\/schema.org","@graph":[{"@type":"WebSite","@id":"https:\/\/franciscanos.org.br\/noticias\/#website","url":"https:\/\/franciscanos.org.br\/noticias\/","name":"Not\u00edcias - Franciscanos","description":"Prov\u00edncia Franciscana da Imaculada Concei\u00e7\u00e3o do Brasil - Ordem dos Frades Menores - OFM","potentialAction":[{"@type":"SearchAction","target":{"@type":"EntryPoint","urlTemplate":"https:\/\/franciscanos.org.br\/noticias\/?s={search_term_string}"},"query-input":"required name=search_term_string"}],"inLanguage":"pt-BR"},{"@type":"ImageObject","inLanguage":"pt-BR","@id":"https:\/\/franciscanos.org.br\/noticias\/camilianos-celebram-400-anos-de-seu-fundador.html#primaryimage","url":"https:\/\/franciscanos.org.br\/noticias\/wp-content\/uploads\/2014\/07\/camilianos.jpg","contentUrl":"https:\/\/franciscanos.org.br\/noticias\/wp-content\/uploads\/2014\/07\/camilianos.jpg","width":273,"height":181},{"@type":"WebPage","@id":"https:\/\/franciscanos.org.br\/noticias\/camilianos-celebram-400-anos-de-seu-fundador.html#webpage","url":"https:\/\/franciscanos.org.br\/noticias\/camilianos-celebram-400-anos-de-seu-fundador.html","name":"Camilianos celebram 400 anos de seu fundador - Not\u00edcias - Franciscanos","isPartOf":{"@id":"https:\/\/franciscanos.org.br\/noticias\/#website"},"primaryImageOfPage":{"@id":"https:\/\/franciscanos.org.br\/noticias\/camilianos-celebram-400-anos-de-seu-fundador.html#primaryimage"},"datePublished":"2014-07-14T11:01:51+00:00","dateModified":"2020-02-11T14:16:22+00:00","author":{"@id":"https:\/\/franciscanos.org.br\/noticias\/#\/schema\/person\/b38fbf43118f02820bd932f2e4b14ad3"},"breadcrumb":{"@id":"https:\/\/franciscanos.org.br\/noticias\/camilianos-celebram-400-anos-de-seu-fundador.html#breadcrumb"},"inLanguage":"pt-BR","potentialAction":[{"@type":"ReadAction","target":["https:\/\/franciscanos.org.br\/noticias\/camilianos-celebram-400-anos-de-seu-fundador.html"]}]},{"@type":"BreadcrumbList","@id":"https:\/\/franciscanos.org.br\/noticias\/camilianos-celebram-400-anos-de-seu-fundador.html#breadcrumb","itemListElement":[{"@type":"ListItem","position":1,"name":"Home","item":"https:\/\/franciscanos.org.br\/noticias"},{"@type":"ListItem","position":2,"name":"Camilianos celebram 400 anos de seu fundador"}]},{"@type":"Person","@id":"https:\/\/franciscanos.org.br\/noticias\/#\/schema\/person\/b38fbf43118f02820bd932f2e4b14ad3","name":"admin","image":{"@type":"ImageObject","inLanguage":"pt-BR","@id":"https:\/\/franciscanos.org.br\/noticias\/#\/schema\/person\/image\/","url":"https:\/\/secure.gravatar.com\/avatar\/e8495742d34d0ba6448ea1c628263b3e?s=96&d=mm&r=g","contentUrl":"https:\/\/secure.gravatar.com\/avatar\/e8495742d34d0ba6448ea1c628263b3e?s=96&d=mm&r=g","caption":"admin"},"url":"https:\/\/franciscanos.org.br\/noticias\/author\/admin"}]}},"_links":{"self":[{"href":"https:\/\/franciscanos.org.br\/noticias\/wp-json\/wp\/v2\/posts\/64108"}],"collection":[{"href":"https:\/\/franciscanos.org.br\/noticias\/wp-json\/wp\/v2\/posts"}],"about":[{"href":"https:\/\/franciscanos.org.br\/noticias\/wp-json\/wp\/v2\/types\/post"}],"author":[{"embeddable":true,"href":"https:\/\/franciscanos.org.br\/noticias\/wp-json\/wp\/v2\/users\/1"}],"replies":[{"embeddable":true,"href":"https:\/\/franciscanos.org.br\/noticias\/wp-json\/wp\/v2\/comments?post=64108"}],"version-history":[{"count":0,"href":"https:\/\/franciscanos.org.br\/noticias\/wp-json\/wp\/v2\/posts\/64108\/revisions"}],"wp:featuredmedia":[{"embeddable":true,"href":"https:\/\/franciscanos.org.br\/noticias\/wp-json\/wp\/v2\/media\/219102"}],"wp:attachment":[{"href":"https:\/\/franciscanos.org.br\/noticias\/wp-json\/wp\/v2\/media?parent=64108"}],"wp:term":[{"taxonomy":"category","embeddable":true,"href":"https:\/\/franciscanos.org.br\/noticias\/wp-json\/wp\/v2\/categories?post=64108"},{"taxonomy":"post_tag","embeddable":true,"href":"https:\/\/franciscanos.org.br\/noticias\/wp-json\/wp\/v2\/tags?post=64108"}],"curies":[{"name":"wp","href":"https:\/\/api.w.org\/{rel}","templated":true}]}}