{"id":63622,"date":"2014-07-07T07:28:10","date_gmt":"2014-07-07T10:28:10","guid":{"rendered":"http:\/\/franciscanos.org.br\/?p=63622"},"modified":"2020-01-30T10:31:00","modified_gmt":"2020-01-30T13:31:00","slug":"falece-frei-lency-f-smaniotto","status":"publish","type":"post","link":"https:\/\/franciscanos.org.br\/noticias\/falece-frei-lency-f-smaniotto.html","title":{"rendered":"Falece Frei Lency F. Smaniotto no Rio de Janeiro"},"content":{"rendered":"<p><strong><img loading=\"lazy\" class=\"alignright size-full wp-image-63623\" src=\"http:\/\/franciscanos.org.br\/wp-content\/uploads\/2014\/07\/lency.jpg\" alt=\"lency\" width=\"230\" height=\"233\" \/>* 18\/09\/1937\u00a0\u00a0\u00a0\u00a0 + 04\/07\/2014\u00a0<\/strong><\/p>\n<p>Faleceu na noite deste dia 04, por volta da 19h30, no Hospital da VOT, no Rio de Janeiro, Frei Lency F. Smaniotto. Segundo Frei Ivo M\u00fcller, guardi\u00e3o do Convento S. Ant\u00f4nio, Frei Lency estava internado desde o dia 26 de junho, na unidade coronariana. Ontem de manh\u00e3 havia sido transferido para a \u00e1rea cl\u00ednica do Hospital, mas, \u00e0s 13h00, foi levado \u00e0s pressas para o CTI, devido a enfarto. A <em>causa mortis <\/em>foi uma parada cardiorrespirat\u00f3ria. Por v\u00e1rias vezes, Frei Lency havia sido internado no Hospital S\u00e3o Francisco. Queixava-se de falta de ar, e nos \u00faltimos dias, demonstrava falta de disposi\u00e7\u00e3o generalizada. Pensava-se no implante de um marca-passo, mas sua limita\u00e7\u00e3o f\u00edsica n\u00e3o permitiu.<\/p>\n<p>A Missa de corpo presente foi\u00a0dia 05 \u00e0s 15h00, no Convento Santo Ant\u00f4nio, seguida do sepultamento.<\/p>\n<p><strong>Dados pessoais, forma\u00e7\u00e3o e atividades <\/strong><\/p>\n<p>\u25cf Nascimento: 18.09.1937 (<strong>76 anos de idade<\/strong>), em Erechim &#8211; RS;<br \/>\n\u25cf Admiss\u00e3o ao Noviciado: 19.12.1960, em Rodeio, SC;<br \/>\n\u25cf Primeira Profiss\u00e3o: 20.12.1961 (<strong>52 anos de Vida Franciscana<\/strong>);<br \/>\n\u25cf Profiss\u00e3o Solene: 02.02.1965;<br \/>\n\u25cf Ordena\u00e7\u00e3o Presbiteral: 21.12.1966 (<strong>47 anos de Sacerd\u00f3cio<\/strong>);<br \/>\n\u25cf 1962-1963 \u2013 Curitiba \u2013 Estudos de Filosofia;<br \/>\n\u25cf 1964-1967 \u2013 Petr\u00f3polis \u2013 Estudos de Teologia;<br \/>\n\u25cf 28.01.1968 \u2013 Duque de Caxias \u2013- pastoral;<br \/>\n\u25cf 23.12.1971 \u2013 Conc\u00f3rdia \u2013 vig\u00e1rio paroquial;<br \/>\n\u25cf 03.03.1975 \u2013 Vila Velha &#8211; par\u00f3quia \u2013 vig\u00e1rio paroquial;<br \/>\n\u25cf 21.12.1976 \u2013 Vila Velha \u2013 par\u00f3quia \u2013 guardi\u00e3o e p\u00e1roco;<br \/>\n\u25cf 11.03.1982 \u2013 S\u00e3o Paulo \u2013 S\u00e3o Francisco \u2013 Pastoral da periferia (CEBs) \u2013 morando na Vila Morro Grande, e na Brasil\u00e2ndia;<br \/>\n\u25cf 1988 \u2013 Per\u00edodo sab\u00e1tico na Nicar\u00e1gua \u2013 movimentos populares;<br \/>\n\u25cf 07.11.2003 \u2013 S\u00e3o Paulo \u2013 Pari \u2013 vig\u00e1rio paroquial;<br \/>\n\u25cf 01.02.2007 \u2013 S\u00e3o Sebasti\u00e3o \u2013 vig\u00e1rio paroquial (permaneceu no Convento S. Francisco, em S\u00e3o Paulo at\u00e9 13.03.2008);<br \/>\n\u25cf 11.10.2008 \u2013 Rio de Janeiro \u2013 Santo Ant\u00f4nio \u2013 tratamentode sa\u00fade<\/p>\n<p><strong>O frade menor<\/strong><\/p>\n<p>(do seu autorretrato) <em>Temperamento mesclando o sangu\u00edneo e o col\u00e9rico, com pinceladas de melanc\u00f3lico. De intelig\u00eancia mediana, mas muito intuitivo, com capacidade de pressentir ou prever acontecimentos. Com certo veio po\u00e9tico e prof\u00e9tico&#8230; De f\u00e1cil conviv\u00eancia, aberto e af\u00e1vel, sobretudo atencioso com os pobres. Com um senso de justi\u00e7a bem agu\u00e7ado. O status quo me causa s\u00e9rios conflitos e at\u00e9 um certo divisor de \u00e1guas entre os que lutam a favor do Reino e os que lutam contra ele&#8230; De conversa amig\u00e1vel, misericordioso e de f\u00e1cil perd\u00e3o. Brincalh\u00e3o, \u00e0s vezes autossuficiente e teimoso, n\u00e3o chegando a ser cabe\u00e7udo. Insubordinado \u00e0s injusti\u00e7as, sobretudo \u00e0s sociais, desportista, teatr\u00f3logo. Piedoso, de f\u00e9 inabal\u00e1vel, de um amor apaixonado pelo povo, por causa do rosto desfigurado do Cristo, nele refletido. Sinto-me bastante limitado, faltando em mim muito para completar a Paix\u00e3o do Cristo, que espero completar com a sua gra\u00e7a, pois assim como o man\u00e1 sustentou o povo no deserto, assim me sustenta a Eucaristia ao longo da vida, at\u00e9 chegar o Reino definitivo. A Eucaristia \u00e9 o \u00e1pice de minha f\u00e9 e piedade, sem a qual a minha vida n\u00e3o teria o vigor para seguir a Cristo, caminho, verdade e vida, como S\u00e3o Francisco o fez.<\/em><\/p>\n<p><em>Gosto de mim como sou, no esfor\u00e7o constante de superar os meus defeitos e limita\u00e7\u00f5es. Mas isto s\u00f3 \u00e9 poss\u00edvel com a gra\u00e7a de Deus.<\/em><\/p>\n<p><em>Com a alegria, que lhe era caracter\u00edstica, Frei Lency possa ser recebido no Reino definitivo que em vida procurou.<\/em><\/p>\n<p><strong>R.I.P.\u00a0\u00a0\u00a0\u00a0\u00a0\u00a0\u00a0\u00a0\u00a0\u00a0\u00a0\u00a0\u00a0\u00a0\u00a0\u00a0\u00a0\u00a0\u00a0\u00a0\u00a0\u00a0\u00a0\u00a0\u00a0\u00a0\u00a0\u00a0\u00a0\u00a0\u00a0\u00a0\u00a0\u00a0\u00a0\u00a0\u00a0\u00a0\u00a0\u00a0\u00a0\u00a0\u00a0\u00a0\u00a0\u00a0\u00a0\u00a0\u00a0\u00a0\u00a0\u00a0 <\/strong><\/p>\n","protected":false},"excerpt":{"rendered":"<p>Falecimento<\/p>\n","protected":false},"author":1,"featured_media":217163,"comment_status":"closed","ping_status":"open","sticky":false,"template":"","format":"standard","meta":[],"categories":[1],"tags":[],"acf":[],"yoast_head":"<!-- This site is optimized with the Yoast SEO plugin v19.2 - https:\/\/yoast.com\/wordpress\/plugins\/seo\/ -->\n<title>Falece Frei Lency F. Smaniotto no Rio de Janeiro - Not\u00edcias - Franciscanos<\/title>\n<meta name=\"robots\" content=\"index, follow, max-snippet:-1, max-image-preview:large, max-video-preview:-1\" \/>\n<link rel=\"canonical\" href=\"https:\/\/franciscanos.org.br\/noticias\/falece-frei-lency-f-smaniotto.html\" \/>\n<meta property=\"og:locale\" content=\"pt_BR\" \/>\n<meta property=\"og:type\" content=\"article\" \/>\n<meta property=\"og:title\" content=\"Falece Frei Lency F. Smaniotto no Rio de Janeiro - Not\u00edcias - Franciscanos\" \/>\n<meta property=\"og:description\" content=\"Falecimento\" \/>\n<meta property=\"og:url\" content=\"https:\/\/franciscanos.org.br\/noticias\/falece-frei-lency-f-smaniotto.html\" \/>\n<meta property=\"og:site_name\" content=\"Not\u00edcias - Franciscanos\" \/>\n<meta property=\"article:published_time\" content=\"2014-07-07T10:28:10+00:00\" \/>\n<meta property=\"article:modified_time\" content=\"2020-01-30T13:31:00+00:00\" \/>\n<meta property=\"og:image\" content=\"https:\/\/franciscanos.org.br\/noticias\/wp-content\/uploads\/2014\/07\/lency.jpg\" \/>\n\t<meta property=\"og:image:width\" content=\"273\" \/>\n\t<meta property=\"og:image:height\" content=\"182\" \/>\n\t<meta property=\"og:image:type\" content=\"image\/jpeg\" \/>\n<meta name=\"author\" content=\"admin\" \/>\n<meta name=\"twitter:card\" content=\"summary_large_image\" \/>\n<meta name=\"twitter:label1\" content=\"Escrito por\" \/>\n\t<meta name=\"twitter:data1\" content=\"admin\" \/>\n\t<meta name=\"twitter:label2\" content=\"Est. tempo de leitura\" \/>\n\t<meta name=\"twitter:data2\" content=\"3 minutos\" \/>\n<script type=\"application\/ld+json\" class=\"yoast-schema-graph\">{\"@context\":\"https:\/\/schema.org\",\"@graph\":[{\"@type\":\"WebSite\",\"@id\":\"https:\/\/franciscanos.org.br\/noticias\/#website\",\"url\":\"https:\/\/franciscanos.org.br\/noticias\/\",\"name\":\"Not\u00edcias - Franciscanos\",\"description\":\"Prov\u00edncia Franciscana da Imaculada Concei\u00e7\u00e3o do Brasil - Ordem dos Frades Menores - OFM\",\"potentialAction\":[{\"@type\":\"SearchAction\",\"target\":{\"@type\":\"EntryPoint\",\"urlTemplate\":\"https:\/\/franciscanos.org.br\/noticias\/?s={search_term_string}\"},\"query-input\":\"required name=search_term_string\"}],\"inLanguage\":\"pt-BR\"},{\"@type\":\"ImageObject\",\"inLanguage\":\"pt-BR\",\"@id\":\"https:\/\/franciscanos.org.br\/noticias\/falece-frei-lency-f-smaniotto.html#primaryimage\",\"url\":\"https:\/\/franciscanos.org.br\/noticias\/wp-content\/uploads\/2014\/07\/lency.jpg\",\"contentUrl\":\"https:\/\/franciscanos.org.br\/noticias\/wp-content\/uploads\/2014\/07\/lency.jpg\",\"width\":273,\"height\":182},{\"@type\":\"WebPage\",\"@id\":\"https:\/\/franciscanos.org.br\/noticias\/falece-frei-lency-f-smaniotto.html#webpage\",\"url\":\"https:\/\/franciscanos.org.br\/noticias\/falece-frei-lency-f-smaniotto.html\",\"name\":\"Falece Frei Lency F. Smaniotto no Rio de Janeiro - Not\u00edcias - Franciscanos\",\"isPartOf\":{\"@id\":\"https:\/\/franciscanos.org.br\/noticias\/#website\"},\"primaryImageOfPage\":{\"@id\":\"https:\/\/franciscanos.org.br\/noticias\/falece-frei-lency-f-smaniotto.html#primaryimage\"},\"datePublished\":\"2014-07-07T10:28:10+00:00\",\"dateModified\":\"2020-01-30T13:31:00+00:00\",\"author\":{\"@id\":\"https:\/\/franciscanos.org.br\/noticias\/#\/schema\/person\/b38fbf43118f02820bd932f2e4b14ad3\"},\"breadcrumb\":{\"@id\":\"https:\/\/franciscanos.org.br\/noticias\/falece-frei-lency-f-smaniotto.html#breadcrumb\"},\"inLanguage\":\"pt-BR\",\"potentialAction\":[{\"@type\":\"ReadAction\",\"target\":[\"https:\/\/franciscanos.org.br\/noticias\/falece-frei-lency-f-smaniotto.html\"]}]},{\"@type\":\"BreadcrumbList\",\"@id\":\"https:\/\/franciscanos.org.br\/noticias\/falece-frei-lency-f-smaniotto.html#breadcrumb\",\"itemListElement\":[{\"@type\":\"ListItem\",\"position\":1,\"name\":\"Home\",\"item\":\"https:\/\/franciscanos.org.br\/noticias\"},{\"@type\":\"ListItem\",\"position\":2,\"name\":\"Falece Frei Lency F. Smaniotto no Rio de Janeiro\"}]},{\"@type\":\"Person\",\"@id\":\"https:\/\/franciscanos.org.br\/noticias\/#\/schema\/person\/b38fbf43118f02820bd932f2e4b14ad3\",\"name\":\"admin\",\"image\":{\"@type\":\"ImageObject\",\"inLanguage\":\"pt-BR\",\"@id\":\"https:\/\/franciscanos.org.br\/noticias\/#\/schema\/person\/image\/\",\"url\":\"https:\/\/secure.gravatar.com\/avatar\/e8495742d34d0ba6448ea1c628263b3e?s=96&d=mm&r=g\",\"contentUrl\":\"https:\/\/secure.gravatar.com\/avatar\/e8495742d34d0ba6448ea1c628263b3e?s=96&d=mm&r=g\",\"caption\":\"admin\"},\"url\":\"https:\/\/franciscanos.org.br\/noticias\/author\/admin\"}]}<\/script>\n<!-- \/ Yoast SEO plugin. -->","yoast_head_json":{"title":"Falece Frei Lency F. Smaniotto no Rio de Janeiro - Not\u00edcias - Franciscanos","robots":{"index":"index","follow":"follow","max-snippet":"max-snippet:-1","max-image-preview":"max-image-preview:large","max-video-preview":"max-video-preview:-1"},"canonical":"https:\/\/franciscanos.org.br\/noticias\/falece-frei-lency-f-smaniotto.html","og_locale":"pt_BR","og_type":"article","og_title":"Falece Frei Lency F. Smaniotto no Rio de Janeiro - Not\u00edcias - Franciscanos","og_description":"Falecimento","og_url":"https:\/\/franciscanos.org.br\/noticias\/falece-frei-lency-f-smaniotto.html","og_site_name":"Not\u00edcias - Franciscanos","article_published_time":"2014-07-07T10:28:10+00:00","article_modified_time":"2020-01-30T13:31:00+00:00","og_image":[{"width":273,"height":182,"url":"https:\/\/franciscanos.org.br\/noticias\/wp-content\/uploads\/2014\/07\/lency.jpg","type":"image\/jpeg"}],"author":"admin","twitter_card":"summary_large_image","twitter_misc":{"Escrito por":"admin","Est. tempo de leitura":"3 minutos"},"schema":{"@context":"https:\/\/schema.org","@graph":[{"@type":"WebSite","@id":"https:\/\/franciscanos.org.br\/noticias\/#website","url":"https:\/\/franciscanos.org.br\/noticias\/","name":"Not\u00edcias - Franciscanos","description":"Prov\u00edncia Franciscana da Imaculada Concei\u00e7\u00e3o do Brasil - Ordem dos Frades Menores - OFM","potentialAction":[{"@type":"SearchAction","target":{"@type":"EntryPoint","urlTemplate":"https:\/\/franciscanos.org.br\/noticias\/?s={search_term_string}"},"query-input":"required name=search_term_string"}],"inLanguage":"pt-BR"},{"@type":"ImageObject","inLanguage":"pt-BR","@id":"https:\/\/franciscanos.org.br\/noticias\/falece-frei-lency-f-smaniotto.html#primaryimage","url":"https:\/\/franciscanos.org.br\/noticias\/wp-content\/uploads\/2014\/07\/lency.jpg","contentUrl":"https:\/\/franciscanos.org.br\/noticias\/wp-content\/uploads\/2014\/07\/lency.jpg","width":273,"height":182},{"@type":"WebPage","@id":"https:\/\/franciscanos.org.br\/noticias\/falece-frei-lency-f-smaniotto.html#webpage","url":"https:\/\/franciscanos.org.br\/noticias\/falece-frei-lency-f-smaniotto.html","name":"Falece Frei Lency F. Smaniotto no Rio de Janeiro - Not\u00edcias - Franciscanos","isPartOf":{"@id":"https:\/\/franciscanos.org.br\/noticias\/#website"},"primaryImageOfPage":{"@id":"https:\/\/franciscanos.org.br\/noticias\/falece-frei-lency-f-smaniotto.html#primaryimage"},"datePublished":"2014-07-07T10:28:10+00:00","dateModified":"2020-01-30T13:31:00+00:00","author":{"@id":"https:\/\/franciscanos.org.br\/noticias\/#\/schema\/person\/b38fbf43118f02820bd932f2e4b14ad3"},"breadcrumb":{"@id":"https:\/\/franciscanos.org.br\/noticias\/falece-frei-lency-f-smaniotto.html#breadcrumb"},"inLanguage":"pt-BR","potentialAction":[{"@type":"ReadAction","target":["https:\/\/franciscanos.org.br\/noticias\/falece-frei-lency-f-smaniotto.html"]}]},{"@type":"BreadcrumbList","@id":"https:\/\/franciscanos.org.br\/noticias\/falece-frei-lency-f-smaniotto.html#breadcrumb","itemListElement":[{"@type":"ListItem","position":1,"name":"Home","item":"https:\/\/franciscanos.org.br\/noticias"},{"@type":"ListItem","position":2,"name":"Falece Frei Lency F. Smaniotto no Rio de Janeiro"}]},{"@type":"Person","@id":"https:\/\/franciscanos.org.br\/noticias\/#\/schema\/person\/b38fbf43118f02820bd932f2e4b14ad3","name":"admin","image":{"@type":"ImageObject","inLanguage":"pt-BR","@id":"https:\/\/franciscanos.org.br\/noticias\/#\/schema\/person\/image\/","url":"https:\/\/secure.gravatar.com\/avatar\/e8495742d34d0ba6448ea1c628263b3e?s=96&d=mm&r=g","contentUrl":"https:\/\/secure.gravatar.com\/avatar\/e8495742d34d0ba6448ea1c628263b3e?s=96&d=mm&r=g","caption":"admin"},"url":"https:\/\/franciscanos.org.br\/noticias\/author\/admin"}]}},"_links":{"self":[{"href":"https:\/\/franciscanos.org.br\/noticias\/wp-json\/wp\/v2\/posts\/63622"}],"collection":[{"href":"https:\/\/franciscanos.org.br\/noticias\/wp-json\/wp\/v2\/posts"}],"about":[{"href":"https:\/\/franciscanos.org.br\/noticias\/wp-json\/wp\/v2\/types\/post"}],"author":[{"embeddable":true,"href":"https:\/\/franciscanos.org.br\/noticias\/wp-json\/wp\/v2\/users\/1"}],"replies":[{"embeddable":true,"href":"https:\/\/franciscanos.org.br\/noticias\/wp-json\/wp\/v2\/comments?post=63622"}],"version-history":[{"count":0,"href":"https:\/\/franciscanos.org.br\/noticias\/wp-json\/wp\/v2\/posts\/63622\/revisions"}],"wp:featuredmedia":[{"embeddable":true,"href":"https:\/\/franciscanos.org.br\/noticias\/wp-json\/wp\/v2\/media\/217163"}],"wp:attachment":[{"href":"https:\/\/franciscanos.org.br\/noticias\/wp-json\/wp\/v2\/media?parent=63622"}],"wp:term":[{"taxonomy":"category","embeddable":true,"href":"https:\/\/franciscanos.org.br\/noticias\/wp-json\/wp\/v2\/categories?post=63622"},{"taxonomy":"post_tag","embeddable":true,"href":"https:\/\/franciscanos.org.br\/noticias\/wp-json\/wp\/v2\/tags?post=63622"}],"curies":[{"name":"wp","href":"https:\/\/api.w.org\/{rel}","templated":true}]}}