{"id":63565,"date":"2014-07-03T09:59:41","date_gmt":"2014-07-03T12:59:41","guid":{"rendered":"http:\/\/franciscanos.org.br\/?p=63565"},"modified":"2019-04-17T14:48:55","modified_gmt":"2019-04-17T17:48:55","slug":"aquele-que-se-revela-aos-pequeninos-se-faz-pequenino","status":"publish","type":"post","link":"https:\/\/franciscanos.org.br\/noticias\/aquele-que-se-revela-aos-pequeninos-se-faz-pequenino.html","title":{"rendered":"Aquele que se revela aos pequenos se faz pequeno"},"content":{"rendered":"<p><img loading=\"lazy\" src=\"https:\/\/franciscanos.org.br\/noticias\/wp-content\/uploads\/2014\/07\/cristo1.jpg\" alt=\"\" width=\"830\" height=\"451\" \/><\/p>\n<p>Um rei de chinelos e mangas de camisa, circulando pelas periferias da exist\u00eancia com simplicidade, numa bicicleta velha, daquelas de barra forte e sem marcha, cercado de gente simples, sem dinheiro, sem poder, sem fama. Parece mais um personagem de filme ou uma das tantas figuras \u201cex\u00f3ticas\u201d que vivem nas ruas e vielas de muitas cidades. No entanto \u2013 pode-se imaginar \u2013 seria a imagem mais ou menos atual do rei descrito pela profecia de Zacarias que a liturgia deste 14\u00ba Domingo do Tempo Comum nos apresenta: \u201cEis o teu Rei, justo e salvador, que vem ao teu encontro, humildemente montado num jumentinho, filho duma jumenta\u201d (Zac 9,9). N\u00e3o deixa de ser desconcertante que o enviado de Deus, aquele que vem anunciar a paz e trazer a justi\u00e7a, aproxime-se com tanta simplicidade e discri\u00e7\u00e3o.<\/p>\n<p>Mais uma vez somos confrontados com a sabedoria surpreendente de Deus que, em Jesus Cristo, assume integralmente este reinado de entrega e servi\u00e7o. Aquele que se revela aos pequeninos se faz pequenino. Aquele que convida seus seguidores a carregarem seu fardo leve e seu jougo suave n\u00e3o se esquiva por nenhum momento de carreg\u00e1-los tamb\u00e9m.<\/p>\n<p>A liturgia deste final de semana \u00e9 um convite de Deus para que seus seguidores esvaziem o pr\u00f3prio cora\u00e7\u00e3o de qualquer tipo de gan\u00e2ncia, orgulho, vaidade e ambi\u00e7\u00e3o, a fim de criar em seu interior um trono simples, qual cadeira de palha e pau, para que nele possa reinar o Rei Jesus, simples, manso, humilde, obediente, fiel, humano e divino.<\/p>\n<p><strong>Frei Gustavo Medella<\/strong><\/p>\n","protected":false},"excerpt":{"rendered":"<p>Liturgia dominical<\/p>\n","protected":false},"author":1,"featured_media":0,"comment_status":"closed","ping_status":"open","sticky":false,"template":"","format":"standard","meta":[],"categories":[1],"tags":[537],"acf":[],"yoast_head":"<!-- This site is optimized with the Yoast SEO plugin v19.2 - https:\/\/yoast.com\/wordpress\/plugins\/seo\/ -->\n<title>Aquele que se revela aos pequenos se faz pequeno - Not\u00edcias - Franciscanos<\/title>\n<meta name=\"robots\" content=\"index, follow, max-snippet:-1, max-image-preview:large, max-video-preview:-1\" \/>\n<link rel=\"canonical\" href=\"https:\/\/franciscanos.org.br\/noticias\/aquele-que-se-revela-aos-pequeninos-se-faz-pequenino.html\" \/>\n<meta property=\"og:locale\" content=\"pt_BR\" \/>\n<meta property=\"og:type\" content=\"article\" \/>\n<meta property=\"og:title\" content=\"Aquele que se revela aos pequenos se faz pequeno - Not\u00edcias - Franciscanos\" \/>\n<meta property=\"og:description\" content=\"Liturgia dominical\" \/>\n<meta property=\"og:url\" content=\"https:\/\/franciscanos.org.br\/noticias\/aquele-que-se-revela-aos-pequeninos-se-faz-pequenino.html\" \/>\n<meta property=\"og:site_name\" content=\"Not\u00edcias - Franciscanos\" \/>\n<meta property=\"article:published_time\" content=\"2014-07-03T12:59:41+00:00\" \/>\n<meta property=\"article:modified_time\" content=\"2019-04-17T17:48:55+00:00\" \/>\n<meta property=\"og:image\" content=\"https:\/\/franciscanos.org.br\/noticias\/wp-content\/uploads\/2014\/07\/cristo1.jpg\" \/>\n<meta name=\"author\" content=\"admin\" \/>\n<meta name=\"twitter:card\" content=\"summary_large_image\" \/>\n<meta name=\"twitter:label1\" content=\"Escrito por\" \/>\n\t<meta name=\"twitter:data1\" content=\"admin\" \/>\n\t<meta name=\"twitter:label2\" content=\"Est. tempo de leitura\" \/>\n\t<meta name=\"twitter:data2\" content=\"1 minuto\" \/>\n<script type=\"application\/ld+json\" class=\"yoast-schema-graph\">{\"@context\":\"https:\/\/schema.org\",\"@graph\":[{\"@type\":\"WebSite\",\"@id\":\"https:\/\/franciscanos.org.br\/noticias\/#website\",\"url\":\"https:\/\/franciscanos.org.br\/noticias\/\",\"name\":\"Not\u00edcias - Franciscanos\",\"description\":\"Prov\u00edncia Franciscana da Imaculada Concei\u00e7\u00e3o do Brasil - Ordem dos Frades Menores - OFM\",\"potentialAction\":[{\"@type\":\"SearchAction\",\"target\":{\"@type\":\"EntryPoint\",\"urlTemplate\":\"https:\/\/franciscanos.org.br\/noticias\/?s={search_term_string}\"},\"query-input\":\"required name=search_term_string\"}],\"inLanguage\":\"pt-BR\"},{\"@type\":\"ImageObject\",\"inLanguage\":\"pt-BR\",\"@id\":\"https:\/\/franciscanos.org.br\/noticias\/aquele-que-se-revela-aos-pequeninos-se-faz-pequenino.html#primaryimage\",\"url\":\"https:\/\/franciscanos.org.br\/noticias\/wp-content\/uploads\/2014\/07\/cristo1.jpg\",\"contentUrl\":\"https:\/\/franciscanos.org.br\/noticias\/wp-content\/uploads\/2014\/07\/cristo1.jpg\",\"width\":830,\"height\":451},{\"@type\":\"WebPage\",\"@id\":\"https:\/\/franciscanos.org.br\/noticias\/aquele-que-se-revela-aos-pequeninos-se-faz-pequenino.html#webpage\",\"url\":\"https:\/\/franciscanos.org.br\/noticias\/aquele-que-se-revela-aos-pequeninos-se-faz-pequenino.html\",\"name\":\"Aquele que se revela aos pequenos se faz pequeno - Not\u00edcias - Franciscanos\",\"isPartOf\":{\"@id\":\"https:\/\/franciscanos.org.br\/noticias\/#website\"},\"primaryImageOfPage\":{\"@id\":\"https:\/\/franciscanos.org.br\/noticias\/aquele-que-se-revela-aos-pequeninos-se-faz-pequenino.html#primaryimage\"},\"datePublished\":\"2014-07-03T12:59:41+00:00\",\"dateModified\":\"2019-04-17T17:48:55+00:00\",\"author\":{\"@id\":\"https:\/\/franciscanos.org.br\/noticias\/#\/schema\/person\/b38fbf43118f02820bd932f2e4b14ad3\"},\"breadcrumb\":{\"@id\":\"https:\/\/franciscanos.org.br\/noticias\/aquele-que-se-revela-aos-pequeninos-se-faz-pequenino.html#breadcrumb\"},\"inLanguage\":\"pt-BR\",\"potentialAction\":[{\"@type\":\"ReadAction\",\"target\":[\"https:\/\/franciscanos.org.br\/noticias\/aquele-que-se-revela-aos-pequeninos-se-faz-pequenino.html\"]}]},{\"@type\":\"BreadcrumbList\",\"@id\":\"https:\/\/franciscanos.org.br\/noticias\/aquele-que-se-revela-aos-pequeninos-se-faz-pequenino.html#breadcrumb\",\"itemListElement\":[{\"@type\":\"ListItem\",\"position\":1,\"name\":\"Home\",\"item\":\"https:\/\/franciscanos.org.br\/noticias\"},{\"@type\":\"ListItem\",\"position\":2,\"name\":\"Aquele que se revela aos pequenos se faz pequeno\"}]},{\"@type\":\"Person\",\"@id\":\"https:\/\/franciscanos.org.br\/noticias\/#\/schema\/person\/b38fbf43118f02820bd932f2e4b14ad3\",\"name\":\"admin\",\"image\":{\"@type\":\"ImageObject\",\"inLanguage\":\"pt-BR\",\"@id\":\"https:\/\/franciscanos.org.br\/noticias\/#\/schema\/person\/image\/\",\"url\":\"https:\/\/secure.gravatar.com\/avatar\/e8495742d34d0ba6448ea1c628263b3e?s=96&d=mm&r=g\",\"contentUrl\":\"https:\/\/secure.gravatar.com\/avatar\/e8495742d34d0ba6448ea1c628263b3e?s=96&d=mm&r=g\",\"caption\":\"admin\"},\"url\":\"https:\/\/franciscanos.org.br\/noticias\/author\/admin\"}]}<\/script>\n<!-- \/ Yoast SEO plugin. -->","yoast_head_json":{"title":"Aquele que se revela aos pequenos se faz pequeno - Not\u00edcias - Franciscanos","robots":{"index":"index","follow":"follow","max-snippet":"max-snippet:-1","max-image-preview":"max-image-preview:large","max-video-preview":"max-video-preview:-1"},"canonical":"https:\/\/franciscanos.org.br\/noticias\/aquele-que-se-revela-aos-pequeninos-se-faz-pequenino.html","og_locale":"pt_BR","og_type":"article","og_title":"Aquele que se revela aos pequenos se faz pequeno - Not\u00edcias - Franciscanos","og_description":"Liturgia dominical","og_url":"https:\/\/franciscanos.org.br\/noticias\/aquele-que-se-revela-aos-pequeninos-se-faz-pequenino.html","og_site_name":"Not\u00edcias - Franciscanos","article_published_time":"2014-07-03T12:59:41+00:00","article_modified_time":"2019-04-17T17:48:55+00:00","og_image":[{"url":"https:\/\/franciscanos.org.br\/noticias\/wp-content\/uploads\/2014\/07\/cristo1.jpg"}],"author":"admin","twitter_card":"summary_large_image","twitter_misc":{"Escrito por":"admin","Est. tempo de leitura":"1 minuto"},"schema":{"@context":"https:\/\/schema.org","@graph":[{"@type":"WebSite","@id":"https:\/\/franciscanos.org.br\/noticias\/#website","url":"https:\/\/franciscanos.org.br\/noticias\/","name":"Not\u00edcias - Franciscanos","description":"Prov\u00edncia Franciscana da Imaculada Concei\u00e7\u00e3o do Brasil - Ordem dos Frades Menores - OFM","potentialAction":[{"@type":"SearchAction","target":{"@type":"EntryPoint","urlTemplate":"https:\/\/franciscanos.org.br\/noticias\/?s={search_term_string}"},"query-input":"required name=search_term_string"}],"inLanguage":"pt-BR"},{"@type":"ImageObject","inLanguage":"pt-BR","@id":"https:\/\/franciscanos.org.br\/noticias\/aquele-que-se-revela-aos-pequeninos-se-faz-pequenino.html#primaryimage","url":"https:\/\/franciscanos.org.br\/noticias\/wp-content\/uploads\/2014\/07\/cristo1.jpg","contentUrl":"https:\/\/franciscanos.org.br\/noticias\/wp-content\/uploads\/2014\/07\/cristo1.jpg","width":830,"height":451},{"@type":"WebPage","@id":"https:\/\/franciscanos.org.br\/noticias\/aquele-que-se-revela-aos-pequeninos-se-faz-pequenino.html#webpage","url":"https:\/\/franciscanos.org.br\/noticias\/aquele-que-se-revela-aos-pequeninos-se-faz-pequenino.html","name":"Aquele que se revela aos pequenos se faz pequeno - Not\u00edcias - Franciscanos","isPartOf":{"@id":"https:\/\/franciscanos.org.br\/noticias\/#website"},"primaryImageOfPage":{"@id":"https:\/\/franciscanos.org.br\/noticias\/aquele-que-se-revela-aos-pequeninos-se-faz-pequenino.html#primaryimage"},"datePublished":"2014-07-03T12:59:41+00:00","dateModified":"2019-04-17T17:48:55+00:00","author":{"@id":"https:\/\/franciscanos.org.br\/noticias\/#\/schema\/person\/b38fbf43118f02820bd932f2e4b14ad3"},"breadcrumb":{"@id":"https:\/\/franciscanos.org.br\/noticias\/aquele-que-se-revela-aos-pequeninos-se-faz-pequenino.html#breadcrumb"},"inLanguage":"pt-BR","potentialAction":[{"@type":"ReadAction","target":["https:\/\/franciscanos.org.br\/noticias\/aquele-que-se-revela-aos-pequeninos-se-faz-pequenino.html"]}]},{"@type":"BreadcrumbList","@id":"https:\/\/franciscanos.org.br\/noticias\/aquele-que-se-revela-aos-pequeninos-se-faz-pequenino.html#breadcrumb","itemListElement":[{"@type":"ListItem","position":1,"name":"Home","item":"https:\/\/franciscanos.org.br\/noticias"},{"@type":"ListItem","position":2,"name":"Aquele que se revela aos pequenos se faz pequeno"}]},{"@type":"Person","@id":"https:\/\/franciscanos.org.br\/noticias\/#\/schema\/person\/b38fbf43118f02820bd932f2e4b14ad3","name":"admin","image":{"@type":"ImageObject","inLanguage":"pt-BR","@id":"https:\/\/franciscanos.org.br\/noticias\/#\/schema\/person\/image\/","url":"https:\/\/secure.gravatar.com\/avatar\/e8495742d34d0ba6448ea1c628263b3e?s=96&d=mm&r=g","contentUrl":"https:\/\/secure.gravatar.com\/avatar\/e8495742d34d0ba6448ea1c628263b3e?s=96&d=mm&r=g","caption":"admin"},"url":"https:\/\/franciscanos.org.br\/noticias\/author\/admin"}]}},"_links":{"self":[{"href":"https:\/\/franciscanos.org.br\/noticias\/wp-json\/wp\/v2\/posts\/63565"}],"collection":[{"href":"https:\/\/franciscanos.org.br\/noticias\/wp-json\/wp\/v2\/posts"}],"about":[{"href":"https:\/\/franciscanos.org.br\/noticias\/wp-json\/wp\/v2\/types\/post"}],"author":[{"embeddable":true,"href":"https:\/\/franciscanos.org.br\/noticias\/wp-json\/wp\/v2\/users\/1"}],"replies":[{"embeddable":true,"href":"https:\/\/franciscanos.org.br\/noticias\/wp-json\/wp\/v2\/comments?post=63565"}],"version-history":[{"count":0,"href":"https:\/\/franciscanos.org.br\/noticias\/wp-json\/wp\/v2\/posts\/63565\/revisions"}],"wp:attachment":[{"href":"https:\/\/franciscanos.org.br\/noticias\/wp-json\/wp\/v2\/media?parent=63565"}],"wp:term":[{"taxonomy":"category","embeddable":true,"href":"https:\/\/franciscanos.org.br\/noticias\/wp-json\/wp\/v2\/categories?post=63565"},{"taxonomy":"post_tag","embeddable":true,"href":"https:\/\/franciscanos.org.br\/noticias\/wp-json\/wp\/v2\/tags?post=63565"}],"curies":[{"name":"wp","href":"https:\/\/api.w.org\/{rel}","templated":true}]}}