{"id":63438,"date":"2014-07-02T08:22:19","date_gmt":"2014-07-02T11:22:19","guid":{"rendered":"http:\/\/franciscanos.org.br\/?p=63438"},"modified":"2021-04-19T22:30:55","modified_gmt":"2021-04-20T01:30:55","slug":"paroquia-de-petropolis-festeja-o-seu-padroeiro","status":"publish","type":"post","link":"https:\/\/franciscanos.org.br\/noticias\/paroquia-de-petropolis-festeja-o-seu-padroeiro.html","title":{"rendered":"Par\u00f3quia de Petr\u00f3polis festeja o seu Padroeiro"},"content":{"rendered":"<p><strong><img loading=\"lazy\" src=\"http:\/\/franciscanos.org.br\/wp-content\/uploads\/2014\/07\/sagrado.jpg\" alt=\"sagrado\" width=\"830\" height=\"318\" \/><\/strong><\/p>\n<p><strong><img loading=\"lazy\" class=\"alignright wp-image-63440 size-full\" src=\"http:\/\/franciscanos.org.br\/wp-content\/uploads\/2014\/07\/sagrad2o.jpg\" alt=\"sagrad2o\" width=\"450\" height=\"253\" \/>Frei Ermelindo Francisco<\/strong><\/p>\n<p>O m\u00eas de junho nos reservou duas bel\u00edssimas festas do Senhor: a Solenidade do Corpus Christi e a Festa do Cora\u00e7\u00e3o de Jesus. Desde pequenos aprendemos a contemplar o amor de Deus manifestado no Cora\u00e7\u00e3o aberto do Salvador. Ora, esse Cora\u00e7\u00e3o marca a vida dos frades e do povo de Petr\u00f3polis. Sendo assim, \u00a0Par\u00f3quia e Convento do Sagrado Cora\u00e7\u00e3o de Jesus celebraram no dia 27 de junho a festa de seu Padroeiro.<\/p>\n<p>Antes do dia do Sagrado, propriamente dito, a comunidade paroquial, em comunh\u00e3o com o Convento, realizou uma novena de prepara\u00e7\u00e3o para a festa do padroeiro. As celebra\u00e7\u00f5es da novena, com distintos temas, tiveram uma boa participa\u00e7\u00e3o por parte dos fi\u00e9is petropolitanos e de outros devotos do Sagrado Cora\u00e7\u00e3o de Jesus. Ela se fez ao longo das missas das 18 horas.<\/p>\n<p>No Convento o ponto alto das festividades foi o almo\u00e7o solene. Frei C\u00e9sar K\u00fclkamp, o guardi\u00e3o da Fraternidade, com breves palavras, falou do significado da devo\u00e7\u00e3o do Sagrado Cora\u00e7\u00e3o de Jesus na espiritualidade franciscana e parabenizou a todos os convidados. Ele tamb\u00e9m lembrou que a Folhinha do Sagrado Cora\u00e7\u00e3o, criada e publicada pela Editora Vozes h\u00e1 75 anos, tem uma grande aceita\u00e7\u00e3o para al\u00e9m das nossas fronteiras petropolitanas.<\/p>\n<p><img loading=\"lazy\" class=\"alignleft size-full wp-image-63441\" src=\"http:\/\/franciscanos.org.br\/wp-content\/uploads\/2014\/07\/sagrad3o.jpg\" alt=\"sagrad3o\" width=\"450\" height=\"253\" \/>No mesmo dia 27, na Par\u00f3quia, foram celebradas quatro missas. Com destaque para a Eucaristia das 18 horas. A mesma foi presidida por Frei \u00c2ngelo Jos\u00e9 Luiz, o p\u00e1roco, e concelebrada por Frei C\u00e9sar K\u00fclkamp. Com o acompanhamento do \u00f3rg\u00e3o executado por Frei Marcos Andrade, frades e povo puderam mergulhar no mist\u00e9rio que estavam celebrando.<\/p>\n<p>Frei \u00c2ngelo, na sua homilia disse: \u201cO nosso Deus \u00e9 um Deus de amor. Ele caminha conosco como um pastor que cuida de seu rebanho, sobretudo daquelas ovelhas que est\u00e3o perdidas e tamb\u00e9m das mais fortes para que n\u00e3o pisem nas mais fracas; quem ama cuida e caminha junto\u201d. Segundo o p\u00e1roco, quando julgamos que sabemos tudo, o nosso cora\u00e7\u00e3o fica sem espa\u00e7o para receber Jesus. \u201cA mensagem de Jesus \u00e9 simples, \u00e9 transparente e acess\u00edvel para quem abre o cora\u00e7\u00e3o\u201d, completou.<\/p>\n<p>No momento da A\u00e7\u00e3o de Gra\u00e7as, um grupo de jovens apresentou uma dan\u00e7a religiosa enquanto no fundo da igreja entravam Jesus acompanhado de sua M\u00e3e Maria, representados por dois jovens com os seus \u2018cora\u00e7\u00f5es ardentes de amor\u2019.<\/p>\n<p>Fora da Igreja estavam montadas as barracas, que j\u00e1 \u00e9 tradi\u00e7\u00e3o dos paroquianos do Sagrado. Ningu\u00e9m foi embora sem antes ter provado um peda\u00e7o de bolo ou outro aperitivo que estava servido. A boa m\u00fasica marcou presen\u00e7a no momento da confraterniza\u00e7\u00e3o.<\/p>\n<p>Jogos, divers\u00e3o, conv\u00edvios fraternos estavam presentes nas festividades do Sagrado Cora\u00e7\u00e3o, que continuaram at\u00e9 o domingo 29 de junho.<\/p>\n<p>A cidade de Petr\u00f3polis, h\u00e1 mais de cem anos, volta-se com carinho para a nossa Igreja do Sagrado. Quantos e quantos frades passaram por esta casa e quantas belas celebra\u00e7\u00f5es aconteceram em nossa igreja! Nas salas, corredores, depend\u00eancias da nossa casa, quantos e quantos frades deixaram marcas para sempre. Aprendemos, todos, a olhar com respeito e venera\u00e7\u00e3o para o lado aberto do Cora\u00e7\u00e3o de Jesus. Sangue e \u00e1gua brotaram desta fonte inexaur\u00edvel. Pedimos a esse Cora\u00e7\u00e3o aberto que derrame suas b\u00ean\u00e7\u00e3os sobre n\u00f3s, frades, e sobre os fi\u00e9is que nos ajudam a viver nesta Par\u00f3quia.<\/p>\n","protected":false},"excerpt":{"rendered":"<p>Festa do Sagrado<\/p>\n","protected":false},"author":1,"featured_media":219070,"comment_status":"closed","ping_status":"open","sticky":false,"template":"","format":"standard","meta":[],"categories":[1],"tags":[190],"acf":[],"yoast_head":"<!-- This site is optimized with the Yoast SEO plugin v19.2 - https:\/\/yoast.com\/wordpress\/plugins\/seo\/ -->\n<title>Par\u00f3quia de Petr\u00f3polis festeja o seu Padroeiro - Not\u00edcias - Franciscanos<\/title>\n<meta name=\"robots\" content=\"index, follow, max-snippet:-1, max-image-preview:large, max-video-preview:-1\" \/>\n<link rel=\"canonical\" href=\"https:\/\/franciscanos.org.br\/noticias\/paroquia-de-petropolis-festeja-o-seu-padroeiro.html\" \/>\n<meta property=\"og:locale\" content=\"pt_BR\" \/>\n<meta property=\"og:type\" content=\"article\" \/>\n<meta property=\"og:title\" content=\"Par\u00f3quia de Petr\u00f3polis festeja o seu Padroeiro - Not\u00edcias - Franciscanos\" \/>\n<meta property=\"og:description\" content=\"Festa do Sagrado\" \/>\n<meta property=\"og:url\" content=\"https:\/\/franciscanos.org.br\/noticias\/paroquia-de-petropolis-festeja-o-seu-padroeiro.html\" \/>\n<meta property=\"og:site_name\" content=\"Not\u00edcias - Franciscanos\" \/>\n<meta property=\"article:published_time\" content=\"2014-07-02T11:22:19+00:00\" \/>\n<meta property=\"article:modified_time\" content=\"2021-04-20T01:30:55+00:00\" \/>\n<meta property=\"og:image\" content=\"https:\/\/franciscanos.org.br\/noticias\/wp-content\/uploads\/2014\/07\/sagrado-1.jpg\" \/>\n\t<meta property=\"og:image:width\" content=\"273\" \/>\n\t<meta property=\"og:image:height\" content=\"181\" \/>\n\t<meta property=\"og:image:type\" content=\"image\/jpeg\" \/>\n<meta name=\"author\" content=\"admin\" \/>\n<meta name=\"twitter:card\" content=\"summary_large_image\" \/>\n<meta name=\"twitter:label1\" content=\"Escrito por\" \/>\n\t<meta name=\"twitter:data1\" content=\"admin\" \/>\n\t<meta name=\"twitter:label2\" content=\"Est. tempo de leitura\" \/>\n\t<meta name=\"twitter:data2\" content=\"3 minutos\" \/>\n<script type=\"application\/ld+json\" class=\"yoast-schema-graph\">{\"@context\":\"https:\/\/schema.org\",\"@graph\":[{\"@type\":\"WebSite\",\"@id\":\"https:\/\/franciscanos.org.br\/noticias\/#website\",\"url\":\"https:\/\/franciscanos.org.br\/noticias\/\",\"name\":\"Not\u00edcias - Franciscanos\",\"description\":\"Prov\u00edncia Franciscana da Imaculada Concei\u00e7\u00e3o do Brasil - Ordem dos Frades Menores - OFM\",\"potentialAction\":[{\"@type\":\"SearchAction\",\"target\":{\"@type\":\"EntryPoint\",\"urlTemplate\":\"https:\/\/franciscanos.org.br\/noticias\/?s={search_term_string}\"},\"query-input\":\"required name=search_term_string\"}],\"inLanguage\":\"pt-BR\"},{\"@type\":\"ImageObject\",\"inLanguage\":\"pt-BR\",\"@id\":\"https:\/\/franciscanos.org.br\/noticias\/paroquia-de-petropolis-festeja-o-seu-padroeiro.html#primaryimage\",\"url\":\"https:\/\/franciscanos.org.br\/noticias\/wp-content\/uploads\/2014\/07\/sagrado-1.jpg\",\"contentUrl\":\"https:\/\/franciscanos.org.br\/noticias\/wp-content\/uploads\/2014\/07\/sagrado-1.jpg\",\"width\":273,\"height\":181},{\"@type\":\"WebPage\",\"@id\":\"https:\/\/franciscanos.org.br\/noticias\/paroquia-de-petropolis-festeja-o-seu-padroeiro.html#webpage\",\"url\":\"https:\/\/franciscanos.org.br\/noticias\/paroquia-de-petropolis-festeja-o-seu-padroeiro.html\",\"name\":\"Par\u00f3quia de Petr\u00f3polis festeja o seu Padroeiro - Not\u00edcias - Franciscanos\",\"isPartOf\":{\"@id\":\"https:\/\/franciscanos.org.br\/noticias\/#website\"},\"primaryImageOfPage\":{\"@id\":\"https:\/\/franciscanos.org.br\/noticias\/paroquia-de-petropolis-festeja-o-seu-padroeiro.html#primaryimage\"},\"datePublished\":\"2014-07-02T11:22:19+00:00\",\"dateModified\":\"2021-04-20T01:30:55+00:00\",\"author\":{\"@id\":\"https:\/\/franciscanos.org.br\/noticias\/#\/schema\/person\/b38fbf43118f02820bd932f2e4b14ad3\"},\"breadcrumb\":{\"@id\":\"https:\/\/franciscanos.org.br\/noticias\/paroquia-de-petropolis-festeja-o-seu-padroeiro.html#breadcrumb\"},\"inLanguage\":\"pt-BR\",\"potentialAction\":[{\"@type\":\"ReadAction\",\"target\":[\"https:\/\/franciscanos.org.br\/noticias\/paroquia-de-petropolis-festeja-o-seu-padroeiro.html\"]}]},{\"@type\":\"BreadcrumbList\",\"@id\":\"https:\/\/franciscanos.org.br\/noticias\/paroquia-de-petropolis-festeja-o-seu-padroeiro.html#breadcrumb\",\"itemListElement\":[{\"@type\":\"ListItem\",\"position\":1,\"name\":\"Home\",\"item\":\"https:\/\/franciscanos.org.br\/noticias\"},{\"@type\":\"ListItem\",\"position\":2,\"name\":\"Par\u00f3quia de Petr\u00f3polis festeja o seu Padroeiro\"}]},{\"@type\":\"Person\",\"@id\":\"https:\/\/franciscanos.org.br\/noticias\/#\/schema\/person\/b38fbf43118f02820bd932f2e4b14ad3\",\"name\":\"admin\",\"image\":{\"@type\":\"ImageObject\",\"inLanguage\":\"pt-BR\",\"@id\":\"https:\/\/franciscanos.org.br\/noticias\/#\/schema\/person\/image\/\",\"url\":\"https:\/\/secure.gravatar.com\/avatar\/e8495742d34d0ba6448ea1c628263b3e?s=96&d=mm&r=g\",\"contentUrl\":\"https:\/\/secure.gravatar.com\/avatar\/e8495742d34d0ba6448ea1c628263b3e?s=96&d=mm&r=g\",\"caption\":\"admin\"},\"url\":\"https:\/\/franciscanos.org.br\/noticias\/author\/admin\"}]}<\/script>\n<!-- \/ Yoast SEO plugin. -->","yoast_head_json":{"title":"Par\u00f3quia de Petr\u00f3polis festeja o seu Padroeiro - Not\u00edcias - Franciscanos","robots":{"index":"index","follow":"follow","max-snippet":"max-snippet:-1","max-image-preview":"max-image-preview:large","max-video-preview":"max-video-preview:-1"},"canonical":"https:\/\/franciscanos.org.br\/noticias\/paroquia-de-petropolis-festeja-o-seu-padroeiro.html","og_locale":"pt_BR","og_type":"article","og_title":"Par\u00f3quia de Petr\u00f3polis festeja o seu Padroeiro - Not\u00edcias - Franciscanos","og_description":"Festa do Sagrado","og_url":"https:\/\/franciscanos.org.br\/noticias\/paroquia-de-petropolis-festeja-o-seu-padroeiro.html","og_site_name":"Not\u00edcias - Franciscanos","article_published_time":"2014-07-02T11:22:19+00:00","article_modified_time":"2021-04-20T01:30:55+00:00","og_image":[{"width":273,"height":181,"url":"https:\/\/franciscanos.org.br\/noticias\/wp-content\/uploads\/2014\/07\/sagrado-1.jpg","type":"image\/jpeg"}],"author":"admin","twitter_card":"summary_large_image","twitter_misc":{"Escrito por":"admin","Est. tempo de leitura":"3 minutos"},"schema":{"@context":"https:\/\/schema.org","@graph":[{"@type":"WebSite","@id":"https:\/\/franciscanos.org.br\/noticias\/#website","url":"https:\/\/franciscanos.org.br\/noticias\/","name":"Not\u00edcias - Franciscanos","description":"Prov\u00edncia Franciscana da Imaculada Concei\u00e7\u00e3o do Brasil - Ordem dos Frades Menores - OFM","potentialAction":[{"@type":"SearchAction","target":{"@type":"EntryPoint","urlTemplate":"https:\/\/franciscanos.org.br\/noticias\/?s={search_term_string}"},"query-input":"required name=search_term_string"}],"inLanguage":"pt-BR"},{"@type":"ImageObject","inLanguage":"pt-BR","@id":"https:\/\/franciscanos.org.br\/noticias\/paroquia-de-petropolis-festeja-o-seu-padroeiro.html#primaryimage","url":"https:\/\/franciscanos.org.br\/noticias\/wp-content\/uploads\/2014\/07\/sagrado-1.jpg","contentUrl":"https:\/\/franciscanos.org.br\/noticias\/wp-content\/uploads\/2014\/07\/sagrado-1.jpg","width":273,"height":181},{"@type":"WebPage","@id":"https:\/\/franciscanos.org.br\/noticias\/paroquia-de-petropolis-festeja-o-seu-padroeiro.html#webpage","url":"https:\/\/franciscanos.org.br\/noticias\/paroquia-de-petropolis-festeja-o-seu-padroeiro.html","name":"Par\u00f3quia de Petr\u00f3polis festeja o seu Padroeiro - Not\u00edcias - Franciscanos","isPartOf":{"@id":"https:\/\/franciscanos.org.br\/noticias\/#website"},"primaryImageOfPage":{"@id":"https:\/\/franciscanos.org.br\/noticias\/paroquia-de-petropolis-festeja-o-seu-padroeiro.html#primaryimage"},"datePublished":"2014-07-02T11:22:19+00:00","dateModified":"2021-04-20T01:30:55+00:00","author":{"@id":"https:\/\/franciscanos.org.br\/noticias\/#\/schema\/person\/b38fbf43118f02820bd932f2e4b14ad3"},"breadcrumb":{"@id":"https:\/\/franciscanos.org.br\/noticias\/paroquia-de-petropolis-festeja-o-seu-padroeiro.html#breadcrumb"},"inLanguage":"pt-BR","potentialAction":[{"@type":"ReadAction","target":["https:\/\/franciscanos.org.br\/noticias\/paroquia-de-petropolis-festeja-o-seu-padroeiro.html"]}]},{"@type":"BreadcrumbList","@id":"https:\/\/franciscanos.org.br\/noticias\/paroquia-de-petropolis-festeja-o-seu-padroeiro.html#breadcrumb","itemListElement":[{"@type":"ListItem","position":1,"name":"Home","item":"https:\/\/franciscanos.org.br\/noticias"},{"@type":"ListItem","position":2,"name":"Par\u00f3quia de Petr\u00f3polis festeja o seu Padroeiro"}]},{"@type":"Person","@id":"https:\/\/franciscanos.org.br\/noticias\/#\/schema\/person\/b38fbf43118f02820bd932f2e4b14ad3","name":"admin","image":{"@type":"ImageObject","inLanguage":"pt-BR","@id":"https:\/\/franciscanos.org.br\/noticias\/#\/schema\/person\/image\/","url":"https:\/\/secure.gravatar.com\/avatar\/e8495742d34d0ba6448ea1c628263b3e?s=96&d=mm&r=g","contentUrl":"https:\/\/secure.gravatar.com\/avatar\/e8495742d34d0ba6448ea1c628263b3e?s=96&d=mm&r=g","caption":"admin"},"url":"https:\/\/franciscanos.org.br\/noticias\/author\/admin"}]}},"_links":{"self":[{"href":"https:\/\/franciscanos.org.br\/noticias\/wp-json\/wp\/v2\/posts\/63438"}],"collection":[{"href":"https:\/\/franciscanos.org.br\/noticias\/wp-json\/wp\/v2\/posts"}],"about":[{"href":"https:\/\/franciscanos.org.br\/noticias\/wp-json\/wp\/v2\/types\/post"}],"author":[{"embeddable":true,"href":"https:\/\/franciscanos.org.br\/noticias\/wp-json\/wp\/v2\/users\/1"}],"replies":[{"embeddable":true,"href":"https:\/\/franciscanos.org.br\/noticias\/wp-json\/wp\/v2\/comments?post=63438"}],"version-history":[{"count":1,"href":"https:\/\/franciscanos.org.br\/noticias\/wp-json\/wp\/v2\/posts\/63438\/revisions"}],"predecessor-version":[{"id":229339,"href":"https:\/\/franciscanos.org.br\/noticias\/wp-json\/wp\/v2\/posts\/63438\/revisions\/229339"}],"wp:featuredmedia":[{"embeddable":true,"href":"https:\/\/franciscanos.org.br\/noticias\/wp-json\/wp\/v2\/media\/219070"}],"wp:attachment":[{"href":"https:\/\/franciscanos.org.br\/noticias\/wp-json\/wp\/v2\/media?parent=63438"}],"wp:term":[{"taxonomy":"category","embeddable":true,"href":"https:\/\/franciscanos.org.br\/noticias\/wp-json\/wp\/v2\/categories?post=63438"},{"taxonomy":"post_tag","embeddable":true,"href":"https:\/\/franciscanos.org.br\/noticias\/wp-json\/wp\/v2\/tags?post=63438"}],"curies":[{"name":"wp","href":"https:\/\/api.w.org\/{rel}","templated":true}]}}