{"id":63355,"date":"2014-07-01T11:45:50","date_gmt":"2014-07-01T14:45:50","guid":{"rendered":"http:\/\/franciscanos.org.br\/?p=63355"},"modified":"2020-02-11T11:02:39","modified_gmt":"2020-02-11T14:02:39","slug":"comunidade-realiza-triduo-e-procissao-luminosa-em-louvor-a-sao-bento","status":"publish","type":"post","link":"https:\/\/franciscanos.org.br\/noticias\/comunidade-realiza-triduo-e-procissao-luminosa-em-louvor-a-sao-bento.html","title":{"rendered":"Comunidade realiza Tr\u00edduo e prociss\u00e3o  luminosa em louvor a S\u00e3o Bento"},"content":{"rendered":"<h4 style=\"padding-left: 30px;\"><strong><em><img loading=\"lazy\" class=\"alignright wp-image-63356 size-medium\" src=\"http:\/\/franciscanos.org.br\/wp-content\/uploads\/2014\/07\/1-300x225.jpg\" alt=\"1\" width=\"300\" height=\"225\" \/>As celebra\u00e7\u00f5es do Tr\u00edduo t\u00eam sido marcadas\u00a0<\/em><\/strong><strong><em>por momentos fortes de evangeliza\u00e7\u00e3o<\/em><\/strong><\/h4>\n<p><strong>Equipe Pascom do Valongo<\/strong><\/p>\n<p><strong>Santos (SP)<\/strong> &#8211; A comunidade do Valongo iniciou o Tr\u00edduo de S\u00e3o Bento no \u00faltimo dia 25 de junho. O Tr\u00edduo \u00e9 celebrado em tr\u00eas quartas-feiras seguidas, \u00e0s 19h30, at\u00e9 o dia 9 de julho, na missa de louvor do Valongo.<\/p>\n<p>J\u00e1 no dia 11 de julho, Dia de S\u00e3o Bento, uma sexta-feira, acontece a prociss\u00e3o luminosa no Morro S\u00e3o Bento, que leva o nome do santo homenageado.<\/p>\n<p><img loading=\"lazy\" class=\"alignright wp-image-63357 size-medium\" src=\"http:\/\/franciscanos.org.br\/wp-content\/uploads\/2014\/07\/2-300x200.jpg\" alt=\"2\" width=\"300\" height=\"200\" \/>Os fi\u00e9is partem da Par\u00f3quia Nossa Senhora da Assun\u00e7\u00e3o, que \u00e9 a Matriz do Santu\u00e1rio do Valongo, \u00e0s 19 horas, e seguem at\u00e9 a Capela do Mosteiro de S\u00e3o Bento.<\/p>\n<p>As celebra\u00e7\u00f5es do Tr\u00edduo t\u00eam sido marcadas por momentos fortes de evangeliza\u00e7\u00e3o e Frei Roz\u00e2ntimo Antunes Costa tem falado sobre sua vida e o significado da medalha de S\u00e3o Bento. O santo nasceu na It\u00e1lia, em 480 e viveu at\u00e9 547. Ele resumia sua regra da seguinte forma \u201cOra et labora\u201d, que significa \u201cOra e trabalha\u201d.<\/p>\n<p>&nbsp;<\/p>\n","protected":false},"excerpt":{"rendered":"<p>Devo\u00e7\u00e3o<\/p>\n","protected":false},"author":1,"featured_media":219064,"comment_status":"closed","ping_status":"open","sticky":false,"template":"","format":"standard","meta":[],"categories":[1],"tags":[],"acf":[],"yoast_head":"<!-- This site is optimized with the Yoast SEO plugin v19.2 - https:\/\/yoast.com\/wordpress\/plugins\/seo\/ -->\n<title>Comunidade realiza Tr\u00edduo e prociss\u00e3o luminosa em louvor a S\u00e3o Bento - Not\u00edcias - Franciscanos<\/title>\n<meta name=\"robots\" content=\"index, follow, max-snippet:-1, max-image-preview:large, max-video-preview:-1\" \/>\n<link rel=\"canonical\" href=\"https:\/\/franciscanos.org.br\/noticias\/comunidade-realiza-triduo-e-procissao-luminosa-em-louvor-a-sao-bento.html\" \/>\n<meta property=\"og:locale\" content=\"pt_BR\" \/>\n<meta property=\"og:type\" content=\"article\" \/>\n<meta property=\"og:title\" content=\"Comunidade realiza Tr\u00edduo e prociss\u00e3o luminosa em louvor a S\u00e3o Bento - Not\u00edcias - Franciscanos\" \/>\n<meta property=\"og:description\" content=\"Devo\u00e7\u00e3o\" \/>\n<meta property=\"og:url\" content=\"https:\/\/franciscanos.org.br\/noticias\/comunidade-realiza-triduo-e-procissao-luminosa-em-louvor-a-sao-bento.html\" \/>\n<meta property=\"og:site_name\" content=\"Not\u00edcias - Franciscanos\" \/>\n<meta property=\"article:published_time\" content=\"2014-07-01T14:45:50+00:00\" \/>\n<meta property=\"article:modified_time\" content=\"2020-02-11T14:02:39+00:00\" \/>\n<meta property=\"og:image\" content=\"https:\/\/franciscanos.org.br\/noticias\/wp-content\/uploads\/2014\/07\/1-300x225-1.jpg\" \/>\n\t<meta property=\"og:image:width\" content=\"273\" \/>\n\t<meta property=\"og:image:height\" content=\"181\" \/>\n\t<meta property=\"og:image:type\" content=\"image\/jpeg\" \/>\n<meta name=\"author\" content=\"admin\" \/>\n<meta name=\"twitter:card\" content=\"summary_large_image\" \/>\n<meta name=\"twitter:label1\" content=\"Escrito por\" \/>\n\t<meta name=\"twitter:data1\" content=\"admin\" \/>\n\t<meta name=\"twitter:label2\" content=\"Est. tempo de leitura\" \/>\n\t<meta name=\"twitter:data2\" content=\"1 minuto\" \/>\n<script type=\"application\/ld+json\" class=\"yoast-schema-graph\">{\"@context\":\"https:\/\/schema.org\",\"@graph\":[{\"@type\":\"WebSite\",\"@id\":\"https:\/\/franciscanos.org.br\/noticias\/#website\",\"url\":\"https:\/\/franciscanos.org.br\/noticias\/\",\"name\":\"Not\u00edcias - Franciscanos\",\"description\":\"Prov\u00edncia Franciscana da Imaculada Concei\u00e7\u00e3o do Brasil - Ordem dos Frades Menores - OFM\",\"potentialAction\":[{\"@type\":\"SearchAction\",\"target\":{\"@type\":\"EntryPoint\",\"urlTemplate\":\"https:\/\/franciscanos.org.br\/noticias\/?s={search_term_string}\"},\"query-input\":\"required name=search_term_string\"}],\"inLanguage\":\"pt-BR\"},{\"@type\":\"ImageObject\",\"inLanguage\":\"pt-BR\",\"@id\":\"https:\/\/franciscanos.org.br\/noticias\/comunidade-realiza-triduo-e-procissao-luminosa-em-louvor-a-sao-bento.html#primaryimage\",\"url\":\"https:\/\/franciscanos.org.br\/noticias\/wp-content\/uploads\/2014\/07\/1-300x225-1.jpg\",\"contentUrl\":\"https:\/\/franciscanos.org.br\/noticias\/wp-content\/uploads\/2014\/07\/1-300x225-1.jpg\",\"width\":273,\"height\":181},{\"@type\":\"WebPage\",\"@id\":\"https:\/\/franciscanos.org.br\/noticias\/comunidade-realiza-triduo-e-procissao-luminosa-em-louvor-a-sao-bento.html#webpage\",\"url\":\"https:\/\/franciscanos.org.br\/noticias\/comunidade-realiza-triduo-e-procissao-luminosa-em-louvor-a-sao-bento.html\",\"name\":\"Comunidade realiza Tr\u00edduo e prociss\u00e3o luminosa em louvor a S\u00e3o Bento - Not\u00edcias - Franciscanos\",\"isPartOf\":{\"@id\":\"https:\/\/franciscanos.org.br\/noticias\/#website\"},\"primaryImageOfPage\":{\"@id\":\"https:\/\/franciscanos.org.br\/noticias\/comunidade-realiza-triduo-e-procissao-luminosa-em-louvor-a-sao-bento.html#primaryimage\"},\"datePublished\":\"2014-07-01T14:45:50+00:00\",\"dateModified\":\"2020-02-11T14:02:39+00:00\",\"author\":{\"@id\":\"https:\/\/franciscanos.org.br\/noticias\/#\/schema\/person\/b38fbf43118f02820bd932f2e4b14ad3\"},\"breadcrumb\":{\"@id\":\"https:\/\/franciscanos.org.br\/noticias\/comunidade-realiza-triduo-e-procissao-luminosa-em-louvor-a-sao-bento.html#breadcrumb\"},\"inLanguage\":\"pt-BR\",\"potentialAction\":[{\"@type\":\"ReadAction\",\"target\":[\"https:\/\/franciscanos.org.br\/noticias\/comunidade-realiza-triduo-e-procissao-luminosa-em-louvor-a-sao-bento.html\"]}]},{\"@type\":\"BreadcrumbList\",\"@id\":\"https:\/\/franciscanos.org.br\/noticias\/comunidade-realiza-triduo-e-procissao-luminosa-em-louvor-a-sao-bento.html#breadcrumb\",\"itemListElement\":[{\"@type\":\"ListItem\",\"position\":1,\"name\":\"Home\",\"item\":\"https:\/\/franciscanos.org.br\/noticias\"},{\"@type\":\"ListItem\",\"position\":2,\"name\":\"Comunidade realiza Tr\u00edduo e prociss\u00e3o luminosa em louvor a S\u00e3o Bento\"}]},{\"@type\":\"Person\",\"@id\":\"https:\/\/franciscanos.org.br\/noticias\/#\/schema\/person\/b38fbf43118f02820bd932f2e4b14ad3\",\"name\":\"admin\",\"image\":{\"@type\":\"ImageObject\",\"inLanguage\":\"pt-BR\",\"@id\":\"https:\/\/franciscanos.org.br\/noticias\/#\/schema\/person\/image\/\",\"url\":\"https:\/\/secure.gravatar.com\/avatar\/e8495742d34d0ba6448ea1c628263b3e?s=96&d=mm&r=g\",\"contentUrl\":\"https:\/\/secure.gravatar.com\/avatar\/e8495742d34d0ba6448ea1c628263b3e?s=96&d=mm&r=g\",\"caption\":\"admin\"},\"url\":\"https:\/\/franciscanos.org.br\/noticias\/author\/admin\"}]}<\/script>\n<!-- \/ Yoast SEO plugin. -->","yoast_head_json":{"title":"Comunidade realiza Tr\u00edduo e prociss\u00e3o luminosa em louvor a S\u00e3o Bento - Not\u00edcias - Franciscanos","robots":{"index":"index","follow":"follow","max-snippet":"max-snippet:-1","max-image-preview":"max-image-preview:large","max-video-preview":"max-video-preview:-1"},"canonical":"https:\/\/franciscanos.org.br\/noticias\/comunidade-realiza-triduo-e-procissao-luminosa-em-louvor-a-sao-bento.html","og_locale":"pt_BR","og_type":"article","og_title":"Comunidade realiza Tr\u00edduo e prociss\u00e3o luminosa em louvor a S\u00e3o Bento - Not\u00edcias - Franciscanos","og_description":"Devo\u00e7\u00e3o","og_url":"https:\/\/franciscanos.org.br\/noticias\/comunidade-realiza-triduo-e-procissao-luminosa-em-louvor-a-sao-bento.html","og_site_name":"Not\u00edcias - Franciscanos","article_published_time":"2014-07-01T14:45:50+00:00","article_modified_time":"2020-02-11T14:02:39+00:00","og_image":[{"width":273,"height":181,"url":"https:\/\/franciscanos.org.br\/noticias\/wp-content\/uploads\/2014\/07\/1-300x225-1.jpg","type":"image\/jpeg"}],"author":"admin","twitter_card":"summary_large_image","twitter_misc":{"Escrito por":"admin","Est. tempo de leitura":"1 minuto"},"schema":{"@context":"https:\/\/schema.org","@graph":[{"@type":"WebSite","@id":"https:\/\/franciscanos.org.br\/noticias\/#website","url":"https:\/\/franciscanos.org.br\/noticias\/","name":"Not\u00edcias - Franciscanos","description":"Prov\u00edncia Franciscana da Imaculada Concei\u00e7\u00e3o do Brasil - Ordem dos Frades Menores - OFM","potentialAction":[{"@type":"SearchAction","target":{"@type":"EntryPoint","urlTemplate":"https:\/\/franciscanos.org.br\/noticias\/?s={search_term_string}"},"query-input":"required name=search_term_string"}],"inLanguage":"pt-BR"},{"@type":"ImageObject","inLanguage":"pt-BR","@id":"https:\/\/franciscanos.org.br\/noticias\/comunidade-realiza-triduo-e-procissao-luminosa-em-louvor-a-sao-bento.html#primaryimage","url":"https:\/\/franciscanos.org.br\/noticias\/wp-content\/uploads\/2014\/07\/1-300x225-1.jpg","contentUrl":"https:\/\/franciscanos.org.br\/noticias\/wp-content\/uploads\/2014\/07\/1-300x225-1.jpg","width":273,"height":181},{"@type":"WebPage","@id":"https:\/\/franciscanos.org.br\/noticias\/comunidade-realiza-triduo-e-procissao-luminosa-em-louvor-a-sao-bento.html#webpage","url":"https:\/\/franciscanos.org.br\/noticias\/comunidade-realiza-triduo-e-procissao-luminosa-em-louvor-a-sao-bento.html","name":"Comunidade realiza Tr\u00edduo e prociss\u00e3o luminosa em louvor a S\u00e3o Bento - Not\u00edcias - Franciscanos","isPartOf":{"@id":"https:\/\/franciscanos.org.br\/noticias\/#website"},"primaryImageOfPage":{"@id":"https:\/\/franciscanos.org.br\/noticias\/comunidade-realiza-triduo-e-procissao-luminosa-em-louvor-a-sao-bento.html#primaryimage"},"datePublished":"2014-07-01T14:45:50+00:00","dateModified":"2020-02-11T14:02:39+00:00","author":{"@id":"https:\/\/franciscanos.org.br\/noticias\/#\/schema\/person\/b38fbf43118f02820bd932f2e4b14ad3"},"breadcrumb":{"@id":"https:\/\/franciscanos.org.br\/noticias\/comunidade-realiza-triduo-e-procissao-luminosa-em-louvor-a-sao-bento.html#breadcrumb"},"inLanguage":"pt-BR","potentialAction":[{"@type":"ReadAction","target":["https:\/\/franciscanos.org.br\/noticias\/comunidade-realiza-triduo-e-procissao-luminosa-em-louvor-a-sao-bento.html"]}]},{"@type":"BreadcrumbList","@id":"https:\/\/franciscanos.org.br\/noticias\/comunidade-realiza-triduo-e-procissao-luminosa-em-louvor-a-sao-bento.html#breadcrumb","itemListElement":[{"@type":"ListItem","position":1,"name":"Home","item":"https:\/\/franciscanos.org.br\/noticias"},{"@type":"ListItem","position":2,"name":"Comunidade realiza Tr\u00edduo e prociss\u00e3o luminosa em louvor a S\u00e3o Bento"}]},{"@type":"Person","@id":"https:\/\/franciscanos.org.br\/noticias\/#\/schema\/person\/b38fbf43118f02820bd932f2e4b14ad3","name":"admin","image":{"@type":"ImageObject","inLanguage":"pt-BR","@id":"https:\/\/franciscanos.org.br\/noticias\/#\/schema\/person\/image\/","url":"https:\/\/secure.gravatar.com\/avatar\/e8495742d34d0ba6448ea1c628263b3e?s=96&d=mm&r=g","contentUrl":"https:\/\/secure.gravatar.com\/avatar\/e8495742d34d0ba6448ea1c628263b3e?s=96&d=mm&r=g","caption":"admin"},"url":"https:\/\/franciscanos.org.br\/noticias\/author\/admin"}]}},"_links":{"self":[{"href":"https:\/\/franciscanos.org.br\/noticias\/wp-json\/wp\/v2\/posts\/63355"}],"collection":[{"href":"https:\/\/franciscanos.org.br\/noticias\/wp-json\/wp\/v2\/posts"}],"about":[{"href":"https:\/\/franciscanos.org.br\/noticias\/wp-json\/wp\/v2\/types\/post"}],"author":[{"embeddable":true,"href":"https:\/\/franciscanos.org.br\/noticias\/wp-json\/wp\/v2\/users\/1"}],"replies":[{"embeddable":true,"href":"https:\/\/franciscanos.org.br\/noticias\/wp-json\/wp\/v2\/comments?post=63355"}],"version-history":[{"count":0,"href":"https:\/\/franciscanos.org.br\/noticias\/wp-json\/wp\/v2\/posts\/63355\/revisions"}],"wp:featuredmedia":[{"embeddable":true,"href":"https:\/\/franciscanos.org.br\/noticias\/wp-json\/wp\/v2\/media\/219064"}],"wp:attachment":[{"href":"https:\/\/franciscanos.org.br\/noticias\/wp-json\/wp\/v2\/media?parent=63355"}],"wp:term":[{"taxonomy":"category","embeddable":true,"href":"https:\/\/franciscanos.org.br\/noticias\/wp-json\/wp\/v2\/categories?post=63355"},{"taxonomy":"post_tag","embeddable":true,"href":"https:\/\/franciscanos.org.br\/noticias\/wp-json\/wp\/v2\/tags?post=63355"}],"curies":[{"name":"wp","href":"https:\/\/api.w.org\/{rel}","templated":true}]}}