{"id":63038,"date":"2014-06-30T07:12:49","date_gmt":"2014-06-30T10:12:49","guid":{"rendered":"http:\/\/franciscanos.org.br\/?p=63038"},"modified":"2020-06-10T17:56:46","modified_gmt":"2020-06-10T20:56:46","slug":"papa-de-que-nos-bispos-temos-medo","status":"publish","type":"post","link":"https:\/\/franciscanos.org.br\/noticias\/papa-de-que-nos-bispos-temos-medo.html","title":{"rendered":"Papa: &#8220;De que n\u00f3s, bispos, temos medo?&#8221;"},"content":{"rendered":"<p><a href=\"http:\/\/franciscanos.org.br\/wp-content\/uploads\/2014\/06\/papa_pallium.jpg\"><img loading=\"lazy\" src=\"http:\/\/franciscanos.org.br\/wp-content\/uploads\/2014\/06\/papa_pallium.jpg\" alt=\"papa_pallium\" width=\"820\" height=\"312\" \/><\/a><\/p>\n<p>Neste domingo, na solenidade dos Ap\u00f3stolos Pedro e Paulo, patronos de Roma, e Dia do Papa, o Sucessor de Pedro, o Papa Francisco presidiu a Santa Missa na Bas\u00edlica vaticana e entregou o p\u00e1lio a 24 novos arcebispos provenientes de todo o mundo: do Brasil receberam Dom Jaime Spengler, Arcebispo de Porto Alegre, e Dom Jos\u00e9 Luiz Majella Delgado, Arcebispo de Pouso Alegre. O P\u00e1lio \u00e9 uma ins\u00edgnia exclusiva dos Arcebispos e do Patriarca de Jerusal\u00e9m do rito latino; \u00e9 uma pequena estola, feita de l\u00e3 branca de cordeiro, com seis cruzes e franjas pretas. Exprime o poder que o Arcebispo recebe na prov\u00edncia eclesi\u00e1stica. Liga-o mais estreitamente \u00e0 Igreja de Roma. Tem, por isso, um valor simb\u00f3lico de comunh\u00e3o eclesial.<\/p>\n<p><a href=\"http:\/\/franciscanos.org.br\/wp-content\/uploads\/2014\/06\/palio.jpg\"><img loading=\"lazy\" class=\"alignright wp-image-63048 size-full\" src=\"http:\/\/franciscanos.org.br\/wp-content\/uploads\/2014\/06\/palio.jpg\" alt=\"palio\" width=\"329\" height=\"450\" \/><\/a>No in\u00edcio da sua homilia, o Papa Francisco expressou a sua alegria pela presen\u00e7a da Delega\u00e7\u00e3o enviada pelo Patriarca Ecum\u00eanico, \u201co venerado e amado irm\u00e3o Bartolomeu, guiada pelo Metropolita Ioannis\u201d. Pedimos ao Senhor \u2013 disse o Santo Padre &#8211; que possa, tamb\u00e9m esta visita, refor\u00e7ar os nossos la\u00e7os fraternos no caminho rumo \u00e0 plena comunh\u00e3o entre as duas Igrejas irm\u00e3s, por n\u00f3s t\u00e3o desejada.<\/p>\n<p>Em seguida o Pont\u00edfice recordou que \u201cnos primeiros tempos do servi\u00e7o de Pedro, na comunidade crist\u00e3 de Jerusal\u00e9m havia grande apreens\u00e3o por causa das persegui\u00e7\u00f5es de Herodes contra alguns membros da Igreja. Ordenou a morte de Tiago e agora, para agradar ao povo, a pris\u00e3o do pr\u00f3prio Pedro. Ele guardado e acorrentado na pris\u00e3o, quando ouve a voz do Anjo que lhe diz: \u00abErgue-te depressa! (&#8230;) P\u00f5e o cinto e cal\u00e7a as sand\u00e1lias. (&#8230;) Cobre-te com a capa e segue-me\u00bb (Act 12, 7-8). Caiem-lhe as cadeias, e a porta da pris\u00e3o abre-se sozinha. Pedro d\u00e1-se conta de que o Senhor o \u00abarrancou das m\u00e3os de Herodes\u00bb; d\u00e1-se conta de que Deus o libertou do medo e das cadeias. Sim, o Senhor liberta-nos de todo o medo e de todas as cadeias, para podermos ser verdadeiramente livres.<\/p>\n<p>Aqui est\u00e1 um problema que nos toca, disse Francisco, dirigindo aos bispos: o problema do medo e dos ref\u00fagios pastorais.<\/p>\n<p>Pergunto-me: N\u00f3s, amados Irm\u00e3os Bispos, temos medo? De que \u00e9 que temos medo? E, se o temos, que ref\u00fagios procuramos, na nossa vida pastoral, para nos pormos a seguro? Procuramos porventura o apoio daqueles que t\u00eam poder neste mundo? Ou deixamo-nos enganar pelo orgulho que procura compensa\u00e7\u00f5es e agradecimentos, parecendo-nos estar seguros com isso? Onde pomos a nossa seguran\u00e7a?<\/p>\n<p>O testemunho do Ap\u00f3stolo Pedro &#8211; continuou o Papa &#8211; lembra-nos que o nosso verdadeiro ref\u00fagio \u00e9 a confian\u00e7a em Deus: esta afasta todo o medo e torna-nos livres de toda a escravid\u00e3o e de qualquer tenta\u00e7\u00e3o mundana.<\/p>\n<p>Hoje n\u00f3s \u2013 o Bispo de Roma e os outros Bispos, especialmente os Metropolitas que receberam o P\u00e1lio \u2013 sentimos que o exemplo de S\u00e3o Pedro nos desafia a verificar a nossa confian\u00e7a no Senhor.<\/p>\n<p>Pedro experimentou que a fidelidade de Deus \u00e9 maior do que as nossas infidelidades, e mais forte do que as nossas nega\u00e7\u00f5es. D\u00e1-se conta de que a fidelidade do Senhor afasta os nossos medos e ultrapassa toda a imagina\u00e7\u00e3o humana.<\/p>\n<p>Hoje, Jesus faz a mesma pergunta tamb\u00e9m a n\u00f3s: \u00abTu amas-Me?\u00bb. E faz isso precisamente porque conhece os nossos medos e as nossas fadigas. E Pedro indica-nos o caminho: confiar n\u2019Ele, que \u00absabe tudo\u00bb de n\u00f3s, confiando, n\u00e3o na nossa capacidade de Lhe ser fiel, mas na sua inabal\u00e1vel fidelidade. Jesus nunca nos abandona \u00e9 fiel.<\/p>\n<p>A fidelidade que Deus, sem cessar, nos confirma tamb\u00e9m a n\u00f3s, Pastores, independentemente dos nossos m\u00e9ritos, \u00e9 a fonte de nossa confian\u00e7a e da nossa paz.<\/p>\n<p>E Pedro deve contentar-se com o amor de Jesus. Esta experi\u00eancia de Pedro encerra uma mensagem importante tamb\u00e9m para n\u00f3s, amados irm\u00e3os Arcebispos. Hoje, o Senhor repete a mim, a v\u00f3s e a todos os Pastores: Segue-Me! N\u00e3o percas tempo em quest\u00f5es ou conversas in\u00fateis; n\u00e3o te detenhas nas coisas secund\u00e1rias, mas fixa-te no essencial e segue-Me.<\/p>\n<p>Segue-Me, n\u00e3o obstante as dificuldades. Segue-me na prega\u00e7\u00e3o do Evangelho. Segue-Me no testemunho duma vida que corresponda ao dom de gra\u00e7a do Batismo e da Ordena\u00e7\u00e3o. Segue-Me quando falas de Mim \u00e0s pessoas com quem vives dia a dia, na fadiga do trabalho, do di\u00e1logo e da amizade. Segue-Me no an\u00fancio do Evangelho a todos, especialmente aos \u00faltimos, para que a ningu\u00e9m falte a Palavra de vida, que liberta de todo o medo e d\u00e1 a confian\u00e7a na fidelidade de Deus. Segue-Me.<\/p>\n<p>&nbsp;<\/p>\n<p><strong>\u00cdNTEGRA DA HOMILIA<\/strong><\/p>\n<p>Na solenidade dos Ap\u00f3stolos S\u00e3o Pedro e S\u00e3o Paulo, patronos principais de Roma, \u00e9 com alegria e gratid\u00e3o que acolhemos a Delega\u00e7\u00e3o enviada pelo Patriarca Ecum\u00e9nico, o venerado e amado irm\u00e3o Bartolomeu, guiada pelo Metropolita Ioannis. Pedimos ao Senhor que possa, tamb\u00e9m esta visita, refor\u00e7ar os nossos la\u00e7os fraternos no caminho rumo \u00e0 plena comunh\u00e3o entre as duas Igrejas irm\u00e3s, por n\u00f3s t\u00e3o desejada.<\/p>\n<p>\u00abO Senhor enviou o seu anjo e me arrancou das m\u00e3os de Herodes\u00bb (Act 12, 11). Nos primeiros tempos do servi\u00e7o de Pedro, na comunidade crist\u00e3 de Jerusal\u00e9m havia grande apreens\u00e3o por causa das persegui\u00e7\u00f5es de Herodes contra alguns membros da Igreja. Ordenou a morte de Tiago e agora, para agradar ao povo, a pris\u00e3o do pr\u00f3prio Pedro. Estava este guardado e acorrentado na pris\u00e3o, quando ouve a voz do Anjo que lhe diz: \u00abErgue-te depressa! (\u2026) P\u00f5e o cinto e cal\u00e7a as sand\u00e1lias. (\u2026) Cobre-te com a capa e segue-me\u00bb (Act 12, 7-8). Caiem-lhe as cadeias, e a porta da pris\u00e3o abre-se sozinha. Pedro d\u00e1-se conta de que o Senhor o \u00abarrancou das m\u00e3os de Herodes\u00bb; d\u00e1-se conta de que Deus o libertou do medo e das cadeias. Sim, o Senhor liberta-nos de todo o medo e de todas as cadeias, para podermos ser verdadeiramente livres. Este facto aparece bem expresso nas palavras do refr\u00e3o do Salmo Responsorial da celebra\u00e7\u00e3o lit\u00fargica de hoje: \u00abO Senhor libertou-me de toda a ansiedade\u00bb.<\/p>\n<p>Aqui est\u00e1 um problema que nos toca: o problema do medo e dos ref\u00fagios pastorais.<\/p>\n<p>Pergunto-me: N\u00f3s, amados Irm\u00e3os Bispos, temos medo? De que \u00e9 que temos medo? E, se o temos, que ref\u00fagios procuramos, na nossa vida pastoral, para nos pormos a seguro? Procuramos porventura o apoio daqueles que t\u00eam poder neste mundo? Ou deixamo-nos enganar pelo orgulho que procura compensa\u00e7\u00f5es e agradecimentos, parecendo-nos estar seguros com isso? Amados Irm\u00e3os Bispos, onde pomos a nossa seguran\u00e7a?<\/p>\n<p>O testemunho do ap\u00f3stolo Pedro lembra-nos que o nosso verdadeiro ref\u00fagio \u00e9 a confian\u00e7a em Deus: esta afasta todo o medo e torna-nos livres de toda a escravid\u00e3o e de qualquer tenta\u00e7\u00e3o mundana. Hoje n\u00f3s \u2013 o Bispo de Roma e os outros Bispos, especialmente os Metropolitas que receberam o P\u00e1lio \u2013 sentimos que o exemplo de S\u00e3o Pedro nos desafia a verificar a nossa confian\u00e7a no Senhor.<\/p>\n<p>Pedro reencontrou a confian\u00e7a, quando Jesus lhe disse por tr\u00eas vezes: \u00abApascenta as minhas ovelhas\u00bb (Jo 21, 15.16.17). Ao mesmo tempo ele, Sim\u00e3o, confessou por tr\u00eas vezes o seu amor a Jesus, reparando assim a tr\u00edplice nega\u00e7\u00e3o ocorrida durante a Paix\u00e3o. Pedro ainda sente queimar dentro de si a ferida da desilus\u00e3o que deu ao seu Senhor na noite da trai\u00e7\u00e3o. Agora que Ele lhe pergunta \u00abtu amas-Me?\u00bb, Pedro n\u00e3o se fia de si mesmo nem das pr\u00f3prias for\u00e7as, mas entrega-se a Jesus e \u00e0 sua miseric\u00f3rdia: \u00abSenhor, Tu sabes tudo; Tu bem sabes que eu sou deveras teu amigo!\u00bb (Jo 21, 17). E aqui desaparece o medo, a inseguran\u00e7a, a covardia.<\/p>\n<p>Pedro experimentou que a fidelidade de Deus \u00e9 maior do que as nossas infidelidades, e mais forte do que as nossas nega\u00e7\u00f5es. D\u00e1-se conta de que a fidelidade do Senhor afasta os nossos medos e ultrapassa toda a imagina\u00e7\u00e3o humana. Hoje, Jesus faz a mesma pergunta tamb\u00e9m a n\u00f3s: \u00abTu amas-Me?\u00bb. F\u00e1-lo precisamente porque conhece os nossos medos e as nossas fadigas. E Pedro indica-nos o caminho: fiarmo-nos d\u2019Ele, que \u00absabe tudo\u00bb de n\u00f3s, confiando, n\u00e3o na nossa capacidade de Lhe ser fiel, mas na sua inabal\u00e1vel fidelidade. Jesus nunca nos abandona, porque n\u00e3o pode negar-Se a Si mesmo (cf. 2 Tm 2, 13). \u00c8 fiel. A fidelidade que Deus, sem cessar, nos confirma tamb\u00e9m a n\u00f3s, Pastores, independentemente dos nossos m\u00e9ritos, \u00e9 a fonte de nossa confian\u00e7a e da nossa paz. A fidelidade do Senhor para connosco mant\u00e9m sempre aceso em n\u00f3s o desejo de O servir e de servir os irm\u00e3os na caridade.<\/p>\n<p>E Pedro deve contentar-se com o amor de Jesus. N\u00e3o deve ceder \u00e0 tenta\u00e7\u00e3o da curiosidade, da inveja, como quando perguntou a Jesus, ao ver ali perto Jo\u00e3o: \u00abSenhor, e que vai ser deste?\u00bb (Jo 21, 21). Mas Jesus, perante estas tenta\u00e7\u00f5es, responde-lhe: \u00abQue tens tu com isso? Tu segue-Me!\u00bb (Jo 21, 22). Esta experi\u00eancia de Pedro encerra uma mensagem importante tamb\u00e9m para n\u00f3s, amados irm\u00e3os Arcebispos. Hoje, o Senhor repete a mim, a v\u00f3s e a todos os Pastores: Segue-Me! N\u00e3o percas tempo em quest\u00f5es ou conversas in\u00fateis; n\u00e3o te detenhas nas coisas secund\u00e1rias, mas fixa-te no essencial e segue-Me. Segue-Me, n\u00e3o obstante as dificuldades. Segue-me na prega\u00e7\u00e3o do Evangelho. Segue-Me no testemunho duma vida que corresponda ao dom de gra\u00e7a do Baptismo e da Ordena\u00e7\u00e3o. Segue-Me quando falas de Mim \u00e0s pessoas com quem vives dia-a-dia, na fadiga do trabalho, do di\u00e1logo e da amizade. Segue-Me no an\u00fancio do Evangelho a todos, especialmente aos \u00faltimos, para que a ningu\u00e9m falte a Palavra de vida, que liberta de todo o medo e d\u00e1 a confian\u00e7a na fidelidade de Deus. Tu segue-Me\u201d!<\/p>\n<p><strong> Solenidade dos santos ap\u00f3stolos Pedro e Paulo<\/strong><br \/>\n<strong> Bas\u00edlica Vaticana<\/strong><br \/>\n<strong> Domingo, 29 de junho de 2014<\/strong><\/p>\n<hr \/>\n<p><em>Fonte: R\u00e1dio Vaticano<\/em><\/p>\n","protected":false},"excerpt":{"rendered":"<p>Solenidade de Pedro e Paulo<\/p>\n","protected":false},"author":1,"featured_media":219051,"comment_status":"closed","ping_status":"open","sticky":false,"template":"","format":"standard","meta":[],"categories":[1428],"tags":[1688],"acf":[],"yoast_head":"<!-- This site is optimized with the Yoast SEO plugin v19.2 - https:\/\/yoast.com\/wordpress\/plugins\/seo\/ -->\n<title>Papa: &quot;De que n\u00f3s, bispos, temos medo?&quot; - Not\u00edcias - Franciscanos<\/title>\n<meta name=\"robots\" content=\"index, follow, max-snippet:-1, max-image-preview:large, max-video-preview:-1\" \/>\n<link rel=\"canonical\" href=\"https:\/\/franciscanos.org.br\/noticias\/papa-de-que-nos-bispos-temos-medo.html\" \/>\n<meta property=\"og:locale\" content=\"pt_BR\" \/>\n<meta property=\"og:type\" content=\"article\" \/>\n<meta property=\"og:title\" content=\"Papa: &quot;De que n\u00f3s, bispos, temos medo?&quot; - Not\u00edcias - Franciscanos\" \/>\n<meta property=\"og:description\" content=\"Solenidade de Pedro e Paulo\" \/>\n<meta property=\"og:url\" content=\"https:\/\/franciscanos.org.br\/noticias\/papa-de-que-nos-bispos-temos-medo.html\" \/>\n<meta property=\"og:site_name\" content=\"Not\u00edcias - Franciscanos\" \/>\n<meta property=\"article:published_time\" content=\"2014-06-30T10:12:49+00:00\" \/>\n<meta property=\"article:modified_time\" content=\"2020-06-10T20:56:46+00:00\" \/>\n<meta property=\"og:image\" content=\"https:\/\/franciscanos.org.br\/noticias\/wp-content\/uploads\/2014\/06\/palio.jpg\" \/>\n\t<meta property=\"og:image:width\" content=\"273\" \/>\n\t<meta property=\"og:image:height\" content=\"181\" \/>\n\t<meta property=\"og:image:type\" content=\"image\/jpeg\" \/>\n<meta name=\"author\" content=\"admin\" \/>\n<meta name=\"twitter:card\" content=\"summary_large_image\" \/>\n<meta name=\"twitter:label1\" content=\"Escrito por\" \/>\n\t<meta name=\"twitter:data1\" content=\"admin\" \/>\n\t<meta name=\"twitter:label2\" content=\"Est. tempo de leitura\" \/>\n\t<meta name=\"twitter:data2\" content=\"9 minutos\" \/>\n<script type=\"application\/ld+json\" class=\"yoast-schema-graph\">{\"@context\":\"https:\/\/schema.org\",\"@graph\":[{\"@type\":\"WebSite\",\"@id\":\"https:\/\/franciscanos.org.br\/noticias\/#website\",\"url\":\"https:\/\/franciscanos.org.br\/noticias\/\",\"name\":\"Not\u00edcias - Franciscanos\",\"description\":\"Prov\u00edncia Franciscana da Imaculada Concei\u00e7\u00e3o do Brasil - Ordem dos Frades Menores - OFM\",\"potentialAction\":[{\"@type\":\"SearchAction\",\"target\":{\"@type\":\"EntryPoint\",\"urlTemplate\":\"https:\/\/franciscanos.org.br\/noticias\/?s={search_term_string}\"},\"query-input\":\"required name=search_term_string\"}],\"inLanguage\":\"pt-BR\"},{\"@type\":\"ImageObject\",\"inLanguage\":\"pt-BR\",\"@id\":\"https:\/\/franciscanos.org.br\/noticias\/papa-de-que-nos-bispos-temos-medo.html#primaryimage\",\"url\":\"https:\/\/franciscanos.org.br\/noticias\/wp-content\/uploads\/2014\/06\/palio.jpg\",\"contentUrl\":\"https:\/\/franciscanos.org.br\/noticias\/wp-content\/uploads\/2014\/06\/palio.jpg\",\"width\":273,\"height\":181},{\"@type\":\"WebPage\",\"@id\":\"https:\/\/franciscanos.org.br\/noticias\/papa-de-que-nos-bispos-temos-medo.html#webpage\",\"url\":\"https:\/\/franciscanos.org.br\/noticias\/papa-de-que-nos-bispos-temos-medo.html\",\"name\":\"Papa: \\\"De que n\u00f3s, bispos, temos medo?\\\" - Not\u00edcias - Franciscanos\",\"isPartOf\":{\"@id\":\"https:\/\/franciscanos.org.br\/noticias\/#website\"},\"primaryImageOfPage\":{\"@id\":\"https:\/\/franciscanos.org.br\/noticias\/papa-de-que-nos-bispos-temos-medo.html#primaryimage\"},\"datePublished\":\"2014-06-30T10:12:49+00:00\",\"dateModified\":\"2020-06-10T20:56:46+00:00\",\"author\":{\"@id\":\"https:\/\/franciscanos.org.br\/noticias\/#\/schema\/person\/b38fbf43118f02820bd932f2e4b14ad3\"},\"breadcrumb\":{\"@id\":\"https:\/\/franciscanos.org.br\/noticias\/papa-de-que-nos-bispos-temos-medo.html#breadcrumb\"},\"inLanguage\":\"pt-BR\",\"potentialAction\":[{\"@type\":\"ReadAction\",\"target\":[\"https:\/\/franciscanos.org.br\/noticias\/papa-de-que-nos-bispos-temos-medo.html\"]}]},{\"@type\":\"BreadcrumbList\",\"@id\":\"https:\/\/franciscanos.org.br\/noticias\/papa-de-que-nos-bispos-temos-medo.html#breadcrumb\",\"itemListElement\":[{\"@type\":\"ListItem\",\"position\":1,\"name\":\"Home\",\"item\":\"https:\/\/franciscanos.org.br\/noticias\"},{\"@type\":\"ListItem\",\"position\":2,\"name\":\"Papa: &#8220;De que n\u00f3s, bispos, temos medo?&#8221;\"}]},{\"@type\":\"Person\",\"@id\":\"https:\/\/franciscanos.org.br\/noticias\/#\/schema\/person\/b38fbf43118f02820bd932f2e4b14ad3\",\"name\":\"admin\",\"image\":{\"@type\":\"ImageObject\",\"inLanguage\":\"pt-BR\",\"@id\":\"https:\/\/franciscanos.org.br\/noticias\/#\/schema\/person\/image\/\",\"url\":\"https:\/\/secure.gravatar.com\/avatar\/e8495742d34d0ba6448ea1c628263b3e?s=96&d=mm&r=g\",\"contentUrl\":\"https:\/\/secure.gravatar.com\/avatar\/e8495742d34d0ba6448ea1c628263b3e?s=96&d=mm&r=g\",\"caption\":\"admin\"},\"url\":\"https:\/\/franciscanos.org.br\/noticias\/author\/admin\"}]}<\/script>\n<!-- \/ Yoast SEO plugin. -->","yoast_head_json":{"title":"Papa: \"De que n\u00f3s, bispos, temos medo?\" - Not\u00edcias - Franciscanos","robots":{"index":"index","follow":"follow","max-snippet":"max-snippet:-1","max-image-preview":"max-image-preview:large","max-video-preview":"max-video-preview:-1"},"canonical":"https:\/\/franciscanos.org.br\/noticias\/papa-de-que-nos-bispos-temos-medo.html","og_locale":"pt_BR","og_type":"article","og_title":"Papa: \"De que n\u00f3s, bispos, temos medo?\" - Not\u00edcias - Franciscanos","og_description":"Solenidade de Pedro e Paulo","og_url":"https:\/\/franciscanos.org.br\/noticias\/papa-de-que-nos-bispos-temos-medo.html","og_site_name":"Not\u00edcias - Franciscanos","article_published_time":"2014-06-30T10:12:49+00:00","article_modified_time":"2020-06-10T20:56:46+00:00","og_image":[{"width":273,"height":181,"url":"https:\/\/franciscanos.org.br\/noticias\/wp-content\/uploads\/2014\/06\/palio.jpg","type":"image\/jpeg"}],"author":"admin","twitter_card":"summary_large_image","twitter_misc":{"Escrito por":"admin","Est. tempo de leitura":"9 minutos"},"schema":{"@context":"https:\/\/schema.org","@graph":[{"@type":"WebSite","@id":"https:\/\/franciscanos.org.br\/noticias\/#website","url":"https:\/\/franciscanos.org.br\/noticias\/","name":"Not\u00edcias - Franciscanos","description":"Prov\u00edncia Franciscana da Imaculada Concei\u00e7\u00e3o do Brasil - Ordem dos Frades Menores - OFM","potentialAction":[{"@type":"SearchAction","target":{"@type":"EntryPoint","urlTemplate":"https:\/\/franciscanos.org.br\/noticias\/?s={search_term_string}"},"query-input":"required name=search_term_string"}],"inLanguage":"pt-BR"},{"@type":"ImageObject","inLanguage":"pt-BR","@id":"https:\/\/franciscanos.org.br\/noticias\/papa-de-que-nos-bispos-temos-medo.html#primaryimage","url":"https:\/\/franciscanos.org.br\/noticias\/wp-content\/uploads\/2014\/06\/palio.jpg","contentUrl":"https:\/\/franciscanos.org.br\/noticias\/wp-content\/uploads\/2014\/06\/palio.jpg","width":273,"height":181},{"@type":"WebPage","@id":"https:\/\/franciscanos.org.br\/noticias\/papa-de-que-nos-bispos-temos-medo.html#webpage","url":"https:\/\/franciscanos.org.br\/noticias\/papa-de-que-nos-bispos-temos-medo.html","name":"Papa: \"De que n\u00f3s, bispos, temos medo?\" - Not\u00edcias - Franciscanos","isPartOf":{"@id":"https:\/\/franciscanos.org.br\/noticias\/#website"},"primaryImageOfPage":{"@id":"https:\/\/franciscanos.org.br\/noticias\/papa-de-que-nos-bispos-temos-medo.html#primaryimage"},"datePublished":"2014-06-30T10:12:49+00:00","dateModified":"2020-06-10T20:56:46+00:00","author":{"@id":"https:\/\/franciscanos.org.br\/noticias\/#\/schema\/person\/b38fbf43118f02820bd932f2e4b14ad3"},"breadcrumb":{"@id":"https:\/\/franciscanos.org.br\/noticias\/papa-de-que-nos-bispos-temos-medo.html#breadcrumb"},"inLanguage":"pt-BR","potentialAction":[{"@type":"ReadAction","target":["https:\/\/franciscanos.org.br\/noticias\/papa-de-que-nos-bispos-temos-medo.html"]}]},{"@type":"BreadcrumbList","@id":"https:\/\/franciscanos.org.br\/noticias\/papa-de-que-nos-bispos-temos-medo.html#breadcrumb","itemListElement":[{"@type":"ListItem","position":1,"name":"Home","item":"https:\/\/franciscanos.org.br\/noticias"},{"@type":"ListItem","position":2,"name":"Papa: &#8220;De que n\u00f3s, bispos, temos medo?&#8221;"}]},{"@type":"Person","@id":"https:\/\/franciscanos.org.br\/noticias\/#\/schema\/person\/b38fbf43118f02820bd932f2e4b14ad3","name":"admin","image":{"@type":"ImageObject","inLanguage":"pt-BR","@id":"https:\/\/franciscanos.org.br\/noticias\/#\/schema\/person\/image\/","url":"https:\/\/secure.gravatar.com\/avatar\/e8495742d34d0ba6448ea1c628263b3e?s=96&d=mm&r=g","contentUrl":"https:\/\/secure.gravatar.com\/avatar\/e8495742d34d0ba6448ea1c628263b3e?s=96&d=mm&r=g","caption":"admin"},"url":"https:\/\/franciscanos.org.br\/noticias\/author\/admin"}]}},"_links":{"self":[{"href":"https:\/\/franciscanos.org.br\/noticias\/wp-json\/wp\/v2\/posts\/63038"}],"collection":[{"href":"https:\/\/franciscanos.org.br\/noticias\/wp-json\/wp\/v2\/posts"}],"about":[{"href":"https:\/\/franciscanos.org.br\/noticias\/wp-json\/wp\/v2\/types\/post"}],"author":[{"embeddable":true,"href":"https:\/\/franciscanos.org.br\/noticias\/wp-json\/wp\/v2\/users\/1"}],"replies":[{"embeddable":true,"href":"https:\/\/franciscanos.org.br\/noticias\/wp-json\/wp\/v2\/comments?post=63038"}],"version-history":[{"count":1,"href":"https:\/\/franciscanos.org.br\/noticias\/wp-json\/wp\/v2\/posts\/63038\/revisions"}],"predecessor-version":[{"id":226202,"href":"https:\/\/franciscanos.org.br\/noticias\/wp-json\/wp\/v2\/posts\/63038\/revisions\/226202"}],"wp:featuredmedia":[{"embeddable":true,"href":"https:\/\/franciscanos.org.br\/noticias\/wp-json\/wp\/v2\/media\/219051"}],"wp:attachment":[{"href":"https:\/\/franciscanos.org.br\/noticias\/wp-json\/wp\/v2\/media?parent=63038"}],"wp:term":[{"taxonomy":"category","embeddable":true,"href":"https:\/\/franciscanos.org.br\/noticias\/wp-json\/wp\/v2\/categories?post=63038"},{"taxonomy":"post_tag","embeddable":true,"href":"https:\/\/franciscanos.org.br\/noticias\/wp-json\/wp\/v2\/tags?post=63038"}],"curies":[{"name":"wp","href":"https:\/\/api.w.org\/{rel}","templated":true}]}}