{"id":62954,"date":"2014-01-31T07:36:21","date_gmt":"2014-01-31T09:36:21","guid":{"rendered":"http:\/\/franciscanos.org.br\/?p=62954"},"modified":"2020-01-28T13:58:50","modified_gmt":"2020-01-28T16:58:50","slug":"falece-frei-jurandir-cristofolini","status":"publish","type":"post","link":"https:\/\/franciscanos.org.br\/noticias\/falece-frei-jurandir-cristofolini.html","title":{"rendered":"Falece Frei Jurandir Cristofolini"},"content":{"rendered":"<p><img loading=\"lazy\" class=\"alignright wp-image-62956 size-full\" src=\"http:\/\/franciscanos.org.br\/wp-content\/uploads\/2014\/06\/081_250214_jura.jpg\" alt=\"081_250214_jura\" width=\"450\" height=\"342\" \/>Frei Jurandir Cristofolini faleceu, \u00e0s 20h15, do dia 31 de janeiro \u00faltimo, em Bragan\u00e7a Paulista.<\/p>\n<p>Seu corpo foi velado na Fraternidade de Bragan\u00e7a Paulista e, no dia seguinte, por volta das 11h00, foi transladado para S\u00e3o Paulo, onde, \u00e0s 14h00, no Cemit\u00e9rio do Sant\u00edssimo Sacramento, foi celebrada a Missa de Ex\u00e9quias, antes do sepultamento.<\/p>\n<p>Frei R\u00e9gis Daher, em um boletim enviado aos frades, detalhou o estado de sa\u00fade antes de seu falecimento. \u201cNos \u00faltimos dias, Frei Jurandir estava bastante inquieto, sens\u00edvel,\u00a0 devido ao calor intenso deste t\u00f3rrido ver\u00e3o. Gemidos constantes e gritos chamaram a aten\u00e7\u00e3o da enfermagem e dos confrades. Na sexta-feira, dia 24, foi chamada a m\u00e9dica da casa Dra. \u00c2ngela Izzo. Fez a ausculta e o pulm\u00e3o estava limpo. Constatou, por\u00e9m, uma distens\u00e3o (incha\u00e7o) do abd\u00f4men. Solicitou uma lavagem intestinal que, no entanto, teve pouco resultado. Suspendeu o sulfato ferroso e pediu que ficasse em observa\u00e7\u00e3o.\u00a0 Passado o final de semana sem melhora no quadro, na tarde da segunda-feira, dia 27, foi levado ao Hospital HUSF e foi avaliado pelo m\u00e9dico cirurgi\u00e3o Dr. Jacinto Soares Souza Lima Jr (gastro). Solicitou exame de sangue, de urina e RX. Constatou-se in\u00edcio de pneumonia. Ante o risco de contrair infec\u00e7\u00e3o hospitalar mais grave, retornou para casa com a prescri\u00e7\u00e3o de antibi\u00f3tico. Na ter\u00e7a-feira n\u00e3o houve melhora, apresentando palidez e febre. Na manh\u00e3 da quarta-feira, novamente foi levado ao HUSF, tendo sido atendido por Dr. Rodolfo Melari que solicitou novos exames (sangue, urina, RX, eletrocardiograma, ultrassom e tomografia). Os exames acusaram derrame pleural, hemoglobina baixa e hipotassemia (pot\u00e1ssio baixo). A partir desses resultados o tratamento consistiu na reposi\u00e7\u00e3o de pot\u00e1ssio, transfus\u00e3o sangu\u00ednea e novos antibi\u00f3ticos. Pela evolu\u00e7\u00e3o do quadro, foi feita uma drenagem do t\u00f3rax.\u00a0 O tratamento, contudo, n\u00e3o reverteu o quadro cr\u00edtico de Frei Jurandir.<\/p>\n<p><img loading=\"lazy\" class=\"alignleft wp-image-62958 size-full\" src=\"http:\/\/franciscanos.org.br\/wp-content\/uploads\/2014\/06\/083_250214_jura.jpg\" alt=\"083_250214_jura\" width=\"450\" height=\"338\" \/><strong>O FRADE MENOR FREI JURA<\/strong><\/p>\n<p>Em carta de 1\u00ba de outubro de 1973, dirigida ao ent\u00e3o Ministro Provincial Frei Walter Kempf, pedindo para receber o h\u00e1bito franciscano, ao iniciar o Noviciado em Rodeio, Frei Jurandir, bem ao final, escreve: \u201cN\u00e3o tenho certeza absoluta que vou ser padre franciscano, mas, no momento, quero pedir ao senhor a permiss\u00e3o para me tornar um religioso franciscano. Chegou a hora de dar um passo bastante importante. Entre a vida secular e religiosa eu optei por esta. Sei que n\u00e3o \u00e9 um barco que est\u00e1 afundando &#8211; isso o senhor nos disse certa ocasi\u00e3o -, e\u00a0 assim eu pe\u00e7o para ajudar a remar\u201d.<\/p>\n<p>Hoje Frei Jura n\u00e3o rema mais no barco da Vida Franciscana entre n\u00f3s. Mergulhou no mar infinito do amor de Deus. Mas o passo que ele deu ao ingressar no Noviciado foi de fato muito importante. Nestes anos todos, ele nos ajudou a remar o barco de nossa vida, como irm\u00e3o, como amigo. Certamente, o jovem Jurandir n\u00e3o poderia imaginar que as \u00e1guas dos seus \u00faltimos 7 anos de vida seriam remadas numa cama de hospital, sem praticamente comunica\u00e7\u00e3o alguma, sem fala, sem gestos, por\u00e9m, com muitos per\u00edodos de gritos, de dores e desconfortos.<\/p>\n<p>Pensando no que S\u00e3o Paulo nos ensina ao afirmar que \u201ccompletamos em nossa carne o que falta aos sofrimentos de Cristo\u201d temos necessariamente que reconhecer o quanto Frei Jura participou desse sofrimento, e se a morte de Jesus foi vic\u00e1ria, o calv\u00e1rio de Frei Jura tamb\u00e9m o foi para n\u00f3s.<\/p>\n<p>Frei Jura caprichou bastante ao escrever o seu Curriculum\u00a0 Vitae, e fez o que n\u00e3o era muito de seu feitio: falar de si mesmo, mas o fez com precis\u00e3o impressionante:<\/p>\n<p><img loading=\"lazy\" class=\"alignright wp-image-62960 size-full\" src=\"http:\/\/franciscanos.org.br\/wp-content\/uploads\/2014\/06\/082_250214_jura.jpg\" alt=\"082_250214_jura\" width=\"450\" height=\"338\" \/>\u201cN\u00e3o h\u00e1 muito a dizer de mim mesmo. Eu me sinto uma pessoa de poucas palavras, mas direto e sincero no que digo e fa\u00e7o. Gostaria que a vida e a conviv\u00eancia fosse a festa de todos os dias, marcado pelas exig\u00eancias e necessidades di\u00e1rias e comuns, onde as pessoas fossem convivendo sem que fosse necess\u00e1ria a cria\u00e7\u00e3o do artificial que nos desse a sensa\u00e7\u00e3o de que somos irm\u00e3os. Gosto de ordem e evid\u00eancia no que fa\u00e7o. Sou um tanto met\u00f3dico na maneira de trabalhar e organizar o meu dia. N\u00e3o gosto, de maneira geral, do improviso. Em rela\u00e7\u00e3o \u00e0s pessoas, sou daqueles que me aproximo devagar, aos poucos. Da mesma forma como n\u00e3o permito que me invadam num primeiro encontro. Existe, sim, um bocado de timidez, certa inseguran\u00e7a. Demoro a me sentir em casa, quando longe da minha. Na verdade, acho que sou de uma casa s\u00f3. Sempre gostei de estar em casa. Viajar \u00e9 sempre um sofrimento\u201d.<\/p>\n<p>Aos quarenta e cinco anos de idade, referindo-se ao trabalho, Frei Jura afirma ter dificuldade em comentar sobre isso. \u201cOlhando para tr\u00e1s, n\u00e3o vejo qualquer coisa a destacar como marcante. Terei vivido t\u00e3o mediocramente que n\u00e3o sobre nada at\u00e9 aqui? Possivelmente minha vida seja marcada pela busca de todos os dias pelo que est\u00e1 por vir, pelo que est\u00e1 \u00e0 frente, pelo que est\u00e1 por ser alcan\u00e7ado. O dia que passou, a conquista realizada, padecem da injusti\u00e7a de serem passado. \u00c9 evidente que hoje sou tudo o que consegui realizar at\u00e9 aqui. Mas tudo de tal forma integrado que a luz recai sempre no que sou. E o que sou tem sempre presente o que posso vir a ser. (&#8230;) Dos trabalhos e atividades realizadas at\u00e9 aqui posso dizer que toda transfer\u00eancia, at\u00e9 agora, me fez sofrer muito. Sofri em todas elas por ter que deixar uma casa, confrades, trabalho e pessoas de quem eu gostava. \u00c9 bom poder dizer que se t\u00eam saudades do Pari, de Ituporanga, de Rondinha e de Agudos\u201d.<\/p>\n<p>Embora t\u00edmido e geralmente reservado, Frei Jurandir revela o quanto era importante para ele a fraternidade, e o que dela esperava como ideal. \u201cPara mim a vida religiosa franciscana deveria gerar irm\u00e3os com uma qualidade tal que o conviver viesse a se transformar na grande alegria dos confrades\u201d.<\/p>\n<p><img loading=\"lazy\" class=\"alignleft wp-image-62962 size-full\" src=\"http:\/\/franciscanos.org.br\/wp-content\/uploads\/2014\/06\/080_250214_jura.jpg\" alt=\"080_250214_jura\" width=\"450\" height=\"338\" \/>Nos \u00faltimos anos, tivemos uma presen\u00e7a diferente de Frei Jurandir entre n\u00f3s. N\u00e3o aquela que est\u00e1vamos acostumados a ter, e de que temos saudades: aquela de remar juntos na simplicidade do dia a dia, do trabalho e das alegrias corriqueiras. Mas, ela era eloquente, questionadora sobre a vida e seu sentido. Mergulhado em Deus, ele possa interceder pelo nosso barco e pelas for\u00e7as de que precisamos para continuar remando. E que a plenitude do mar seja toda sua paz e alegria!<\/p>\n<p><strong>Dados pessoais, forma\u00e7\u00e3o e atividades<\/strong><\/p>\n<p><strong>Nascimento: <\/strong>19\/11\/1953 (60 anos de idade), em Rodeio;<br \/>\n<strong>Admiss\u00e3o ao Noviciado:<\/strong> 20.01.1974, em Rodeio, SC;<br \/>\n<strong>Primeira Profiss\u00e3o: <\/strong>20.01.1975;<br \/>\n<strong>Profiss\u00e3o Solene: <\/strong>02.08.1978;<br \/>\n<strong>Ordena\u00e7\u00e3o Presbiteral: <\/strong>15.01.1980;<br \/>\n<strong>12.12.1980 \u2013<\/strong> S\u00e3o Paulo \u2013 Pari \u2013 vig\u00e1rio cooperador;<br \/>\n<strong>29.08.1981 \u2013<\/strong> Ituporanga \u2013 semin\u00e1rio \u2013 professor e orientador;<br \/>\n<strong>21.01.1989 \u2013<\/strong> Rondinha \u2013 vice-mestre;<br \/>\n<strong>18.01.1992 \u2013<\/strong> guardi\u00e3o e vice-reitor do Instituto de Filosofia;<br \/>\n<strong>10.01.1995 \u2013 <\/strong>Agudos \u2013 guardi\u00e3o;<br \/>\n<strong>21.09.1997 \u2013<\/strong> eleito Definidor Provincial;<br \/>\n<strong>30.11.1997 \u2013 <\/strong>S\u00e3o Paulo \u2013 Provincialado \u2013 ec\u00f4nomo, secret\u00e1rio do Secretariado da Administra\u00e7\u00e3o dos Bens;<br \/>\n<strong>16.09.2000 \u2013<\/strong> eleito Vig\u00e1rio Provincial;<br \/>\n<strong>20.09.2003 \u2013 <\/strong>reeleito Definidor Provincial;<br \/>\n<strong>07.11.2003 \u2013<\/strong> S\u00e3o Paulo \u2013 Vila Clementino \u2013 guardi\u00e3o, ec\u00f4nomo provincial e Secret\u00e1rio do Seabens;<br \/>\n<strong>04.08.2005 \u2013<\/strong> Presidente da\u00a0 Casa Nossa Senhora da Paz;<br \/>\n<strong>28.09.2006 \u2013<\/strong> sofreu parada card\u00edaca e AVC isqu\u00eamico, com graves sequelas;<br \/>\n<strong>25.11.2008 \u2013<\/strong> Bragan\u00e7a Paulista \u2013 para cuidados constantes de enfermagem.<br \/>\nR.I.P.<\/p>\n<p><strong>Frei Walter de Carvalho J\u00fanior<\/strong><\/p>\n","protected":false},"excerpt":{"rendered":"<p>Falecimento<\/p>\n","protected":false},"author":1,"featured_media":216770,"comment_status":"closed","ping_status":"open","sticky":false,"template":"","format":"standard","meta":[],"categories":[1],"tags":[],"acf":[],"yoast_head":"<!-- This site is optimized with the Yoast SEO plugin v19.2 - https:\/\/yoast.com\/wordpress\/plugins\/seo\/ -->\n<title>Falece Frei Jurandir Cristofolini - Not\u00edcias - Franciscanos<\/title>\n<meta name=\"robots\" content=\"index, follow, max-snippet:-1, max-image-preview:large, max-video-preview:-1\" \/>\n<link rel=\"canonical\" href=\"https:\/\/franciscanos.org.br\/noticias\/falece-frei-jurandir-cristofolini.html\" \/>\n<meta property=\"og:locale\" content=\"pt_BR\" \/>\n<meta property=\"og:type\" content=\"article\" \/>\n<meta property=\"og:title\" content=\"Falece Frei Jurandir Cristofolini - Not\u00edcias - Franciscanos\" \/>\n<meta property=\"og:description\" content=\"Falecimento\" \/>\n<meta property=\"og:url\" content=\"https:\/\/franciscanos.org.br\/noticias\/falece-frei-jurandir-cristofolini.html\" \/>\n<meta property=\"og:site_name\" content=\"Not\u00edcias - Franciscanos\" \/>\n<meta property=\"article:published_time\" content=\"2014-01-31T09:36:21+00:00\" \/>\n<meta property=\"article:modified_time\" content=\"2020-01-28T16:58:50+00:00\" \/>\n<meta property=\"og:image\" content=\"https:\/\/franciscanos.org.br\/noticias\/wp-content\/uploads\/2014\/01\/081_250214_jura.jpg\" \/>\n\t<meta property=\"og:image:width\" content=\"273\" \/>\n\t<meta property=\"og:image:height\" content=\"181\" \/>\n\t<meta property=\"og:image:type\" content=\"image\/jpeg\" \/>\n<meta name=\"author\" content=\"admin\" \/>\n<meta name=\"twitter:card\" content=\"summary_large_image\" \/>\n<meta name=\"twitter:label1\" content=\"Escrito por\" \/>\n\t<meta name=\"twitter:data1\" content=\"admin\" \/>\n\t<meta name=\"twitter:label2\" content=\"Est. tempo de leitura\" \/>\n\t<meta name=\"twitter:data2\" content=\"6 minutos\" \/>\n<script type=\"application\/ld+json\" class=\"yoast-schema-graph\">{\"@context\":\"https:\/\/schema.org\",\"@graph\":[{\"@type\":\"WebSite\",\"@id\":\"https:\/\/franciscanos.org.br\/noticias\/#website\",\"url\":\"https:\/\/franciscanos.org.br\/noticias\/\",\"name\":\"Not\u00edcias - Franciscanos\",\"description\":\"Prov\u00edncia Franciscana da Imaculada Concei\u00e7\u00e3o do Brasil - Ordem dos Frades Menores - OFM\",\"potentialAction\":[{\"@type\":\"SearchAction\",\"target\":{\"@type\":\"EntryPoint\",\"urlTemplate\":\"https:\/\/franciscanos.org.br\/noticias\/?s={search_term_string}\"},\"query-input\":\"required name=search_term_string\"}],\"inLanguage\":\"pt-BR\"},{\"@type\":\"ImageObject\",\"inLanguage\":\"pt-BR\",\"@id\":\"https:\/\/franciscanos.org.br\/noticias\/falece-frei-jurandir-cristofolini.html#primaryimage\",\"url\":\"https:\/\/franciscanos.org.br\/noticias\/wp-content\/uploads\/2014\/01\/081_250214_jura.jpg\",\"contentUrl\":\"https:\/\/franciscanos.org.br\/noticias\/wp-content\/uploads\/2014\/01\/081_250214_jura.jpg\",\"width\":273,\"height\":181},{\"@type\":\"WebPage\",\"@id\":\"https:\/\/franciscanos.org.br\/noticias\/falece-frei-jurandir-cristofolini.html#webpage\",\"url\":\"https:\/\/franciscanos.org.br\/noticias\/falece-frei-jurandir-cristofolini.html\",\"name\":\"Falece Frei Jurandir Cristofolini - Not\u00edcias - Franciscanos\",\"isPartOf\":{\"@id\":\"https:\/\/franciscanos.org.br\/noticias\/#website\"},\"primaryImageOfPage\":{\"@id\":\"https:\/\/franciscanos.org.br\/noticias\/falece-frei-jurandir-cristofolini.html#primaryimage\"},\"datePublished\":\"2014-01-31T09:36:21+00:00\",\"dateModified\":\"2020-01-28T16:58:50+00:00\",\"author\":{\"@id\":\"https:\/\/franciscanos.org.br\/noticias\/#\/schema\/person\/b38fbf43118f02820bd932f2e4b14ad3\"},\"breadcrumb\":{\"@id\":\"https:\/\/franciscanos.org.br\/noticias\/falece-frei-jurandir-cristofolini.html#breadcrumb\"},\"inLanguage\":\"pt-BR\",\"potentialAction\":[{\"@type\":\"ReadAction\",\"target\":[\"https:\/\/franciscanos.org.br\/noticias\/falece-frei-jurandir-cristofolini.html\"]}]},{\"@type\":\"BreadcrumbList\",\"@id\":\"https:\/\/franciscanos.org.br\/noticias\/falece-frei-jurandir-cristofolini.html#breadcrumb\",\"itemListElement\":[{\"@type\":\"ListItem\",\"position\":1,\"name\":\"Home\",\"item\":\"https:\/\/franciscanos.org.br\/noticias\"},{\"@type\":\"ListItem\",\"position\":2,\"name\":\"Falece Frei Jurandir Cristofolini\"}]},{\"@type\":\"Person\",\"@id\":\"https:\/\/franciscanos.org.br\/noticias\/#\/schema\/person\/b38fbf43118f02820bd932f2e4b14ad3\",\"name\":\"admin\",\"image\":{\"@type\":\"ImageObject\",\"inLanguage\":\"pt-BR\",\"@id\":\"https:\/\/franciscanos.org.br\/noticias\/#\/schema\/person\/image\/\",\"url\":\"https:\/\/secure.gravatar.com\/avatar\/e8495742d34d0ba6448ea1c628263b3e?s=96&d=mm&r=g\",\"contentUrl\":\"https:\/\/secure.gravatar.com\/avatar\/e8495742d34d0ba6448ea1c628263b3e?s=96&d=mm&r=g\",\"caption\":\"admin\"},\"url\":\"https:\/\/franciscanos.org.br\/noticias\/author\/admin\"}]}<\/script>\n<!-- \/ Yoast SEO plugin. -->","yoast_head_json":{"title":"Falece Frei Jurandir Cristofolini - Not\u00edcias - Franciscanos","robots":{"index":"index","follow":"follow","max-snippet":"max-snippet:-1","max-image-preview":"max-image-preview:large","max-video-preview":"max-video-preview:-1"},"canonical":"https:\/\/franciscanos.org.br\/noticias\/falece-frei-jurandir-cristofolini.html","og_locale":"pt_BR","og_type":"article","og_title":"Falece Frei Jurandir Cristofolini - Not\u00edcias - Franciscanos","og_description":"Falecimento","og_url":"https:\/\/franciscanos.org.br\/noticias\/falece-frei-jurandir-cristofolini.html","og_site_name":"Not\u00edcias - Franciscanos","article_published_time":"2014-01-31T09:36:21+00:00","article_modified_time":"2020-01-28T16:58:50+00:00","og_image":[{"width":273,"height":181,"url":"https:\/\/franciscanos.org.br\/noticias\/wp-content\/uploads\/2014\/01\/081_250214_jura.jpg","type":"image\/jpeg"}],"author":"admin","twitter_card":"summary_large_image","twitter_misc":{"Escrito por":"admin","Est. tempo de leitura":"6 minutos"},"schema":{"@context":"https:\/\/schema.org","@graph":[{"@type":"WebSite","@id":"https:\/\/franciscanos.org.br\/noticias\/#website","url":"https:\/\/franciscanos.org.br\/noticias\/","name":"Not\u00edcias - Franciscanos","description":"Prov\u00edncia Franciscana da Imaculada Concei\u00e7\u00e3o do Brasil - Ordem dos Frades Menores - OFM","potentialAction":[{"@type":"SearchAction","target":{"@type":"EntryPoint","urlTemplate":"https:\/\/franciscanos.org.br\/noticias\/?s={search_term_string}"},"query-input":"required name=search_term_string"}],"inLanguage":"pt-BR"},{"@type":"ImageObject","inLanguage":"pt-BR","@id":"https:\/\/franciscanos.org.br\/noticias\/falece-frei-jurandir-cristofolini.html#primaryimage","url":"https:\/\/franciscanos.org.br\/noticias\/wp-content\/uploads\/2014\/01\/081_250214_jura.jpg","contentUrl":"https:\/\/franciscanos.org.br\/noticias\/wp-content\/uploads\/2014\/01\/081_250214_jura.jpg","width":273,"height":181},{"@type":"WebPage","@id":"https:\/\/franciscanos.org.br\/noticias\/falece-frei-jurandir-cristofolini.html#webpage","url":"https:\/\/franciscanos.org.br\/noticias\/falece-frei-jurandir-cristofolini.html","name":"Falece Frei Jurandir Cristofolini - Not\u00edcias - Franciscanos","isPartOf":{"@id":"https:\/\/franciscanos.org.br\/noticias\/#website"},"primaryImageOfPage":{"@id":"https:\/\/franciscanos.org.br\/noticias\/falece-frei-jurandir-cristofolini.html#primaryimage"},"datePublished":"2014-01-31T09:36:21+00:00","dateModified":"2020-01-28T16:58:50+00:00","author":{"@id":"https:\/\/franciscanos.org.br\/noticias\/#\/schema\/person\/b38fbf43118f02820bd932f2e4b14ad3"},"breadcrumb":{"@id":"https:\/\/franciscanos.org.br\/noticias\/falece-frei-jurandir-cristofolini.html#breadcrumb"},"inLanguage":"pt-BR","potentialAction":[{"@type":"ReadAction","target":["https:\/\/franciscanos.org.br\/noticias\/falece-frei-jurandir-cristofolini.html"]}]},{"@type":"BreadcrumbList","@id":"https:\/\/franciscanos.org.br\/noticias\/falece-frei-jurandir-cristofolini.html#breadcrumb","itemListElement":[{"@type":"ListItem","position":1,"name":"Home","item":"https:\/\/franciscanos.org.br\/noticias"},{"@type":"ListItem","position":2,"name":"Falece Frei Jurandir Cristofolini"}]},{"@type":"Person","@id":"https:\/\/franciscanos.org.br\/noticias\/#\/schema\/person\/b38fbf43118f02820bd932f2e4b14ad3","name":"admin","image":{"@type":"ImageObject","inLanguage":"pt-BR","@id":"https:\/\/franciscanos.org.br\/noticias\/#\/schema\/person\/image\/","url":"https:\/\/secure.gravatar.com\/avatar\/e8495742d34d0ba6448ea1c628263b3e?s=96&d=mm&r=g","contentUrl":"https:\/\/secure.gravatar.com\/avatar\/e8495742d34d0ba6448ea1c628263b3e?s=96&d=mm&r=g","caption":"admin"},"url":"https:\/\/franciscanos.org.br\/noticias\/author\/admin"}]}},"_links":{"self":[{"href":"https:\/\/franciscanos.org.br\/noticias\/wp-json\/wp\/v2\/posts\/62954"}],"collection":[{"href":"https:\/\/franciscanos.org.br\/noticias\/wp-json\/wp\/v2\/posts"}],"about":[{"href":"https:\/\/franciscanos.org.br\/noticias\/wp-json\/wp\/v2\/types\/post"}],"author":[{"embeddable":true,"href":"https:\/\/franciscanos.org.br\/noticias\/wp-json\/wp\/v2\/users\/1"}],"replies":[{"embeddable":true,"href":"https:\/\/franciscanos.org.br\/noticias\/wp-json\/wp\/v2\/comments?post=62954"}],"version-history":[{"count":0,"href":"https:\/\/franciscanos.org.br\/noticias\/wp-json\/wp\/v2\/posts\/62954\/revisions"}],"wp:featuredmedia":[{"embeddable":true,"href":"https:\/\/franciscanos.org.br\/noticias\/wp-json\/wp\/v2\/media\/216770"}],"wp:attachment":[{"href":"https:\/\/franciscanos.org.br\/noticias\/wp-json\/wp\/v2\/media?parent=62954"}],"wp:term":[{"taxonomy":"category","embeddable":true,"href":"https:\/\/franciscanos.org.br\/noticias\/wp-json\/wp\/v2\/categories?post=62954"},{"taxonomy":"post_tag","embeddable":true,"href":"https:\/\/franciscanos.org.br\/noticias\/wp-json\/wp\/v2\/tags?post=62954"}],"curies":[{"name":"wp","href":"https:\/\/api.w.org\/{rel}","templated":true}]}}