{"id":62796,"date":"2014-06-27T00:34:32","date_gmt":"2014-06-27T03:34:32","guid":{"rendered":"http:\/\/franciscanos.org.br\/?p=62796"},"modified":"2020-02-11T10:31:11","modified_gmt":"2020-02-11T13:31:11","slug":"veja-ultimos-lancamentos-da-vozes-4","status":"publish","type":"post","link":"https:\/\/franciscanos.org.br\/noticias\/veja-ultimos-lancamentos-da-vozes-4.html","title":{"rendered":"&#8220;Jesus e o dinheiro&#8221; \u00e9 o novo livro de Jos\u00e9 Antonio Pagola"},"content":{"rendered":"<p><span style=\"color: #000000;\">A Editora Vozes apresenta seus \u00faltimos lan\u00e7amentos. Confira:\u00a0<\/span><\/p>\n<h4><strong><a href=\"http:\/\/franciscanos.org.br\/wp-content\/uploads\/2014\/06\/jesus2.jpg\"><img loading=\"lazy\" class=\"alignright wp-image-62914 size-full\" src=\"http:\/\/franciscanos.org.br\/wp-content\/uploads\/2014\/06\/jesus2.jpg\" alt=\"\" width=\"400\" height=\"664\" \/><\/a>Jesus e o Dinheiro<\/strong><\/h4>\n<p><strong>Jos\u00e9 Antonio Pagola<\/strong><\/p>\n<p>Quando se fala, na sociedade, de crise, nunca se trata apenas do \u00e2mbito econ\u00f4mico-financeiro, mas da humanidade. O sistema que dirige nestes momentos a marcha do mundo pode ser inumano, pois conduz uma minoria de poderosos a um bem-estar insensato e desumanizador.<\/p>\n<p>N\u00e3o se pergunta pelos fins, n\u00e3o se fala do sentido que tem a hist\u00f3ria da humanidade, nem de qual \u00e9 o lugar do ser humano na Terra.<\/p>\n<p>Instigado pela crise econ\u00f4mica que atingiu v\u00e1rios pa\u00edses no mundo e, sobretudo, na Europa, Jos\u00e9 Antonio Pagola reflete, neste livro, sobre a mensagem de Jesus que, na vis\u00e3o crist\u00e3, orienta e d\u00e1 sentido \u00e0 vida humana e a rela\u00e7\u00e3o entre as pessoas e as sociedades.<\/p>\n<p>Segundo ele, Jesus irrompe na hist\u00f3ria como um apelo a viver de maneira alternativa, experimentando a Deus como uma for\u00e7a que est\u00e1 nos atraindo para um mundo mais humano e feliz. Sua mensagem n\u00e3o prov\u00e9m do interior do sistema imperial, nem da institui\u00e7\u00e3o do Templo.<\/p>\n<p>Ele vinha para dizer: \u201cO tempo se cumpriu. O reino de Deus est\u00e1 pr\u00f3ximo. Convertei-vos e crede nesta Boa Not\u00edcia\u201d. Come\u00e7a um tempo novo. Deus n\u00e3o quer deixar-nos s\u00f3s diante de nossos conflitos, sofrimentos e desafios. Quer construir, conosco e junto a n\u00f3s, uma vida mais humana.<\/p>\n<h4><strong><img loading=\"lazy\" class=\"alignleft wp-image-62803 size-full\" src=\"http:\/\/franciscanos.org.br\/wp-content\/uploads\/2014\/06\/joao.jpg\" alt=\"joao\" width=\"100\" height=\"150\" \/>S\u00e3o Jo\u00e3o \u2013 para pedir o dom do arrependimento e da convers\u00e3o \u2013 novena e ladainha<\/strong><\/h4>\n<p><strong>Elam de Almeida Pimentel<\/strong><\/p>\n<p>S\u00e3o Jo\u00e3o \u00e9 o \u00fanico santo, al\u00e9m de Nossa Senhora, cujo nascimento \u00e9 celebrado na Igreja Cat\u00f3lica; pois ele, segundo as escrituras, foi enviado para preparar o caminho de Cristo e \u00e9 considerado mais que um profeta: \u201cEu vos garanto que dentre os nascidos de mulher ningu\u00e9m \u00e9 maior do que Jo\u00e3o Batista [&#8230;].\u201d \u2013 Mt 11, 11<\/p>\n<p>\u00c9 o santo invocado para pedir o dom do arrependimento e da convers\u00e3o.<\/p>\n<h4><strong><img loading=\"lazy\" class=\"alignleft wp-image-62915 size-full\" src=\"http:\/\/franciscanos.org.br\/wp-content\/uploads\/2014\/06\/boff1.jpg\" alt=\"boff\" width=\"100\" height=\"173\" \/>H\u00e1 esperan\u00e7a para a cria\u00e7\u00e3o amea\u00e7ada?<\/strong><\/h4>\n<p><strong>J\u00fcrgen Moltmann<\/strong><br \/>\n<strong>Leonardo Boff<\/strong><\/p>\n<p>Qual \u00e9 a contribui\u00e7\u00e3o que a teologia crist\u00e3 pode dar para a supera\u00e7\u00e3o da crise ecol\u00f3gica e humanit\u00e1ria que estamos vivendo? Este \u00e9 o tema principal do ensaio escrito por dois dos mais eminentes te\u00f3logos atuais, um de tradi\u00e7\u00e3o cat\u00f3lica \u2013 Boff \u2013 e outro de tradi\u00e7\u00e3o protestante \u2013 Moltmann.<\/p>\n<p>Em sua contribui\u00e7\u00e3o, J. Moltmann apresenta os caminhos e descaminhos que a reflex\u00e3o teol\u00f3gica passou para que pud\u00e9ssemos chegar ao \u201cestado atual das coisas\u201d e sinaliza \u2013 com o contributo da teoria de Gaia \u2013 as novas abordagens que est\u00e3o surgindo e trazem esperan\u00e7a, entre outras, com a teologia natural.<\/p>\n<p>J\u00e1 L. Boff apresenta as virtudes necess\u00e1rias para superar a crise ecol\u00f3gica tendo em vista, principalmente, fomentar pr\u00e1ticas alternativas. Em primeiro lugar apresenta as cinco raz\u00f5es que nos permitem considerar a Terra como M\u00e3e, denomina\u00e7\u00e3o reconhecida oficialmente pela ONU em 2009. Em segundo lugar, apresenta os quatro princ\u00edpios (hospitalidade, conviv\u00eancia, toler\u00e2ncia, comensalidade) e as quatro virtudes (cuidado, respeito, responsabilidade e coopera\u00e7\u00e3o) que sinalizam para um novo tempo.<\/p>\n<p>Nestas duas contribui\u00e7\u00f5es temos resumidamente o roteiro de pensamento que nos levou a esta crise e, ao mesmo tempo, a vis\u00e3o que nos abre a outro mundo poss\u00edvel.<\/p>\n<p><em>J\u00fcrgen Moltmann \u00e9 conhecido como o te\u00f3logo da \u201cesperan\u00e7a\u201d, revelando preocupa\u00e7\u00e3o e sensibilidade para os problemas sociais e ecol\u00f3gicos da atualidade.<\/em><\/p>\n<p><em>Leonardo Boff \u00e9 o mais famoso te\u00f3logo brasileiro e autor de mais de sessenta livros sobre a teologia da liberta\u00e7\u00e3o, ecologia e espiritualidade.<\/em><\/p>\n<h4><strong><img loading=\"lazy\" class=\"alignleft wp-image-62802 size-full\" src=\"http:\/\/franciscanos.org.br\/wp-content\/uploads\/2014\/06\/saopedro.jpg\" alt=\"saopedro\" width=\"100\" height=\"148\" \/>S\u00e3o Pedro \u2013 para pedir coragem de viver a f\u00e9 \u2013 novena e ladainha<\/strong><\/h4>\n<p><strong>Elam de Almeida Pimentel<\/strong><\/p>\n<p>Sim\u00e3o Pedro disse: \u201cTu \u00e9s Cristo, o filho de Deus\u201d. Jesus disse: \u201cTu \u00e9s Pedro, e sobre esta pedra edificarei minha igreja\u201d. E passou-lhe as chaves do reino do c\u00e9u e o poder de ligar e desligar. \u00c9 venerado como o porteiro do c\u00e9u.<\/p>\n<p>Oremos a S\u00e3o Pedro pedindo coragem para vivermos a f\u00e9 em Jesus.<\/p>\n<h4><img loading=\"lazy\" class=\"alignleft wp-image-62916 size-full\" src=\"http:\/\/franciscanos.org.br\/wp-content\/uploads\/2014\/06\/dialogo.jpg\" alt=\"dialogo\" width=\"100\" height=\"158\" \/><strong>Di\u00e1logos com a Escola da Ponte<\/strong><\/h4>\n<p><strong>Jos\u00e9 Pacheco e Maria de F\u00e1tima Pacheco<\/strong><\/p>\n<p>Escola da Ponte \u00e9 uma institui\u00e7\u00e3o p\u00fablica de ensino, localizada no distrito do Porto, em Portugal, e tem como objetivo oferecer um m\u00e9todo de ensino que d\u00e1 direitos de participa\u00e7\u00e3o iguais para estudantes, professores e funcion\u00e1rios. Esses ambientes ou espa\u00e7os de ensino colocam os jovens estudantes e as suas vozes como os atores centrais do processo educacional, em cada aspecto das opera\u00e7\u00f5es da escola, incluindo aprendizagem, ensino e lideran\u00e7a.<\/p>\n<p>Os adultos, professores s\u00e3o pedagogos e facilitadores que participam do processo educacional auxiliando nas atividades de acordo com os interesses dos estudantes que as escolheram. Os estudantes dessas escolas s\u00e3o respons\u00e1veis por si e t\u00eam o poder de dirigir seus estudos desde muito novos.<\/p>\n<p>Por oferecer uma proposta totalmente diferente do convencional \u00e9 normal que desperte nas pessoas curiosidade em conhecer mais a fundo este m\u00e9todo de ensino. E por isso foi criado, em 2006, o &#8220;Fazer a Ponte&#8221;, um curso a dist\u00e2ncia online com a participa\u00e7\u00e3o de professores, pais e alunos da Escola da Ponte. Eles em Portugal e os alunos em toda a parte do mundo, principalmente em cidades brasileiras. Em 2011 o curso chegou \u00e0 marca de 700 matriculados e o interesse pela Escola da Ponte s\u00f3 crescia.<\/p>\n<p>Devido o sucesso do curso, Jos\u00e9 Pacheco e Maria de F\u00e1tima Pacheco decidiram escrever este livro. Mas n\u00e3o queriam elaborar apenas um livro com a hist\u00f3ria da Escola da Ponte, e sim um livro que explicasse, em detalhes, como funciona o m\u00e9todo de ensino da Escola se baseando nas d\u00favidas que surgiam durante os cursos online. \u00c9 um escrito diferente. Foram dezenas, mais de uma centena de m\u00e3os que redigiram suas frases. Uns contribu\u00edram com um ingrediente fundamental para a aprendizagem e a constru\u00e7\u00e3o do conhecimento: perguntas. E muitas respostas foram dadas tamb\u00e9m por alunos e pais da Escola da Ponte, mas, sobretudo por seus professores. Tudo dentro da din\u00e2mica proposta para o curso: a din\u00e2mica da \u201centrevista coletiva\u201d. Nela os alunos do curso funcionam como \u201cjornalistas\u201d que entrevistam um grupo de pessoas, mais ou menos como nas chamadas \u201ccoletivas de imprensa\u201d.<\/p>\n<p><em>Maria de F\u00e1tima Pacheco \u2013 Licenciada em Ci\u00eancias da Educa\u00e7\u00e3o pela Faculdade de Psicologia e de Ci\u00eancias da Educa\u00e7\u00e3o da Universidade do Porto. Participa\u00e7\u00e3o no Projeto Fazer a Ponte (Portugal).<\/em><br \/>\n<em>Jos\u00e9 Pacheco \u2013 Mestre em Educa\u00e7\u00e3o da Crian\u00e7a. Professor da Escola da Ponte.<\/em><\/p>\n<h4><img loading=\"lazy\" class=\"alignleft wp-image-62917 size-full\" src=\"http:\/\/franciscanos.org.br\/wp-content\/uploads\/2014\/06\/ep.jpg\" alt=\"ep\" width=\"100\" height=\"159\" \/><strong>Epistemologia<\/strong><\/h4>\n<p><strong>Richard Fumerton<\/strong><\/p>\n<p>O livro Epistemologia \u00e9 uma introdu\u00e7\u00e3o \u00e0s discuss\u00f5es mais atuais desta \u00e1rea da filosofia. O livro \u00e9 pensado para leitura tanto de fil\u00f3sofos propriamente ditos quanto de pessoas leigas interessadas em conhecer o vocabul\u00e1rio e as principais quest\u00f5es da epistemologia contempor\u00e2nea.<\/p>\n<p>A perspectiva do autor \u00e9 apresentar as discuss\u00f5es epistemol\u00f3gicas utilizando exemplos que fazem os leitores pensarem acerca de situa\u00e7\u00f5es cotidianas de aquisi\u00e7\u00e3o de conhecimento, isto \u00e9, de aquisi\u00e7\u00e3o de cren\u00e7as verdadeiras justificadas. Dessa forma, procura mostrar as v\u00e1rias possibilidades de respostas filos\u00f3ficas \u00e0s indaga\u00e7\u00f5es que podemos levantar em rela\u00e7\u00e3o \u00e0s dificuldades presentes nessa aquisi\u00e7\u00e3o.<\/p>\n<p>Uma das dicotomias centrais apresentadas \u00e9 aquela entre externalismo e internalismo. Em rela\u00e7\u00e3o a esta e aos problemas discutidos, o autor procura manter uma posi\u00e7\u00e3o neutra, sem, no entanto, deixar de indicar as defici\u00eancias das diversas vis\u00f5es filos\u00f3ficas, elencando as raz\u00f5es que podem fortalecer ou enfraquecer cada uma delas.<\/p>\n<p>O livro tamb\u00e9m traz uma pequena lista de sugest\u00f5es de leitura que podem auxiliar o leitor em estudos futuros dos temas tratados.<\/p>\n<p>&nbsp;<\/p>\n","protected":false},"excerpt":{"rendered":"<p>Editora Vozes<\/p>\n","protected":false},"author":1,"featured_media":219045,"comment_status":"closed","ping_status":"open","sticky":false,"template":"","format":"standard","meta":[],"categories":[1],"tags":[],"acf":[],"yoast_head":"<!-- This site is optimized with the Yoast SEO plugin v19.2 - https:\/\/yoast.com\/wordpress\/plugins\/seo\/ -->\n<title>&quot;Jesus e o dinheiro&quot; \u00e9 o novo livro de Jos\u00e9 Antonio Pagola - Not\u00edcias - Franciscanos<\/title>\n<meta name=\"robots\" content=\"index, follow, max-snippet:-1, max-image-preview:large, max-video-preview:-1\" \/>\n<link rel=\"canonical\" href=\"https:\/\/franciscanos.org.br\/noticias\/veja-ultimos-lancamentos-da-vozes-4.html\" \/>\n<meta property=\"og:locale\" content=\"pt_BR\" \/>\n<meta property=\"og:type\" content=\"article\" \/>\n<meta property=\"og:title\" content=\"&quot;Jesus e o dinheiro&quot; \u00e9 o novo livro de Jos\u00e9 Antonio Pagola - Not\u00edcias - Franciscanos\" \/>\n<meta property=\"og:description\" content=\"Editora Vozes\" \/>\n<meta property=\"og:url\" content=\"https:\/\/franciscanos.org.br\/noticias\/veja-ultimos-lancamentos-da-vozes-4.html\" \/>\n<meta property=\"og:site_name\" content=\"Not\u00edcias - Franciscanos\" \/>\n<meta property=\"article:published_time\" content=\"2014-06-27T03:34:32+00:00\" \/>\n<meta property=\"article:modified_time\" content=\"2020-02-11T13:31:11+00:00\" \/>\n<meta property=\"og:image\" content=\"https:\/\/franciscanos.org.br\/noticias\/wp-content\/uploads\/2014\/06\/jesus2.jpg\" \/>\n\t<meta property=\"og:image:width\" content=\"273\" \/>\n\t<meta property=\"og:image:height\" content=\"182\" \/>\n\t<meta property=\"og:image:type\" content=\"image\/jpeg\" \/>\n<meta name=\"author\" content=\"admin\" \/>\n<meta name=\"twitter:card\" content=\"summary_large_image\" \/>\n<meta name=\"twitter:label1\" content=\"Escrito por\" \/>\n\t<meta name=\"twitter:data1\" content=\"admin\" \/>\n\t<meta name=\"twitter:label2\" content=\"Est. tempo de leitura\" \/>\n\t<meta name=\"twitter:data2\" content=\"6 minutos\" \/>\n<script type=\"application\/ld+json\" class=\"yoast-schema-graph\">{\"@context\":\"https:\/\/schema.org\",\"@graph\":[{\"@type\":\"WebSite\",\"@id\":\"https:\/\/franciscanos.org.br\/noticias\/#website\",\"url\":\"https:\/\/franciscanos.org.br\/noticias\/\",\"name\":\"Not\u00edcias - Franciscanos\",\"description\":\"Prov\u00edncia Franciscana da Imaculada Concei\u00e7\u00e3o do Brasil - Ordem dos Frades Menores - OFM\",\"potentialAction\":[{\"@type\":\"SearchAction\",\"target\":{\"@type\":\"EntryPoint\",\"urlTemplate\":\"https:\/\/franciscanos.org.br\/noticias\/?s={search_term_string}\"},\"query-input\":\"required name=search_term_string\"}],\"inLanguage\":\"pt-BR\"},{\"@type\":\"ImageObject\",\"inLanguage\":\"pt-BR\",\"@id\":\"https:\/\/franciscanos.org.br\/noticias\/veja-ultimos-lancamentos-da-vozes-4.html#primaryimage\",\"url\":\"https:\/\/franciscanos.org.br\/noticias\/wp-content\/uploads\/2014\/06\/jesus2.jpg\",\"contentUrl\":\"https:\/\/franciscanos.org.br\/noticias\/wp-content\/uploads\/2014\/06\/jesus2.jpg\",\"width\":273,\"height\":182},{\"@type\":\"WebPage\",\"@id\":\"https:\/\/franciscanos.org.br\/noticias\/veja-ultimos-lancamentos-da-vozes-4.html#webpage\",\"url\":\"https:\/\/franciscanos.org.br\/noticias\/veja-ultimos-lancamentos-da-vozes-4.html\",\"name\":\"\\\"Jesus e o dinheiro\\\" \u00e9 o novo livro de Jos\u00e9 Antonio Pagola - Not\u00edcias - Franciscanos\",\"isPartOf\":{\"@id\":\"https:\/\/franciscanos.org.br\/noticias\/#website\"},\"primaryImageOfPage\":{\"@id\":\"https:\/\/franciscanos.org.br\/noticias\/veja-ultimos-lancamentos-da-vozes-4.html#primaryimage\"},\"datePublished\":\"2014-06-27T03:34:32+00:00\",\"dateModified\":\"2020-02-11T13:31:11+00:00\",\"author\":{\"@id\":\"https:\/\/franciscanos.org.br\/noticias\/#\/schema\/person\/b38fbf43118f02820bd932f2e4b14ad3\"},\"breadcrumb\":{\"@id\":\"https:\/\/franciscanos.org.br\/noticias\/veja-ultimos-lancamentos-da-vozes-4.html#breadcrumb\"},\"inLanguage\":\"pt-BR\",\"potentialAction\":[{\"@type\":\"ReadAction\",\"target\":[\"https:\/\/franciscanos.org.br\/noticias\/veja-ultimos-lancamentos-da-vozes-4.html\"]}]},{\"@type\":\"BreadcrumbList\",\"@id\":\"https:\/\/franciscanos.org.br\/noticias\/veja-ultimos-lancamentos-da-vozes-4.html#breadcrumb\",\"itemListElement\":[{\"@type\":\"ListItem\",\"position\":1,\"name\":\"Home\",\"item\":\"https:\/\/franciscanos.org.br\/noticias\"},{\"@type\":\"ListItem\",\"position\":2,\"name\":\"&#8220;Jesus e o dinheiro&#8221; \u00e9 o novo livro de Jos\u00e9 Antonio Pagola\"}]},{\"@type\":\"Person\",\"@id\":\"https:\/\/franciscanos.org.br\/noticias\/#\/schema\/person\/b38fbf43118f02820bd932f2e4b14ad3\",\"name\":\"admin\",\"image\":{\"@type\":\"ImageObject\",\"inLanguage\":\"pt-BR\",\"@id\":\"https:\/\/franciscanos.org.br\/noticias\/#\/schema\/person\/image\/\",\"url\":\"https:\/\/secure.gravatar.com\/avatar\/e8495742d34d0ba6448ea1c628263b3e?s=96&d=mm&r=g\",\"contentUrl\":\"https:\/\/secure.gravatar.com\/avatar\/e8495742d34d0ba6448ea1c628263b3e?s=96&d=mm&r=g\",\"caption\":\"admin\"},\"url\":\"https:\/\/franciscanos.org.br\/noticias\/author\/admin\"}]}<\/script>\n<!-- \/ Yoast SEO plugin. -->","yoast_head_json":{"title":"\"Jesus e o dinheiro\" \u00e9 o novo livro de Jos\u00e9 Antonio Pagola - Not\u00edcias - Franciscanos","robots":{"index":"index","follow":"follow","max-snippet":"max-snippet:-1","max-image-preview":"max-image-preview:large","max-video-preview":"max-video-preview:-1"},"canonical":"https:\/\/franciscanos.org.br\/noticias\/veja-ultimos-lancamentos-da-vozes-4.html","og_locale":"pt_BR","og_type":"article","og_title":"\"Jesus e o dinheiro\" \u00e9 o novo livro de Jos\u00e9 Antonio Pagola - Not\u00edcias - Franciscanos","og_description":"Editora Vozes","og_url":"https:\/\/franciscanos.org.br\/noticias\/veja-ultimos-lancamentos-da-vozes-4.html","og_site_name":"Not\u00edcias - Franciscanos","article_published_time":"2014-06-27T03:34:32+00:00","article_modified_time":"2020-02-11T13:31:11+00:00","og_image":[{"width":273,"height":182,"url":"https:\/\/franciscanos.org.br\/noticias\/wp-content\/uploads\/2014\/06\/jesus2.jpg","type":"image\/jpeg"}],"author":"admin","twitter_card":"summary_large_image","twitter_misc":{"Escrito por":"admin","Est. tempo de leitura":"6 minutos"},"schema":{"@context":"https:\/\/schema.org","@graph":[{"@type":"WebSite","@id":"https:\/\/franciscanos.org.br\/noticias\/#website","url":"https:\/\/franciscanos.org.br\/noticias\/","name":"Not\u00edcias - Franciscanos","description":"Prov\u00edncia Franciscana da Imaculada Concei\u00e7\u00e3o do Brasil - Ordem dos Frades Menores - OFM","potentialAction":[{"@type":"SearchAction","target":{"@type":"EntryPoint","urlTemplate":"https:\/\/franciscanos.org.br\/noticias\/?s={search_term_string}"},"query-input":"required name=search_term_string"}],"inLanguage":"pt-BR"},{"@type":"ImageObject","inLanguage":"pt-BR","@id":"https:\/\/franciscanos.org.br\/noticias\/veja-ultimos-lancamentos-da-vozes-4.html#primaryimage","url":"https:\/\/franciscanos.org.br\/noticias\/wp-content\/uploads\/2014\/06\/jesus2.jpg","contentUrl":"https:\/\/franciscanos.org.br\/noticias\/wp-content\/uploads\/2014\/06\/jesus2.jpg","width":273,"height":182},{"@type":"WebPage","@id":"https:\/\/franciscanos.org.br\/noticias\/veja-ultimos-lancamentos-da-vozes-4.html#webpage","url":"https:\/\/franciscanos.org.br\/noticias\/veja-ultimos-lancamentos-da-vozes-4.html","name":"\"Jesus e o dinheiro\" \u00e9 o novo livro de Jos\u00e9 Antonio Pagola - Not\u00edcias - Franciscanos","isPartOf":{"@id":"https:\/\/franciscanos.org.br\/noticias\/#website"},"primaryImageOfPage":{"@id":"https:\/\/franciscanos.org.br\/noticias\/veja-ultimos-lancamentos-da-vozes-4.html#primaryimage"},"datePublished":"2014-06-27T03:34:32+00:00","dateModified":"2020-02-11T13:31:11+00:00","author":{"@id":"https:\/\/franciscanos.org.br\/noticias\/#\/schema\/person\/b38fbf43118f02820bd932f2e4b14ad3"},"breadcrumb":{"@id":"https:\/\/franciscanos.org.br\/noticias\/veja-ultimos-lancamentos-da-vozes-4.html#breadcrumb"},"inLanguage":"pt-BR","potentialAction":[{"@type":"ReadAction","target":["https:\/\/franciscanos.org.br\/noticias\/veja-ultimos-lancamentos-da-vozes-4.html"]}]},{"@type":"BreadcrumbList","@id":"https:\/\/franciscanos.org.br\/noticias\/veja-ultimos-lancamentos-da-vozes-4.html#breadcrumb","itemListElement":[{"@type":"ListItem","position":1,"name":"Home","item":"https:\/\/franciscanos.org.br\/noticias"},{"@type":"ListItem","position":2,"name":"&#8220;Jesus e o dinheiro&#8221; \u00e9 o novo livro de Jos\u00e9 Antonio Pagola"}]},{"@type":"Person","@id":"https:\/\/franciscanos.org.br\/noticias\/#\/schema\/person\/b38fbf43118f02820bd932f2e4b14ad3","name":"admin","image":{"@type":"ImageObject","inLanguage":"pt-BR","@id":"https:\/\/franciscanos.org.br\/noticias\/#\/schema\/person\/image\/","url":"https:\/\/secure.gravatar.com\/avatar\/e8495742d34d0ba6448ea1c628263b3e?s=96&d=mm&r=g","contentUrl":"https:\/\/secure.gravatar.com\/avatar\/e8495742d34d0ba6448ea1c628263b3e?s=96&d=mm&r=g","caption":"admin"},"url":"https:\/\/franciscanos.org.br\/noticias\/author\/admin"}]}},"_links":{"self":[{"href":"https:\/\/franciscanos.org.br\/noticias\/wp-json\/wp\/v2\/posts\/62796"}],"collection":[{"href":"https:\/\/franciscanos.org.br\/noticias\/wp-json\/wp\/v2\/posts"}],"about":[{"href":"https:\/\/franciscanos.org.br\/noticias\/wp-json\/wp\/v2\/types\/post"}],"author":[{"embeddable":true,"href":"https:\/\/franciscanos.org.br\/noticias\/wp-json\/wp\/v2\/users\/1"}],"replies":[{"embeddable":true,"href":"https:\/\/franciscanos.org.br\/noticias\/wp-json\/wp\/v2\/comments?post=62796"}],"version-history":[{"count":0,"href":"https:\/\/franciscanos.org.br\/noticias\/wp-json\/wp\/v2\/posts\/62796\/revisions"}],"wp:featuredmedia":[{"embeddable":true,"href":"https:\/\/franciscanos.org.br\/noticias\/wp-json\/wp\/v2\/media\/219045"}],"wp:attachment":[{"href":"https:\/\/franciscanos.org.br\/noticias\/wp-json\/wp\/v2\/media?parent=62796"}],"wp:term":[{"taxonomy":"category","embeddable":true,"href":"https:\/\/franciscanos.org.br\/noticias\/wp-json\/wp\/v2\/categories?post=62796"},{"taxonomy":"post_tag","embeddable":true,"href":"https:\/\/franciscanos.org.br\/noticias\/wp-json\/wp\/v2\/tags?post=62796"}],"curies":[{"name":"wp","href":"https:\/\/api.w.org\/{rel}","templated":true}]}}