{"id":62791,"date":"2014-06-24T07:17:39","date_gmt":"2014-06-24T10:17:39","guid":{"rendered":"http:\/\/franciscanos.org.br\/?p=62791"},"modified":"2020-02-11T10:29:08","modified_gmt":"2020-02-11T13:29:08","slug":"paroquia-sao-paulo-apostolo-de-agudos-comemora-116-anos-na-proxima-semana","status":"publish","type":"post","link":"https:\/\/franciscanos.org.br\/noticias\/paroquia-sao-paulo-apostolo-de-agudos-comemora-116-anos-na-proxima-semana.html","title":{"rendered":"Par\u00f3quia S\u00e3o Paulo Ap\u00f3stolo de Agudos comemora 116 anos"},"content":{"rendered":"<div id=\"attachment_62792\" style=\"width: 460px\" class=\"wp-caption alignright\"><img aria-describedby=\"caption-attachment-62792\" loading=\"lazy\" class=\"wp-image-62792 size-full\" src=\"http:\/\/franciscanos.org.br\/wp-content\/uploads\/2014\/06\/4.jpg\" alt=\"4\" width=\"450\" height=\"338\" \/><p id=\"caption-attachment-62792\" class=\"wp-caption-text\">Prociss\u00e3o realizada em 2013, durante o anivers\u00e1rio da Par\u00f3quia<\/p><\/div>\n<p><strong>Isabela Gaspar, especial para este site<\/strong><\/p>\n<p style=\"padding-left: 30px;\"><em>A Par\u00f3quia, fundada antes da cria\u00e7\u00e3o da cidade de Agudos, est\u00e1 preparando uma grande festa que contar\u00e1 com tr\u00edduo religioso, Missa festiva, prociss\u00e3o, almo\u00e7o e quermesse<\/em><\/p>\n<p>A Par\u00f3quia S\u00e3o Paulo Ap\u00f3stolo realiza, de 26 a 29 de Junho, festa em comemora\u00e7\u00e3o ao seu anivers\u00e1rio de 116 anos. O evento contar\u00e1 com tr\u00edduo religioso, Missa festiva, prociss\u00e3o, almo\u00e7o e quermesse com barracas de comidas e bebidas t\u00edpicas e shows.<\/p>\n<p>Para abrir as festividades, no dia de 26 de Junho (quinta-feira) tem in\u00edcio o tr\u00edduo religioso com Missa, \u00e0s 19h e renova\u00e7\u00e3o das promessas batismais. O tr\u00edduo seguir\u00e1 nos dias 27 e 28 de Junho (sexta-feira e s\u00e1bado), tamb\u00e9m com Missa \u00e0s 19h e consagra\u00e7\u00e3o ao Sagrado Cora\u00e7\u00e3o de Jesus e das fam\u00edlias a Nossa Senhora, respectivamente.<\/p>\n<p>J\u00e1 no dia 29 de Junho (domingo), o festejo segue com Missa e prociss\u00e3o para comemorar os 116 anos da Par\u00f3quia, a partir das 19h. \u201c\u00c9 um momento muito importante em nossa Par\u00f3quia a celebra\u00e7\u00e3o de seu anivers\u00e1rio de funda\u00e7\u00e3o. \u00c9 tempo de celebrar, tempo de festa\u201d, comenta o p\u00e1roco Frei Ademir Sanquetti.<\/p>\n<p>Al\u00e9m da parte religiosa, as comemora\u00e7\u00f5es tamb\u00e9m contar\u00e3o com quermesse e shows nos dias 27,28 e 29, logo ap\u00f3s as Missas. \u201cA festa de anivers\u00e1rio da nossa Par\u00f3quia \u00e9 feita para as fam\u00edlias de Agudos e regi\u00e3o. Um ambiente agrad\u00e1vel e acolhedor\u201d, destaca Ailton Zagato, coordenador da Pastoral de Eventos e organizador da festa.<\/p>\n<p>Os fi\u00e9is poder\u00e3o contar ainda com a reinaugura\u00e7\u00e3o do Sal\u00e3o Paroquial que ser\u00e1 no dia 29 de Junho (domingo), \u00e0s 12. Os convites j\u00e1 podem ser adquiridos na Secretaria Paroquial pelo telefone (14)3262-1237 ou com membros da Pastoral da Acolhida durante as Missas semanais.<\/p>\n<p>Para este ano, s\u00e3o esperadas mais de 4 mil pessoas nos quatro dias de festa.<\/p>\n<p><strong>Mais<\/strong><\/p>\n<p>A funda\u00e7\u00e3o da Par\u00f3quia S\u00e3o Paulo Ap\u00f3stolo antecede a cria\u00e7\u00e3o do munic\u00edpio de Agudos. A primeira capela ficava dentro da Pra\u00e7a Coronel Delfino (pra\u00e7a da Matriz), nas proximidades do atual coreto e foi constru\u00edda entre os anos de 1862 e 1868. De inicio a Capela de S\u00e3o Paulo Ap\u00f3stolo era filiada \u00e0 Par\u00f3quia de Len\u00e7\u00f3is Paulista e como era de h\u00e1bito presume-se que sua inaugura\u00e7\u00e3o deve ter se dado em 29 de junho (sacrif\u00edcio de S\u00e3o Paulo).<\/p>\n<p>No dia 03 de julho comemora-se a cria\u00e7\u00e3o da primeira Par\u00f3quia da cidade e a designa\u00e7\u00e3o do seu primeiro vig\u00e1rio, ap\u00f3s Faustino Ribeiro (fundador da cidade de Agudos) doar as terras para a cria\u00e7\u00e3o do Patrim\u00f4nio S\u00e3o Paulo dos Agudos.<\/p>\n","protected":false},"excerpt":{"rendered":"<p>Festa<\/p>\n","protected":false},"author":1,"featured_media":219037,"comment_status":"closed","ping_status":"open","sticky":false,"template":"","format":"standard","meta":[],"categories":[1],"tags":[],"acf":[],"yoast_head":"<!-- This site is optimized with the Yoast SEO plugin v19.2 - https:\/\/yoast.com\/wordpress\/plugins\/seo\/ -->\n<title>Par\u00f3quia S\u00e3o Paulo Ap\u00f3stolo de Agudos comemora 116 anos - Not\u00edcias - Franciscanos<\/title>\n<meta name=\"robots\" content=\"index, follow, max-snippet:-1, max-image-preview:large, max-video-preview:-1\" \/>\n<link rel=\"canonical\" href=\"https:\/\/franciscanos.org.br\/noticias\/paroquia-sao-paulo-apostolo-de-agudos-comemora-116-anos-na-proxima-semana.html\" \/>\n<meta property=\"og:locale\" content=\"pt_BR\" \/>\n<meta property=\"og:type\" content=\"article\" \/>\n<meta property=\"og:title\" content=\"Par\u00f3quia S\u00e3o Paulo Ap\u00f3stolo de Agudos comemora 116 anos - Not\u00edcias - Franciscanos\" \/>\n<meta property=\"og:description\" content=\"Festa\" \/>\n<meta property=\"og:url\" content=\"https:\/\/franciscanos.org.br\/noticias\/paroquia-sao-paulo-apostolo-de-agudos-comemora-116-anos-na-proxima-semana.html\" \/>\n<meta property=\"og:site_name\" content=\"Not\u00edcias - Franciscanos\" \/>\n<meta property=\"article:published_time\" content=\"2014-06-24T10:17:39+00:00\" \/>\n<meta property=\"article:modified_time\" content=\"2020-02-11T13:29:08+00:00\" \/>\n<meta property=\"og:image\" content=\"https:\/\/franciscanos.org.br\/noticias\/wp-content\/uploads\/2014\/06\/4.jpg\" \/>\n\t<meta property=\"og:image:width\" content=\"273\" \/>\n\t<meta property=\"og:image:height\" content=\"181\" \/>\n\t<meta property=\"og:image:type\" content=\"image\/jpeg\" \/>\n<meta name=\"author\" content=\"admin\" \/>\n<meta name=\"twitter:card\" content=\"summary_large_image\" \/>\n<meta name=\"twitter:label1\" content=\"Escrito por\" \/>\n\t<meta name=\"twitter:data1\" content=\"admin\" \/>\n\t<meta name=\"twitter:label2\" content=\"Est. tempo de leitura\" \/>\n\t<meta name=\"twitter:data2\" content=\"2 minutos\" \/>\n<script type=\"application\/ld+json\" class=\"yoast-schema-graph\">{\"@context\":\"https:\/\/schema.org\",\"@graph\":[{\"@type\":\"WebSite\",\"@id\":\"https:\/\/franciscanos.org.br\/noticias\/#website\",\"url\":\"https:\/\/franciscanos.org.br\/noticias\/\",\"name\":\"Not\u00edcias - Franciscanos\",\"description\":\"Prov\u00edncia Franciscana da Imaculada Concei\u00e7\u00e3o do Brasil - Ordem dos Frades Menores - OFM\",\"potentialAction\":[{\"@type\":\"SearchAction\",\"target\":{\"@type\":\"EntryPoint\",\"urlTemplate\":\"https:\/\/franciscanos.org.br\/noticias\/?s={search_term_string}\"},\"query-input\":\"required name=search_term_string\"}],\"inLanguage\":\"pt-BR\"},{\"@type\":\"ImageObject\",\"inLanguage\":\"pt-BR\",\"@id\":\"https:\/\/franciscanos.org.br\/noticias\/paroquia-sao-paulo-apostolo-de-agudos-comemora-116-anos-na-proxima-semana.html#primaryimage\",\"url\":\"https:\/\/franciscanos.org.br\/noticias\/wp-content\/uploads\/2014\/06\/4.jpg\",\"contentUrl\":\"https:\/\/franciscanos.org.br\/noticias\/wp-content\/uploads\/2014\/06\/4.jpg\",\"width\":273,\"height\":181},{\"@type\":\"WebPage\",\"@id\":\"https:\/\/franciscanos.org.br\/noticias\/paroquia-sao-paulo-apostolo-de-agudos-comemora-116-anos-na-proxima-semana.html#webpage\",\"url\":\"https:\/\/franciscanos.org.br\/noticias\/paroquia-sao-paulo-apostolo-de-agudos-comemora-116-anos-na-proxima-semana.html\",\"name\":\"Par\u00f3quia S\u00e3o Paulo Ap\u00f3stolo de Agudos comemora 116 anos - Not\u00edcias - Franciscanos\",\"isPartOf\":{\"@id\":\"https:\/\/franciscanos.org.br\/noticias\/#website\"},\"primaryImageOfPage\":{\"@id\":\"https:\/\/franciscanos.org.br\/noticias\/paroquia-sao-paulo-apostolo-de-agudos-comemora-116-anos-na-proxima-semana.html#primaryimage\"},\"datePublished\":\"2014-06-24T10:17:39+00:00\",\"dateModified\":\"2020-02-11T13:29:08+00:00\",\"author\":{\"@id\":\"https:\/\/franciscanos.org.br\/noticias\/#\/schema\/person\/b38fbf43118f02820bd932f2e4b14ad3\"},\"breadcrumb\":{\"@id\":\"https:\/\/franciscanos.org.br\/noticias\/paroquia-sao-paulo-apostolo-de-agudos-comemora-116-anos-na-proxima-semana.html#breadcrumb\"},\"inLanguage\":\"pt-BR\",\"potentialAction\":[{\"@type\":\"ReadAction\",\"target\":[\"https:\/\/franciscanos.org.br\/noticias\/paroquia-sao-paulo-apostolo-de-agudos-comemora-116-anos-na-proxima-semana.html\"]}]},{\"@type\":\"BreadcrumbList\",\"@id\":\"https:\/\/franciscanos.org.br\/noticias\/paroquia-sao-paulo-apostolo-de-agudos-comemora-116-anos-na-proxima-semana.html#breadcrumb\",\"itemListElement\":[{\"@type\":\"ListItem\",\"position\":1,\"name\":\"Home\",\"item\":\"https:\/\/franciscanos.org.br\/noticias\"},{\"@type\":\"ListItem\",\"position\":2,\"name\":\"Par\u00f3quia S\u00e3o Paulo Ap\u00f3stolo de Agudos comemora 116 anos\"}]},{\"@type\":\"Person\",\"@id\":\"https:\/\/franciscanos.org.br\/noticias\/#\/schema\/person\/b38fbf43118f02820bd932f2e4b14ad3\",\"name\":\"admin\",\"image\":{\"@type\":\"ImageObject\",\"inLanguage\":\"pt-BR\",\"@id\":\"https:\/\/franciscanos.org.br\/noticias\/#\/schema\/person\/image\/\",\"url\":\"https:\/\/secure.gravatar.com\/avatar\/e8495742d34d0ba6448ea1c628263b3e?s=96&d=mm&r=g\",\"contentUrl\":\"https:\/\/secure.gravatar.com\/avatar\/e8495742d34d0ba6448ea1c628263b3e?s=96&d=mm&r=g\",\"caption\":\"admin\"},\"url\":\"https:\/\/franciscanos.org.br\/noticias\/author\/admin\"}]}<\/script>\n<!-- \/ Yoast SEO plugin. -->","yoast_head_json":{"title":"Par\u00f3quia S\u00e3o Paulo Ap\u00f3stolo de Agudos comemora 116 anos - Not\u00edcias - Franciscanos","robots":{"index":"index","follow":"follow","max-snippet":"max-snippet:-1","max-image-preview":"max-image-preview:large","max-video-preview":"max-video-preview:-1"},"canonical":"https:\/\/franciscanos.org.br\/noticias\/paroquia-sao-paulo-apostolo-de-agudos-comemora-116-anos-na-proxima-semana.html","og_locale":"pt_BR","og_type":"article","og_title":"Par\u00f3quia S\u00e3o Paulo Ap\u00f3stolo de Agudos comemora 116 anos - Not\u00edcias - Franciscanos","og_description":"Festa","og_url":"https:\/\/franciscanos.org.br\/noticias\/paroquia-sao-paulo-apostolo-de-agudos-comemora-116-anos-na-proxima-semana.html","og_site_name":"Not\u00edcias - Franciscanos","article_published_time":"2014-06-24T10:17:39+00:00","article_modified_time":"2020-02-11T13:29:08+00:00","og_image":[{"width":273,"height":181,"url":"https:\/\/franciscanos.org.br\/noticias\/wp-content\/uploads\/2014\/06\/4.jpg","type":"image\/jpeg"}],"author":"admin","twitter_card":"summary_large_image","twitter_misc":{"Escrito por":"admin","Est. tempo de leitura":"2 minutos"},"schema":{"@context":"https:\/\/schema.org","@graph":[{"@type":"WebSite","@id":"https:\/\/franciscanos.org.br\/noticias\/#website","url":"https:\/\/franciscanos.org.br\/noticias\/","name":"Not\u00edcias - Franciscanos","description":"Prov\u00edncia Franciscana da Imaculada Concei\u00e7\u00e3o do Brasil - Ordem dos Frades Menores - OFM","potentialAction":[{"@type":"SearchAction","target":{"@type":"EntryPoint","urlTemplate":"https:\/\/franciscanos.org.br\/noticias\/?s={search_term_string}"},"query-input":"required name=search_term_string"}],"inLanguage":"pt-BR"},{"@type":"ImageObject","inLanguage":"pt-BR","@id":"https:\/\/franciscanos.org.br\/noticias\/paroquia-sao-paulo-apostolo-de-agudos-comemora-116-anos-na-proxima-semana.html#primaryimage","url":"https:\/\/franciscanos.org.br\/noticias\/wp-content\/uploads\/2014\/06\/4.jpg","contentUrl":"https:\/\/franciscanos.org.br\/noticias\/wp-content\/uploads\/2014\/06\/4.jpg","width":273,"height":181},{"@type":"WebPage","@id":"https:\/\/franciscanos.org.br\/noticias\/paroquia-sao-paulo-apostolo-de-agudos-comemora-116-anos-na-proxima-semana.html#webpage","url":"https:\/\/franciscanos.org.br\/noticias\/paroquia-sao-paulo-apostolo-de-agudos-comemora-116-anos-na-proxima-semana.html","name":"Par\u00f3quia S\u00e3o Paulo Ap\u00f3stolo de Agudos comemora 116 anos - Not\u00edcias - Franciscanos","isPartOf":{"@id":"https:\/\/franciscanos.org.br\/noticias\/#website"},"primaryImageOfPage":{"@id":"https:\/\/franciscanos.org.br\/noticias\/paroquia-sao-paulo-apostolo-de-agudos-comemora-116-anos-na-proxima-semana.html#primaryimage"},"datePublished":"2014-06-24T10:17:39+00:00","dateModified":"2020-02-11T13:29:08+00:00","author":{"@id":"https:\/\/franciscanos.org.br\/noticias\/#\/schema\/person\/b38fbf43118f02820bd932f2e4b14ad3"},"breadcrumb":{"@id":"https:\/\/franciscanos.org.br\/noticias\/paroquia-sao-paulo-apostolo-de-agudos-comemora-116-anos-na-proxima-semana.html#breadcrumb"},"inLanguage":"pt-BR","potentialAction":[{"@type":"ReadAction","target":["https:\/\/franciscanos.org.br\/noticias\/paroquia-sao-paulo-apostolo-de-agudos-comemora-116-anos-na-proxima-semana.html"]}]},{"@type":"BreadcrumbList","@id":"https:\/\/franciscanos.org.br\/noticias\/paroquia-sao-paulo-apostolo-de-agudos-comemora-116-anos-na-proxima-semana.html#breadcrumb","itemListElement":[{"@type":"ListItem","position":1,"name":"Home","item":"https:\/\/franciscanos.org.br\/noticias"},{"@type":"ListItem","position":2,"name":"Par\u00f3quia S\u00e3o Paulo Ap\u00f3stolo de Agudos comemora 116 anos"}]},{"@type":"Person","@id":"https:\/\/franciscanos.org.br\/noticias\/#\/schema\/person\/b38fbf43118f02820bd932f2e4b14ad3","name":"admin","image":{"@type":"ImageObject","inLanguage":"pt-BR","@id":"https:\/\/franciscanos.org.br\/noticias\/#\/schema\/person\/image\/","url":"https:\/\/secure.gravatar.com\/avatar\/e8495742d34d0ba6448ea1c628263b3e?s=96&d=mm&r=g","contentUrl":"https:\/\/secure.gravatar.com\/avatar\/e8495742d34d0ba6448ea1c628263b3e?s=96&d=mm&r=g","caption":"admin"},"url":"https:\/\/franciscanos.org.br\/noticias\/author\/admin"}]}},"_links":{"self":[{"href":"https:\/\/franciscanos.org.br\/noticias\/wp-json\/wp\/v2\/posts\/62791"}],"collection":[{"href":"https:\/\/franciscanos.org.br\/noticias\/wp-json\/wp\/v2\/posts"}],"about":[{"href":"https:\/\/franciscanos.org.br\/noticias\/wp-json\/wp\/v2\/types\/post"}],"author":[{"embeddable":true,"href":"https:\/\/franciscanos.org.br\/noticias\/wp-json\/wp\/v2\/users\/1"}],"replies":[{"embeddable":true,"href":"https:\/\/franciscanos.org.br\/noticias\/wp-json\/wp\/v2\/comments?post=62791"}],"version-history":[{"count":0,"href":"https:\/\/franciscanos.org.br\/noticias\/wp-json\/wp\/v2\/posts\/62791\/revisions"}],"wp:featuredmedia":[{"embeddable":true,"href":"https:\/\/franciscanos.org.br\/noticias\/wp-json\/wp\/v2\/media\/219037"}],"wp:attachment":[{"href":"https:\/\/franciscanos.org.br\/noticias\/wp-json\/wp\/v2\/media?parent=62791"}],"wp:term":[{"taxonomy":"category","embeddable":true,"href":"https:\/\/franciscanos.org.br\/noticias\/wp-json\/wp\/v2\/categories?post=62791"},{"taxonomy":"post_tag","embeddable":true,"href":"https:\/\/franciscanos.org.br\/noticias\/wp-json\/wp\/v2\/tags?post=62791"}],"curies":[{"name":"wp","href":"https:\/\/api.w.org\/{rel}","templated":true}]}}