{"id":62660,"date":"2014-06-20T07:59:08","date_gmt":"2014-06-20T10:59:08","guid":{"rendered":"http:\/\/franciscanos.org.br\/?p=62660"},"modified":"2020-06-10T17:58:47","modified_gmt":"2020-06-10T20:58:47","slug":"a-igreja-nao-nasceu-em-laboratorio","status":"publish","type":"post","link":"https:\/\/franciscanos.org.br\/noticias\/a-igreja-nao-nasceu-em-laboratorio.html","title":{"rendered":"Papa: &#8220;A Igreja n\u00e3o nasceu em laborat\u00f3rio&#8221;"},"content":{"rendered":"<p><img loading=\"lazy\" class=\"alignnone size-full wp-image-197510\" src=\"https:\/\/franciscanos.org.br\/noticias\/wp-content\/uploads\/2014\/06\/audiencia.jpg\" alt=\"\" width=\"678\" height=\"381\" srcset=\"https:\/\/franciscanos.org.br\/noticias\/wp-content\/uploads\/2014\/06\/audiencia.jpg 678w, https:\/\/franciscanos.org.br\/noticias\/wp-content\/uploads\/2014\/06\/audiencia-450x253.jpg 450w, https:\/\/franciscanos.org.br\/noticias\/wp-content\/uploads\/2014\/06\/audiencia-150x84.jpg 150w\" sizes=\"(max-width: 678px) 100vw, 678px\" \/><\/p>\n<p>Na audi\u00eancia geral desta quarta-feira, dia 18 de junho, o Papa Francisco prop\u00f4s o in\u00edcio de um novo ciclo de catequeses que ter\u00e1 como tema a Igreja:<\/p>\n<p>\u201cA Igreja n\u00e3o \u00e9 uma institui\u00e7\u00e3o com um fim em si pr\u00f3pria ou uma ONG, nem muito menos se deve restringir ao clero e ao Vaticano&#8230; A Igreja \u00e9 uma realidade mais ampla, que se abre a toda a humanidade e que n\u00e3o nasce num laborat\u00f3rio, improvisamente, do nada. \u00c9 fundada em Jesus Cristo mas \u00e9 um povo com uma hist\u00f3ria longa e uma prepara\u00e7\u00e3o que tem in\u00edcio muito antes de Jesus\u201d, disse.<\/p>\n<p>O Papa Francisco concluiu a sua catequese pedindo a gra\u00e7a de permanecermos fieis a Jesus Cristo e \u00e0 escuta da sua Palavra. No final da audi\u00eancia o Papa Francisco lan\u00e7ou um apelo para o drama dos refugiados:<\/p>\n<p>\u201cNeste 20 de junho, ocorre o Dia Mundial do Refugiado, que a comunidade internacional dedica aos que s\u00e3o obrigados a deixar a sua pr\u00f3pria terra para fugir dos conflitos e das persegui\u00e7\u00f5es. O n\u00famero destes irm\u00e3os refugiados est\u00e1 crescendo e, nestes \u00faltimos dias, outros milhares de pessoas foram levadas a deixar as suas casas para se salvarem. Milh\u00f5es de fam\u00edlias refugiadas de tantos pa\u00edses e de todos os credos religiosos vivem nas suas hist\u00f3rias dramas e feridas que dificilmente poder\u00e3o ser sanadas. Estejamos pr\u00f3ximos delas, partilhando os seus medos e incertezas pelo seu futuro e aliviando concretamente os seus sofrimentos. O Senhor sustente as pessoas e as institui\u00e7\u00f5es que trabalham com generosidade para assegurar aos refugiados acolhimento e dignidade dando-lhes motivos de esperan\u00e7a.\u201d<\/p>\n<p>Recordando que Jesus, com Maria e Jos\u00e9, tamb\u00e9m foi refugiado, o Papa Francisco invocou a prote\u00e7\u00e3o de Nossa Senhora.<\/p>\n<p>O Papa Francisco a todos deu a sua b\u00ean\u00e7\u00e3o!<\/p>\n<p><strong>\u00cdNTEGRA DA CATEQUESE<\/strong><\/p>\n<p>Queridos irm\u00e3os e irm\u00e3s, bom dia. E parab\u00e9ns a voc\u00eas porque voc\u00eas s\u00e3o bravos, com este tempo que n\u00e3o se sabe se vem \u00e1gua, se n\u00e3o vem\u2026 Bravos! Esperamos terminar a catequese sem \u00e1gua, que o Senhor tenha piedade de n\u00f3s.<\/p>\n<p>Hoje come\u00e7o um ciclo de catequese sobre a Igreja. \u00c9 um pouco como um filho que fala da pr\u00f3pria m\u00e3e, da pr\u00f3pria fam\u00edlia. Falar da Igreja \u00e9 falar da nossa m\u00e3e, da nossa fam\u00edlia. A Igreja, na verdade, n\u00e3o \u00e9 uma institui\u00e7\u00e3o com fim em si mesma ou uma associa\u00e7\u00e3o privada, uma ONG, nem t\u00e3o pouco se deve restringir o olhar ao clero e ao Vaticano\u2026 \u201cA Igreja pensa\u2026\u201d. Mas a Igreja somos todos! \u201cDe quem voc\u00ea fala?\u201d. \u201cN\u00e3o, dos padres\u2026\u201d Ah, os padres s\u00e3o parte da Igreja, mas a Igreja somos todos! N\u00e3o restringi-la aos sacerdotes, aos bispos, ao Vaticano\u2026 Estes s\u00e3o partes da Igreja, mas a Igreja somos todos, todos fam\u00edlia, todos da m\u00e3e. E a Igreja \u00e9 uma realidade muito mais ampla, que se abre a toda a humanidade e que n\u00e3o nasce em um laborat\u00f3rio, a Igreja n\u00e3o nasceu em laborat\u00f3rio, n\u00e3o nasceu de improviso. Foi fundada por Jesus, mas \u00e9 um povo com uma hist\u00f3ria longa e uma prepara\u00e7\u00e3o que tem in\u00edcio muito antes do pr\u00f3prio Cristo.<\/p>\n<p>1. Esta hist\u00f3ria, ou \u201cpre-hist\u00f3ria\u201d, da Igreja se encontra j\u00e1 nas p\u00e1ginas do Antigo Testamento. Ouvimos o Livro do G\u00eanesis: Deus escolheu Abra\u00e3o, nosso pai na f\u00e9, e lhe pede para partir, para deixar a sua p\u00e1tria terrena e seguir rumo a uma outra terra, que Ele indicaria (cfr Gen 12, 1-9). E nesta voca\u00e7\u00e3o Deus n\u00e3o chama Abra\u00e3o sozinho, como indiv\u00edduo, mas envolve desde o in\u00edcio a sua fam\u00edlia, os seus parentes e todos aqueles que est\u00e3o a servi\u00e7o da sua casa. Uma vez em caminho, \u2013 sim, assim a Igreja come\u00e7a a caminhar- , depois, Deus ainda ampliar\u00e1 o horizonte e transbordar\u00e1 Abra\u00e3o da sua ben\u00e7\u00e3o, prometendo-lhe uma descend\u00eancia numerosa como as estrelas do c\u00e9u e como a areia da praia. O primeiro dado importante \u00e9 justamente esse: come\u00e7ando de Abra\u00e3o, Deus forma um povo para que leve a sua ben\u00e7\u00e3o a todas as fam\u00edlias da terra. E dentro desse povo nasce Jesus. \u00c9 Deus que faz esse povo, esta hist\u00f3ria, a Igreja em caminho, e ali nasce Jesus, neste povo.<\/p>\n<p>2. Um segundo elemento: n\u00e3o \u00e9 Abra\u00e3o a constituir em torno de si um povo, mas \u00e9 Deus a dar a vida a este povo. Geralmente era o homem que se dirigia \u00e0 divindade, procurando preencher a lacuna e invocando apoio e prote\u00e7\u00e3o. O povo rezava aos deuses, \u00e0s divindades. Nesse caso, em vez disso, se assiste a algo sem precedentes: \u00e9 o pr\u00f3prio Deus a tomar a iniciativa. Escutemos isso: \u00e9 o pr\u00f3prio Deus que bate \u00e0 porta de Abra\u00e3o e lhe diz: segue adiante, distante da sua terra, comece a caminhar e eu farei de ti um grande povo. E este \u00e9 o in\u00edcio da Igreja e neste povo nasce Jesus. Deus toma a iniciativa e dirige a sua palavra ao homem, criando um v\u00ednculo e uma rela\u00e7\u00e3o nova com ele. \u201cMas, padre, como \u00e9 isto? Deus nos fala?\u201d. \u201cSim\u201d. \u201cE n\u00f3s podemos falar com Deus?\u201d. \u201cSim\u201d. \u201cMas n\u00f3s podemos ter uma conversa com Deus?\u201d. \u201cSim\u201d. Isto se chama ora\u00e7\u00e3o, mas \u00e9 Deus que fez isso desde o in\u00edcio. Assim, Deus forma um povo com todos aqueles que escutam a sua Palavra e que se colocam em caminho, confiando Nele. Esta \u00e9 a \u00fanica condi\u00e7\u00e3o: confiar em Deus. Se voc\u00ea confia em Deus, escuta-O e se coloca em caminho, isto \u00e9 fazer Igreja. O amor de Deus precede tudo. Deus sempre \u00e9 primeiro, chega antes de n\u00f3s, Ele nos precede. O profeta Isa\u00edas, ou Jeremias, n\u00e3o me lembro bem, dizia que Deus \u00e9 como a flor da amendoeira, porque \u00e9 a primeira \u00e1rvore que floresce na primavera. Para dizer que Deus sempre floresce antes de n\u00f3s. Quando n\u00f3s chegamos, Ele nos espera, Ele nos chama, Ele nos faz caminhar. Sempre est\u00e1 antecipado em rela\u00e7\u00e3o a n\u00f3s. E isto se chama amor, porque Deus nos espera sempre. \u201cMas, padre, eu n\u00e3o acredito nisto, porque se o senhor soubesse, padre, a minha vida tem sido t\u00e3o ruim, como posso pensar que Deus me espera?\u201d. \u201cDeus te espera. E se voc\u00ea foi um grande pecador, te espera mais ainda e te espera com tanto amor, porque Ele \u00e9 o primeiro. Esta \u00e9 a beleza da Igreja, que nos leva a este Deus que nos espera!\u201d. Precede Abra\u00e3o, precede tamb\u00e9m Ad\u00e3o.<\/p>\n<p>3. Abra\u00e3o e os seus escutam o chamado de Deus e se colocam em caminho, n\u00e3o obstante n\u00e3o saibam bem quem seja este Deus e onde quer conduzi-los. \u00c9 verdade, porque Abra\u00e3o se coloca em caminho confiando neste Deus que lhes falou, mas n\u00e3o tinha um livro de teologia para estudar o que era este Deus. Confia, confia no amor. Deus lhe faz sentir o amor e ele confia. Isto, por\u00e9m, n\u00e3o significa que este povo esteja sempre convencido e fiel. Antes, desde o in\u00edcio h\u00e1 resist\u00eancias, o olhar para si mesmo e para seus pr\u00f3prios interesses e a tenta\u00e7\u00e3o de negociar com Deus e resolver as coisas do pr\u00f3prio modo. E estas s\u00e3o as trai\u00e7\u00f5es e os pecados que marcam o caminho do povo ao longo de toda a hist\u00f3ria da salva\u00e7\u00e3o, que \u00e9 a hist\u00f3ria da fidelidade de Deus e da infidelidade do povo. Deus, por\u00e9m, n\u00e3o se cansa, Deus tem paci\u00eancia, tem tanta paci\u00eancia, e no tempo continua a educar e a formar o seu povo, como um pai com o pr\u00f3prio filho. Deus caminha conosco. Diz o profeta Oseias: \u201cEu caminhei contigo e te ensinei a caminhar como um pai ensina o seu filho a caminhar\u201d. Bela esta imagem de Deus! E assim \u00e9 conosco: ensina-nos a caminhar. E \u00e9 a mesma atitude que mant\u00e9m em rela\u00e7\u00e3o \u00e0 Igreja. Tamb\u00e9m n\u00f3s, de fato, mesmo no nosso prop\u00f3sito de seguir o Senhor Jesus, fazemos a experi\u00eancia a cada dia do ego\u00edsmo e da dureza do nosso cora\u00e7\u00e3o. Quando, por\u00e9m, nos reconhecemos pecadores, Deus nos enche da sua miseric\u00f3rdia e do seu amor. E nos perdoa, nos perdoa sempre. E \u00e9 justamente isso que nos faz crescer como povo de Deus, como Igreja: n\u00e3o \u00e9 a nossa bravura, n\u00e3o s\u00e3o os nossos m\u00e9ritos \u2013 n\u00e3o somos pouca coisa, n\u00e3o \u00e9 isso \u2013 mas \u00e9 a experi\u00eancia cotidiana de quanto o Senhor nos quer bem e cuida de n\u00f3s. \u00c9 isto que nos faz sentir realmente seus, nas suas m\u00e3os, e nos faz crescer na comunh\u00e3o com Ele e entre n\u00f3s. Ser Igreja \u00e9 sentir-se nas m\u00e3os de Deus, que \u00e9 Pai e nos ama, nos acaricia, nos espera, nos faz sentir a sua ternura. E isto \u00e9 muito belo!<\/p>\n<p>Queridos amigos, este \u00e9 o projeto de Deus; quando chamou Abra\u00e3o, Deus pensava isto: formar um povo aben\u00e7oado pelo seu amor e que leve a sua ben\u00e7\u00e3o a todos os povos da terra. Este projeto n\u00e3o muda, est\u00e1 sempre em a\u00e7\u00e3o. Em Cristo teve o seu cumprimento e ainda hoje Deus continua a realiz\u00e1-lo na Igreja. Pe\u00e7amos, ent\u00e3o, a gra\u00e7a de permanecer fi\u00e9is ao seguimento do Senhor Jesus e na escuta da sua Palavra, prontos a partir a cada dia, como Abra\u00e3o, rumo \u00e0 terra de Deus e do homem, a nossa verdadeira p\u00e1tria e assim nos tornarmos ben\u00e7\u00e3o, sinal do amor de Deus para todos os seus filhos. Eu gosto de pensar que um sin\u00f4nimo, um outro nome que n\u00f3s crist\u00e3os podemos ter seria este: somos homens e mulheres, somos povo que bendiz. O crist\u00e3o, com a sua vida, deve bendizer sempre, bendizer Deus e bendizer todos. N\u00f3s crist\u00e3os somos povo que bendiz, que sabe bendizer. Esta \u00e9 uma bela voca\u00e7\u00e3o!<\/p>\n<p><em><strong>Papa Francisco<\/strong><\/em><br \/>\n<em><strong> Pra\u00e7a S\u00e3o Pedro \u2013 Vaticano<\/strong><\/em><br \/>\n<em><strong> Quarta-feira, 18 de junho de 2014<\/strong><\/em><\/p>\n<hr \/>\n<p><em>Fonte: R\u00e1dio Vaticano<\/em><\/p>\n","protected":false},"excerpt":{"rendered":"<p>Audi\u00eancia Geral<\/p>\n","protected":false},"author":1,"featured_media":209043,"comment_status":"closed","ping_status":"open","sticky":false,"template":"","format":"standard","meta":[],"categories":[1428],"tags":[487],"acf":[],"yoast_head":"<!-- This site is optimized with the Yoast SEO plugin v19.2 - https:\/\/yoast.com\/wordpress\/plugins\/seo\/ -->\n<title>Papa: &quot;A Igreja n\u00e3o nasceu em laborat\u00f3rio&quot; - Not\u00edcias - Franciscanos<\/title>\n<meta name=\"robots\" content=\"index, follow, max-snippet:-1, max-image-preview:large, max-video-preview:-1\" \/>\n<link rel=\"canonical\" href=\"https:\/\/franciscanos.org.br\/noticias\/a-igreja-nao-nasceu-em-laboratorio.html\" \/>\n<meta property=\"og:locale\" content=\"pt_BR\" \/>\n<meta property=\"og:type\" content=\"article\" \/>\n<meta property=\"og:title\" content=\"Papa: &quot;A Igreja n\u00e3o nasceu em laborat\u00f3rio&quot; - Not\u00edcias - Franciscanos\" \/>\n<meta property=\"og:description\" content=\"Audi\u00eancia Geral\" \/>\n<meta property=\"og:url\" content=\"https:\/\/franciscanos.org.br\/noticias\/a-igreja-nao-nasceu-em-laboratorio.html\" \/>\n<meta property=\"og:site_name\" content=\"Not\u00edcias - Franciscanos\" \/>\n<meta property=\"article:published_time\" content=\"2014-06-20T10:59:08+00:00\" \/>\n<meta property=\"article:modified_time\" content=\"2020-06-10T20:58:47+00:00\" \/>\n<meta property=\"og:image\" content=\"https:\/\/franciscanos.org.br\/noticias\/wp-content\/uploads\/2014\/06\/audiencia-1.jpg\" \/>\n\t<meta property=\"og:image:width\" content=\"273\" \/>\n\t<meta property=\"og:image:height\" content=\"181\" \/>\n\t<meta property=\"og:image:type\" content=\"image\/jpeg\" \/>\n<meta name=\"author\" content=\"admin\" \/>\n<meta name=\"twitter:card\" content=\"summary_large_image\" \/>\n<meta name=\"twitter:label1\" content=\"Escrito por\" \/>\n\t<meta name=\"twitter:data1\" content=\"admin\" \/>\n\t<meta name=\"twitter:label2\" content=\"Est. tempo de leitura\" \/>\n\t<meta name=\"twitter:data2\" content=\"9 minutos\" \/>\n<script type=\"application\/ld+json\" class=\"yoast-schema-graph\">{\"@context\":\"https:\/\/schema.org\",\"@graph\":[{\"@type\":\"WebSite\",\"@id\":\"https:\/\/franciscanos.org.br\/noticias\/#website\",\"url\":\"https:\/\/franciscanos.org.br\/noticias\/\",\"name\":\"Not\u00edcias - Franciscanos\",\"description\":\"Prov\u00edncia Franciscana da Imaculada Concei\u00e7\u00e3o do Brasil - Ordem dos Frades Menores - OFM\",\"potentialAction\":[{\"@type\":\"SearchAction\",\"target\":{\"@type\":\"EntryPoint\",\"urlTemplate\":\"https:\/\/franciscanos.org.br\/noticias\/?s={search_term_string}\"},\"query-input\":\"required name=search_term_string\"}],\"inLanguage\":\"pt-BR\"},{\"@type\":\"ImageObject\",\"inLanguage\":\"pt-BR\",\"@id\":\"https:\/\/franciscanos.org.br\/noticias\/a-igreja-nao-nasceu-em-laboratorio.html#primaryimage\",\"url\":\"https:\/\/franciscanos.org.br\/noticias\/wp-content\/uploads\/2014\/06\/audiencia-1.jpg\",\"contentUrl\":\"https:\/\/franciscanos.org.br\/noticias\/wp-content\/uploads\/2014\/06\/audiencia-1.jpg\",\"width\":273,\"height\":181},{\"@type\":\"WebPage\",\"@id\":\"https:\/\/franciscanos.org.br\/noticias\/a-igreja-nao-nasceu-em-laboratorio.html#webpage\",\"url\":\"https:\/\/franciscanos.org.br\/noticias\/a-igreja-nao-nasceu-em-laboratorio.html\",\"name\":\"Papa: \\\"A Igreja n\u00e3o nasceu em laborat\u00f3rio\\\" - Not\u00edcias - Franciscanos\",\"isPartOf\":{\"@id\":\"https:\/\/franciscanos.org.br\/noticias\/#website\"},\"primaryImageOfPage\":{\"@id\":\"https:\/\/franciscanos.org.br\/noticias\/a-igreja-nao-nasceu-em-laboratorio.html#primaryimage\"},\"datePublished\":\"2014-06-20T10:59:08+00:00\",\"dateModified\":\"2020-06-10T20:58:47+00:00\",\"author\":{\"@id\":\"https:\/\/franciscanos.org.br\/noticias\/#\/schema\/person\/b38fbf43118f02820bd932f2e4b14ad3\"},\"breadcrumb\":{\"@id\":\"https:\/\/franciscanos.org.br\/noticias\/a-igreja-nao-nasceu-em-laboratorio.html#breadcrumb\"},\"inLanguage\":\"pt-BR\",\"potentialAction\":[{\"@type\":\"ReadAction\",\"target\":[\"https:\/\/franciscanos.org.br\/noticias\/a-igreja-nao-nasceu-em-laboratorio.html\"]}]},{\"@type\":\"BreadcrumbList\",\"@id\":\"https:\/\/franciscanos.org.br\/noticias\/a-igreja-nao-nasceu-em-laboratorio.html#breadcrumb\",\"itemListElement\":[{\"@type\":\"ListItem\",\"position\":1,\"name\":\"Home\",\"item\":\"https:\/\/franciscanos.org.br\/noticias\"},{\"@type\":\"ListItem\",\"position\":2,\"name\":\"Papa: &#8220;A Igreja n\u00e3o nasceu em laborat\u00f3rio&#8221;\"}]},{\"@type\":\"Person\",\"@id\":\"https:\/\/franciscanos.org.br\/noticias\/#\/schema\/person\/b38fbf43118f02820bd932f2e4b14ad3\",\"name\":\"admin\",\"image\":{\"@type\":\"ImageObject\",\"inLanguage\":\"pt-BR\",\"@id\":\"https:\/\/franciscanos.org.br\/noticias\/#\/schema\/person\/image\/\",\"url\":\"https:\/\/secure.gravatar.com\/avatar\/e8495742d34d0ba6448ea1c628263b3e?s=96&d=mm&r=g\",\"contentUrl\":\"https:\/\/secure.gravatar.com\/avatar\/e8495742d34d0ba6448ea1c628263b3e?s=96&d=mm&r=g\",\"caption\":\"admin\"},\"url\":\"https:\/\/franciscanos.org.br\/noticias\/author\/admin\"}]}<\/script>\n<!-- \/ Yoast SEO plugin. -->","yoast_head_json":{"title":"Papa: \"A Igreja n\u00e3o nasceu em laborat\u00f3rio\" - Not\u00edcias - Franciscanos","robots":{"index":"index","follow":"follow","max-snippet":"max-snippet:-1","max-image-preview":"max-image-preview:large","max-video-preview":"max-video-preview:-1"},"canonical":"https:\/\/franciscanos.org.br\/noticias\/a-igreja-nao-nasceu-em-laboratorio.html","og_locale":"pt_BR","og_type":"article","og_title":"Papa: \"A Igreja n\u00e3o nasceu em laborat\u00f3rio\" - Not\u00edcias - Franciscanos","og_description":"Audi\u00eancia Geral","og_url":"https:\/\/franciscanos.org.br\/noticias\/a-igreja-nao-nasceu-em-laboratorio.html","og_site_name":"Not\u00edcias - Franciscanos","article_published_time":"2014-06-20T10:59:08+00:00","article_modified_time":"2020-06-10T20:58:47+00:00","og_image":[{"width":273,"height":181,"url":"https:\/\/franciscanos.org.br\/noticias\/wp-content\/uploads\/2014\/06\/audiencia-1.jpg","type":"image\/jpeg"}],"author":"admin","twitter_card":"summary_large_image","twitter_misc":{"Escrito por":"admin","Est. tempo de leitura":"9 minutos"},"schema":{"@context":"https:\/\/schema.org","@graph":[{"@type":"WebSite","@id":"https:\/\/franciscanos.org.br\/noticias\/#website","url":"https:\/\/franciscanos.org.br\/noticias\/","name":"Not\u00edcias - Franciscanos","description":"Prov\u00edncia Franciscana da Imaculada Concei\u00e7\u00e3o do Brasil - Ordem dos Frades Menores - OFM","potentialAction":[{"@type":"SearchAction","target":{"@type":"EntryPoint","urlTemplate":"https:\/\/franciscanos.org.br\/noticias\/?s={search_term_string}"},"query-input":"required name=search_term_string"}],"inLanguage":"pt-BR"},{"@type":"ImageObject","inLanguage":"pt-BR","@id":"https:\/\/franciscanos.org.br\/noticias\/a-igreja-nao-nasceu-em-laboratorio.html#primaryimage","url":"https:\/\/franciscanos.org.br\/noticias\/wp-content\/uploads\/2014\/06\/audiencia-1.jpg","contentUrl":"https:\/\/franciscanos.org.br\/noticias\/wp-content\/uploads\/2014\/06\/audiencia-1.jpg","width":273,"height":181},{"@type":"WebPage","@id":"https:\/\/franciscanos.org.br\/noticias\/a-igreja-nao-nasceu-em-laboratorio.html#webpage","url":"https:\/\/franciscanos.org.br\/noticias\/a-igreja-nao-nasceu-em-laboratorio.html","name":"Papa: \"A Igreja n\u00e3o nasceu em laborat\u00f3rio\" - Not\u00edcias - Franciscanos","isPartOf":{"@id":"https:\/\/franciscanos.org.br\/noticias\/#website"},"primaryImageOfPage":{"@id":"https:\/\/franciscanos.org.br\/noticias\/a-igreja-nao-nasceu-em-laboratorio.html#primaryimage"},"datePublished":"2014-06-20T10:59:08+00:00","dateModified":"2020-06-10T20:58:47+00:00","author":{"@id":"https:\/\/franciscanos.org.br\/noticias\/#\/schema\/person\/b38fbf43118f02820bd932f2e4b14ad3"},"breadcrumb":{"@id":"https:\/\/franciscanos.org.br\/noticias\/a-igreja-nao-nasceu-em-laboratorio.html#breadcrumb"},"inLanguage":"pt-BR","potentialAction":[{"@type":"ReadAction","target":["https:\/\/franciscanos.org.br\/noticias\/a-igreja-nao-nasceu-em-laboratorio.html"]}]},{"@type":"BreadcrumbList","@id":"https:\/\/franciscanos.org.br\/noticias\/a-igreja-nao-nasceu-em-laboratorio.html#breadcrumb","itemListElement":[{"@type":"ListItem","position":1,"name":"Home","item":"https:\/\/franciscanos.org.br\/noticias"},{"@type":"ListItem","position":2,"name":"Papa: &#8220;A Igreja n\u00e3o nasceu em laborat\u00f3rio&#8221;"}]},{"@type":"Person","@id":"https:\/\/franciscanos.org.br\/noticias\/#\/schema\/person\/b38fbf43118f02820bd932f2e4b14ad3","name":"admin","image":{"@type":"ImageObject","inLanguage":"pt-BR","@id":"https:\/\/franciscanos.org.br\/noticias\/#\/schema\/person\/image\/","url":"https:\/\/secure.gravatar.com\/avatar\/e8495742d34d0ba6448ea1c628263b3e?s=96&d=mm&r=g","contentUrl":"https:\/\/secure.gravatar.com\/avatar\/e8495742d34d0ba6448ea1c628263b3e?s=96&d=mm&r=g","caption":"admin"},"url":"https:\/\/franciscanos.org.br\/noticias\/author\/admin"}]}},"_links":{"self":[{"href":"https:\/\/franciscanos.org.br\/noticias\/wp-json\/wp\/v2\/posts\/62660"}],"collection":[{"href":"https:\/\/franciscanos.org.br\/noticias\/wp-json\/wp\/v2\/posts"}],"about":[{"href":"https:\/\/franciscanos.org.br\/noticias\/wp-json\/wp\/v2\/types\/post"}],"author":[{"embeddable":true,"href":"https:\/\/franciscanos.org.br\/noticias\/wp-json\/wp\/v2\/users\/1"}],"replies":[{"embeddable":true,"href":"https:\/\/franciscanos.org.br\/noticias\/wp-json\/wp\/v2\/comments?post=62660"}],"version-history":[{"count":1,"href":"https:\/\/franciscanos.org.br\/noticias\/wp-json\/wp\/v2\/posts\/62660\/revisions"}],"predecessor-version":[{"id":226204,"href":"https:\/\/franciscanos.org.br\/noticias\/wp-json\/wp\/v2\/posts\/62660\/revisions\/226204"}],"wp:featuredmedia":[{"embeddable":true,"href":"https:\/\/franciscanos.org.br\/noticias\/wp-json\/wp\/v2\/media\/209043"}],"wp:attachment":[{"href":"https:\/\/franciscanos.org.br\/noticias\/wp-json\/wp\/v2\/media?parent=62660"}],"wp:term":[{"taxonomy":"category","embeddable":true,"href":"https:\/\/franciscanos.org.br\/noticias\/wp-json\/wp\/v2\/categories?post=62660"},{"taxonomy":"post_tag","embeddable":true,"href":"https:\/\/franciscanos.org.br\/noticias\/wp-json\/wp\/v2\/tags?post=62660"}],"curies":[{"name":"wp","href":"https:\/\/api.w.org\/{rel}","templated":true}]}}