{"id":61996,"date":"2014-02-26T11:46:58","date_gmt":"2014-02-26T14:46:58","guid":{"rendered":"http:\/\/new.franciscanos.org.br\/?p=61996"},"modified":"2019-07-04T14:14:01","modified_gmt":"2019-07-04T17:14:01","slug":"curso-em-mistica-e-espiritualidade-franciscanas","status":"publish","type":"post","link":"https:\/\/franciscanos.org.br\/noticias\/curso-em-mistica-e-espiritualidade-franciscanas.html","title":{"rendered":"Curso em m\u00edstica e espiritualidade franciscanas"},"content":{"rendered":"<p style=\"text-align: left;\" align=\"center\"><strong><img loading=\"lazy\" class=\"alignright wp-image-61997 size-full\" src=\"http:\/\/franciscanos.org.br\/wp-content\/uploads\/2014\/06\/Folder-I.jpg\" alt=\"Folder-I\" width=\"300\" height=\"635\" \/>Frei Sandro Roberto da Costa<\/strong><\/p>\n<p style=\"text-align: left;\">O Instituto Teol\u00f3gico Franciscano de Petr\u00f3polis manteve, por v\u00e1rios anos, em parceria com a Fam\u00edlia Franciscana do Brasil, um curso de extens\u00e3o em Espiritualidade Franciscana. Este curso funcionava junto ao antigo Centro Franciscano de Petr\u00f3polis, conhecido por muitos irm\u00e3os e irm\u00e3s, que ali puderam passar bons e inesquec\u00edveis momentos de forma\u00e7\u00e3o e fraternidade. Desde a mudan\u00e7a do Centro Franciscano para Bras\u00edlia os professores do ITF pensavam em retomar este curso. Assim, o ITF organizou e agora oferece \u00e0 Fam\u00edlia Franciscana do Brasil, aos simpatizantes do franciscanismo\u00a0 e interessados em conhecer e aprofundar seus conhecimentos e sua viv\u00eancia da m\u00edstica e da espiritualidade do Poverello, o curso de especializa\u00e7\u00e3o\u00a0<i>lato sensu<\/i>\u00a0em M\u00edstica e Espiritualidade Franciscanas.<\/p>\n<p style=\"text-align: left;\">O objetivo do curso \u00e9 oferecer aos participantes condi\u00e7\u00f5es de aprofundar seus conhecimentos e compreens\u00e3o do pensamento, da m\u00edstica e da espiritualidade franciscanas, atrav\u00e9s do estudo sistem\u00e1tico dos v\u00e1rios elementos que comp\u00f5em aquilo que chamamos de \u201cpatrim\u00f4nio franciscano\u201d. Al\u00e9m disso, o curso se prop\u00f5e a evidenciar a evolu\u00e7\u00e3o do pensamento e carisma franciscanos atrav\u00e9s dos tempos, sua perene atualidade, bem como sua contribui\u00e7\u00e3o para os prementes debates envolvendo o humano contempor\u00e2neo e sua constante busca de resposta e de sentido. O curso prop\u00f5e-se tamb\u00e9m a ser um instrumento \u00fatil para todos aqueles e aquelas que, no seu dia a dia, por op\u00e7\u00e3o de vida, por miss\u00e3o e voca\u00e7\u00e3o, t\u00eam a ver com a forma\u00e7\u00e3o, educa\u00e7\u00e3o e evangeliza\u00e7\u00e3o pautadas pelos valores vivenciados e pregados por Francisco e Clara de Assis.<\/p>\n<p style=\"text-align: left;\">Dividido em tr\u00eas etapas, o curso funcionar\u00e1 nas f\u00e9rias de julho, de 2014 a 2016, tr\u00eas semanas em cada m\u00eas de julho. A primeira etapa ter\u00e1 in\u00edcio no dia 1\u00ba de julho de 2014. As tr\u00eas etapas do curso somar\u00e3o um total de 425 horas\/aula, somadas aqui as 40 horas dedicadas ao Trabalho de Conclus\u00e3o do Curso (TCC).\u00a0 Candidatos que quiserem frequentar o curso, mesmo sem ter o diploma de curso superior, tamb\u00e9m poder\u00e3o faz\u00ea-lo, desde que se submetam a todas as exig\u00eancias acad\u00eamicas. No fim do curso obter\u00e3o o certificado de Curso de Extens\u00e3o.<\/p>\n<p style=\"text-align: left;\">Impostado sobre dois alicerces, o curso tem uma primeira parte dedicada ao aprofundamento dos elementos b\u00e1sicos para um bom conhecimento do carisma franciscano: a parte hist\u00f3rica, o aprofundamento do conhecimento das fontes e da m\u00edstica franciscana, al\u00e9m dos elementos te\u00f3ricos que pertencem ao patrim\u00f4nio franciscano, como sua escola teol\u00f3gica e filos\u00f3fica, a pedagogia franciscana, a cristologia e a antropologia franciscana. A segunda parte curso ser\u00e1 dedicada ao di\u00e1logo do franciscanismo com as grandes quest\u00f5es que se colocam ao ser humano contempor\u00e2neo. Especialistas das mais variadas \u00e1reas ir\u00e3o trabalhar quest\u00f5es como os desafios e as possibilidades que a p\u00f3s-modernidade apresenta ao franciscanismo, o modo franciscano de evangelizar, a op\u00e7\u00e3o pelos pobres na perspectiva franciscana, franciscanismo e di\u00e1logo inter-religioso. Na carga hor\u00e1ria optou-se por dedicar um tempo maior \u00e0s quest\u00f5es ligadas aos desafios eco-ambientais. Assim, um especialista trabalhar\u00e1 com as grandes quest\u00f5es ambientais do s\u00e9culo XXI, enquanto outro trabalhar\u00e1 a contribui\u00e7\u00e3o do franciscanismo ao debate ecol\u00f3gico. Uma disciplina ser\u00e1 dedicada ao tema da arte e est\u00e9tica franciscana: o caminho da beleza. O curso ser\u00e1 conclu\u00eddo com um semin\u00e1rio inter-disciplinar intitulado: Espiritualidade franciscana e novos paradigmas: juventude, quest\u00e3o de g\u00eanero, mundo urbano, novas tecnologias, ecologia, justi\u00e7a e paz. Especialistas nestas \u00e1reas v\u00e3o expor seus temas, e depois ser\u00e1 aberto o debate com os estudantes.<\/p>\n<p style=\"text-align: left;\">Para a obten\u00e7\u00e3o do t\u00edtulo de Especialista, ser\u00e1 necess\u00e1rio a elabora\u00e7\u00e3o de um Trabalho de Conclus\u00e3o de Curso, (TCC), sobre um tema de interesse pessoal do aluno. Durante o curso ser\u00e1 oferecida tamb\u00e9m uma disciplina sobre a Metodologia do Trabalho Cient\u00edfico.<\/p>\n<p style=\"text-align: left;\">O Instituto Teol\u00f3gico Franciscano \u00e9 uma institui\u00e7\u00e3o de ensino com mais de 100 anos de exist\u00eancia e de dedica\u00e7\u00e3o ao estudo da Teologia e do pensamento franciscano. Reconhecida pelo MEC, e tamb\u00e9m afiliada \u00e0 Pontif\u00edcia Universidade Antonianum, de Roma, possui uma biblioteca com mais de 120 mil volumes, totalmente \u00e0 disposi\u00e7\u00e3o dos seus alunos. As publica\u00e7\u00f5es e seus in\u00fameros peri\u00f3dicos nacionais e estrangeiros, muitos deles na \u00e1rea do franciscanismo, merecem destaque. A equipe de coordena\u00e7\u00e3o deste curso n\u00e3o pretende,\u00a0 e est\u00e1 ciente de que nem pode, esgotar todos os assuntos relacionados \u00e0 espiritualidade franciscana. O carisma franciscano, t\u00e3o atual, t\u00e3o rico e com nuan\u00e7as sempre novas e a serem redescobertas, e a cada tempo redefinidas e repropostas, n\u00e3o se deixa encastelar num curso acad\u00eamico, por mais s\u00e9rio que seja. Mas, ao reunir um corpo privilegiado de especialistas na \u00e1rea do pensamento franciscano, na sua maioria doutores, para oferecer este curso de M\u00edstica e Espiritualidade, o ITF espera somar-se aos esfor\u00e7os de todos os franciscanos e franciscanas do Brasil que, de um modo ou de outro, contribuem para aprofundar e fazer mais conhecido e vivenciado o carisma do Poverello de Assis. Espera, ao mesmo tempo, atrav\u00e9s do debate acad\u00eamico e sistem\u00e1tico, contribuir para a atualiza\u00e7\u00e3o criativa do imenso e significativo patrim\u00f4nio espiritual, cultural e humano vivenciado e experimentado por Francisco de Assis e seus seguidores atrav\u00e9s dos s\u00e9culos.<\/p>\n","protected":false},"excerpt":{"rendered":"<p>Lato Sensu no ITF<\/p>\n","protected":false},"author":1,"featured_media":207317,"comment_status":"closed","ping_status":"open","sticky":false,"template":"","format":"standard","meta":[],"categories":[1],"tags":[189],"acf":[],"yoast_head":"<!-- This site is optimized with the Yoast SEO plugin v19.2 - https:\/\/yoast.com\/wordpress\/plugins\/seo\/ -->\n<title>Curso em m\u00edstica e espiritualidade franciscanas - Not\u00edcias - Franciscanos<\/title>\n<meta name=\"robots\" content=\"index, follow, max-snippet:-1, max-image-preview:large, max-video-preview:-1\" \/>\n<link rel=\"canonical\" href=\"https:\/\/franciscanos.org.br\/noticias\/curso-em-mistica-e-espiritualidade-franciscanas.html\" \/>\n<meta property=\"og:locale\" content=\"pt_BR\" \/>\n<meta property=\"og:type\" content=\"article\" \/>\n<meta property=\"og:title\" content=\"Curso em m\u00edstica e espiritualidade franciscanas - Not\u00edcias - Franciscanos\" \/>\n<meta property=\"og:description\" content=\"Lato Sensu no ITF\" \/>\n<meta property=\"og:url\" content=\"https:\/\/franciscanos.org.br\/noticias\/curso-em-mistica-e-espiritualidade-franciscanas.html\" \/>\n<meta property=\"og:site_name\" content=\"Not\u00edcias - Franciscanos\" \/>\n<meta property=\"article:published_time\" content=\"2014-02-26T14:46:58+00:00\" \/>\n<meta property=\"article:modified_time\" content=\"2019-07-04T17:14:01+00:00\" \/>\n<meta property=\"og:image\" content=\"https:\/\/franciscanos.org.br\/noticias\/wp-content\/uploads\/2014\/02\/folder_0407.jpg\" \/>\n\t<meta property=\"og:image:width\" content=\"273\" \/>\n\t<meta property=\"og:image:height\" content=\"181\" \/>\n\t<meta property=\"og:image:type\" content=\"image\/jpeg\" \/>\n<meta name=\"author\" content=\"admin\" \/>\n<meta name=\"twitter:card\" content=\"summary_large_image\" \/>\n<meta name=\"twitter:label1\" content=\"Escrito por\" \/>\n\t<meta name=\"twitter:data1\" content=\"admin\" \/>\n\t<meta name=\"twitter:label2\" content=\"Est. tempo de leitura\" \/>\n\t<meta name=\"twitter:data2\" content=\"5 minutos\" \/>\n<script type=\"application\/ld+json\" class=\"yoast-schema-graph\">{\"@context\":\"https:\/\/schema.org\",\"@graph\":[{\"@type\":\"WebSite\",\"@id\":\"https:\/\/franciscanos.org.br\/noticias\/#website\",\"url\":\"https:\/\/franciscanos.org.br\/noticias\/\",\"name\":\"Not\u00edcias - Franciscanos\",\"description\":\"Prov\u00edncia Franciscana da Imaculada Concei\u00e7\u00e3o do Brasil - Ordem dos Frades Menores - OFM\",\"potentialAction\":[{\"@type\":\"SearchAction\",\"target\":{\"@type\":\"EntryPoint\",\"urlTemplate\":\"https:\/\/franciscanos.org.br\/noticias\/?s={search_term_string}\"},\"query-input\":\"required name=search_term_string\"}],\"inLanguage\":\"pt-BR\"},{\"@type\":\"ImageObject\",\"inLanguage\":\"pt-BR\",\"@id\":\"https:\/\/franciscanos.org.br\/noticias\/curso-em-mistica-e-espiritualidade-franciscanas.html#primaryimage\",\"url\":\"https:\/\/franciscanos.org.br\/noticias\/wp-content\/uploads\/2014\/02\/folder_0407.jpg\",\"contentUrl\":\"https:\/\/franciscanos.org.br\/noticias\/wp-content\/uploads\/2014\/02\/folder_0407.jpg\",\"width\":273,\"height\":181},{\"@type\":\"WebPage\",\"@id\":\"https:\/\/franciscanos.org.br\/noticias\/curso-em-mistica-e-espiritualidade-franciscanas.html#webpage\",\"url\":\"https:\/\/franciscanos.org.br\/noticias\/curso-em-mistica-e-espiritualidade-franciscanas.html\",\"name\":\"Curso em m\u00edstica e espiritualidade franciscanas - Not\u00edcias - Franciscanos\",\"isPartOf\":{\"@id\":\"https:\/\/franciscanos.org.br\/noticias\/#website\"},\"primaryImageOfPage\":{\"@id\":\"https:\/\/franciscanos.org.br\/noticias\/curso-em-mistica-e-espiritualidade-franciscanas.html#primaryimage\"},\"datePublished\":\"2014-02-26T14:46:58+00:00\",\"dateModified\":\"2019-07-04T17:14:01+00:00\",\"author\":{\"@id\":\"https:\/\/franciscanos.org.br\/noticias\/#\/schema\/person\/b38fbf43118f02820bd932f2e4b14ad3\"},\"breadcrumb\":{\"@id\":\"https:\/\/franciscanos.org.br\/noticias\/curso-em-mistica-e-espiritualidade-franciscanas.html#breadcrumb\"},\"inLanguage\":\"pt-BR\",\"potentialAction\":[{\"@type\":\"ReadAction\",\"target\":[\"https:\/\/franciscanos.org.br\/noticias\/curso-em-mistica-e-espiritualidade-franciscanas.html\"]}]},{\"@type\":\"BreadcrumbList\",\"@id\":\"https:\/\/franciscanos.org.br\/noticias\/curso-em-mistica-e-espiritualidade-franciscanas.html#breadcrumb\",\"itemListElement\":[{\"@type\":\"ListItem\",\"position\":1,\"name\":\"Home\",\"item\":\"https:\/\/franciscanos.org.br\/noticias\"},{\"@type\":\"ListItem\",\"position\":2,\"name\":\"Curso em m\u00edstica e espiritualidade franciscanas\"}]},{\"@type\":\"Person\",\"@id\":\"https:\/\/franciscanos.org.br\/noticias\/#\/schema\/person\/b38fbf43118f02820bd932f2e4b14ad3\",\"name\":\"admin\",\"image\":{\"@type\":\"ImageObject\",\"inLanguage\":\"pt-BR\",\"@id\":\"https:\/\/franciscanos.org.br\/noticias\/#\/schema\/person\/image\/\",\"url\":\"https:\/\/secure.gravatar.com\/avatar\/e8495742d34d0ba6448ea1c628263b3e?s=96&d=mm&r=g\",\"contentUrl\":\"https:\/\/secure.gravatar.com\/avatar\/e8495742d34d0ba6448ea1c628263b3e?s=96&d=mm&r=g\",\"caption\":\"admin\"},\"url\":\"https:\/\/franciscanos.org.br\/noticias\/author\/admin\"}]}<\/script>\n<!-- \/ Yoast SEO plugin. -->","yoast_head_json":{"title":"Curso em m\u00edstica e espiritualidade franciscanas - Not\u00edcias - Franciscanos","robots":{"index":"index","follow":"follow","max-snippet":"max-snippet:-1","max-image-preview":"max-image-preview:large","max-video-preview":"max-video-preview:-1"},"canonical":"https:\/\/franciscanos.org.br\/noticias\/curso-em-mistica-e-espiritualidade-franciscanas.html","og_locale":"pt_BR","og_type":"article","og_title":"Curso em m\u00edstica e espiritualidade franciscanas - Not\u00edcias - Franciscanos","og_description":"Lato Sensu no ITF","og_url":"https:\/\/franciscanos.org.br\/noticias\/curso-em-mistica-e-espiritualidade-franciscanas.html","og_site_name":"Not\u00edcias - Franciscanos","article_published_time":"2014-02-26T14:46:58+00:00","article_modified_time":"2019-07-04T17:14:01+00:00","og_image":[{"width":273,"height":181,"url":"https:\/\/franciscanos.org.br\/noticias\/wp-content\/uploads\/2014\/02\/folder_0407.jpg","type":"image\/jpeg"}],"author":"admin","twitter_card":"summary_large_image","twitter_misc":{"Escrito por":"admin","Est. tempo de leitura":"5 minutos"},"schema":{"@context":"https:\/\/schema.org","@graph":[{"@type":"WebSite","@id":"https:\/\/franciscanos.org.br\/noticias\/#website","url":"https:\/\/franciscanos.org.br\/noticias\/","name":"Not\u00edcias - Franciscanos","description":"Prov\u00edncia Franciscana da Imaculada Concei\u00e7\u00e3o do Brasil - Ordem dos Frades Menores - OFM","potentialAction":[{"@type":"SearchAction","target":{"@type":"EntryPoint","urlTemplate":"https:\/\/franciscanos.org.br\/noticias\/?s={search_term_string}"},"query-input":"required name=search_term_string"}],"inLanguage":"pt-BR"},{"@type":"ImageObject","inLanguage":"pt-BR","@id":"https:\/\/franciscanos.org.br\/noticias\/curso-em-mistica-e-espiritualidade-franciscanas.html#primaryimage","url":"https:\/\/franciscanos.org.br\/noticias\/wp-content\/uploads\/2014\/02\/folder_0407.jpg","contentUrl":"https:\/\/franciscanos.org.br\/noticias\/wp-content\/uploads\/2014\/02\/folder_0407.jpg","width":273,"height":181},{"@type":"WebPage","@id":"https:\/\/franciscanos.org.br\/noticias\/curso-em-mistica-e-espiritualidade-franciscanas.html#webpage","url":"https:\/\/franciscanos.org.br\/noticias\/curso-em-mistica-e-espiritualidade-franciscanas.html","name":"Curso em m\u00edstica e espiritualidade franciscanas - Not\u00edcias - Franciscanos","isPartOf":{"@id":"https:\/\/franciscanos.org.br\/noticias\/#website"},"primaryImageOfPage":{"@id":"https:\/\/franciscanos.org.br\/noticias\/curso-em-mistica-e-espiritualidade-franciscanas.html#primaryimage"},"datePublished":"2014-02-26T14:46:58+00:00","dateModified":"2019-07-04T17:14:01+00:00","author":{"@id":"https:\/\/franciscanos.org.br\/noticias\/#\/schema\/person\/b38fbf43118f02820bd932f2e4b14ad3"},"breadcrumb":{"@id":"https:\/\/franciscanos.org.br\/noticias\/curso-em-mistica-e-espiritualidade-franciscanas.html#breadcrumb"},"inLanguage":"pt-BR","potentialAction":[{"@type":"ReadAction","target":["https:\/\/franciscanos.org.br\/noticias\/curso-em-mistica-e-espiritualidade-franciscanas.html"]}]},{"@type":"BreadcrumbList","@id":"https:\/\/franciscanos.org.br\/noticias\/curso-em-mistica-e-espiritualidade-franciscanas.html#breadcrumb","itemListElement":[{"@type":"ListItem","position":1,"name":"Home","item":"https:\/\/franciscanos.org.br\/noticias"},{"@type":"ListItem","position":2,"name":"Curso em m\u00edstica e espiritualidade franciscanas"}]},{"@type":"Person","@id":"https:\/\/franciscanos.org.br\/noticias\/#\/schema\/person\/b38fbf43118f02820bd932f2e4b14ad3","name":"admin","image":{"@type":"ImageObject","inLanguage":"pt-BR","@id":"https:\/\/franciscanos.org.br\/noticias\/#\/schema\/person\/image\/","url":"https:\/\/secure.gravatar.com\/avatar\/e8495742d34d0ba6448ea1c628263b3e?s=96&d=mm&r=g","contentUrl":"https:\/\/secure.gravatar.com\/avatar\/e8495742d34d0ba6448ea1c628263b3e?s=96&d=mm&r=g","caption":"admin"},"url":"https:\/\/franciscanos.org.br\/noticias\/author\/admin"}]}},"_links":{"self":[{"href":"https:\/\/franciscanos.org.br\/noticias\/wp-json\/wp\/v2\/posts\/61996"}],"collection":[{"href":"https:\/\/franciscanos.org.br\/noticias\/wp-json\/wp\/v2\/posts"}],"about":[{"href":"https:\/\/franciscanos.org.br\/noticias\/wp-json\/wp\/v2\/types\/post"}],"author":[{"embeddable":true,"href":"https:\/\/franciscanos.org.br\/noticias\/wp-json\/wp\/v2\/users\/1"}],"replies":[{"embeddable":true,"href":"https:\/\/franciscanos.org.br\/noticias\/wp-json\/wp\/v2\/comments?post=61996"}],"version-history":[{"count":0,"href":"https:\/\/franciscanos.org.br\/noticias\/wp-json\/wp\/v2\/posts\/61996\/revisions"}],"wp:featuredmedia":[{"embeddable":true,"href":"https:\/\/franciscanos.org.br\/noticias\/wp-json\/wp\/v2\/media\/207317"}],"wp:attachment":[{"href":"https:\/\/franciscanos.org.br\/noticias\/wp-json\/wp\/v2\/media?parent=61996"}],"wp:term":[{"taxonomy":"category","embeddable":true,"href":"https:\/\/franciscanos.org.br\/noticias\/wp-json\/wp\/v2\/categories?post=61996"},{"taxonomy":"post_tag","embeddable":true,"href":"https:\/\/franciscanos.org.br\/noticias\/wp-json\/wp\/v2\/tags?post=61996"}],"curies":[{"name":"wp","href":"https:\/\/api.w.org\/{rel}","templated":true}]}}