{"id":6199,"date":"2011-11-22T11:22:08","date_gmt":"2011-11-22T11:22:08","guid":{"rendered":"http:\/\/new.franciscanos.org.br\/?p=6199"},"modified":"2020-05-15T11:20:11","modified_gmt":"2020-05-15T14:20:11","slug":"entrevista-frei-fidencio-vanboemmel","status":"publish","type":"post","link":"https:\/\/franciscanos.org.br\/noticias\/entrevista-frei-fidencio-vanboemmel.html","title":{"rendered":"&#8220;Dizer o sim dentro da obedi\u00eancia \u00e9 uma tarefa \u00e1rdua, mas purificadora&#8221;"},"content":{"rendered":"<p><img loading=\"lazy\" src=\"https:\/\/franciscanos.org.br\/noticias\/wp-content\/uploads\/2011\/11\/fidencio_2011_2_840-2.jpg\" alt=\"\" width=\"800\" height=\"601\" \/><\/p>\n<p><em>Frei Fid\u00eancio Vanboemmel trabalhou 23 anos na forma\u00e7\u00e3o e, nesse tempo, angariou muitos disc\u00edpulos e muita simpatia. Mas um gesto seu, neste Cap\u00edtulo Provincial, que est\u00e1 em andamento no Semin\u00e1rio de Agudos (SP), pode marcar a sua hist\u00f3ria: a luta que travou consigo mesmo para dizer SIM ao chamado dos irm\u00e3os para gui\u00e1-los e anim\u00e1-los \u00e0 frente da tricenten\u00e1ria Prov\u00edncia Franciscana da Imaculada Concei\u00e7\u00e3o. A decis\u00e3o de Frei Fid\u00eancio, como ele conta nesta primeira entrevista como Ministro Provincial, foi dif\u00edcil e custou noites de sono. Mas no final, os seus confrades puderam ouvir o seu ato f\u00e9 na sala capitular, assumindo este novo desafio em sua vida. Nesta entrevista, Frei Fid\u00eancio falou um pouco de sua vida familiar, de sua voca\u00e7\u00e3o e dos anos na forma\u00e7\u00e3o. Simples, generoso, fraterno, atencioso, \u00e9 assim que este frade que vai animar a vida provincial de 407 frades.<\/em><\/p>\n<p><strong>Por Moacir Beggo<\/strong><\/p>\n<p><strong>Site Franciscanos &#8211; O que \u00e9 ser ministro provincial?<\/strong><br \/>\n<strong>Frei Fid\u00eancio &#8211;<\/strong> Eu entendo ministro provincial como um servi\u00e7o. Um frade chamado entre os irm\u00e3os para se colocar a servi\u00e7o dos pr\u00f3prios irm\u00e3os. Na compreens\u00e3o de S\u00e3o Francisco de Assis, o ministro \u00e9 um irm\u00e3o \u201cservo dos demais irm\u00e3os\u201d. Servir como? Quando visita e admoesta a seus irm\u00e3os com humildade e caridade e quando acolhe os irm\u00e3os com benignidade e caridade.<\/p>\n<p><strong>Site Franciscanos &#8211; O Sr. acaba de ser eleito para animar uma das maiores prov\u00edncias do mundo nos pr\u00f3ximos seis anos. Este desafio o assusta? <\/strong><br \/>\n<strong>Frei Fid\u00eancio &#8211;<\/strong> Sim. Tirou-me o sono desde as primeiras pr\u00e9vias. Havia dentro de mim uma grande luta. De um lado eu dizia &#8220;n\u00e3o, n\u00e3o, n\u00e3o&#8230;&#8221;. Isso pelo fato de ter estado no governo nos \u00faltimos tr\u00eas anos. L\u00e1 aprendi a ver a gigantesca dimens\u00e3o da Prov\u00edncia. Por outro lado, entra em jogo a quest\u00e3o da obedi\u00eancia. Um n\u00e3o pode representar apenas o meu querer pessoal, ao passo que um sim, dentro da obedi\u00eancia, mesmo que seja tarefa \u00e1rdua, \u00e9 purificadora.<\/p>\n<p><strong>Site Franciscanos &#8211; Havia um grande anseio da base por isso?<\/strong><br \/>\n<strong>Frei Fid\u00eancio &#8211;<\/strong> De fato, o peso da base tamb\u00e9m influenciou e fez crescer esse conflito entre o sim e o n\u00e3o. Pessoalmente estava alimentando outra coisa: depois de nove anos no Noviciado, acho que deveria dar um tempo, de respirar novos ares, um trabalho mais tranq\u00fcilo, um per\u00edodo sab\u00e1tico&#8230; E o que me restou? Uma obedi\u00eancia inesperada.<\/p>\n<p><strong>Site Franciscanos &#8211; Como o Frei Fid\u00eancio se define?<\/strong><br \/>\n<strong>Frei Fid\u00eancio \u2013<\/strong> \u00c9 dif\u00edcil falar de si mesmo. Tenho diante de mim duas grandes pessoas que me formaram e me ajudaram a ser o que sou: meu pai e minha m\u00e3e. Deles aprendi a viver na simplicidade, sem regalias&#8230;. Sou filho de agricultores, voltados para o \u00e1rduo trabalho. Dos pais aprendi a disciplina, o rigor, a ternura e a f\u00e9. Depois, a minha vida foi se moldando dentro da Prov\u00edncia, como seminarista e frade. Ao me formar dentro da Prov\u00edncia, tamb\u00e9m adquiri o seu rosto, principalmente a forma\u00e7\u00e3o que recebi dos meus mestres e irm\u00e3os.<\/p>\n<p><strong>Site Franciscanos &#8211; Como se deu o seu discernimento vocacional e sua escolha pelos franciscanos?<\/strong><br \/>\n<strong>Frei Fid\u00eancio \u2013<\/strong> Desde crian\u00e7a conheci os frades. Recordo as presen\u00e7as do Frei Fid\u00eancio Feldmann, do Frei Florentino Barrinuevo e at\u00e9 do Frei Walter Kempf numa de suas passagens na casa de meu av\u00f4. Tanto que meu tio, Dom Lino, falecido h\u00e1 dois anos em Santar\u00e9m, tamb\u00e9m se tornou frade. Essa proximidade com os frades fez com que minha fam\u00edlia me mostrasse a vida franciscana e sacerdotal como uma alternativa de vida. A fam\u00edlia me indicou o caminho e eu, na liberdade, abracei a voca\u00e7\u00e3o franciscana.<\/p>\n<p><strong>Site Franciscanos &#8211; Como \u00e9 a sua fam\u00edlia?<\/strong><br \/>\n<strong>Frei Fid\u00eancio &#8211;<\/strong> Meus pais s\u00e3o falecidos. Minha m\u00e3e morreu nova, com apenas 57 anos de idade. Meu pai faleceu h\u00e1 7 anos. Tamb\u00e9m minha irm\u00e3 mais velha faleceu numa acidente automobil\u00edstico: ela, seu esposo e dois filhos. Foi dolorida essa morte, pois o acidente ocorreu dois dias depois do Natal de 1985. Tenho ainda mais 6 irm\u00e3os, todos casados. E eu os admiro muito!<\/p>\n<p><strong>Site Franciscanos &#8211; Ent\u00e3o, como seminarista menor, voc\u00ea veio para Agudos?<\/strong><br \/>\n<strong>Frei Fid\u00eancio &#8211;<\/strong> N\u00e3o. Aos 11 anos, comecei no antigo Semin\u00e1rio Nossa Senhora de F\u00e1tima, em Rodeio (SC). Sou o \u00faltimo remanescente do Semin\u00e1rio de Rodeio. Depois ficamos l\u00e1 quatro meses no primeiro semestre de 65 e, no segundo semestre, inauguramos o Semin\u00e1rio de Ituporanga. Fiz dois anos do gin\u00e1sio e depois vim para Agudos, onde fiz o restante do gin\u00e1sio e o colegial.<\/p>\n<p><strong>Site Franciscanos &#8211; O sr. sempre trabalhou com a forma\u00e7\u00e3o?<\/strong><br \/>\n<strong>Frei Fid\u00eancio \u2013<\/strong> N\u00e3o! Ao terminar a teologia em Petr\u00f3polis eu era candidato a trabalhar numa casa de forma\u00e7\u00e3o da Prov\u00edncia. Na \u00e9poca conversei com o Ministro Provincial, Frei Bas\u00edlio Prim, suplicando para fazer uma experi\u00eancia pastoral para ajudar a vencer a timidez. Fui ent\u00e3o transferido para a Par\u00f3quia de Campos do Jord\u00e3o, no in\u00edcio de 1981 e l\u00e1 permaneci at\u00e9 1985. Depois, a partir de 1986, come\u00e7ou minha trajet\u00f3ria como formador: meio ano em Lages, 1 ano e meio em Petr\u00f3polis, 2 anos de estudos em Roma em vista da forma\u00e7\u00e3o, 7 anos em Rondinha, 3 anos em Guaratinguet\u00e1 e nos \u00faltimos 9 anos mestre em Rodeio.<\/p>\n<p><strong>Site Franciscanos &#8211; Que raio-x o Sr. faz da Prov\u00edncia?<\/strong><br \/>\n<strong>Frei Fid\u00eancio \u2013<\/strong> Todos os frades reunidos em Cap\u00edtulo, a partir dos relat\u00f3rios, certamente fizeram uma leitura da Prov\u00edncia. Vejo, de modo geral, nossos frades como grandes guerreiros nas diferentes frentes de trabalho. Da\u00ed nasce tamb\u00e9m um questionamento: como n\u00f3s estamos, enquanto frades menores, frente a essas tarefas? Com espiritualidade? Com m\u00edstica? Com un\u00e7\u00e3o interior? Sim, somos grandes naquilo que realizamos, talvez dev\u00eassemos ser t\u00e3o grandes ou maiores ainda dentro daquilo que somos enquanto frades menores, principalmente na observ\u00e2ncia do Evangelho e da Regra. Me preocupa ainda: a anima\u00e7\u00e3o vocacional, as nossas grandes estruturas que urgentemente necessitam de redimensionamento: a qualidade de vida e evangeliza\u00e7\u00e3o; o esp\u00edrito de perten\u00e7a \u00e0 fraternidade.<\/p>\n<p><strong>Site Franciscanos &#8211; Como o sr. v\u00ea a falta de voca\u00e7\u00f5es na Prov\u00edncia e mesmo na Ordem?<\/strong><br \/>\n<strong>Fre Fid\u00eancio \u2013<\/strong> S\u00e3o Francisco e Santa Clara nos dizem que o que convence e atrai \u00e9 nosso testemunho evang\u00e9lico. Depois estamos vivendo em outra \u00e9poca: fam\u00edlias pequenas, esvaziamento do sentido religioso; a atra\u00e7\u00e3o e oferta do esp\u00edrito consumista; o enfraquecimento da pastoral da juventude etc. Creio que todos dever\u00edamos estar mais atentos aos novos are\u00f3pagos, onde os jovens de hoje se encontram.<\/p>\n<p><strong>Site Franciscanos &#8211; O fato de ter sido formador de uma grande parcela de frades e de ter participado do \u00faltimo Definit\u00f3rio conta ponto a seu favor neste servi\u00e7o provincial?<\/strong><br \/>\n<strong>Frei Fid\u00eancio \u2013<\/strong> N\u00e3o sei se isso conta pontos. O fato \u00e9 que eu muito aprendi como formador, bem como sentir a Prov\u00edncia mais de perto enquanto participei do \u00faltimo Definit\u00f3rio. Pessoalmente, amadureci muito convivendo 23 anos na forma\u00e7\u00e3o. Hoje sou mais paciente, consigo escutar mais e a ponderar melhor as decis\u00f5es. Aprendi a trabalhar duas quest\u00f5es que considero fundamentais: liberdade com transpar\u00eancia.<\/p>\n<p><strong>Site Franciscanos &#8211; Quais os desafios para o novo governo provincial?<\/strong><br \/>\n<strong>Frei Fid\u00eancio \u2013<\/strong> Em primeiro lugar procurar dividir, partilhar e trabalhar juntos nessa responsabilidade. Ir ao encontro dos irm\u00e3os para que eles n\u00e3o se sintam sozinhos na miss\u00e3o; criar uma m\u00edstica interna no pr\u00f3prio governo; nos conhecermos melhor, partilhar nossas vidas e anseios; sermos orantes para melhor servir; amar e at\u00e9 corrigir com humildade e caridade, se isso se fizer necess\u00e1rio.<\/p>\n<p><strong>Site Franciscanos &#8211; Em entrevista durante o Cap\u00edtulo, Frei Augusto deu as seguintes dicas para o novo ministro: visita \u00e0s fraternidades, presen\u00e7a nas casas de forma\u00e7\u00e3o e apoiar e obter apoio do definit\u00f3rio. Comente estes pontos. <\/strong><br \/>\n<strong>Frei Fid\u00eancio \u2013<\/strong> Sem d\u00favida, n\u00e3o s\u00e3o apenas dicas, mas recomenda\u00e7\u00f5es fundamentais.<\/p>\n<p><strong>Site Franciscanos &#8211; O que achou do Cap\u00edtulo das Esteiras?<\/strong><br \/>\n<strong>Frei Fid\u00eancio \u2013<\/strong> Maravilhoso! Foi o encontro das gera\u00e7\u00f5es, candidatos e professos. Foi um chamado de Deus para celebrarmos com gratid\u00e3o os 800 anos da nossa forma de vida. Foi nossa grande a\u00e7\u00e3o de gra\u00e7as como Prov\u00edncia; foi nosso retiro de prepara\u00e7\u00e3o ao Cap\u00edtulo Provincial. Foi um forte momento de restituirmos a Deus o dom de nossa voca\u00e7\u00e3o e, finalmente, at\u00e9 a restitui\u00e7\u00e3o a Deus da vida de um Irm\u00e3o, Frei Bruno Fuchs, que misteriosamente partiu ao Pai nas m\u00e3os dos nossos novi\u00e7os. Depois foi significativa e marcante a presen\u00e7a humilde e fraterna do nosso Ministro Geral, suas interven\u00e7\u00f5es e a culmin\u00e2ncia da celebra\u00e7\u00e3o com a Profiss\u00e3o Solene.<\/p>\n<p><strong>Site Franciscanos &#8211; Que mensagem o Sr. deixa para os frades, religiosos (as), e a popula\u00e7\u00e3o no territ\u00f3rio da Prov\u00edncia?<\/strong><br \/>\n<strong>Frei Fid\u00eancio &#8211;<\/strong> Em primeiro lugar, quero agradecer\u00a0 as manifesta\u00e7\u00f5es de apoio e carinho dos confrades. O governo provincial conta com o apoio de todos! Todos desejam um bom governo e isso tamb\u00e9m vai depender da bondade de todos! Agrade\u00e7o \u00e0s manifesta\u00e7\u00f5es vindas de outras entidades franciscanas religiosas. Finalmente, minha sauda\u00e7\u00e3o de Paz e Bem a todas as pessoas que se uniram conosco neste Cap\u00edtulo das Esteiras e Cap\u00edtulo Provincial: nossos benfeitores, nossos colaboradores, nossos leigos e leigas que conosco constr\u00f3em o Reino de Deus, e a todos os internautas. Que o Senhor nos aben\u00e7oe!<\/p>\n","protected":false},"excerpt":{"rendered":"<p>Entrevista<\/p>\n","protected":false},"author":1,"featured_media":223797,"comment_status":"closed","ping_status":"closed","sticky":false,"template":"","format":"standard","meta":[],"categories":[758],"tags":[17,668,366],"acf":[],"yoast_head":"<!-- This site is optimized with the Yoast SEO plugin v19.2 - https:\/\/yoast.com\/wordpress\/plugins\/seo\/ -->\n<title>&quot;Dizer o sim dentro da obedi\u00eancia \u00e9 uma tarefa \u00e1rdua, mas purificadora&quot; - Not\u00edcias - Franciscanos<\/title>\n<meta name=\"robots\" content=\"index, follow, max-snippet:-1, max-image-preview:large, max-video-preview:-1\" \/>\n<link rel=\"canonical\" href=\"https:\/\/franciscanos.org.br\/noticias\/entrevista-frei-fidencio-vanboemmel.html\" \/>\n<meta property=\"og:locale\" content=\"pt_BR\" \/>\n<meta property=\"og:type\" content=\"article\" \/>\n<meta property=\"og:title\" content=\"&quot;Dizer o sim dentro da obedi\u00eancia \u00e9 uma tarefa \u00e1rdua, mas purificadora&quot; - Not\u00edcias - Franciscanos\" \/>\n<meta property=\"og:description\" content=\"Entrevista\" \/>\n<meta property=\"og:url\" content=\"https:\/\/franciscanos.org.br\/noticias\/entrevista-frei-fidencio-vanboemmel.html\" \/>\n<meta property=\"og:site_name\" content=\"Not\u00edcias - Franciscanos\" \/>\n<meta property=\"article:published_time\" content=\"2011-11-22T11:22:08+00:00\" \/>\n<meta property=\"article:modified_time\" content=\"2020-05-15T14:20:11+00:00\" \/>\n<meta property=\"og:image\" content=\"https:\/\/franciscanos.org.br\/noticias\/wp-content\/uploads\/2011\/11\/fidencio_2011_2_840-1.jpg\" \/>\n\t<meta property=\"og:image:width\" content=\"800\" \/>\n\t<meta property=\"og:image:height\" content=\"601\" \/>\n\t<meta property=\"og:image:type\" content=\"image\/jpeg\" \/>\n<meta name=\"author\" content=\"admin\" \/>\n<meta name=\"twitter:card\" content=\"summary_large_image\" \/>\n<meta name=\"twitter:label1\" content=\"Escrito por\" \/>\n\t<meta name=\"twitter:data1\" content=\"admin\" \/>\n\t<meta name=\"twitter:label2\" content=\"Est. tempo de leitura\" \/>\n\t<meta name=\"twitter:data2\" content=\"8 minutos\" \/>\n<script type=\"application\/ld+json\" class=\"yoast-schema-graph\">{\"@context\":\"https:\/\/schema.org\",\"@graph\":[{\"@type\":\"WebSite\",\"@id\":\"https:\/\/franciscanos.org.br\/noticias\/#website\",\"url\":\"https:\/\/franciscanos.org.br\/noticias\/\",\"name\":\"Not\u00edcias - Franciscanos\",\"description\":\"Prov\u00edncia Franciscana da Imaculada Concei\u00e7\u00e3o do Brasil - Ordem dos Frades Menores - OFM\",\"potentialAction\":[{\"@type\":\"SearchAction\",\"target\":{\"@type\":\"EntryPoint\",\"urlTemplate\":\"https:\/\/franciscanos.org.br\/noticias\/?s={search_term_string}\"},\"query-input\":\"required name=search_term_string\"}],\"inLanguage\":\"pt-BR\"},{\"@type\":\"ImageObject\",\"inLanguage\":\"pt-BR\",\"@id\":\"https:\/\/franciscanos.org.br\/noticias\/entrevista-frei-fidencio-vanboemmel.html#primaryimage\",\"url\":\"https:\/\/franciscanos.org.br\/noticias\/wp-content\/uploads\/2011\/11\/fidencio_2011_2_840-1.jpg\",\"contentUrl\":\"https:\/\/franciscanos.org.br\/noticias\/wp-content\/uploads\/2011\/11\/fidencio_2011_2_840-1.jpg\",\"width\":800,\"height\":601},{\"@type\":\"WebPage\",\"@id\":\"https:\/\/franciscanos.org.br\/noticias\/entrevista-frei-fidencio-vanboemmel.html#webpage\",\"url\":\"https:\/\/franciscanos.org.br\/noticias\/entrevista-frei-fidencio-vanboemmel.html\",\"name\":\"\\\"Dizer o sim dentro da obedi\u00eancia \u00e9 uma tarefa \u00e1rdua, mas purificadora\\\" - Not\u00edcias - Franciscanos\",\"isPartOf\":{\"@id\":\"https:\/\/franciscanos.org.br\/noticias\/#website\"},\"primaryImageOfPage\":{\"@id\":\"https:\/\/franciscanos.org.br\/noticias\/entrevista-frei-fidencio-vanboemmel.html#primaryimage\"},\"datePublished\":\"2011-11-22T11:22:08+00:00\",\"dateModified\":\"2020-05-15T14:20:11+00:00\",\"author\":{\"@id\":\"https:\/\/franciscanos.org.br\/noticias\/#\/schema\/person\/b38fbf43118f02820bd932f2e4b14ad3\"},\"breadcrumb\":{\"@id\":\"https:\/\/franciscanos.org.br\/noticias\/entrevista-frei-fidencio-vanboemmel.html#breadcrumb\"},\"inLanguage\":\"pt-BR\",\"potentialAction\":[{\"@type\":\"ReadAction\",\"target\":[\"https:\/\/franciscanos.org.br\/noticias\/entrevista-frei-fidencio-vanboemmel.html\"]}]},{\"@type\":\"BreadcrumbList\",\"@id\":\"https:\/\/franciscanos.org.br\/noticias\/entrevista-frei-fidencio-vanboemmel.html#breadcrumb\",\"itemListElement\":[{\"@type\":\"ListItem\",\"position\":1,\"name\":\"Home\",\"item\":\"https:\/\/franciscanos.org.br\/noticias\"},{\"@type\":\"ListItem\",\"position\":2,\"name\":\"&#8220;Dizer o sim dentro da obedi\u00eancia \u00e9 uma tarefa \u00e1rdua, mas purificadora&#8221;\"}]},{\"@type\":\"Person\",\"@id\":\"https:\/\/franciscanos.org.br\/noticias\/#\/schema\/person\/b38fbf43118f02820bd932f2e4b14ad3\",\"name\":\"admin\",\"image\":{\"@type\":\"ImageObject\",\"inLanguage\":\"pt-BR\",\"@id\":\"https:\/\/franciscanos.org.br\/noticias\/#\/schema\/person\/image\/\",\"url\":\"https:\/\/secure.gravatar.com\/avatar\/e8495742d34d0ba6448ea1c628263b3e?s=96&d=mm&r=g\",\"contentUrl\":\"https:\/\/secure.gravatar.com\/avatar\/e8495742d34d0ba6448ea1c628263b3e?s=96&d=mm&r=g\",\"caption\":\"admin\"},\"url\":\"https:\/\/franciscanos.org.br\/noticias\/author\/admin\"}]}<\/script>\n<!-- \/ Yoast SEO plugin. -->","yoast_head_json":{"title":"\"Dizer o sim dentro da obedi\u00eancia \u00e9 uma tarefa \u00e1rdua, mas purificadora\" - Not\u00edcias - Franciscanos","robots":{"index":"index","follow":"follow","max-snippet":"max-snippet:-1","max-image-preview":"max-image-preview:large","max-video-preview":"max-video-preview:-1"},"canonical":"https:\/\/franciscanos.org.br\/noticias\/entrevista-frei-fidencio-vanboemmel.html","og_locale":"pt_BR","og_type":"article","og_title":"\"Dizer o sim dentro da obedi\u00eancia \u00e9 uma tarefa \u00e1rdua, mas purificadora\" - Not\u00edcias - Franciscanos","og_description":"Entrevista","og_url":"https:\/\/franciscanos.org.br\/noticias\/entrevista-frei-fidencio-vanboemmel.html","og_site_name":"Not\u00edcias - Franciscanos","article_published_time":"2011-11-22T11:22:08+00:00","article_modified_time":"2020-05-15T14:20:11+00:00","og_image":[{"width":800,"height":601,"url":"https:\/\/franciscanos.org.br\/noticias\/wp-content\/uploads\/2011\/11\/fidencio_2011_2_840-1.jpg","type":"image\/jpeg"}],"author":"admin","twitter_card":"summary_large_image","twitter_misc":{"Escrito por":"admin","Est. tempo de leitura":"8 minutos"},"schema":{"@context":"https:\/\/schema.org","@graph":[{"@type":"WebSite","@id":"https:\/\/franciscanos.org.br\/noticias\/#website","url":"https:\/\/franciscanos.org.br\/noticias\/","name":"Not\u00edcias - Franciscanos","description":"Prov\u00edncia Franciscana da Imaculada Concei\u00e7\u00e3o do Brasil - Ordem dos Frades Menores - OFM","potentialAction":[{"@type":"SearchAction","target":{"@type":"EntryPoint","urlTemplate":"https:\/\/franciscanos.org.br\/noticias\/?s={search_term_string}"},"query-input":"required name=search_term_string"}],"inLanguage":"pt-BR"},{"@type":"ImageObject","inLanguage":"pt-BR","@id":"https:\/\/franciscanos.org.br\/noticias\/entrevista-frei-fidencio-vanboemmel.html#primaryimage","url":"https:\/\/franciscanos.org.br\/noticias\/wp-content\/uploads\/2011\/11\/fidencio_2011_2_840-1.jpg","contentUrl":"https:\/\/franciscanos.org.br\/noticias\/wp-content\/uploads\/2011\/11\/fidencio_2011_2_840-1.jpg","width":800,"height":601},{"@type":"WebPage","@id":"https:\/\/franciscanos.org.br\/noticias\/entrevista-frei-fidencio-vanboemmel.html#webpage","url":"https:\/\/franciscanos.org.br\/noticias\/entrevista-frei-fidencio-vanboemmel.html","name":"\"Dizer o sim dentro da obedi\u00eancia \u00e9 uma tarefa \u00e1rdua, mas purificadora\" - Not\u00edcias - Franciscanos","isPartOf":{"@id":"https:\/\/franciscanos.org.br\/noticias\/#website"},"primaryImageOfPage":{"@id":"https:\/\/franciscanos.org.br\/noticias\/entrevista-frei-fidencio-vanboemmel.html#primaryimage"},"datePublished":"2011-11-22T11:22:08+00:00","dateModified":"2020-05-15T14:20:11+00:00","author":{"@id":"https:\/\/franciscanos.org.br\/noticias\/#\/schema\/person\/b38fbf43118f02820bd932f2e4b14ad3"},"breadcrumb":{"@id":"https:\/\/franciscanos.org.br\/noticias\/entrevista-frei-fidencio-vanboemmel.html#breadcrumb"},"inLanguage":"pt-BR","potentialAction":[{"@type":"ReadAction","target":["https:\/\/franciscanos.org.br\/noticias\/entrevista-frei-fidencio-vanboemmel.html"]}]},{"@type":"BreadcrumbList","@id":"https:\/\/franciscanos.org.br\/noticias\/entrevista-frei-fidencio-vanboemmel.html#breadcrumb","itemListElement":[{"@type":"ListItem","position":1,"name":"Home","item":"https:\/\/franciscanos.org.br\/noticias"},{"@type":"ListItem","position":2,"name":"&#8220;Dizer o sim dentro da obedi\u00eancia \u00e9 uma tarefa \u00e1rdua, mas purificadora&#8221;"}]},{"@type":"Person","@id":"https:\/\/franciscanos.org.br\/noticias\/#\/schema\/person\/b38fbf43118f02820bd932f2e4b14ad3","name":"admin","image":{"@type":"ImageObject","inLanguage":"pt-BR","@id":"https:\/\/franciscanos.org.br\/noticias\/#\/schema\/person\/image\/","url":"https:\/\/secure.gravatar.com\/avatar\/e8495742d34d0ba6448ea1c628263b3e?s=96&d=mm&r=g","contentUrl":"https:\/\/secure.gravatar.com\/avatar\/e8495742d34d0ba6448ea1c628263b3e?s=96&d=mm&r=g","caption":"admin"},"url":"https:\/\/franciscanos.org.br\/noticias\/author\/admin"}]}},"_links":{"self":[{"href":"https:\/\/franciscanos.org.br\/noticias\/wp-json\/wp\/v2\/posts\/6199"}],"collection":[{"href":"https:\/\/franciscanos.org.br\/noticias\/wp-json\/wp\/v2\/posts"}],"about":[{"href":"https:\/\/franciscanos.org.br\/noticias\/wp-json\/wp\/v2\/types\/post"}],"author":[{"embeddable":true,"href":"https:\/\/franciscanos.org.br\/noticias\/wp-json\/wp\/v2\/users\/1"}],"replies":[{"embeddable":true,"href":"https:\/\/franciscanos.org.br\/noticias\/wp-json\/wp\/v2\/comments?post=6199"}],"version-history":[{"count":3,"href":"https:\/\/franciscanos.org.br\/noticias\/wp-json\/wp\/v2\/posts\/6199\/revisions"}],"predecessor-version":[{"id":223800,"href":"https:\/\/franciscanos.org.br\/noticias\/wp-json\/wp\/v2\/posts\/6199\/revisions\/223800"}],"wp:featuredmedia":[{"embeddable":true,"href":"https:\/\/franciscanos.org.br\/noticias\/wp-json\/wp\/v2\/media\/223797"}],"wp:attachment":[{"href":"https:\/\/franciscanos.org.br\/noticias\/wp-json\/wp\/v2\/media?parent=6199"}],"wp:term":[{"taxonomy":"category","embeddable":true,"href":"https:\/\/franciscanos.org.br\/noticias\/wp-json\/wp\/v2\/categories?post=6199"},{"taxonomy":"post_tag","embeddable":true,"href":"https:\/\/franciscanos.org.br\/noticias\/wp-json\/wp\/v2\/tags?post=6199"}],"curies":[{"name":"wp","href":"https:\/\/api.w.org\/{rel}","templated":true}]}}