{"id":6196,"date":"2011-11-22T11:18:00","date_gmt":"2011-11-22T13:18:00","guid":{"rendered":"http:\/\/new.franciscanos.org.br\/?p=6196"},"modified":"2020-05-15T11:15:38","modified_gmt":"2020-05-15T14:15:38","slug":"entrevista-denize-aparecida-marum-gusmao","status":"publish","type":"post","link":"https:\/\/franciscanos.org.br\/noticias\/entrevista-denize-aparecida-marum-gusmao.html","title":{"rendered":"Entrevista: Denize Aparecida Marum Gusm\u00e3o"},"content":{"rendered":"<p><img loading=\"lazy\" src=\"https:\/\/franciscanos.org.br\/noticias\/wp-content\/uploads\/2011\/11\/denize_marum_2011_840-2.jpg\" alt=\"\" width=\"800\" height=\"600\" \/><\/p>\n<p><em>Em meio aos trabalhos preparat\u00f3rios para o Cap\u00edtulo Geral da OFS, que tem in\u00edcio no pr\u00f3ximo dia 22 de outubro, a Ministra Regional da OFS, regi\u00e3o Sudeste III, Denize Aparecida Marum Gusm\u00e3o, conseguiu um tempo para falar sobre este grande evento franciscano no Brasil, sobre a OFS no Brasil e de como decidiu fazer parte do projeto franciscano, como leiga, h\u00e1 11 anos. Natural da cidade de Piedade (SP), Denize se mudou para Sorocaba com 8 anos. Lecionou em sala de aula por 20 anos (de 1\u00aa a 4\u00aa s\u00e9rie) e foi Coordenadora por 5 anos. Enquanto formava cidad\u00e3os, Denize buscou a sua forma\u00e7\u00e3o espiritual e a encontrou em S\u00e3o Francisco de Assis, que lhe deu uma espiritualidade completa &#8220;em todos os sentidos, dando oportunidade para crescer como pessoa humana e crist\u00e3\u201d. Por duas ocasi\u00f5es foi eleita ministra local da Fraternidade Bom Jesus dos Aflitos de Sorocaba (1988-91 e 1991-94) e, no ano passado, foi eleita Ministra Regional pela terceira vez (98-2001, 2004-07 e 2010-2013).<\/em><\/p>\n<p><strong>Por Moacir Beggo<\/strong><\/p>\n<p><strong>Site Franciscanos &#8211; Qual a sua expectativa para este Cap\u00edtulo Geral no Brasil? J\u00e1 participou de algum outro cap\u00edtulo Geral?<\/strong><br \/>\n<strong>Denize Marum &#8211;<\/strong> A expectativa \u00e9 muito grande, pois \u00e9 a primeira vez que um Cap\u00edtulo Geral \u00e9 realizado na Am\u00e9rica do Sul. \u00c9 uma oportunidade dos irm\u00e3os e irm\u00e3s, provenientes de v\u00e1rias partes do mundo, conhecer a realidade da OFS do Brasil. Ser\u00e1 uma grande troca de experi\u00eancias.\u00a0 Nunca participei de um Cap\u00edtulo Geral. E, neste, fa\u00e7o parte da Comiss\u00e3o organizadora, mas n\u00e3o sou capitular.<\/p>\n<p><strong>Site Franciscanos &#8211;\u00a0 Qual a import\u00e2ncia dele ser realizado no nosso pa\u00eds?<\/strong><br \/>\n<strong>Denize &#8211;<\/strong> A grande import\u00e2ncia est\u00e1 no envolvimento das Fraternidades locais, de certa forma na participa\u00e7\u00e3o dos irm\u00e3os ajudando na organiza\u00e7\u00e3o. Desde o momento em que a presid\u00eancia do CIOFS anunciou que o Cap\u00edtulo seria realizado no Brasil, h\u00e1 um ano, procuramos por todo esse tempo motivar as Fraternidades para esse evento t\u00e3o importante, e elas corresponderam ao nosso pedido. Esse envolvimento serviu para uma integra\u00e7\u00e3o maior entre a Fraternidade nacional e internacional. Sendo a sua estrutura muito grande, foi preciso envolver muitas pessoas, at\u00e9 n\u00e3o-franciscanos, e que gostaria de agradecer muito, sem citar nomes, para n\u00e3o correr o risco de deixar de mencionar algu\u00e9m. N\u00e3o s\u00f3 os franciscanos seculares foram envolvidos, como tamb\u00e9m outros ramos da Fam\u00edlia Franciscana: a Primeira e Segunda Ordem e a TOR. Os bispos franciscanos foram convidados para a celebra\u00e7\u00e3o em Aparecida. Os quatro Ministros Provinciais de S\u00e3o Paulo contribu\u00edram com as despesas do Cap\u00edtulo e estar\u00e3o celebrando a missa do dia 28 de outubro. A eles, a nossa gratid\u00e3o e reconhecimento.<br \/>\nA Secretaria de Turismo do Estado de S\u00e3o Paulo cedeu os \u00f4nibus para levarmos os capitulares a Aparecida. E o ponto alto de tudo isso ser\u00e1 no dia 23 de outubro, em Aparecida, quando os irm\u00e3os e irm\u00e3s, vindos de v\u00e1rias regi\u00f5es do Brasil, ter\u00e3o um encontro com a Ministra Geral, Encarnazion Del Pozo, e os capitulares e, logo ap\u00f3s, a participa\u00e7\u00e3o na celebra\u00e7\u00e3o eucar\u00edstica. Como muitas pessoas n\u00e3o-franciscanas foram envolvidas, isso tornou a OFS mais conhecida.<\/p>\n<p><strong>Site Franciscanos &#8211; Como a sra. entende o tema &#8220;Evangelizados para evangelizar&#8221;?<\/strong><br \/>\n<strong>Denize &#8211;<\/strong> Primeira necessidade \u00e9 conhecer a Jesus Cristo e fazer dele o centro de nossa vida, a exemplo de S\u00e3o Francisco, para ent\u00e3o, a partir da\u00ed, torn\u00e1-lo conhecido atrav\u00e9s do an\u00fancio e, principalmente, do nosso testemunho de vida. \u00c9 o que diz a nossa Regra em seu artigo 4. Penso que o tema foi muito oportuno para nossa realidade de Brasil, porque a evangeliza\u00e7\u00e3o \u00e9 o ponto marcante no Documento de Aparecida.<\/p>\n<p><strong>Site Franciscanos &#8211; Nesta sociedade, cada vez mais consumista, tem lugar para o Evangelho e para o projeto de Francisco de Assis?<\/strong><br \/>\n<strong>Denize &#8211;<\/strong> Sim, porque o Evangelho \u00e9 sempre atual. Em cada \u00e9poca, ele se apresenta sempre novo. Francisco de Assis, em seu tempo, optou em viv\u00ea-lo radicalmente, entrando num processo de convers\u00e3o, transformando totalmente sua vida, mostrando que isso \u00e9 poss\u00edvel. E n\u00f3s, franciscanos e franciscanas, oitocentos anos depois, continuamos fazendo dele nossa fonte de inspira\u00e7\u00e3o, procurando fazer a diferen\u00e7a.<\/p>\n<p><strong>Site Franciscanos &#8211;\u00a0 Quais as necessidades evangelizadoras no nosso pa\u00eds?<\/strong><br \/>\n<strong>Denize &#8211;<\/strong> Vejo como necessidade urgente a evangeliza\u00e7\u00e3o na fam\u00edlia e juventude. Na fam\u00edlia muito se tem a dizer, mas ficaria na quest\u00e3o de resgatar os valores crist\u00e3os para que ela volte a ser a c\u00e9lula primeira da sociedade: onde pais e filhos se amem e se respeitem. E a juventude vivendo num lar crist\u00e3o, devolver\u00e1 bons frutos para a sociedade. Atualmente vemos um quadro alarmante na juventude, cada vez mais se distanciando da vida em Deus, substituindo-O pela gan\u00e2ncia, pelo consumismo, pelas drogas, materialismo, discrimina\u00e7\u00e3o, gerando com isso muita viol\u00eancia. A evangeliza\u00e7\u00e3o se faz urgente nestes dois campos.<\/p>\n<p><strong>Site Franciscanos &#8211;\u00a0 Para onde caminha a OFS, no Brasil e no mundo?<\/strong><br \/>\n<strong>Denize &#8211;<\/strong> A renova\u00e7\u00e3o da nossa Regra, aprovada em 24 de junho de 1978 pelo Papa Paulo VI, mostrou o verdadeiro caminho que a OFS deve seguir. A conscientiza\u00e7\u00e3o de viver o Evangelho, \u00e0 maneira de Francisco, mas no estado secular, foi uma luz para os franciscanos e franciscanas. Antes disso, v\u00edamos uma OFS mais devocional, hoje ela se faz presente em muitos campos da sociedade. Hoje, o leigo franciscano est\u00e1 mais consciente de sua miss\u00e3o no mundo, abrangendo a fam\u00edlia, o trabalho, o lazer, a comunidade&#8230; Nesses campos, ele vai fazendo a diferen\u00e7a como: &#8211; ser um m\u00e9dico franciscano; &#8211; um pol\u00edtico franciscano; &#8211; um educador franciscano; &#8211; um comerciante franciscano; &#8211; um catequista franciscano&#8230;<\/p>\n<p><strong>Site Franciscanos &#8211; Por que falta uma aproxima\u00e7\u00e3o maior com a Jufra?<\/strong><br \/>\n<strong>Denize &#8211;<\/strong> Sinceramente n\u00e3o sei o que acontece. Tamb\u00e9m sempre me fa\u00e7o essa pergunta e ainda n\u00e3o encontrei a resposta. Mesmo carisma, mesmo ideal, mesmos prop\u00f3sitos&#8230; A \u00fanica diferen\u00e7a que vejo \u00e9 a quest\u00e3o da idade, mas n\u00e3o creio que seja isso, pois no projeto de Francisco isso n\u00e3o poderia ser. N\u00e3o diria que falta uma maior aproxima\u00e7\u00e3o. Atualmente, a rela\u00e7\u00e3o melhorou muito, gra\u00e7as ao esfor\u00e7o e luta das lideran\u00e7as do passado e presente. Muita coisa foi feita para que as m\u00fatuas rela\u00e7\u00f5es acontecessem. Portanto, vejo isso como um desafio que temos que vencer como tantos outros. O Regional de S\u00e3o Paulo tem procurado fazer de tudo para que o relacionamento OFS\/JUFRA seja cada vez melhor.<\/p>\n<p><strong>Site Franciscanos &#8211; Quantas fraternidades fazem parte do seu Regional?<\/strong><br \/>\n<strong>Denize &#8211;<\/strong> Fazem parte do Regional Sudeste III \u2013 SP, 85 Fraternidades erigidas canonicamente e uma em forma\u00e7\u00e3o.<\/p>\n<p><strong>Site Franciscanos &#8211; Qual \u00e9 o papel da Ministra Regional? <\/strong><br \/>\n<strong>Denize &#8211;<\/strong> O papel de todo Ministro (a), seja ela Local, Regional, Nacional e Geral, \u00e9 estar a servi\u00e7o. No caso do Ministro (a) Regional \u00e9 servir as Fraternidades locais. Acrescidas a isso tem a parte da estrutura e dos v\u00e1rios servi\u00e7os, que o Ministro precisa estar atento e cuidar bem para que tudo funcione de acordo. A integra\u00e7\u00e3o com a Fraternidade Nacional e tamb\u00e9m com a Fam\u00edlia Franciscana \u00e9 muito importante. Mas o Ministro (a) n\u00e3o trabalha sozinho, ele conta com o aux\u00edlio dos demais irm\u00e3os que fazem parte do Conselho, inclusive os assistentes espirituais.\u00a0 Os trabalhos s\u00e3o realizados em conjunto.<\/p>\n<p><strong>Site Franciscanos \u2013 Como e quando resolveu ser franciscana secular?<\/strong><br \/>\n<strong>Denize &#8211;<\/strong> Como toda voca\u00e7\u00e3o \u00e9 um chamado, um convite, no meu caso n\u00e3o poderia ser diferente. Isso come\u00e7ou h\u00e1 algum tempo, por volta de 1975, quando ao final da missa das 19h30 do s\u00e1bado, fui convidada por uma irm\u00e3 da Fraternidade Bom Jesus dos Aflitos\/Sorocaba (a Ana Maldonado \u2013 j\u00e1 falecida) a participar de uma reuni\u00e3o numa sala da Comunidade. Na verdade, ela havia convidado a minha m\u00e3e e minha tia, mas como\u00a0 estava junto, tamb\u00e9m fui convidada. Nesse dia os irm\u00e3os estavam reunidos para comemorar o anivers\u00e1rio dela e do Frei Fortunato (tamb\u00e9m j\u00e1 falecido). Era o dia 5 de julho de 1975. Estava um pouco t\u00edmida, retra\u00edda, sem gra\u00e7a, por n\u00e3o conhecer ningu\u00e9m, mas a acolhida foi t\u00e3o calorosa que isso logo passou. Notei que havia muita alegria, muito entusiasmo naquele grupo, algo diferente que me chamou aten\u00e7\u00e3o. Mas n\u00e3o sabia o que era. Terminou a festinha e fiquei sem entender nada. Ao me despedir fui convidada para retornar no s\u00e1bado seguinte. Como minha m\u00e3e e minha tia retornaram, resolvi ir tamb\u00e9m. Percebi que a reuni\u00e3o come\u00e7ava com a missa preparada pela Fraternidade. Nesse dia, os irm\u00e3os estavam reunidos para a forma\u00e7\u00e3o permanente, dada pelo assistente, Frei Luiz Squizato, OFM. Recebi o convite para participar de um Encontro Distrital na cidade de Itaporanga (SP). Como demonstrei n\u00e3o entender o que seria esse Encontro Distrital, uma irm\u00e3 me explicou que se tratava de um encontro entre os franciscanos das fraternidades mais pr\u00f3ximas. Quando ela me falou que ter\u00edamos que sair \u00e0s 4 horas, porque levava 4 horas para chegar,\u00a0 estranhei um pouco porque era longe. Mas foram t\u00e3o insistentes que topei. Foram at\u00e9 me buscar em casa para n\u00e3o ir sozinha at\u00e9 a igreja, pois era de madrugada. Achei isso o m\u00e1ximo! E depois desse encontro vieram outros e mais outros&#8230; Lembro que, no final do ano, a Ministra me perguntou se gostaria de come\u00e7ar o tempo de inicia\u00e7\u00e3o (naquela \u00e9poca era o postulantado), eu respondi que iria pensar. Mas foi apenas uma desculpa para n\u00e3o dizer n\u00e3o. A\u00ed, ent\u00e3o, ela me deu um livro da vida de S\u00e3o Francisco, de Maria Sticco para que eu o conhecesse e pudesse me decidir. Como haviam chegado as f\u00e9rias (nessa \u00e9poca estava lecionando em S\u00e3o Paulo), aproveitei para ler. O epis\u00f3dio que mais me impressionou foi aquele em que Frei Masseo pergunta a Francisco: \u201cPor que a ti? Por que a ti? Por que a ti Francisco? Por que todo mundo anda atr\u00e1s de ti? N\u00e3o \u00e9s homem belo de corpo, n\u00e3o \u00e9s de grande ci\u00eancia, n\u00e3o \u00e9s nobre: donde vem, pois, que todo mundo anda atr\u00e1s de ti\u201d? Ouvindo isso S\u00e3o Francisco disse? \u201cQueres saber por que a mim? Queres saber por que a mim? Queres saber por que todo mundo anda atr\u00e1s de mim? Porque o Senhor n\u00e3o encontrou uma pessoa mais vil nem mais insuficiente nem maior pecador sobre a terra; e por isso me escolheu para confundir a nobreza, e a grandeza e a for\u00e7a e a beleza e a sabedoria do mundo: para que se reconhe\u00e7a que toda a virtude, e todo bem \u00e9 dele e n\u00e3o da criatura, e para que ningu\u00e9m se possa vangloriar na presen\u00e7a dele&#8230;\u201d<br \/>\nA resposta de Francisco me marcou muito. Lembro que fiquei muitos dias refletindo e, depois disso, resolvi conhecer o carisma franciscano participando primeiramente das reuni\u00f5es mensais. Depois, fiz o Postulantado at\u00e9 1977. Em 1978, passei para o Noviciado (hoje tempo de forma\u00e7\u00e3o). Em 1979, fiz a profiss\u00e3o tempor\u00e1ria e, em 1981, a profiss\u00e3o definitiva.<\/p>\n<p><strong>Site Franciscanos &#8211;\u00a0 Para encerrar, o que diria para os leigos que podem ser franciscanos seculares?<\/strong><br \/>\n<strong>Denize &#8211;<\/strong> Diria que vale a pena ser franciscano (a). Francisco foi muito inspirado por Deus quando pensou em criar a Terceira Ordem para que os leigos pudessem tamb\u00e9m viver o seu projeto de vida. Se n\u00e3o fosse tanta ousadia e, apesar de ser uma voca\u00e7\u00e3o, diria que todo cat\u00f3lico batizado deveria ser um (a) franciscano (a). A espiritualidade franciscana \u00e9 completa em todos os sentidos e nos d\u00e1 a oportunidade de crescer como pessoa humana e crist\u00e3.<\/p>\n","protected":false},"excerpt":{"rendered":"<p>Entrevista<\/p>\n","protected":false},"author":1,"featured_media":223792,"comment_status":"closed","ping_status":"closed","sticky":false,"template":"","format":"standard","meta":[],"categories":[758],"tags":[60],"acf":[],"yoast_head":"<!-- This site is optimized with the Yoast SEO plugin v19.2 - https:\/\/yoast.com\/wordpress\/plugins\/seo\/ -->\n<title>Entrevista: Denize Aparecida Marum Gusm\u00e3o - Not\u00edcias - Franciscanos<\/title>\n<meta name=\"robots\" content=\"index, follow, max-snippet:-1, max-image-preview:large, max-video-preview:-1\" \/>\n<link rel=\"canonical\" href=\"https:\/\/franciscanos.org.br\/noticias\/entrevista-denize-aparecida-marum-gusmao.html\" \/>\n<meta property=\"og:locale\" content=\"pt_BR\" \/>\n<meta property=\"og:type\" content=\"article\" \/>\n<meta property=\"og:title\" content=\"Entrevista: Denize Aparecida Marum Gusm\u00e3o - Not\u00edcias - Franciscanos\" \/>\n<meta property=\"og:description\" content=\"Entrevista\" \/>\n<meta property=\"og:url\" content=\"https:\/\/franciscanos.org.br\/noticias\/entrevista-denize-aparecida-marum-gusmao.html\" \/>\n<meta property=\"og:site_name\" content=\"Not\u00edcias - Franciscanos\" \/>\n<meta property=\"article:published_time\" content=\"2011-11-22T13:18:00+00:00\" \/>\n<meta property=\"article:modified_time\" content=\"2020-05-15T14:15:38+00:00\" \/>\n<meta property=\"og:image\" content=\"https:\/\/franciscanos.org.br\/noticias\/wp-content\/uploads\/2011\/11\/denize_marum_2011_840-2.jpg\" \/>\n\t<meta property=\"og:image:width\" content=\"800\" \/>\n\t<meta property=\"og:image:height\" content=\"600\" \/>\n\t<meta property=\"og:image:type\" content=\"image\/jpeg\" \/>\n<meta name=\"author\" content=\"admin\" \/>\n<meta name=\"twitter:card\" content=\"summary_large_image\" \/>\n<meta name=\"twitter:label1\" content=\"Escrito por\" \/>\n\t<meta name=\"twitter:data1\" content=\"admin\" \/>\n\t<meta name=\"twitter:label2\" content=\"Est. tempo de leitura\" \/>\n\t<meta name=\"twitter:data2\" content=\"10 minutos\" \/>\n<script type=\"application\/ld+json\" class=\"yoast-schema-graph\">{\"@context\":\"https:\/\/schema.org\",\"@graph\":[{\"@type\":\"WebSite\",\"@id\":\"https:\/\/franciscanos.org.br\/noticias\/#website\",\"url\":\"https:\/\/franciscanos.org.br\/noticias\/\",\"name\":\"Not\u00edcias - Franciscanos\",\"description\":\"Prov\u00edncia Franciscana da Imaculada Concei\u00e7\u00e3o do Brasil - Ordem dos Frades Menores - OFM\",\"potentialAction\":[{\"@type\":\"SearchAction\",\"target\":{\"@type\":\"EntryPoint\",\"urlTemplate\":\"https:\/\/franciscanos.org.br\/noticias\/?s={search_term_string}\"},\"query-input\":\"required name=search_term_string\"}],\"inLanguage\":\"pt-BR\"},{\"@type\":\"ImageObject\",\"inLanguage\":\"pt-BR\",\"@id\":\"https:\/\/franciscanos.org.br\/noticias\/entrevista-denize-aparecida-marum-gusmao.html#primaryimage\",\"url\":\"https:\/\/franciscanos.org.br\/noticias\/wp-content\/uploads\/2011\/11\/denize_marum_2011_840-2.jpg\",\"contentUrl\":\"https:\/\/franciscanos.org.br\/noticias\/wp-content\/uploads\/2011\/11\/denize_marum_2011_840-2.jpg\",\"width\":800,\"height\":600},{\"@type\":\"WebPage\",\"@id\":\"https:\/\/franciscanos.org.br\/noticias\/entrevista-denize-aparecida-marum-gusmao.html#webpage\",\"url\":\"https:\/\/franciscanos.org.br\/noticias\/entrevista-denize-aparecida-marum-gusmao.html\",\"name\":\"Entrevista: Denize Aparecida Marum Gusm\u00e3o - Not\u00edcias - Franciscanos\",\"isPartOf\":{\"@id\":\"https:\/\/franciscanos.org.br\/noticias\/#website\"},\"primaryImageOfPage\":{\"@id\":\"https:\/\/franciscanos.org.br\/noticias\/entrevista-denize-aparecida-marum-gusmao.html#primaryimage\"},\"datePublished\":\"2011-11-22T13:18:00+00:00\",\"dateModified\":\"2020-05-15T14:15:38+00:00\",\"author\":{\"@id\":\"https:\/\/franciscanos.org.br\/noticias\/#\/schema\/person\/b38fbf43118f02820bd932f2e4b14ad3\"},\"breadcrumb\":{\"@id\":\"https:\/\/franciscanos.org.br\/noticias\/entrevista-denize-aparecida-marum-gusmao.html#breadcrumb\"},\"inLanguage\":\"pt-BR\",\"potentialAction\":[{\"@type\":\"ReadAction\",\"target\":[\"https:\/\/franciscanos.org.br\/noticias\/entrevista-denize-aparecida-marum-gusmao.html\"]}]},{\"@type\":\"BreadcrumbList\",\"@id\":\"https:\/\/franciscanos.org.br\/noticias\/entrevista-denize-aparecida-marum-gusmao.html#breadcrumb\",\"itemListElement\":[{\"@type\":\"ListItem\",\"position\":1,\"name\":\"Home\",\"item\":\"https:\/\/franciscanos.org.br\/noticias\"},{\"@type\":\"ListItem\",\"position\":2,\"name\":\"Entrevista: Denize Aparecida Marum Gusm\u00e3o\"}]},{\"@type\":\"Person\",\"@id\":\"https:\/\/franciscanos.org.br\/noticias\/#\/schema\/person\/b38fbf43118f02820bd932f2e4b14ad3\",\"name\":\"admin\",\"image\":{\"@type\":\"ImageObject\",\"inLanguage\":\"pt-BR\",\"@id\":\"https:\/\/franciscanos.org.br\/noticias\/#\/schema\/person\/image\/\",\"url\":\"https:\/\/secure.gravatar.com\/avatar\/e8495742d34d0ba6448ea1c628263b3e?s=96&d=mm&r=g\",\"contentUrl\":\"https:\/\/secure.gravatar.com\/avatar\/e8495742d34d0ba6448ea1c628263b3e?s=96&d=mm&r=g\",\"caption\":\"admin\"},\"url\":\"https:\/\/franciscanos.org.br\/noticias\/author\/admin\"}]}<\/script>\n<!-- \/ Yoast SEO plugin. -->","yoast_head_json":{"title":"Entrevista: Denize Aparecida Marum Gusm\u00e3o - Not\u00edcias - Franciscanos","robots":{"index":"index","follow":"follow","max-snippet":"max-snippet:-1","max-image-preview":"max-image-preview:large","max-video-preview":"max-video-preview:-1"},"canonical":"https:\/\/franciscanos.org.br\/noticias\/entrevista-denize-aparecida-marum-gusmao.html","og_locale":"pt_BR","og_type":"article","og_title":"Entrevista: Denize Aparecida Marum Gusm\u00e3o - Not\u00edcias - Franciscanos","og_description":"Entrevista","og_url":"https:\/\/franciscanos.org.br\/noticias\/entrevista-denize-aparecida-marum-gusmao.html","og_site_name":"Not\u00edcias - Franciscanos","article_published_time":"2011-11-22T13:18:00+00:00","article_modified_time":"2020-05-15T14:15:38+00:00","og_image":[{"width":800,"height":600,"url":"https:\/\/franciscanos.org.br\/noticias\/wp-content\/uploads\/2011\/11\/denize_marum_2011_840-2.jpg","type":"image\/jpeg"}],"author":"admin","twitter_card":"summary_large_image","twitter_misc":{"Escrito por":"admin","Est. tempo de leitura":"10 minutos"},"schema":{"@context":"https:\/\/schema.org","@graph":[{"@type":"WebSite","@id":"https:\/\/franciscanos.org.br\/noticias\/#website","url":"https:\/\/franciscanos.org.br\/noticias\/","name":"Not\u00edcias - Franciscanos","description":"Prov\u00edncia Franciscana da Imaculada Concei\u00e7\u00e3o do Brasil - Ordem dos Frades Menores - OFM","potentialAction":[{"@type":"SearchAction","target":{"@type":"EntryPoint","urlTemplate":"https:\/\/franciscanos.org.br\/noticias\/?s={search_term_string}"},"query-input":"required name=search_term_string"}],"inLanguage":"pt-BR"},{"@type":"ImageObject","inLanguage":"pt-BR","@id":"https:\/\/franciscanos.org.br\/noticias\/entrevista-denize-aparecida-marum-gusmao.html#primaryimage","url":"https:\/\/franciscanos.org.br\/noticias\/wp-content\/uploads\/2011\/11\/denize_marum_2011_840-2.jpg","contentUrl":"https:\/\/franciscanos.org.br\/noticias\/wp-content\/uploads\/2011\/11\/denize_marum_2011_840-2.jpg","width":800,"height":600},{"@type":"WebPage","@id":"https:\/\/franciscanos.org.br\/noticias\/entrevista-denize-aparecida-marum-gusmao.html#webpage","url":"https:\/\/franciscanos.org.br\/noticias\/entrevista-denize-aparecida-marum-gusmao.html","name":"Entrevista: Denize Aparecida Marum Gusm\u00e3o - Not\u00edcias - Franciscanos","isPartOf":{"@id":"https:\/\/franciscanos.org.br\/noticias\/#website"},"primaryImageOfPage":{"@id":"https:\/\/franciscanos.org.br\/noticias\/entrevista-denize-aparecida-marum-gusmao.html#primaryimage"},"datePublished":"2011-11-22T13:18:00+00:00","dateModified":"2020-05-15T14:15:38+00:00","author":{"@id":"https:\/\/franciscanos.org.br\/noticias\/#\/schema\/person\/b38fbf43118f02820bd932f2e4b14ad3"},"breadcrumb":{"@id":"https:\/\/franciscanos.org.br\/noticias\/entrevista-denize-aparecida-marum-gusmao.html#breadcrumb"},"inLanguage":"pt-BR","potentialAction":[{"@type":"ReadAction","target":["https:\/\/franciscanos.org.br\/noticias\/entrevista-denize-aparecida-marum-gusmao.html"]}]},{"@type":"BreadcrumbList","@id":"https:\/\/franciscanos.org.br\/noticias\/entrevista-denize-aparecida-marum-gusmao.html#breadcrumb","itemListElement":[{"@type":"ListItem","position":1,"name":"Home","item":"https:\/\/franciscanos.org.br\/noticias"},{"@type":"ListItem","position":2,"name":"Entrevista: Denize Aparecida Marum Gusm\u00e3o"}]},{"@type":"Person","@id":"https:\/\/franciscanos.org.br\/noticias\/#\/schema\/person\/b38fbf43118f02820bd932f2e4b14ad3","name":"admin","image":{"@type":"ImageObject","inLanguage":"pt-BR","@id":"https:\/\/franciscanos.org.br\/noticias\/#\/schema\/person\/image\/","url":"https:\/\/secure.gravatar.com\/avatar\/e8495742d34d0ba6448ea1c628263b3e?s=96&d=mm&r=g","contentUrl":"https:\/\/secure.gravatar.com\/avatar\/e8495742d34d0ba6448ea1c628263b3e?s=96&d=mm&r=g","caption":"admin"},"url":"https:\/\/franciscanos.org.br\/noticias\/author\/admin"}]}},"_links":{"self":[{"href":"https:\/\/franciscanos.org.br\/noticias\/wp-json\/wp\/v2\/posts\/6196"}],"collection":[{"href":"https:\/\/franciscanos.org.br\/noticias\/wp-json\/wp\/v2\/posts"}],"about":[{"href":"https:\/\/franciscanos.org.br\/noticias\/wp-json\/wp\/v2\/types\/post"}],"author":[{"embeddable":true,"href":"https:\/\/franciscanos.org.br\/noticias\/wp-json\/wp\/v2\/users\/1"}],"replies":[{"embeddable":true,"href":"https:\/\/franciscanos.org.br\/noticias\/wp-json\/wp\/v2\/comments?post=6196"}],"version-history":[{"count":2,"href":"https:\/\/franciscanos.org.br\/noticias\/wp-json\/wp\/v2\/posts\/6196\/revisions"}],"predecessor-version":[{"id":223794,"href":"https:\/\/franciscanos.org.br\/noticias\/wp-json\/wp\/v2\/posts\/6196\/revisions\/223794"}],"wp:featuredmedia":[{"embeddable":true,"href":"https:\/\/franciscanos.org.br\/noticias\/wp-json\/wp\/v2\/media\/223792"}],"wp:attachment":[{"href":"https:\/\/franciscanos.org.br\/noticias\/wp-json\/wp\/v2\/media?parent=6196"}],"wp:term":[{"taxonomy":"category","embeddable":true,"href":"https:\/\/franciscanos.org.br\/noticias\/wp-json\/wp\/v2\/categories?post=6196"},{"taxonomy":"post_tag","embeddable":true,"href":"https:\/\/franciscanos.org.br\/noticias\/wp-json\/wp\/v2\/tags?post=6196"}],"curies":[{"name":"wp","href":"https:\/\/api.w.org\/{rel}","templated":true}]}}