{"id":61510,"date":"2014-06-09T10:55:00","date_gmt":"2014-06-09T13:55:00","guid":{"rendered":"http:\/\/new.franciscanos.org.br\/?p=61510"},"modified":"2020-11-11T11:43:51","modified_gmt":"2020-11-11T14:43:51","slug":"benfeitores-se-reunem-no-convento-sao-francisco","status":"publish","type":"post","link":"https:\/\/franciscanos.org.br\/noticias\/benfeitores-se-reunem-no-convento-sao-francisco.html","title":{"rendered":"Benfeitores se re\u00fanem no Convento S\u00e3o Francisco"},"content":{"rendered":"<p><strong><img loading=\"lazy\" src=\"http:\/\/franciscanos.org.br\/wp-content\/uploads\/2014\/06\/pvf2.jpg\" alt=\"pvf\" width=\"830\" height=\"233\" \/><\/strong><\/p>\n<p>Na linda manh\u00e3 desse domingo de Pentecostes (8\/6), os benfeitores franciscanos se reuniram para mais um encontro, como sempre em perfeita harmonia e alegria. Frei Alexandre (Xand\u00e3o) abriu o encontro com cantos e muita anima\u00e7\u00e3o, seguido de ora\u00e7\u00e3o e medita\u00e7\u00e3o do salmo e leituras.<\/p>\n<p><img loading=\"lazy\" class=\"alignright size-full wp-image-61511\" src=\"http:\/\/franciscanos.org.br\/wp-content\/uploads\/2014\/06\/DSC_10561.jpg\" alt=\"DSC_1056\" width=\"450\" height=\"298\" \/>O tema do encontro era sobre a import\u00e2ncia da evangeliza\u00e7\u00e3o nos dias de hoje. Foi feita a din\u00e2mica dos tijolos, onde a ideia era mostrar a import\u00e2ncia que cada um tem na reconstru\u00e7\u00e3o da Igreja de Jesus Cristo como o fez S\u00e3o Francisco de Assis reconstruindo a velha capela de S\u00e3o Dami\u00e3o.<\/p>\n<p>Frei Alvaci falou um pouco sobre o trabalho dos franciscanos no centro de S\u00e3o Paulo e sobre a grandiosidade e import\u00e2ncia do Servi\u00e7o Franciscano de Solidariedade.<\/p>\n<p>Frei Alex partilhou conosco sua experi\u00eancia vivida na miss\u00e3o em Angola. As dificuldades e conquistas desse povo t\u00e3o sofrido, mas que perseveram na f\u00e9 sem perder a alegria. Como muito esfor\u00e7o, aquele povo n\u00e3o desiste de lutar e confia no amor misericordioso de Deus. Esse trabalho tamb\u00e9m \u00e9 desenvolvido atrav\u00e9s da ajuda dos benfeitores, e gra\u00e7as a essa contribui\u00e7\u00e3o os franciscanos conseguem levar a esse povo um pouco mais de esperan\u00e7a e for\u00e7a para n\u00e3o desanimar jamais!<\/p>\n<p>Depois sa\u00edmos em prociss\u00e3o em torno do convento com a imagem de Santo Ant\u00f4nio, rezando e cantando. A cada mist\u00e9rio, Frei Alvaci falava um pouco da vida desse santo t\u00e3o festejado e querido pelo povo!<\/p>\n<p>A prociss\u00e3o seguiu at\u00e9 a igreja onde todos com muita f\u00e9 participamos da Santa Missa. O domingo da festa de Pentecostes n\u00e3o poderia ser melhor celebrado, pois est\u00e1vamos juntos, reunidos em ora\u00e7\u00e3o e o Esp\u00edrito Santo certamente tocou a cada um com seu sopro de amor e paz. A celebra\u00e7\u00e3o foi presidida por Frei Alvaci e Frei Diego, que nos presentearam com o Pai Nosso rezado em franc\u00eas, italiano, ingl\u00eas, japon\u00eas e portugu\u00eas, lembrando os cinco continentes.<\/p>\n<p>Depois dessa bel\u00edssima celebra\u00e7\u00e3o encerramos o nosso encontro com um delicioso lanche nos corredores do Convento S\u00e3o Francisco.<\/p>\n<p>Mais uma vez passamos momentos muito especiais de alegria fraterna entre irm\u00e3os cheios de Paz e Bem como nos ensinou S\u00e3o Francisco de Assis, nosso Ser\u00e1fico Pai!<\/p>\n","protected":false},"excerpt":{"rendered":"<p>PVF <\/p>\n","protected":false},"author":1,"featured_media":219004,"comment_status":"open","ping_status":"open","sticky":false,"template":"","format":"standard","meta":[],"categories":[1],"tags":[],"acf":[],"yoast_head":"<!-- This site is optimized with the Yoast SEO plugin v19.2 - https:\/\/yoast.com\/wordpress\/plugins\/seo\/ -->\n<title>Benfeitores se re\u00fanem no Convento S\u00e3o Francisco - Not\u00edcias - Franciscanos<\/title>\n<meta name=\"robots\" content=\"index, follow, max-snippet:-1, max-image-preview:large, max-video-preview:-1\" \/>\n<link rel=\"canonical\" href=\"https:\/\/franciscanos.org.br\/noticias\/benfeitores-se-reunem-no-convento-sao-francisco.html\" \/>\n<meta property=\"og:locale\" content=\"pt_BR\" \/>\n<meta property=\"og:type\" content=\"article\" \/>\n<meta property=\"og:title\" content=\"Benfeitores se re\u00fanem no Convento S\u00e3o Francisco - Not\u00edcias - Franciscanos\" \/>\n<meta property=\"og:description\" content=\"PVF\" \/>\n<meta property=\"og:url\" content=\"https:\/\/franciscanos.org.br\/noticias\/benfeitores-se-reunem-no-convento-sao-francisco.html\" \/>\n<meta property=\"og:site_name\" content=\"Not\u00edcias - Franciscanos\" \/>\n<meta property=\"article:published_time\" content=\"2014-06-09T13:55:00+00:00\" \/>\n<meta property=\"article:modified_time\" content=\"2020-11-11T14:43:51+00:00\" \/>\n<meta property=\"og:image\" content=\"https:\/\/franciscanos.org.br\/noticias\/wp-content\/uploads\/2014\/06\/DSC_10561.jpg\" \/>\n\t<meta property=\"og:image:width\" content=\"273\" \/>\n\t<meta property=\"og:image:height\" content=\"181\" \/>\n\t<meta property=\"og:image:type\" content=\"image\/jpeg\" \/>\n<meta name=\"author\" content=\"admin\" \/>\n<meta name=\"twitter:card\" content=\"summary_large_image\" \/>\n<meta name=\"twitter:label1\" content=\"Escrito por\" \/>\n\t<meta name=\"twitter:data1\" content=\"admin\" \/>\n\t<meta name=\"twitter:label2\" content=\"Est. tempo de leitura\" \/>\n\t<meta name=\"twitter:data2\" content=\"2 minutos\" \/>\n<script type=\"application\/ld+json\" class=\"yoast-schema-graph\">{\"@context\":\"https:\/\/schema.org\",\"@graph\":[{\"@type\":\"WebSite\",\"@id\":\"https:\/\/franciscanos.org.br\/noticias\/#website\",\"url\":\"https:\/\/franciscanos.org.br\/noticias\/\",\"name\":\"Not\u00edcias - Franciscanos\",\"description\":\"Prov\u00edncia Franciscana da Imaculada Concei\u00e7\u00e3o do Brasil - Ordem dos Frades Menores - OFM\",\"potentialAction\":[{\"@type\":\"SearchAction\",\"target\":{\"@type\":\"EntryPoint\",\"urlTemplate\":\"https:\/\/franciscanos.org.br\/noticias\/?s={search_term_string}\"},\"query-input\":\"required name=search_term_string\"}],\"inLanguage\":\"pt-BR\"},{\"@type\":\"ImageObject\",\"inLanguage\":\"pt-BR\",\"@id\":\"https:\/\/franciscanos.org.br\/noticias\/benfeitores-se-reunem-no-convento-sao-francisco.html#primaryimage\",\"url\":\"https:\/\/franciscanos.org.br\/noticias\/wp-content\/uploads\/2014\/06\/DSC_10561.jpg\",\"contentUrl\":\"https:\/\/franciscanos.org.br\/noticias\/wp-content\/uploads\/2014\/06\/DSC_10561.jpg\",\"width\":273,\"height\":181},{\"@type\":\"WebPage\",\"@id\":\"https:\/\/franciscanos.org.br\/noticias\/benfeitores-se-reunem-no-convento-sao-francisco.html#webpage\",\"url\":\"https:\/\/franciscanos.org.br\/noticias\/benfeitores-se-reunem-no-convento-sao-francisco.html\",\"name\":\"Benfeitores se re\u00fanem no Convento S\u00e3o Francisco - Not\u00edcias - Franciscanos\",\"isPartOf\":{\"@id\":\"https:\/\/franciscanos.org.br\/noticias\/#website\"},\"primaryImageOfPage\":{\"@id\":\"https:\/\/franciscanos.org.br\/noticias\/benfeitores-se-reunem-no-convento-sao-francisco.html#primaryimage\"},\"datePublished\":\"2014-06-09T13:55:00+00:00\",\"dateModified\":\"2020-11-11T14:43:51+00:00\",\"author\":{\"@id\":\"https:\/\/franciscanos.org.br\/noticias\/#\/schema\/person\/b38fbf43118f02820bd932f2e4b14ad3\"},\"breadcrumb\":{\"@id\":\"https:\/\/franciscanos.org.br\/noticias\/benfeitores-se-reunem-no-convento-sao-francisco.html#breadcrumb\"},\"inLanguage\":\"pt-BR\",\"potentialAction\":[{\"@type\":\"ReadAction\",\"target\":[\"https:\/\/franciscanos.org.br\/noticias\/benfeitores-se-reunem-no-convento-sao-francisco.html\"]}]},{\"@type\":\"BreadcrumbList\",\"@id\":\"https:\/\/franciscanos.org.br\/noticias\/benfeitores-se-reunem-no-convento-sao-francisco.html#breadcrumb\",\"itemListElement\":[{\"@type\":\"ListItem\",\"position\":1,\"name\":\"Home\",\"item\":\"https:\/\/franciscanos.org.br\/noticias\"},{\"@type\":\"ListItem\",\"position\":2,\"name\":\"Benfeitores se re\u00fanem no Convento S\u00e3o Francisco\"}]},{\"@type\":\"Person\",\"@id\":\"https:\/\/franciscanos.org.br\/noticias\/#\/schema\/person\/b38fbf43118f02820bd932f2e4b14ad3\",\"name\":\"admin\",\"image\":{\"@type\":\"ImageObject\",\"inLanguage\":\"pt-BR\",\"@id\":\"https:\/\/franciscanos.org.br\/noticias\/#\/schema\/person\/image\/\",\"url\":\"https:\/\/secure.gravatar.com\/avatar\/e8495742d34d0ba6448ea1c628263b3e?s=96&d=mm&r=g\",\"contentUrl\":\"https:\/\/secure.gravatar.com\/avatar\/e8495742d34d0ba6448ea1c628263b3e?s=96&d=mm&r=g\",\"caption\":\"admin\"},\"url\":\"https:\/\/franciscanos.org.br\/noticias\/author\/admin\"}]}<\/script>\n<!-- \/ Yoast SEO plugin. -->","yoast_head_json":{"title":"Benfeitores se re\u00fanem no Convento S\u00e3o Francisco - Not\u00edcias - Franciscanos","robots":{"index":"index","follow":"follow","max-snippet":"max-snippet:-1","max-image-preview":"max-image-preview:large","max-video-preview":"max-video-preview:-1"},"canonical":"https:\/\/franciscanos.org.br\/noticias\/benfeitores-se-reunem-no-convento-sao-francisco.html","og_locale":"pt_BR","og_type":"article","og_title":"Benfeitores se re\u00fanem no Convento S\u00e3o Francisco - Not\u00edcias - Franciscanos","og_description":"PVF","og_url":"https:\/\/franciscanos.org.br\/noticias\/benfeitores-se-reunem-no-convento-sao-francisco.html","og_site_name":"Not\u00edcias - Franciscanos","article_published_time":"2014-06-09T13:55:00+00:00","article_modified_time":"2020-11-11T14:43:51+00:00","og_image":[{"width":273,"height":181,"url":"https:\/\/franciscanos.org.br\/noticias\/wp-content\/uploads\/2014\/06\/DSC_10561.jpg","type":"image\/jpeg"}],"author":"admin","twitter_card":"summary_large_image","twitter_misc":{"Escrito por":"admin","Est. tempo de leitura":"2 minutos"},"schema":{"@context":"https:\/\/schema.org","@graph":[{"@type":"WebSite","@id":"https:\/\/franciscanos.org.br\/noticias\/#website","url":"https:\/\/franciscanos.org.br\/noticias\/","name":"Not\u00edcias - Franciscanos","description":"Prov\u00edncia Franciscana da Imaculada Concei\u00e7\u00e3o do Brasil - Ordem dos Frades Menores - OFM","potentialAction":[{"@type":"SearchAction","target":{"@type":"EntryPoint","urlTemplate":"https:\/\/franciscanos.org.br\/noticias\/?s={search_term_string}"},"query-input":"required name=search_term_string"}],"inLanguage":"pt-BR"},{"@type":"ImageObject","inLanguage":"pt-BR","@id":"https:\/\/franciscanos.org.br\/noticias\/benfeitores-se-reunem-no-convento-sao-francisco.html#primaryimage","url":"https:\/\/franciscanos.org.br\/noticias\/wp-content\/uploads\/2014\/06\/DSC_10561.jpg","contentUrl":"https:\/\/franciscanos.org.br\/noticias\/wp-content\/uploads\/2014\/06\/DSC_10561.jpg","width":273,"height":181},{"@type":"WebPage","@id":"https:\/\/franciscanos.org.br\/noticias\/benfeitores-se-reunem-no-convento-sao-francisco.html#webpage","url":"https:\/\/franciscanos.org.br\/noticias\/benfeitores-se-reunem-no-convento-sao-francisco.html","name":"Benfeitores se re\u00fanem no Convento S\u00e3o Francisco - Not\u00edcias - Franciscanos","isPartOf":{"@id":"https:\/\/franciscanos.org.br\/noticias\/#website"},"primaryImageOfPage":{"@id":"https:\/\/franciscanos.org.br\/noticias\/benfeitores-se-reunem-no-convento-sao-francisco.html#primaryimage"},"datePublished":"2014-06-09T13:55:00+00:00","dateModified":"2020-11-11T14:43:51+00:00","author":{"@id":"https:\/\/franciscanos.org.br\/noticias\/#\/schema\/person\/b38fbf43118f02820bd932f2e4b14ad3"},"breadcrumb":{"@id":"https:\/\/franciscanos.org.br\/noticias\/benfeitores-se-reunem-no-convento-sao-francisco.html#breadcrumb"},"inLanguage":"pt-BR","potentialAction":[{"@type":"ReadAction","target":["https:\/\/franciscanos.org.br\/noticias\/benfeitores-se-reunem-no-convento-sao-francisco.html"]}]},{"@type":"BreadcrumbList","@id":"https:\/\/franciscanos.org.br\/noticias\/benfeitores-se-reunem-no-convento-sao-francisco.html#breadcrumb","itemListElement":[{"@type":"ListItem","position":1,"name":"Home","item":"https:\/\/franciscanos.org.br\/noticias"},{"@type":"ListItem","position":2,"name":"Benfeitores se re\u00fanem no Convento S\u00e3o Francisco"}]},{"@type":"Person","@id":"https:\/\/franciscanos.org.br\/noticias\/#\/schema\/person\/b38fbf43118f02820bd932f2e4b14ad3","name":"admin","image":{"@type":"ImageObject","inLanguage":"pt-BR","@id":"https:\/\/franciscanos.org.br\/noticias\/#\/schema\/person\/image\/","url":"https:\/\/secure.gravatar.com\/avatar\/e8495742d34d0ba6448ea1c628263b3e?s=96&d=mm&r=g","contentUrl":"https:\/\/secure.gravatar.com\/avatar\/e8495742d34d0ba6448ea1c628263b3e?s=96&d=mm&r=g","caption":"admin"},"url":"https:\/\/franciscanos.org.br\/noticias\/author\/admin"}]}},"_links":{"self":[{"href":"https:\/\/franciscanos.org.br\/noticias\/wp-json\/wp\/v2\/posts\/61510"}],"collection":[{"href":"https:\/\/franciscanos.org.br\/noticias\/wp-json\/wp\/v2\/posts"}],"about":[{"href":"https:\/\/franciscanos.org.br\/noticias\/wp-json\/wp\/v2\/types\/post"}],"author":[{"embeddable":true,"href":"https:\/\/franciscanos.org.br\/noticias\/wp-json\/wp\/v2\/users\/1"}],"replies":[{"embeddable":true,"href":"https:\/\/franciscanos.org.br\/noticias\/wp-json\/wp\/v2\/comments?post=61510"}],"version-history":[{"count":1,"href":"https:\/\/franciscanos.org.br\/noticias\/wp-json\/wp\/v2\/posts\/61510\/revisions"}],"predecessor-version":[{"id":229325,"href":"https:\/\/franciscanos.org.br\/noticias\/wp-json\/wp\/v2\/posts\/61510\/revisions\/229325"}],"wp:featuredmedia":[{"embeddable":true,"href":"https:\/\/franciscanos.org.br\/noticias\/wp-json\/wp\/v2\/media\/219004"}],"wp:attachment":[{"href":"https:\/\/franciscanos.org.br\/noticias\/wp-json\/wp\/v2\/media?parent=61510"}],"wp:term":[{"taxonomy":"category","embeddable":true,"href":"https:\/\/franciscanos.org.br\/noticias\/wp-json\/wp\/v2\/categories?post=61510"},{"taxonomy":"post_tag","embeddable":true,"href":"https:\/\/franciscanos.org.br\/noticias\/wp-json\/wp\/v2\/tags?post=61510"}],"curies":[{"name":"wp","href":"https:\/\/api.w.org\/{rel}","templated":true}]}}