{"id":6130,"date":"2011-11-18T17:21:58","date_gmt":"2011-11-18T17:21:58","guid":{"rendered":"http:\/\/new.franciscanos.org.br\/?p=6130"},"modified":"2019-10-15T09:01:11","modified_gmt":"2019-10-15T12:01:11","slug":"entrevista-frei-anselmo-fracasso","status":"publish","type":"post","link":"https:\/\/franciscanos.org.br\/noticias\/entrevista-frei-anselmo-fracasso.html","title":{"rendered":"Entrevista: Frei Anselmo Fracasso"},"content":{"rendered":"<p><img loading=\"lazy\" class=\"alignleft size-full wp-image-179201\" src=\"http:\/\/franciscanos.org.br\/2018\/wp-content\/uploads\/2011\/11\/anselmo-_fracasso_2011-840.jpg\" alt=\"\" width=\"840\" height=\"500\" srcset=\"https:\/\/franciscanos.org.br\/noticias\/wp-content\/uploads\/2011\/11\/anselmo-_fracasso_2011-840.jpg 840w, https:\/\/franciscanos.org.br\/noticias\/wp-content\/uploads\/2011\/11\/anselmo-_fracasso_2011-840-450x268.jpg 450w, https:\/\/franciscanos.org.br\/noticias\/wp-content\/uploads\/2011\/11\/anselmo-_fracasso_2011-840-768x457.jpg 768w, https:\/\/franciscanos.org.br\/noticias\/wp-content\/uploads\/2011\/11\/anselmo-_fracasso_2011-840-150x89.jpg 150w\" sizes=\"(max-width: 840px) 100vw, 840px\" \/><\/p>\n<table border=\"0\" width=\"326\" cellspacing=\"5\" cellpadding=\"4\" align=\"right\" bgcolor=\"#8f360c\">\n<tbody>\n<tr>\n<td bgcolor=\"#ffffff\" width=\"308\"><\/td>\n<\/tr>\n<tr>\n<td class=\"select_bg\"><span class=\"style1\" style=\"color: #000000;\">Encontro e conforto ao Assassino de seu pai<\/span><\/td>\n<\/tr>\n<tr>\n<td class=\"texto_menor02\" bgcolor=\"#ffeecc\">\n<p class=\"style3\">Em mar\u00e7o de 1949, estando eu no semin\u00e1rio de Rio Negro, no Paran\u00e1, acamado por causa de uma forte gripe, recebi uma carta de um tio meu que dizia laconicamente: \u201cSeu pai desapareceu e n\u00e3o temos a menor not\u00edcia dele!\u201d.<br \/>\nDurante dois anos nossa fam\u00edlia viveu uma d\u00favida atroz, ansiedade, ang\u00fastias e muitas incertezas provocadas pelos boateiros s\u00e1dicos, que sentiam prazer em torturar mais ainda quem j\u00e1 sofria tanto.<br \/>\nAnos depois foi desvendado o mist\u00e9rio. Meu pai estava em Salto Velozo, interior de Santa Catarina, onde exercia o of\u00edcio de ferreiro e o exercia com grande habilidade. No final de semana, tinha por h\u00e1bito visitar seu irm\u00e3o chamado Tranq\u00fcilo. Regressava sempre no domingo ao cair da tarde. Meu tio morava cerca de dez quil\u00f4metros fora da cidade. Certo dia, ao regressar, foi surpreendido e atra\u00eddo numa emboscada, roubado e assassinado covardemente. O corpo sem vida foi escondido na terra dentro do mato. A pol\u00edcia foi mobilizada e nada conseguiu apurar. Simplesmente foi dado como desaparecido.<br \/>\nCerca de dois anos depois algu\u00e9m comprou aquela terra e ao preparar o solo para o plantio encontrou ossos humanos. Comunicou o fato \u00e0 pol\u00edcia e esta ao chegar ao local recolheu os restos mortais, que depois foram reconhecidos como sendo do meu pai. Os suspeitos foram presos e confessaram o crime. Meu irm\u00e3o Evaristo que faleceu no dia 15 de julho de 2001, foi at\u00e9 l\u00e1 a fim de recolher os restos mortais e sepult\u00e1-los em nossa terra natal. A mala, que meu pai me deu quando fui para o semin\u00e1rio em janeiro de 1944, serviu para trazer seus restos mortais para casa. Lembro-me sempre das in\u00fameras vezes que meu pai, junto \u00e0 cabeceira de moribundos, rezava com eles at\u00e9 chegar o desenlace final e depois fazia o sepultamento dos mesmos, rezando com o povo enquanto acompanhava o falecido \u00e0 \u00faltima morada. No entanto&#8230; ele morreu sozinho, sem ningu\u00e9m ao lado, v\u00edtima da viol\u00eancia, sem ningu\u00e9m que rezasse por ele. S\u00e3o coisas chocantes da vida que aceitamos, mas n\u00e3o compreendemos jamais.<br \/>\nVinte e cinco anos mais tarde, em 1974, fui a \u00c1gua Doce, perto do local onde meu pai foi assassinado, a fim de proferir palestras para jovens e para casais em toda a par\u00f3quia. Certa noite, depois de haver dado uma palestra aos casais, veio um senhor conduzindo o velho pai que j\u00e1 n\u00e3o enxergava e me disse: \u201cPadre, meu velho pai n\u00e3o enxerga e n\u00e3o se conforma com isto. O senhor que sabe como \u00e9 duro n\u00e3o enxergar, por favor, conforte meu velho pai\u201d.<br \/>\nConversamos longamente. Procurei anim\u00e1-lo, confort\u00e1-lo e encoraj\u00e1-lo. Ao longo da conversa ele me disse que havia ficado cego dentro da pris\u00e3o, devido \u00e0s pancadas recebidas na cabe\u00e7a. \u00c9 claro, n\u00e3o perguntei por que tinha sido preso, como se diz \u201cem casa de enforcado, n\u00e3o se fala em corda\u201d. Nos despedimos e ele saiu conduzido pelo filho.<br \/>\nAproximou-se ent\u00e3o uma senhora e me perguntou: \u201caqui perto, anos passados, mataram um homem que tinha o mesmo sobrenome seu. Por acaso, seria ele seu parente?\u201d<br \/>\nRespondi: \u201cAquele homem era meu pai\u201d&#8230;<br \/>\nAquela senhora come\u00e7ou a chorar e entre l\u00e1grimas balbuciou: \u201cVoc\u00ea acaba de consolar o homem que matou o seu pai\u201d.<br \/>\nComo s\u00e3o maravilhosos os caminhos do Senhor. N\u00f3s nos agitamos, mas Deus nos conduz. Sem saber eu consolava o homem que h\u00e1 25 anos havia tirado a vida de meu pai. A emo\u00e7\u00e3o me dominou e comecei a chorar. H\u00e1 25 anos aquele homem havia causado um grande sofrimento \u00e0 nossa fam\u00edlia e agora eu o animava, devolvendo-lhe a esperan\u00e7a, ensinando-o a encontrar um novo sentido da vida, dentro de uma exist\u00eancia sem luz. Pensando em tudo isso, naquela noite pouco dormi. Pedi a Deus que me iluminasse quanto ao procedimento que deveria adotar.<br \/>\nNo dia seguinte, levantei-me com a disposi\u00e7\u00e3o de ir ao encontro daquele homem. Dois senhores que sabiam onde ele morava conduziram-me \u00e0 sua casa, um pobre barraco nos arredores da cidade. Estava ele sentado junto \u00e0 porta da casa aquecendo-se ao sol. Pedi aos meus companheiros que o conduzissem a um local afastado da casa, para que pud\u00e9ssemos conversar mais livremente. Sentados lado a lado, eu me apresentei como filho do homem a quem ele havia tirado a vida. Ele ficou nervoso, gaguejou, ficou agitado, n\u00e3o sabia o que dizer. Disse-lhe, ent\u00e3o: \u201cMeu amigo, eu vim em miss\u00e3o de perd\u00e3o e de paz. N\u00e3o estou aqui para me vingar nem para o maltratar. Eu quero apenas conversar e saber detalhes de tudo o que aconteceu\u201d.<br \/>\nA muito custo ele come\u00e7ou a falar e aos poucos foi perdendo o medo e contou tudo o que havia acontecido. Fiquei sabendo de detalhes cru\u00e9is, requintes de maldade praticados contra uma pessoa indefesa. Enquanto ele narrava os pormenores do crime, tive \u00edmpetos de estrangular aquele homem&#8230; Mas minha miss\u00e3o era de paz e de perd\u00e3o. Depois de uma longa conversa consegui despertar, naquele cora\u00e7\u00e3o endurecido, um misto de sentimento de culpa, de remorso e arrependimento. Orei com ele, pedindo perd\u00e3o ao Senhor. Ao perceber que seu arrependimento era verdadeiro e sincero, ergui a m\u00e3o para dar-lhe a absolvi\u00e7\u00e3o, o perd\u00e3o de Deus. Minha m\u00e3o estava tr\u00eamula. H\u00e1 vinte e cinco anos aquele homem erguia a m\u00e3o empunhando uma faca para tirar a vida do meu pai, e agora eu erguia a m\u00e3o para dar-lhe o perd\u00e3o em nome de Deus.<br \/>\nNa tarde daquele dia rezei a missa e ele ficou perto de mim junto ao altar. Na hora da comunh\u00e3o ele foi o primeiro a comungar. Novamente, minha m\u00e3o tremia. H\u00e1 vinte cinco anos ele erguia a m\u00e3o para tirar a vida de meu pai e, agora, eu lhe estendia a m\u00e3o para lhe dar Jesus, fonte de vida.<br \/>\nEle trouxe a morte e eu lhe dava a vida. Depois disso uma profunda paz desceu sobre meu cora\u00e7\u00e3o. O perd\u00e3o \u00e9 a maior prova de amor. Quem ama ao modo de Deus, perdoa tudo e perdoa sempre. Quem ama e tudo perdoa tem paz dentro de si, a paz que s\u00f3 Deus pode dar. O perd\u00e3o nasce do amor. A paz brota do amor e do perd\u00e3o, como a \u00e1gua pura e cristalina jorra da fonte.<\/p>\n<\/td>\n<\/tr>\n<tr>\n<td class=\"select_bg\"><span style=\"color: #000000;\">Publica\u00e7\u00f5es de Frei Anselmo Fracasso<\/span><\/td>\n<\/tr>\n<tr>\n<td class=\"texto_menor02 style3\" bgcolor=\"#ffeecc\"><strong><span class=\"style4\"><span class=\"style4\">Deixei de enxergar e\u00a0<\/span><\/span>comecei a ver<br \/>\n<\/strong>7a edi\u00e7\u00e3o &#8211; 2010<br \/>\n64 p\u00e1ginas, VozesRelato apaixonado de quem aprendeu a ver com outros olhos. Frei Anselmo relata seus 60 anos sem a vis\u00e3o dos olhos, mas com a vis\u00e3o da alma. Livro de leitura espiritual de quem n\u00e3o se deixa aprisionar por suas limita\u00e7\u00f5es f\u00edsicas.<span class=\"select_bg\"><strong>Ajude seu filho a ser feliz<br \/>\n<\/strong><\/span>107 p\u00e1ginas, Vozes<br \/>\n34\u00aa edi\u00e7\u00e3o (2007)<\/p>\n<p>O livro visa orientar os pais para um melhor relacionamento com os filhos, abordando o tema &#8220;Educa\u00e7\u00e3o em fam\u00edlia&#8221;. Segundo o autor, a base da educa\u00e7\u00e3o crist\u00e3 \u00e9 dada pela fam\u00edlia. A Igreja e a escola apenas completam o que os pais deram em casa.<\/p>\n<p><span class=\"select_bg\"><strong>Amor \u00e9 vida<br \/>\n<\/strong><\/span>166 p\u00e1ginas, Vozes<br \/>\n19\u00aa edi\u00e7\u00e3o (2003)<\/p>\n<p>Qual \u00e9 o verdadeiro sentido do amor e como se pode viv\u00ea-lo? O amor n\u00e3o \u00e9 apenas um sentimento, mas a origem, a fonte de todos os bons sentimentos da vida, pois saber amar \u00e9 saber viver. O livro ensina tamb\u00e9m como cultivar o amor para que se possa crescer, desenvolver e perseverar. Conclui-se, finalmente, que a fonte de todo o amor \u00e9 Deus.<\/p>\n<p><span class=\"select_bg\"><strong>Arte de viver feliz<br \/>\n<\/strong><\/span>88 p\u00e1ginas, Vozes<br \/>\n27\u00aa edi\u00e7\u00e3o (2008)<\/p>\n<p>Este livro quer dar uma orienta\u00e7\u00e3o no sentido de como encontrar a felicidade e de como conserv\u00e1-la. O homem foi criado para ser feliz mas nem sempre sabe buscar a felicidade onde ela est\u00e1. Antes de tudo, a felicidade n\u00e3o depende de realidades externas que nos cercam, mas de uma realidade espiritual que constru\u00edmos dentro de n\u00f3s<\/p>\n<p><span class=\"select_bg\"><strong>Desafio de Deus (Amar como Ele amou)<br \/>\n<\/strong><\/span><em><strong>A resposta do homem (Ser como Ele \u00e9)<br \/>\n<\/strong><\/em>93 p\u00e1ginas, Vozes<br \/>\n5\u00aa edi\u00e7\u00e3o (2003)<\/p>\n<p>Livro de formato pequeno, mas de grande solidez e densidade espiritual. Frei Anselmo, tarimbado mestre, cego desde quando ainda era estudante, superou os limites impostos pela defici\u00eancia visual, agu\u00e7ando ao m\u00e1ximo a vis\u00e3o interior e hoje \u00e9 procurado como conselheiro espiritual por muita gente aflita. Seus livros tamb\u00e9m levam luz, calor e conforto a muitas almas necessitadas de uma boa palavra. O desafio de Deus: Deus-Amor convida a criatura humana a tomar parte num jogo amoroso; a resposta humana s\u00f3 pode ser esta: ser como Deus \u00e9, amar como Ele ama.<\/p>\n<p><span class=\"select_bg\"><strong>Fam\u00edlia Feliz &#8211; Para viver em paz e harmonia<br \/>\n<\/strong><\/span>80 p\u00e1ginas, Vozes<br \/>\n15\u00aa edi\u00e7\u00e3o (2004)<\/p>\n<p>Um livro destinado aos casais que queiram ter \u00eaxito no amor e no casamento. Destina-se tamb\u00e9m aos jovens que se preparam para o casamento. Segundo o autor, muitos casais se separam por n\u00e3o saberem cultivar o amor. Por falta de di\u00e1logo e busca partilhada de solu\u00e7\u00e3o dos problemas de relacionamento surgem normalmente os desencontros na vida conjugal.<\/p>\n<p><span class=\"select_bg\"><strong>Grandes li\u00e7\u00f5es dos Pequenos (as)<br \/>\n<\/strong><\/span>88 p\u00e1ginas, Vozes<br \/>\n2\u00aa edi\u00e7\u00e3o (2002)<\/p>\n<p>Numa abordagem quase po\u00e9tica, a autora observa as atitudes das crian\u00e7as em rela\u00e7\u00e3o \u00e0s dos adultos e mostra o quanto a crian\u00e7a \u00e9 o que \u00e9 e a seu modo expressa a realidade do seu interior enquanto os adultos quase sempre mostram externamente uma realidade que n\u00e3o existe por dentro dele. O objetivo do livro \u00e9 mostrar que os adultos t\u00eam muito o que aprender com as crian\u00e7as.<\/p>\n<p><span class=\"select_bg\"><strong>Para viver em paz, <\/strong><\/span><strong>alegre e feliz<br \/>\n<\/strong>64 p\u00e1ginas, Vozes<br \/>\n3\u00aa edi\u00e7\u00e3o (2006)<\/p>\n<p>O autor traz sugest\u00f5es nascidas de sua experi\u00eancia de vida para auxiliar os leitores a encontrar a paz, a alegria e a felicidade.<\/p>\n<p><span class=\"select_bg\"><strong>Gotas de Vida<br \/>\n<\/strong><\/span>Id\u00e9ias que iluminam a mente<br \/>\n22\u00aa edi\u00e7\u00e3o<br \/>\n2002, Vozes<\/p>\n<p>O autor, viajando a bordo de avi\u00f5es, em \u00f4nibus que rodam pelas estradas ora poeirentas, ora asfaltadas, ia meditando, refletindo sobre tudo quanto tinha ouvido. &#8220;Bebemos a vida lentamente, gota a gota. Cada instante que passa \u00e9 uma gota de vida que pinga&#8221;.<\/p>\n<p><span class=\"select_bg\"><strong>Sou feliz porque papai e mam\u00e3e se amam<br \/>\n<\/strong><\/span>Li\u00e7\u00f5es de vida e amor<br \/>\nPaulinas, 2004<br \/>\n175 p\u00e1ginas<\/p>\n<p>Grande defensor da fam\u00edlia e dos valores crist\u00e3os e humanos, os quais est\u00e3o presentes em suas obras, como esta.<br \/>\nA mais rica d\u00e1diva dos pais proporcionada aos filhos \u00e9 o amor de um para com o outro e de ambos para com os filhos.<\/p>\n<p><span class=\"select_bg\"><strong>A crian\u00e7a e a flor nos d\u00e3o li\u00e7\u00f5es de amor<br \/>\n<\/strong><\/span><strong><em>Viv\u00eancias de ternura<br \/>\n<\/em><\/strong>Paulinas, 2004<br \/>\n118 p\u00e1ginas<\/p>\n<p>Este livro nos faz acompanhar e sentir uma s\u00e9rie de situa\u00e7\u00f5es ben\u00e9ficas ou prejudiciais, ocorridas na vida das flores e das crian\u00e7as, que n\u00e3o s\u00f3 desperta na alma dos leitores sentimentos ora de alegria, ora de frustra\u00e7\u00e3o, como tamb\u00e9m estimula os prop\u00f3sitos de fazer o bem e amar a Deus e ao pr\u00f3ximo.<\/p>\n<p><span class=\"select_bg\"><strong>Mensagem de F\u00e9 e Esperan\u00e7a de Amor e Paz<br \/>\n<\/strong><\/span><strong>Editora Santu\u00e1rio, 2009<br \/>\n<\/strong>86 p\u00e1ginas<\/p>\n<p>Livro homenagem a Helen Keller, para que \u00e0 luz de suas ideias ilumine os homens na busca da reabilita\u00e7\u00e3o e integra\u00e7\u00e3o social de todos os deficientes f\u00edsicos.<\/p>\n<p><strong>No exterior, Frei Anselmo Fracasso tem livros publicados nos seguintes pa\u00edses:<\/strong><\/p>\n<p><strong>Alemanha <\/strong>\u2013 \u201cA Arte de viver feliz\u201d \u2013 Editora S\u00e3o Bento<\/p>\n<p><strong>Argentina<\/strong> \u2013 \u201cA Arte de viver feliz\u201d \u2013 Editora L\u00famen<\/p>\n<p><strong>Peru <\/strong>\u2013 \u201cA arte de Viver feliz\u201d \u2013 Paulus<\/p>\n<p><strong>Venezuela<\/strong> \u2013 \u201cSou feliz porque papai e mam\u00e3e se amam\u201d e \u201cA crian\u00e7a e a flor nos d\u00e3o li\u00e7\u00f5es de amor\u201d\u2013 Paulinas<\/p>\n<p><strong>M\u00e9xico<\/strong> \u2013 \u00a0\u201cA arte de viver feliz\u201d, \u201cAmor \u00e9 vida\u201d, \u201cO desafio de Deus e a resposta do homem\u201d, \u201cPara viver em paz, alegre e feliz\u201d, \u201cGotas de vida\u201d, \u201cFam\u00edlia feliz, para viver em paz e harmonia\u201d, e \u201cAjude seu filho a ser feliz\u201d. Editora Nueva Palavra<\/td>\n<\/tr>\n<\/tbody>\n<\/table>\n<p><em>Tomo a liberdade de pegar emprestado o t\u00edtulo do livro de Frei Anselmo Fracasso &#8220;50 anos de luz nas trevas &#8211; Deixei de enxergar e comecei a ver&#8221; para esta entrevista. Frei Anselmo, o Mestre Espiritual como todos o conhecem, \u00e9 essa luz que brilha no Convento de Santo Ant\u00f4nio do Rio de Janeiro. Diariamente, sentado no Sal\u00e3o de Atendimento ele ouve as confiss\u00f5es, com calma e tendo sempre uma palavra de incentivo e esperan\u00e7a. Nem sempre precisa passar a palavra. Sua vida \u00e9 uma li\u00e7\u00e3o. Isso tamb\u00e9m p\u00f4de ser visto na sua prega\u00e7\u00e3o durante a 329\u00aa Trezena de Santo Ant\u00f4nio, quando emocionou as pessoas ao falar sobre a vida.\u00a0 Foi depois das confiss\u00f5es, numa manh\u00e3, que Frei Anselmo me recebeu, com alegria e disposi\u00e7\u00e3o, para contar um pouco de sua vida e sua miss\u00e3o. Principalmente, a determina\u00e7\u00e3o para superar a falta da vis\u00e3o. &#8220;Quando todas as portas pareciam irremediavelmente fechadas, Deus me abria uma nova porta e me apontava um novo caminho a seguir&#8221;. Nesta entrevista, Frei Anselmo fala desse sofrimento quando estava na flor da juventude, relata o encontro com o assassino de seu pai e o encontro com Helen Keller, sua mestra espiritual, fala de seus estudos at\u00e9 conseguir se ordenar sacerdote, comenta a crise familiar e de voca\u00e7\u00f5es na Igreja, e insiste no sacramento da confiss\u00e3o como um caminho para o perd\u00e3o e a gra\u00e7a de Deus.<\/em><\/p>\n<p><strong>Acompanhe!\u00a0\u00a0\u00a0<\/strong><\/p>\n<p><strong>Por Moacir Beggo<\/strong><\/p>\n<p><strong>A PERDA DA VIS\u00c3O<\/strong><\/p>\n<p><strong>Site &#8211; O seu livro &#8220;50 anos de luz nas trevas; deixei de enxergar e comecei a ver&#8221; est\u00e1 na s\u00e9tima edi\u00e7\u00e3o pela Vozes. O Sr. pode falar sobre este t\u00edtulo?<\/strong><br \/>\n<strong>Frei Anselmo &#8211;<\/strong> Enxergar \u00e9 uma coisa f\u00edsica, material, que se faz atrav\u00e9s dos olhos f\u00edsicos. Com eles, enxergamos a cor, a forma, a dist\u00e2ncia, a mat\u00e9ria. Ver \u00e9 encontrar a mensagem naquilo que n\u00f3s enxergamos. Por exemplo: em tantas noites de lua cheia, com a sua claridade, enxergamos muitas coisas. Agora, ver \u00e9 aprender a li\u00e7\u00e3o da lua. Ela recebe a luz do Sol e reflete na terra, dissipando as trevas da noite. E n\u00f3s recebemos de Deus a luz intensa, o amor divino, ent\u00e3o \u00e9 necess\u00e1rio refletir para os irm\u00e3os, amando-os ao modo de Deus. Retribuir no pr\u00f3ximo o que Deus faz por n\u00f3s. Outra li\u00e7\u00e3o: voc\u00ea v\u00ea tantas vezes uma flor. Admira a beleza, a forma, enxerga apenas. Agora, ver a flor, lembrar que ela nos d\u00e1 uma li\u00e7\u00e3o de amor, que oferece tudo de si sem cobrar nada em troca para o beija-flor, para a borboleta, para a abelha com o n\u00e9ctar e, para n\u00f3s, com a beleza, o perfume, o encanto e a gra\u00e7a. Assim \u00e9 o amor. D\u00e1 tudo isso sem pedir nada em troca. E mais: a flor se abre bela, pura e perfumada \u00e0 luz do sol. No entanto, as ra\u00edzes est\u00e3o na imund\u00edcie da terra, do esterco. Essa imund\u00edcie junto \u00e0s ra\u00edzes n\u00e3o contamina a beleza, o perfume. E assim n\u00f3s, em qualquer ambiente, podemos crescer puros e altivos em qualquer ambiente. Ver \u00e9 encontrar sentido nas coisas que enxergamos. Tudo tem sentido.<\/p>\n<p><strong>Site &#8211; Como foi a experi\u00eancia de ficar sem a vis\u00e3o. <\/strong><br \/>\n<strong>Frei Anselmo &#8211;<\/strong> \u00c9 claro, na hora em que voc\u00ea perde a vis\u00e3o, o choque \u00e9 muito grande, porque est\u00e1 habituado a viver em fun\u00e7\u00e3o da vis\u00e3o f\u00edsica. De repente, est\u00e1 sem ela. \u00c9 como se todas as portas se fechassem \u00e0 sua frente. Mas, aos poucos, outras portas se abriram. Como a Helen Keller escreve. Muitas vezes ficamos a olhar tanto tempo para a porta fechada que n\u00e3o vemos a outra que se abriu para n\u00f3s. Ent\u00e3o, as portas foram se abrindo: aprendi o m\u00e9todo Braille e fiz o curso de locomo\u00e7\u00e3o em S\u00e3o Paulo. Nesse tempo, aprendi que tudo o que eu posso fazer, fa\u00e7o sem pedir ajuda a ningu\u00e9m. E quando precisar de algu\u00e9m, basta ter a simplicidade de pedir. Nesse ponto, Frei Ludovico de Castro me deu uma grande li\u00e7\u00e3o de vida. Quando os m\u00e9dicos, em S\u00e3o Paulo, deram a \u00faltima palavra dizendo que a minha cegueira era irrevers\u00edvel, ele viu minha dor profunda e respeitou. Ficou dois ou tr\u00eas dias sem falar nada. Depois, me chamou e me disse assim: &#8220;Agora, voc\u00ea conhece a verdade. Voc\u00ea vai construir a sua vida a partir da cegueira e com ela. E n\u00e3o a partir da ilus\u00e3o de que um dia voc\u00ea possa enxergar&#8221;. Que sabedoria! E o Frei Cipriano Chardong, que era nosso Reitor em Agudos, viu a minha tristeza e des\u00e2nimo, colocou a m\u00e3o no meu ombro e falou assim: &#8220;N\u00e3o fique triste! Se Deus quer voc\u00ea como padre, voc\u00ea vai ser padre. Com a vista ou sem vista. Mas agarre bem \u00e0 Nossa Senhora das Gra\u00e7as!&#8221;. Naquela \u00e9poca ningu\u00e9m poderia imaginar que um padre fosse cego. Inclusive, o Direito Can\u00f4nico proibia.<\/p>\n<p><strong>Site &#8211; O sr. \u00e9 o primeiro caso no mundo?<\/strong><br \/>\n<strong>Frei Anselmo &#8211;<\/strong> No Brasil, sim. Sou o segundo do mundo. Na Alemanha existia o primeiro.<\/p>\n<p><strong>Site &#8211; O sr. j\u00e1 estava terminando o Ensino M\u00e9dio em Agudos?<\/strong><br \/>\n<strong>Frei Anselmo &#8211;<\/strong> Sim, estava terminando o Cient\u00edfico, como era chamado na \u00e9poca, e se preparando para ingressar no Noviciado.<\/p>\n<p><strong>Site \u2013 Hoje, a medicina teria a cura para o seu problema?<\/strong><br \/>\n<strong>Frei Anselmo &#8211;<\/strong> Teria. Foi uma bact\u00e9ria que eu contra\u00ed bebendo uma \u00e1gua contaminada num passeio que fizemos em Agudos, numa fazenda em Coronel Leite. Havia um po\u00e7o \u00e0 beira do p\u00e2ntano e de uma estrebaria. Pegamos a \u00e1gua com o balde e todos beberam. Depois que bebi, comecei a sentir dores na barriga, como se tivesse engolido agulhas. Uma semana de febre de 40 graus. Quando ela terminou, come\u00e7aram a aparecer os sintomas, como a vista turvada. O m\u00e9dico me explicou que, provavelmente, na \u00e1gua que bebi estava a \u201ccol\u00f4nia\u201d mais forte de bact\u00e9rias. Ou ent\u00e3o que o meu organismo estava com menos defesas. Entrou no sangue e se alijou na c\u00f3rnea, na retina, \u00edris&#8230; Deu aquela doen\u00e7a chamada uve\u00edte. Naquele tempo s\u00f3 tinha penicilina. E a bact\u00e9ria resistiu \u00e0 penicilina e, s\u00f3 em 1957, \u00e9 que a tetraciclina eliminou a bact\u00e9ria. Mas o estrago estava feito. Como o bombeiro vai l\u00e1, apaga o fogo, mas o que queimou, est\u00e1 queimado!<\/p>\n<p><strong>Site &#8211; O come\u00e7o sem a vis\u00e3o numa cidade como S\u00e3o Paulo deve ter sido um grande desafio?<\/strong><br \/>\n<strong>Frei Anselmo &#8211;<\/strong> Sem d\u00favida. Mas tive muito apoio dos frades do Convento S\u00e3o Francisco (SP): Frei Heliodoro, Frei Ludovico, Frei Olavo que est\u00e1 ainda aqui. Me apoiaram muito. Depois, a Funda\u00e7\u00e3o para o Livro do Cego no Brasil, que agora \u00e9 Funda\u00e7\u00e3o Dorina Nowill para Cegos, tamb\u00e9m me ajudou muito, inclusive para o estudo. Eles copiaram em Braille os livros de filosofia e teologia para mim. S\u00f3 que, naquele tempo, a Funda\u00e7\u00e3o funcionava no Trianon, no viaduto Nove de Julho. S\u00f3 em 57, o prefeito J\u00e2nio Quadros fez aquela casa l\u00e1 na rua Diogo Faria, na Vila Clementino.<\/p>\n<p><strong>A VOCA\u00c7\u00c3O E O ASSASSINATO DO PAI<\/strong><\/p>\n<p><strong>Site &#8211; Como nasceu a sua voca\u00e7\u00e3o.<\/strong><br \/>\n<strong>Frei Anselmo &#8211;<\/strong> Minha voca\u00e7\u00e3o foi motivada pelo exemplo de um frade. Eu nasci no Rio Grande do Sul, em Baliza, que era par\u00f3quia franciscana de nossa Prov\u00edncia. Ali comecei como coroinha. Eu e mais cinco. Nesta \u00e9poca havia um frade alem\u00e3o, Frei Celestino, que me chamava muito a aten\u00e7\u00e3o, pelo exemplo dele, a maneira como ele rezava missa, a piedade, o modo de acolher o povo, a bondade dele. Tudo isso despertou em mim a vontade de ser como ele. Dos cinco coroinhas, quatro foram para o semin\u00e1rio e tr\u00eas ficaram padre. Eu, Frei Euclides e o terceiro que foi para os camilianos. O quarto saiu no semin\u00e1rio. Na \u00e9poca, Frei Celestino veio aqui para pregar um retiro, mas estourou a guerra na Alemanha e s\u00f3 pode retornar ao seu pa\u00eds em 58.<\/p>\n<p><strong>Site &#8211; Quantos anos tinha quando entrou no Semin\u00e1rio?<\/strong><br \/>\n<strong>Frei Anselmo &#8211;<\/strong> Com treze anos. Fiz treze de 31 de outubro em 43 e, em janeiro de 44, entrei para o semin\u00e1rio de Luzerna (SC). Depois fui para o Semin\u00e1rio de Rio Negro, onde fiquei de 46 a 49, at\u00e9 seguir para Agudos em 50. Fiz parte da primeira turma do Semin\u00e1rio, que ainda estava em constru\u00e7\u00e3o.<\/p>\n<p><strong>Site &#8211; Fale de sua fam\u00edlia, frei?<\/strong><br \/>\n<strong>Frei Anselmo &#8211;<\/strong> Na minha fam\u00edlia \u00e9ramos 11. Agora, tenho um irm\u00e3o e duas irm\u00e3s. Meu pai foi assassinado covardemente e, 25 anos depois, encontrei-me diante do assassino de meu pai em \u00c1gua Doce (veja o depoimento ao lado). Uma coisa que sempre admirei muito em minha m\u00e3e \u00e9 que ela n\u00e3o sabia ler e escrever, mas sabia educar os filhos. Ela s\u00f3 ensinava. Outra coisa que aprendi com meus pais: n\u00e3o desperdi\u00e7ar alimentos.Se deixasse comida no prato, ela guardava para o jantar. Se comesse aquilo, ganhava outro. Se n\u00e3o, n\u00e3o ganhava. Dava-se valor \u00e0s pequenas coisas. Quando fui para o Semin\u00e1rio, ela s\u00f3 me deu um conselho que nunca mais me esqueci: reze muito e n\u00e3o seja xereta. Xereta no sentido de fofoqueiro&#8230;<\/p>\n<p><strong>OS ESTUDOS E O ENCONTRO <\/strong><strong>COM HELEN KELLER<\/strong><\/p>\n<p><strong>Site &#8211; Como fez os estudos de Filosofia e Teologia?<\/strong><br \/>\n<strong>Frei Anselmo &#8211;<\/strong> Em 1952, eu j\u00e1 tinha a documenta\u00e7\u00e3o para entrar na Ordem Franciscana, ingressando no Noviciado. Quando o Provincial, Frei Heliodoro M\u00fceller, foi a Roma e pediu ao Ministro Geral, Agostinho Sepinski, licen\u00e7a para eu entrar na Ordem, ele disse &#8220;n\u00e3o&#8221;. S\u00f3 se ele fizesse os estudos. Eu tinha que mostrar que era capaz. No come\u00e7o achei uma coisa chata, depois vi aquilo como uma b\u00ean\u00e7\u00e3o, um desafio. O Definit\u00f3rio me autorizou a fazer Filosofia e Teologia como leigo. Quando terminei os cursos, em 59, eles mandaram para o Ministro Geral Sepinski a conclus\u00e3o dos meus estudos, que foi excelente, e, imediatamente, ele me autorizou a entrar no Noviciado, que se deu no dia 19 de dezembro de 1959. No ano passado, celebrei 50 anos de vida franciscana.<\/p>\n<p><strong>Site &#8211; Mas como j\u00e1 tinha os estudos, foi ordenado logo, n\u00e3o?<\/strong><br \/>\n<strong>Frei Anselmo &#8211;<\/strong> Quando acabei o noviciado, vim para o Rio fazer o \u00faltimo ano de Teologia Pastoral. Fiz o curso no final de 61 e depois tinha de fazer os votos perp\u00e9tuos para ser ordenado. E conseguimos licen\u00e7a, da Ordem, para antecipar por um ano e quatro meses os votos perp\u00e9tuos. Fiz os votos perp\u00e9tuos no dia 30 de agosto de 1962 e, no dia 4 de outubro, me tornei padre. Tudo muito r\u00e1pido.<\/p>\n<p><strong>Site &#8211; E quanto tempo est\u00e1 aqui?<\/strong><br \/>\n<strong>Frei Anselmo &#8211;<\/strong> No dia 9 de fevereiro completei 49 anos neste Convento. Como padre, vou fazer 50 anos em 2012.<\/p>\n<p><strong>Site &#8211; Como conferencista, o Sr. \u00e9 conhecido no Brasil todo?<\/strong><br \/>\n<strong>Frei Anselmo &#8211;<\/strong> Viajei para todos os estados. S\u00f3 n\u00e3o conhe\u00e7o Amap\u00e1 e Roraima. Uma coisa muito interessante me aconteceu em 64. Fui para Ara\u00e7ua\u00ed, onde est\u00e1 Dom Severino Clasen. Sa\u00ed do Rio nas asas de um avi\u00e3o e cheguei l\u00e1 no lombo de um burro (risos). Eu fui at\u00e9 Belo Horizonte de avi\u00e3o. L\u00e1, eu peguei trem para Montes Claros. Depois fui de \u00f4nibus at\u00e9 S\u00e3o Francisco. Em S\u00e3o Francisco me esperavam com um jipe, mas chegando l\u00e1, havia chovido muito e, para atravessar um riacho, que havia transbordado, precisamos de uma canoa. Do outro lado me levaram no lombo de burro. Ou seja, peguei avi\u00e3o, trem, \u00f4nibus, jipe, canoa e burro. Ara\u00e7ua\u00ed ainda n\u00e3o era diocese. Fui dar uma palestra no col\u00e9gio das Irm\u00e3s Clarissas Franciscanas, que n\u00e3o s\u00e3o enclausuradas. Acho que n\u00e3o est\u00e3o mais l\u00e1.<\/p>\n<p><strong>Site &#8211; O Sr. fala muito da Helen Keller. Qual o papel dela na sua vida?<\/strong><br \/>\n<strong>Frei Anselmo &#8211;<\/strong> Ela esteve no Brasil duas vezes. Uma vez em 43, n\u00e3o tinha ainda no\u00e7\u00e3o de nada, e depois na segunda vez, ela veio em 1953, quando eu estava em S\u00e3o Paulo. O exemplo de vida dela \u00e9 muito forte. Cega, surda e muda e ela venceu. Isso me estimulou muito. Dizia para mim mesmo: &#8220;Se ela perdeu tr\u00eas sentidos e venceu, eu perdi apenas um e posso tamb\u00e9m vencer. Conversei com ela pessoalmente. A sua secret\u00e1ria batia num c\u00f3digo especial na m\u00e3o dela e ela respondia. Depois a secret\u00e1ria me traduzia. Para mim foi um exemplo de vida que me deu muita for\u00e7a mesmo! Ela surgiu na minha vida na hora ag\u00e1. Por isso, tenho muita admira\u00e7\u00e3o por ela e escrevi este livro &#8220;Mensagem de F\u00e9 e Esperan\u00e7a, de Amor e Paz&#8221;, que s\u00e3o pensamentos dela.<\/p>\n<p><strong>Site &#8211; O sr. colheu estes pensamentos nas palestras dela?<\/strong><br \/>\n<strong>Frei Anselmo &#8211;<\/strong> Nos livros dela: Hist\u00f3ria de Minha Vida; Otimismo; O mundo em que vivo; Minha religi\u00e3o; Minha vida de mulher; Vamos ter f\u00e9; e A porta aberta.\u00a0 O \u00faltimo, a &#8220;Porta Aberta&#8221;, \u00e9 um resumo de suas ideias. Dele, eu tirei esses pensamentos.<\/p>\n<p><img loading=\"lazy\" class=\"alignleft wp-image-179205\" src=\"http:\/\/franciscanos.org.br\/2018\/wp-content\/uploads\/2011\/11\/anselmo-_fracasso_2011-840-2.jpg\" alt=\"\" width=\"500\" height=\"375\" srcset=\"https:\/\/franciscanos.org.br\/noticias\/wp-content\/uploads\/2011\/11\/anselmo-_fracasso_2011-840-2.jpg 640w, https:\/\/franciscanos.org.br\/noticias\/wp-content\/uploads\/2011\/11\/anselmo-_fracasso_2011-840-2-450x338.jpg 450w, https:\/\/franciscanos.org.br\/noticias\/wp-content\/uploads\/2011\/11\/anselmo-_fracasso_2011-840-2-150x113.jpg 150w\" sizes=\"(max-width: 500px) 100vw, 500px\" \/><\/p>\n<p><strong>PREOCUPA\u00c7\u00c3O COM A FAM\u00cdLIA<\/strong><\/p>\n<p><strong>Site &#8211; Pelos livros, vi que o Sr. \u00e9 muito preocupado com os valores familiares?<\/strong><br \/>\n<strong>Frei Anselmo &#8211;<\/strong> Muito, muito mesmo. Escrevi tr\u00eas quatro livros &#8211; &#8220;Ajude seu filho a ser feliz&#8221;, &#8220;Fam\u00edlia feliz &#8211; Para viver em paz e harmonia; &#8220;Sou feliz porque papai e mam\u00e3e se amam&#8221;; e &#8220;A crian\u00e7a e a flor nos d\u00e3o li\u00e7\u00f5es de amor&#8221;. S\u00e3o quatro livros sobre a fam\u00edlia, que escrevi a partir da experi\u00eancia, ouvindo os relatos de casais e filhos.<\/p>\n<p><strong>Site &#8211; Como est\u00e1 a fam\u00edlia hoje?<\/strong><br \/>\n<strong>Frei Anselmo &#8211;<\/strong> A maior praga da sociedade moderna \u00e9 a desagrega\u00e7\u00e3o da fam\u00edlia. No Brasil, temos 37 milh\u00f5es de crian\u00e7as e adolescentes sem aconchego de um lar. Pais que vivem em desarmonia, ou que vivem separados, filhos de m\u00e3es solteiras. No Brasil, s\u00e3o 27 milh\u00f5es de filhos de m\u00e3es solteiras. Para crescer bem, a crian\u00e7a carece do carinho dos dois. Se ela tem isso, cresce uma crian\u00e7a alegre, feliz, tranquila. Muitas vezes, a crian\u00e7a fica doente por falta de amor em casa.<\/p>\n<p><strong>Site &#8211; Sem essa base, os filhos buscam outras compensa\u00e7\u00f5es nas drogas?<\/strong><br \/>\n<strong>Frei Anselmo &#8211;<\/strong> Inclusive, estou recolhendo dados para fazer um livro das causas da viol\u00eancia. Geralmente, elas s\u00e3o apresentadas superficialmente. Existe uma vis\u00e3o m\u00edope da realidade. Geralmente apontam pobreza, desemprego, fome e mis\u00e9ria. Conhe\u00e7o muitos pobres, famintos, desempregados, mas que t\u00eam Deus no cora\u00e7\u00e3o. A grande causa de todas as viol\u00eancias \u00e9 a exclus\u00e3o de Deus na vida. A fam\u00edlia que n\u00e3o se preocupa com isso, pelo menos na inf\u00e2cia, at\u00e9 os 7 anos, depois vai ser dif\u00edcil na fase adolescente e adulta. N\u00f3s somos na idade adulta o que fomos at\u00e9 os 7 anos, quando o c\u00e9rebro estava em forma\u00e7\u00e3o. E outra coisa que se fala pouco \u00e9 do que a m\u00e3e sente na gravidez. Existe prova cient\u00edfica de que tudo o que a m\u00e3e sente a partir do terceiro m\u00eas passa para o subconsciente da crian\u00e7a. E quanta mulher tem a gravidez rejeitada, desenvolvida num ambiente de \u00f3dio, de brigas e de desarmonia? Tudo isso passa para a crian\u00e7a, que nasce marcada pela viol\u00eancia.<\/p>\n<p><strong>CRISE DE VOCA\u00c7\u00d5ES E O SACRAMENTO DA CONFISS\u00c3O<\/strong><\/p>\n<p><strong>Site &#8211; Hoje, se fala muito em crise de voca\u00e7\u00f5es na vida religiosa. A que se deve isso?<\/strong><br \/>\n<strong>Frei Anselmo &#8211;<\/strong> Nesta crise de voca\u00e7\u00f5es, a primeira causa est\u00e1 na raiz da fam\u00edlia. \u00c9 na fam\u00edlia que se vive a f\u00e9. Numa fam\u00edlia realmente piedosa, que reza, e est\u00e1 estruturada em Deus. \u00c9 dessas fam\u00edlias que surgem as voca\u00e7\u00f5es. Ent\u00e3o, quando a fam\u00edlia est\u00e1 se desagregando, falta esta base, por isso h\u00e1 falta de voca\u00e7\u00f5es. Depois, a perseveran\u00e7a diminui por qu\u00ea? Porque n\u00e3o trouxe aquela base da fam\u00edlia. O col\u00e9gio pode oferecer muita coisa, mas a base de tudo \u00e9 a fam\u00edlia, aquilo que aprendi de meus pais na viv\u00eancia crist\u00e3. E a terceira causa \u00e9 que a forma\u00e7\u00e3o est\u00e1 um pouco deficiente. Me lembro sempre dos nossos professores no Semin\u00e1rio &#8211; Frei Tadeu, Cipriano, Frei Virg\u00edlio &#8211; como eles estruturavam a voca\u00e7\u00e3o na piedade, na ora\u00e7\u00e3o, no Evangelho. Ent\u00e3o, acho que est\u00e1 faltando essa base espiritual, de voltar-se inteiramente para Cristo. Mas se a fam\u00edlia n\u00e3o d\u00e1, o Semin\u00e1rio tamb\u00e9m n\u00e3o d\u00e1.<\/p>\n<p><strong>Site &#8211; O bispo Dom Hil\u00e1rio Moser disse que basta o testemunho para uma pastoral vocacional?<\/strong><br \/>\n<strong>Frei Anselmo &#8211;<\/strong> A maior for\u00e7a evangelizadora do padre e do frade \u00e9 o testemunho de vida. A maneira como ele acolhe o povo, atende o povo. Testemunho de vida \u00e9 a grande for\u00e7a da evangeliza\u00e7\u00e3o. N\u00e3o adianta teorias se n\u00e3o houver a pr\u00e1tica. N\u00f3s evangelizamos muito mais por aquilo que somos e fazemos do que por aquilo que falamos. Ent\u00e3o, a necessidade de ter um esfor\u00e7o profundo para viver aquilo que n\u00f3s anunciamos pela palavra. Se a pessoa vem aqui para se confessar e eu\u00a0 atendo mal, sou grosseiro, r\u00edspido, n\u00e3o deixo a pessoa falar, estarei dando um contra-testemunho. Quem vem confessar, a primeira coisa que quer \u00e9 desabafar. \u00c9 botar para fora o que ele sente. Ent\u00e3o, a confiss\u00e3o bem feita \u00e9 uma terapia, psicol\u00f3gica e espiritual. A pessoa desabafa, depois \u00e9 orientada e leva a certeza do perd\u00e3o. Isso \u00e9 fundamental. Quando Jesus instituiu a confiss\u00e3o, ele criou o primeiro laborat\u00f3rio de psican\u00e1lise. Mas o padre tem que ter paci\u00eancia, saber escutar, saber dar a resposta certa e despertar no penitente aquela certeza, aquela confian\u00e7a na miseric\u00f3rdia de Deus. Sair da confiss\u00e3o certo de que foi perdoado.<\/p>\n<p><strong>Site &#8211; Nesses 49 anos, atendeu muitas confiss\u00f5es neste Convento?<\/strong><br \/>\n<strong>Frei Anselmo &#8211;<\/strong> Perdi a conta. E n\u00e3o s\u00f3 aqui, mas em diversos lugares. Acho que o trabalho mais eficiente e que mais atinge a pessoa \u00e9 atrav\u00e9s do sacramento da penit\u00eancia. \u00c9 quando voc\u00ea v\u00ea o problema de cada um individualmente. Numa palestra voc\u00ea transmite conhecimentos de um modo geral para todos. Na confiss\u00e3o, voc\u00ea conhece o problema individual e pode dar a orienta\u00e7\u00e3o exata para cada um.<\/p>\n<p><strong>Site &#8211; Mas por que hoje se procura menos a confiss\u00e3o?<\/strong><br \/>\n<strong>Frei Anselmo &#8211;<\/strong> Infelizmente muitas par\u00f3quias preferem a confiss\u00e3o comunit\u00e1ria, inclusive n\u00e3o seguindo as normas da Igreja. Porque s\u00f3 em certas ocasi\u00f5es pode haver confiss\u00e3o comunit\u00e1ria. Eles fazem frequentemente. Se a pessoa est\u00e1 arrependida, e com prop\u00f3sito de emenda, claro que vai ser perdoado. Satisfaz ao aspecto espiritual, que \u00e9 o perd\u00e3o do pecado, a gra\u00e7a de Deus. Mas n\u00e3o satisfaz o aspecto psicol\u00f3gico, que \u00e9 o desabafo, a orienta\u00e7\u00e3o individual e a certeza do perd\u00e3o. E o aspecto psicol\u00f3gico \u00e9 muito importante. Inclusive aquele disc\u00edpulo de Freud, Adler Jung, reconhece o valor psicol\u00f3gico da confiss\u00e3o, dizendo assim: &#8220;A melhor psican\u00e1lise \u00e9 feita nos confession\u00e1rios da Igreja Cat\u00f3lica, onde o penitente &#8211; ele fala o paciente -, desabafa, \u00e9 orientado e leva a certeza do perd\u00e3o. N\u00f3s podemos ouvir o desabafo, podemos orientar, mas n\u00e3o podemos dar o perd\u00e3o. E o complexo de culpa \u00e9 a maior fonte de neuroses&#8221;. Ele reconheceu o valor da confiss\u00e3o e n\u00f3s muitas vezes ignoramos. Esse abuso das confiss\u00f5es comunit\u00e1rias, s\u00f3 para n\u00e3o ter o atendimento individual, esquece este aspecto.<\/p>\n<p><strong>MENSAGENS<\/strong><\/p>\n<p><strong>Site &#8211; Deixe uma palavra de alento para as pessoas que t\u00eam defici\u00eancias f\u00edsicas.<\/strong><br \/>\n<strong>Frei Anselmo &#8211;<\/strong>\u00a0 Primeiramente temos de lembrar que todos os seres humanos tem limita\u00e7\u00f5es. Nem tudo \u00e9 poss\u00edvel a todos. Mas cada um pode alguma coisa. Cada um, com clareza, pode buscar o que est\u00e1 ao seu alcance. N\u00e3o desistir. Ser determinado: Eu posso, eu quero, eu consigo. Mas antes de ter essa determina\u00e7\u00e3o \u00e9 necess\u00e1rio a clareza de pensamento. \u00c9 necess\u00e1rio a pessoa saber o que ela quer e que est\u00e1 ao seu alcance. Por exemplo, n\u00e3o posso dirigir carro. Ent\u00e3o, o deficiente tem que saber quais s\u00e3o as suas limita\u00e7\u00f5es e fazer delas um caminho. O ser humano s\u00f3 ser\u00e1 derrotado quando abandonar a luta. A defici\u00eancia n\u00e3o \u00e9 uma barreira. \u00c9 um limite que aponta outros caminhos. \u00c9 preciso ver os outros caminhos que surgem!<\/p>\n<p><strong>Site &#8211; Uma mensagem para o jovem que quer ser frade.<\/strong><br \/>\n<strong>Frei Anselmo &#8211;<\/strong> A primeira coisa que ele precisa ter \u00e9 essa atitude de doar a vida inteiramente a Deus. Doar-se pela causa do Evangelho, para evangelizar e ter sempre Deus como ponto de refer\u00eancia. Sempre meditar essas perguntas: o que Deus quer de mim? O que Deus quer eu fa\u00e7a? O que Jesus faria no meu lugar? O que posso fazer de bom pelos outros. Depois, ter determina\u00e7\u00e3o: eu posso, eu quero, eu consigo. Ir \u00e0 luta. Agora, a luta s\u00f3 ter\u00e1 vit\u00f3ria se tivermos ligados profundamente a Deus. Deus \u00e9 a \u00fanica for\u00e7a. Pelo amor a Deus, fazer o que agrada a Deus e pelo amor fraterno fazer aos irm\u00e3os o que \u00e9 bom aos olhos de Deus. N\u00e3o se preocupar se agrada aos homens ou n\u00e3o. Isso \u00e9 secund\u00e1rio. Importa fazer da minha vida uma doa\u00e7\u00e3o.<\/p>\n<p><strong>Site &#8211; Por \u00faltimo, uma mensagem a todas as pessoas. <\/strong><br \/>\n<strong>Frei Anselmo &#8211;<\/strong> Colocar um grande amor em tudo o que fazemos. Tudo o que fazemos, os menores gestos, as menores obras feitas com amor s\u00e3o muito grandes aos olhos de Deus. Colocar um grande amor em tudo que damos, porque o amor com que damos enriquece a d\u00e1diva que oferecemos. E dentro desse contexto, para ter calma, viver tranquilo, dou o segredo da alegria: trabalhar com amor e cultivar o bom humor. Este \u00e9 o grande segredo da serenidade, da paz, da tranquilidade e da felicidade.<\/p>\n","protected":false},"excerpt":{"rendered":"<p>Entrevista<\/p>\n","protected":false},"author":1,"featured_media":212495,"comment_status":"closed","ping_status":"open","sticky":false,"template":"","format":"standard","meta":[],"categories":[758],"tags":[],"acf":[],"yoast_head":"<!-- This site is optimized with the Yoast SEO plugin v19.2 - https:\/\/yoast.com\/wordpress\/plugins\/seo\/ -->\n<title>Entrevista: Frei Anselmo Fracasso - Not\u00edcias - Franciscanos<\/title>\n<meta name=\"robots\" content=\"index, follow, max-snippet:-1, max-image-preview:large, max-video-preview:-1\" \/>\n<link rel=\"canonical\" href=\"https:\/\/franciscanos.org.br\/noticias\/entrevista-frei-anselmo-fracasso.html\" \/>\n<meta property=\"og:locale\" content=\"pt_BR\" \/>\n<meta property=\"og:type\" content=\"article\" \/>\n<meta property=\"og:title\" content=\"Entrevista: Frei Anselmo Fracasso - Not\u00edcias - Franciscanos\" \/>\n<meta property=\"og:description\" content=\"Entrevista\" \/>\n<meta property=\"og:url\" content=\"https:\/\/franciscanos.org.br\/noticias\/entrevista-frei-anselmo-fracasso.html\" \/>\n<meta property=\"og:site_name\" content=\"Not\u00edcias - Franciscanos\" \/>\n<meta property=\"article:published_time\" content=\"2011-11-18T17:21:58+00:00\" \/>\n<meta property=\"article:modified_time\" content=\"2019-10-15T12:01:11+00:00\" \/>\n<meta property=\"og:image\" content=\"https:\/\/franciscanos.org.br\/noticias\/wp-content\/uploads\/2011\/11\/anselmo-_fracasso_2011-840-1.jpg\" \/>\n\t<meta property=\"og:image:width\" content=\"273\" \/>\n\t<meta property=\"og:image:height\" content=\"181\" \/>\n\t<meta property=\"og:image:type\" content=\"image\/jpeg\" \/>\n<meta name=\"author\" content=\"admin\" \/>\n<meta name=\"twitter:card\" content=\"summary_large_image\" \/>\n<meta name=\"twitter:label1\" content=\"Escrito por\" \/>\n\t<meta name=\"twitter:data1\" content=\"admin\" \/>\n\t<meta name=\"twitter:label2\" content=\"Est. tempo de leitura\" \/>\n\t<meta name=\"twitter:data2\" content=\"29 minutos\" \/>\n<script type=\"application\/ld+json\" class=\"yoast-schema-graph\">{\"@context\":\"https:\/\/schema.org\",\"@graph\":[{\"@type\":\"WebSite\",\"@id\":\"https:\/\/franciscanos.org.br\/noticias\/#website\",\"url\":\"https:\/\/franciscanos.org.br\/noticias\/\",\"name\":\"Not\u00edcias - Franciscanos\",\"description\":\"Prov\u00edncia Franciscana da Imaculada Concei\u00e7\u00e3o do Brasil - Ordem dos Frades Menores - OFM\",\"potentialAction\":[{\"@type\":\"SearchAction\",\"target\":{\"@type\":\"EntryPoint\",\"urlTemplate\":\"https:\/\/franciscanos.org.br\/noticias\/?s={search_term_string}\"},\"query-input\":\"required name=search_term_string\"}],\"inLanguage\":\"pt-BR\"},{\"@type\":\"ImageObject\",\"inLanguage\":\"pt-BR\",\"@id\":\"https:\/\/franciscanos.org.br\/noticias\/entrevista-frei-anselmo-fracasso.html#primaryimage\",\"url\":\"https:\/\/franciscanos.org.br\/noticias\/wp-content\/uploads\/2011\/11\/anselmo-_fracasso_2011-840-1.jpg\",\"contentUrl\":\"https:\/\/franciscanos.org.br\/noticias\/wp-content\/uploads\/2011\/11\/anselmo-_fracasso_2011-840-1.jpg\",\"width\":273,\"height\":181},{\"@type\":\"WebPage\",\"@id\":\"https:\/\/franciscanos.org.br\/noticias\/entrevista-frei-anselmo-fracasso.html#webpage\",\"url\":\"https:\/\/franciscanos.org.br\/noticias\/entrevista-frei-anselmo-fracasso.html\",\"name\":\"Entrevista: Frei Anselmo Fracasso - Not\u00edcias - Franciscanos\",\"isPartOf\":{\"@id\":\"https:\/\/franciscanos.org.br\/noticias\/#website\"},\"primaryImageOfPage\":{\"@id\":\"https:\/\/franciscanos.org.br\/noticias\/entrevista-frei-anselmo-fracasso.html#primaryimage\"},\"datePublished\":\"2011-11-18T17:21:58+00:00\",\"dateModified\":\"2019-10-15T12:01:11+00:00\",\"author\":{\"@id\":\"https:\/\/franciscanos.org.br\/noticias\/#\/schema\/person\/b38fbf43118f02820bd932f2e4b14ad3\"},\"breadcrumb\":{\"@id\":\"https:\/\/franciscanos.org.br\/noticias\/entrevista-frei-anselmo-fracasso.html#breadcrumb\"},\"inLanguage\":\"pt-BR\",\"potentialAction\":[{\"@type\":\"ReadAction\",\"target\":[\"https:\/\/franciscanos.org.br\/noticias\/entrevista-frei-anselmo-fracasso.html\"]}]},{\"@type\":\"BreadcrumbList\",\"@id\":\"https:\/\/franciscanos.org.br\/noticias\/entrevista-frei-anselmo-fracasso.html#breadcrumb\",\"itemListElement\":[{\"@type\":\"ListItem\",\"position\":1,\"name\":\"Home\",\"item\":\"https:\/\/franciscanos.org.br\/noticias\"},{\"@type\":\"ListItem\",\"position\":2,\"name\":\"Entrevista: Frei Anselmo Fracasso\"}]},{\"@type\":\"Person\",\"@id\":\"https:\/\/franciscanos.org.br\/noticias\/#\/schema\/person\/b38fbf43118f02820bd932f2e4b14ad3\",\"name\":\"admin\",\"image\":{\"@type\":\"ImageObject\",\"inLanguage\":\"pt-BR\",\"@id\":\"https:\/\/franciscanos.org.br\/noticias\/#\/schema\/person\/image\/\",\"url\":\"https:\/\/secure.gravatar.com\/avatar\/e8495742d34d0ba6448ea1c628263b3e?s=96&d=mm&r=g\",\"contentUrl\":\"https:\/\/secure.gravatar.com\/avatar\/e8495742d34d0ba6448ea1c628263b3e?s=96&d=mm&r=g\",\"caption\":\"admin\"},\"url\":\"https:\/\/franciscanos.org.br\/noticias\/author\/admin\"}]}<\/script>\n<!-- \/ Yoast SEO plugin. -->","yoast_head_json":{"title":"Entrevista: Frei Anselmo Fracasso - Not\u00edcias - Franciscanos","robots":{"index":"index","follow":"follow","max-snippet":"max-snippet:-1","max-image-preview":"max-image-preview:large","max-video-preview":"max-video-preview:-1"},"canonical":"https:\/\/franciscanos.org.br\/noticias\/entrevista-frei-anselmo-fracasso.html","og_locale":"pt_BR","og_type":"article","og_title":"Entrevista: Frei Anselmo Fracasso - Not\u00edcias - Franciscanos","og_description":"Entrevista","og_url":"https:\/\/franciscanos.org.br\/noticias\/entrevista-frei-anselmo-fracasso.html","og_site_name":"Not\u00edcias - Franciscanos","article_published_time":"2011-11-18T17:21:58+00:00","article_modified_time":"2019-10-15T12:01:11+00:00","og_image":[{"width":273,"height":181,"url":"https:\/\/franciscanos.org.br\/noticias\/wp-content\/uploads\/2011\/11\/anselmo-_fracasso_2011-840-1.jpg","type":"image\/jpeg"}],"author":"admin","twitter_card":"summary_large_image","twitter_misc":{"Escrito por":"admin","Est. tempo de leitura":"29 minutos"},"schema":{"@context":"https:\/\/schema.org","@graph":[{"@type":"WebSite","@id":"https:\/\/franciscanos.org.br\/noticias\/#website","url":"https:\/\/franciscanos.org.br\/noticias\/","name":"Not\u00edcias - Franciscanos","description":"Prov\u00edncia Franciscana da Imaculada Concei\u00e7\u00e3o do Brasil - Ordem dos Frades Menores - OFM","potentialAction":[{"@type":"SearchAction","target":{"@type":"EntryPoint","urlTemplate":"https:\/\/franciscanos.org.br\/noticias\/?s={search_term_string}"},"query-input":"required name=search_term_string"}],"inLanguage":"pt-BR"},{"@type":"ImageObject","inLanguage":"pt-BR","@id":"https:\/\/franciscanos.org.br\/noticias\/entrevista-frei-anselmo-fracasso.html#primaryimage","url":"https:\/\/franciscanos.org.br\/noticias\/wp-content\/uploads\/2011\/11\/anselmo-_fracasso_2011-840-1.jpg","contentUrl":"https:\/\/franciscanos.org.br\/noticias\/wp-content\/uploads\/2011\/11\/anselmo-_fracasso_2011-840-1.jpg","width":273,"height":181},{"@type":"WebPage","@id":"https:\/\/franciscanos.org.br\/noticias\/entrevista-frei-anselmo-fracasso.html#webpage","url":"https:\/\/franciscanos.org.br\/noticias\/entrevista-frei-anselmo-fracasso.html","name":"Entrevista: Frei Anselmo Fracasso - Not\u00edcias - Franciscanos","isPartOf":{"@id":"https:\/\/franciscanos.org.br\/noticias\/#website"},"primaryImageOfPage":{"@id":"https:\/\/franciscanos.org.br\/noticias\/entrevista-frei-anselmo-fracasso.html#primaryimage"},"datePublished":"2011-11-18T17:21:58+00:00","dateModified":"2019-10-15T12:01:11+00:00","author":{"@id":"https:\/\/franciscanos.org.br\/noticias\/#\/schema\/person\/b38fbf43118f02820bd932f2e4b14ad3"},"breadcrumb":{"@id":"https:\/\/franciscanos.org.br\/noticias\/entrevista-frei-anselmo-fracasso.html#breadcrumb"},"inLanguage":"pt-BR","potentialAction":[{"@type":"ReadAction","target":["https:\/\/franciscanos.org.br\/noticias\/entrevista-frei-anselmo-fracasso.html"]}]},{"@type":"BreadcrumbList","@id":"https:\/\/franciscanos.org.br\/noticias\/entrevista-frei-anselmo-fracasso.html#breadcrumb","itemListElement":[{"@type":"ListItem","position":1,"name":"Home","item":"https:\/\/franciscanos.org.br\/noticias"},{"@type":"ListItem","position":2,"name":"Entrevista: Frei Anselmo Fracasso"}]},{"@type":"Person","@id":"https:\/\/franciscanos.org.br\/noticias\/#\/schema\/person\/b38fbf43118f02820bd932f2e4b14ad3","name":"admin","image":{"@type":"ImageObject","inLanguage":"pt-BR","@id":"https:\/\/franciscanos.org.br\/noticias\/#\/schema\/person\/image\/","url":"https:\/\/secure.gravatar.com\/avatar\/e8495742d34d0ba6448ea1c628263b3e?s=96&d=mm&r=g","contentUrl":"https:\/\/secure.gravatar.com\/avatar\/e8495742d34d0ba6448ea1c628263b3e?s=96&d=mm&r=g","caption":"admin"},"url":"https:\/\/franciscanos.org.br\/noticias\/author\/admin"}]}},"_links":{"self":[{"href":"https:\/\/franciscanos.org.br\/noticias\/wp-json\/wp\/v2\/posts\/6130"}],"collection":[{"href":"https:\/\/franciscanos.org.br\/noticias\/wp-json\/wp\/v2\/posts"}],"about":[{"href":"https:\/\/franciscanos.org.br\/noticias\/wp-json\/wp\/v2\/types\/post"}],"author":[{"embeddable":true,"href":"https:\/\/franciscanos.org.br\/noticias\/wp-json\/wp\/v2\/users\/1"}],"replies":[{"embeddable":true,"href":"https:\/\/franciscanos.org.br\/noticias\/wp-json\/wp\/v2\/comments?post=6130"}],"version-history":[{"count":1,"href":"https:\/\/franciscanos.org.br\/noticias\/wp-json\/wp\/v2\/posts\/6130\/revisions"}],"predecessor-version":[{"id":223795,"href":"https:\/\/franciscanos.org.br\/noticias\/wp-json\/wp\/v2\/posts\/6130\/revisions\/223795"}],"wp:featuredmedia":[{"embeddable":true,"href":"https:\/\/franciscanos.org.br\/noticias\/wp-json\/wp\/v2\/media\/212495"}],"wp:attachment":[{"href":"https:\/\/franciscanos.org.br\/noticias\/wp-json\/wp\/v2\/media?parent=6130"}],"wp:term":[{"taxonomy":"category","embeddable":true,"href":"https:\/\/franciscanos.org.br\/noticias\/wp-json\/wp\/v2\/categories?post=6130"},{"taxonomy":"post_tag","embeddable":true,"href":"https:\/\/franciscanos.org.br\/noticias\/wp-json\/wp\/v2\/tags?post=6130"}],"curies":[{"name":"wp","href":"https:\/\/api.w.org\/{rel}","templated":true}]}}