{"id":58765,"date":"2014-05-22T09:52:38","date_gmt":"2014-05-22T12:52:38","guid":{"rendered":"http:\/\/new.franciscanos.org.br\/?p=58765"},"modified":"2020-02-11T09:54:22","modified_gmt":"2020-02-11T12:54:22","slug":"noticias-do-postulantado-santo-antonio-de-kibala","status":"publish","type":"post","link":"https:\/\/franciscanos.org.br\/noticias\/noticias-do-postulantado-santo-antonio-de-kibala.html","title":{"rendered":"Not\u00edcias do Postulantado Santo Ant\u00f4nio de Kibala"},"content":{"rendered":"<p><a href=\"http:\/\/franciscanos.org.br\/wp-content\/uploads\/2014\/05\/postulantes_kibala.jpg\"><img loading=\"lazy\" class=\"alignright size-full wp-image-58766\" src=\"http:\/\/franciscanos.org.br\/wp-content\/uploads\/2014\/05\/postulantes_kibala.jpg\" alt=\"postulantes_kibala\" width=\"400\" height=\"500\" \/><\/a>Desde o in\u00edcio do Postulantado, em Kibala, muitos fatos ocorreram que merecem ser compartilhados franciscanamente. A r\u00e1pida adapta\u00e7\u00e3o dos postulantes, tanto nos afazeres da casa como na pastoral, s\u00e3o fatores destac\u00e1veis. Um momento forte e luminoso foi a P\u00e1scoa, a come\u00e7ar com o retiro marcando o in\u00edcio da Quaresma, os gestos concretos assumidos pelos postulantes e frades, como \u00a0ajudar as irm\u00e3s v\u00edtimas de uma forte chuva, que destelhou o p\u00e1tio da escola, e pessoas que vieram \u00e0 nossa porta pedir ajuda devido \u00e0s necessidades locais. Infelizmente, um dos nossos ajudados, dias depois, veio a se suicidar&#8230; O Tr\u00edduo Pascal foi edificante para toda a fraternidade. Fomos \u00e0s aldeias e o entusiasmo do povo contagiou a todos. Conforme o relato dos pr\u00f3prios postulantes, \u201cressuscitamos com Cristo nessa P\u00e1scoa\u201d.<\/p>\n<p>Outro momento bonito que vivemos foi a ordena\u00e7\u00e3o de tr\u00eas jovens di\u00e1conos da Diocese do Sumbe, em Porto Amboim, depois da P\u00e1scoa. Para n\u00e3o ficarmos alheios \u00e0 programa\u00e7\u00e3o da Diocese, marcamos presen\u00e7a nesse evento, como tamb\u00e9m na peregrina\u00e7\u00e3o ao Santu\u00e1rio de Nossa Senhora de F\u00e1tima, em Calulo, assistido pelos nossos irm\u00e3os salesianos. Ambos os lugares requerem umas duas horas de viagem de Kibala. Foi empolgante celebrar com o povo vindo de toda a Diocese sob a prote\u00e7\u00e3o da M\u00e3e Sant\u00edssima.<\/p>\n<p>Para abrilhantar ainda mais, no mesmo domingo da peregrina\u00e7\u00e3o, recebemos Frei Ricardo Backes como novo membro da nossa Fraternidade Santo Ant\u00f4nio. Ele veio de Malange na companhia de Frei Ivair. Presente da Mama Muxima, uma vez que estamos no m\u00eas mariano. No dia seguinte da chegada de nosso confrade, celebramos em A\u00e7\u00e3o de Gra\u00e7as na mesa da Eucaristia e um jantar com a presen\u00e7a de alguns fi\u00e9is.<\/p>\n<p>Atualmente, Angola est\u00e1 vivendo o Censo. As aulas est\u00e3o suspensas em todo pa\u00eds neste m\u00eas, tendo em vista que os professores est\u00e3o, na maioria \u00a0trabalhando para o Censo. O momento \u00e9 de expectativa para se ter dados atualizados de toda a popula\u00e7\u00e3o.<\/p>\n<p>Que a M\u00e3e de Deus de Angola, carinhosamente chamada de Mama Muxima, aben\u00e7oe a todos n\u00f3s.<\/p>\n<p>\u201cTuasakidila, tuapandula, tutondele&#8230;\u201d, ou seja, muito obrigado em tr\u00eas idiomas nacionais!<\/p>\n<p><b>Postulantes de Kibala 2014<\/b><\/p>\n","protected":false},"excerpt":{"rendered":"<p>Miss\u00e3o de Angola<\/p>\n","protected":false},"author":1,"featured_media":218963,"comment_status":"closed","ping_status":"open","sticky":false,"template":"","format":"standard","meta":[],"categories":[1],"tags":[],"acf":[],"yoast_head":"<!-- This site is optimized with the Yoast SEO plugin v19.2 - https:\/\/yoast.com\/wordpress\/plugins\/seo\/ -->\n<title>Not\u00edcias do Postulantado Santo Ant\u00f4nio de Kibala - Not\u00edcias - Franciscanos<\/title>\n<meta name=\"robots\" content=\"index, follow, max-snippet:-1, max-image-preview:large, max-video-preview:-1\" \/>\n<link rel=\"canonical\" href=\"https:\/\/franciscanos.org.br\/noticias\/noticias-do-postulantado-santo-antonio-de-kibala.html\" \/>\n<meta property=\"og:locale\" content=\"pt_BR\" \/>\n<meta property=\"og:type\" content=\"article\" \/>\n<meta property=\"og:title\" content=\"Not\u00edcias do Postulantado Santo Ant\u00f4nio de Kibala - Not\u00edcias - Franciscanos\" \/>\n<meta property=\"og:description\" content=\"Miss\u00e3o de Angola\" \/>\n<meta property=\"og:url\" content=\"https:\/\/franciscanos.org.br\/noticias\/noticias-do-postulantado-santo-antonio-de-kibala.html\" \/>\n<meta property=\"og:site_name\" content=\"Not\u00edcias - Franciscanos\" \/>\n<meta property=\"article:published_time\" content=\"2014-05-22T12:52:38+00:00\" \/>\n<meta property=\"article:modified_time\" content=\"2020-02-11T12:54:22+00:00\" \/>\n<meta property=\"og:image\" content=\"https:\/\/franciscanos.org.br\/noticias\/wp-content\/uploads\/2014\/05\/postulantes_kibala.jpg\" \/>\n\t<meta property=\"og:image:width\" content=\"273\" \/>\n\t<meta property=\"og:image:height\" content=\"181\" \/>\n\t<meta property=\"og:image:type\" content=\"image\/jpeg\" \/>\n<meta name=\"author\" content=\"admin\" \/>\n<meta name=\"twitter:card\" content=\"summary_large_image\" \/>\n<meta name=\"twitter:label1\" content=\"Escrito por\" \/>\n\t<meta name=\"twitter:data1\" content=\"admin\" \/>\n\t<meta name=\"twitter:label2\" content=\"Est. tempo de leitura\" \/>\n\t<meta name=\"twitter:data2\" content=\"2 minutos\" \/>\n<script type=\"application\/ld+json\" class=\"yoast-schema-graph\">{\"@context\":\"https:\/\/schema.org\",\"@graph\":[{\"@type\":\"WebSite\",\"@id\":\"https:\/\/franciscanos.org.br\/noticias\/#website\",\"url\":\"https:\/\/franciscanos.org.br\/noticias\/\",\"name\":\"Not\u00edcias - Franciscanos\",\"description\":\"Prov\u00edncia Franciscana da Imaculada Concei\u00e7\u00e3o do Brasil - Ordem dos Frades Menores - OFM\",\"potentialAction\":[{\"@type\":\"SearchAction\",\"target\":{\"@type\":\"EntryPoint\",\"urlTemplate\":\"https:\/\/franciscanos.org.br\/noticias\/?s={search_term_string}\"},\"query-input\":\"required name=search_term_string\"}],\"inLanguage\":\"pt-BR\"},{\"@type\":\"ImageObject\",\"inLanguage\":\"pt-BR\",\"@id\":\"https:\/\/franciscanos.org.br\/noticias\/noticias-do-postulantado-santo-antonio-de-kibala.html#primaryimage\",\"url\":\"https:\/\/franciscanos.org.br\/noticias\/wp-content\/uploads\/2014\/05\/postulantes_kibala.jpg\",\"contentUrl\":\"https:\/\/franciscanos.org.br\/noticias\/wp-content\/uploads\/2014\/05\/postulantes_kibala.jpg\",\"width\":273,\"height\":181},{\"@type\":\"WebPage\",\"@id\":\"https:\/\/franciscanos.org.br\/noticias\/noticias-do-postulantado-santo-antonio-de-kibala.html#webpage\",\"url\":\"https:\/\/franciscanos.org.br\/noticias\/noticias-do-postulantado-santo-antonio-de-kibala.html\",\"name\":\"Not\u00edcias do Postulantado Santo Ant\u00f4nio de Kibala - Not\u00edcias - Franciscanos\",\"isPartOf\":{\"@id\":\"https:\/\/franciscanos.org.br\/noticias\/#website\"},\"primaryImageOfPage\":{\"@id\":\"https:\/\/franciscanos.org.br\/noticias\/noticias-do-postulantado-santo-antonio-de-kibala.html#primaryimage\"},\"datePublished\":\"2014-05-22T12:52:38+00:00\",\"dateModified\":\"2020-02-11T12:54:22+00:00\",\"author\":{\"@id\":\"https:\/\/franciscanos.org.br\/noticias\/#\/schema\/person\/b38fbf43118f02820bd932f2e4b14ad3\"},\"breadcrumb\":{\"@id\":\"https:\/\/franciscanos.org.br\/noticias\/noticias-do-postulantado-santo-antonio-de-kibala.html#breadcrumb\"},\"inLanguage\":\"pt-BR\",\"potentialAction\":[{\"@type\":\"ReadAction\",\"target\":[\"https:\/\/franciscanos.org.br\/noticias\/noticias-do-postulantado-santo-antonio-de-kibala.html\"]}]},{\"@type\":\"BreadcrumbList\",\"@id\":\"https:\/\/franciscanos.org.br\/noticias\/noticias-do-postulantado-santo-antonio-de-kibala.html#breadcrumb\",\"itemListElement\":[{\"@type\":\"ListItem\",\"position\":1,\"name\":\"Home\",\"item\":\"https:\/\/franciscanos.org.br\/noticias\"},{\"@type\":\"ListItem\",\"position\":2,\"name\":\"Not\u00edcias do Postulantado Santo Ant\u00f4nio de Kibala\"}]},{\"@type\":\"Person\",\"@id\":\"https:\/\/franciscanos.org.br\/noticias\/#\/schema\/person\/b38fbf43118f02820bd932f2e4b14ad3\",\"name\":\"admin\",\"image\":{\"@type\":\"ImageObject\",\"inLanguage\":\"pt-BR\",\"@id\":\"https:\/\/franciscanos.org.br\/noticias\/#\/schema\/person\/image\/\",\"url\":\"https:\/\/secure.gravatar.com\/avatar\/e8495742d34d0ba6448ea1c628263b3e?s=96&d=mm&r=g\",\"contentUrl\":\"https:\/\/secure.gravatar.com\/avatar\/e8495742d34d0ba6448ea1c628263b3e?s=96&d=mm&r=g\",\"caption\":\"admin\"},\"url\":\"https:\/\/franciscanos.org.br\/noticias\/author\/admin\"}]}<\/script>\n<!-- \/ Yoast SEO plugin. -->","yoast_head_json":{"title":"Not\u00edcias do Postulantado Santo Ant\u00f4nio de Kibala - Not\u00edcias - Franciscanos","robots":{"index":"index","follow":"follow","max-snippet":"max-snippet:-1","max-image-preview":"max-image-preview:large","max-video-preview":"max-video-preview:-1"},"canonical":"https:\/\/franciscanos.org.br\/noticias\/noticias-do-postulantado-santo-antonio-de-kibala.html","og_locale":"pt_BR","og_type":"article","og_title":"Not\u00edcias do Postulantado Santo Ant\u00f4nio de Kibala - Not\u00edcias - Franciscanos","og_description":"Miss\u00e3o de Angola","og_url":"https:\/\/franciscanos.org.br\/noticias\/noticias-do-postulantado-santo-antonio-de-kibala.html","og_site_name":"Not\u00edcias - Franciscanos","article_published_time":"2014-05-22T12:52:38+00:00","article_modified_time":"2020-02-11T12:54:22+00:00","og_image":[{"width":273,"height":181,"url":"https:\/\/franciscanos.org.br\/noticias\/wp-content\/uploads\/2014\/05\/postulantes_kibala.jpg","type":"image\/jpeg"}],"author":"admin","twitter_card":"summary_large_image","twitter_misc":{"Escrito por":"admin","Est. tempo de leitura":"2 minutos"},"schema":{"@context":"https:\/\/schema.org","@graph":[{"@type":"WebSite","@id":"https:\/\/franciscanos.org.br\/noticias\/#website","url":"https:\/\/franciscanos.org.br\/noticias\/","name":"Not\u00edcias - Franciscanos","description":"Prov\u00edncia Franciscana da Imaculada Concei\u00e7\u00e3o do Brasil - Ordem dos Frades Menores - OFM","potentialAction":[{"@type":"SearchAction","target":{"@type":"EntryPoint","urlTemplate":"https:\/\/franciscanos.org.br\/noticias\/?s={search_term_string}"},"query-input":"required name=search_term_string"}],"inLanguage":"pt-BR"},{"@type":"ImageObject","inLanguage":"pt-BR","@id":"https:\/\/franciscanos.org.br\/noticias\/noticias-do-postulantado-santo-antonio-de-kibala.html#primaryimage","url":"https:\/\/franciscanos.org.br\/noticias\/wp-content\/uploads\/2014\/05\/postulantes_kibala.jpg","contentUrl":"https:\/\/franciscanos.org.br\/noticias\/wp-content\/uploads\/2014\/05\/postulantes_kibala.jpg","width":273,"height":181},{"@type":"WebPage","@id":"https:\/\/franciscanos.org.br\/noticias\/noticias-do-postulantado-santo-antonio-de-kibala.html#webpage","url":"https:\/\/franciscanos.org.br\/noticias\/noticias-do-postulantado-santo-antonio-de-kibala.html","name":"Not\u00edcias do Postulantado Santo Ant\u00f4nio de Kibala - Not\u00edcias - Franciscanos","isPartOf":{"@id":"https:\/\/franciscanos.org.br\/noticias\/#website"},"primaryImageOfPage":{"@id":"https:\/\/franciscanos.org.br\/noticias\/noticias-do-postulantado-santo-antonio-de-kibala.html#primaryimage"},"datePublished":"2014-05-22T12:52:38+00:00","dateModified":"2020-02-11T12:54:22+00:00","author":{"@id":"https:\/\/franciscanos.org.br\/noticias\/#\/schema\/person\/b38fbf43118f02820bd932f2e4b14ad3"},"breadcrumb":{"@id":"https:\/\/franciscanos.org.br\/noticias\/noticias-do-postulantado-santo-antonio-de-kibala.html#breadcrumb"},"inLanguage":"pt-BR","potentialAction":[{"@type":"ReadAction","target":["https:\/\/franciscanos.org.br\/noticias\/noticias-do-postulantado-santo-antonio-de-kibala.html"]}]},{"@type":"BreadcrumbList","@id":"https:\/\/franciscanos.org.br\/noticias\/noticias-do-postulantado-santo-antonio-de-kibala.html#breadcrumb","itemListElement":[{"@type":"ListItem","position":1,"name":"Home","item":"https:\/\/franciscanos.org.br\/noticias"},{"@type":"ListItem","position":2,"name":"Not\u00edcias do Postulantado Santo Ant\u00f4nio de Kibala"}]},{"@type":"Person","@id":"https:\/\/franciscanos.org.br\/noticias\/#\/schema\/person\/b38fbf43118f02820bd932f2e4b14ad3","name":"admin","image":{"@type":"ImageObject","inLanguage":"pt-BR","@id":"https:\/\/franciscanos.org.br\/noticias\/#\/schema\/person\/image\/","url":"https:\/\/secure.gravatar.com\/avatar\/e8495742d34d0ba6448ea1c628263b3e?s=96&d=mm&r=g","contentUrl":"https:\/\/secure.gravatar.com\/avatar\/e8495742d34d0ba6448ea1c628263b3e?s=96&d=mm&r=g","caption":"admin"},"url":"https:\/\/franciscanos.org.br\/noticias\/author\/admin"}]}},"_links":{"self":[{"href":"https:\/\/franciscanos.org.br\/noticias\/wp-json\/wp\/v2\/posts\/58765"}],"collection":[{"href":"https:\/\/franciscanos.org.br\/noticias\/wp-json\/wp\/v2\/posts"}],"about":[{"href":"https:\/\/franciscanos.org.br\/noticias\/wp-json\/wp\/v2\/types\/post"}],"author":[{"embeddable":true,"href":"https:\/\/franciscanos.org.br\/noticias\/wp-json\/wp\/v2\/users\/1"}],"replies":[{"embeddable":true,"href":"https:\/\/franciscanos.org.br\/noticias\/wp-json\/wp\/v2\/comments?post=58765"}],"version-history":[{"count":0,"href":"https:\/\/franciscanos.org.br\/noticias\/wp-json\/wp\/v2\/posts\/58765\/revisions"}],"wp:featuredmedia":[{"embeddable":true,"href":"https:\/\/franciscanos.org.br\/noticias\/wp-json\/wp\/v2\/media\/218963"}],"wp:attachment":[{"href":"https:\/\/franciscanos.org.br\/noticias\/wp-json\/wp\/v2\/media?parent=58765"}],"wp:term":[{"taxonomy":"category","embeddable":true,"href":"https:\/\/franciscanos.org.br\/noticias\/wp-json\/wp\/v2\/categories?post=58765"},{"taxonomy":"post_tag","embeddable":true,"href":"https:\/\/franciscanos.org.br\/noticias\/wp-json\/wp\/v2\/tags?post=58765"}],"curies":[{"name":"wp","href":"https:\/\/api.w.org\/{rel}","templated":true}]}}