{"id":58757,"date":"2014-05-22T08:39:13","date_gmt":"2014-05-22T11:39:13","guid":{"rendered":"http:\/\/new.franciscanos.org.br\/?p=58757"},"modified":"2020-02-11T09:49:57","modified_gmt":"2020-02-11T12:49:57","slug":"o-seguimento-franciscano-no-4o-encontro-vocacional","status":"publish","type":"post","link":"https:\/\/franciscanos.org.br\/noticias\/o-seguimento-franciscano-no-4o-encontro-vocacional.html","title":{"rendered":"O seguimento franciscano no 4\u00ba Encontro Vocacional"},"content":{"rendered":"<p><strong>Frei Nazareno Jos\u00e9 L\u00fcdtke<\/strong><\/p>\n<div id=\"attachment_58758\" style=\"width: 362px\" class=\"wp-caption alignright\"><a href=\"http:\/\/franciscanos.org.br\/wp-content\/uploads\/2014\/05\/rio_22.jpg\"><img aria-describedby=\"caption-attachment-58758\" loading=\"lazy\" class=\"size-full wp-image-58758\" src=\"http:\/\/franciscanos.org.br\/wp-content\/uploads\/2014\/05\/rio_22.jpg\" alt=\"Fotos Moacir Beggo\" width=\"352\" height=\"450\" \/><\/a><p id=\"caption-attachment-58758\" class=\"wp-caption-text\">O Crucifixo de S\u00e3o Dami\u00e3o na Capela do Convento<\/p><\/div>\n<p>Os vocacionados do Convento Santo Ant\u00f4nio do Rio de Janeiro se reuniram pela quarta vez no ano. E para come\u00e7ar esse momento formativo visando \u00e0 vida religiosa franciscana, nada melhor do que a Santa Missa, que teve in\u00edcio \u00e0s 10 horas e foi presidida por Frei Anselmo Fracasso. Na sua homilia tendo como refer\u00eancia o Evangelho do 5\u00ba domingo do Tempo Pascal (Jo 14, 1-12) &#8211; \u201cEu sou o Caminho a Verdade e a Vida\u201d -, o sacerdote franciscano ressaltou a import\u00e2ncia de se acreditar em Deus e ter a plena convic\u00e7\u00e3o de que Ele enviou seu \u00fanico Filho para salvar toda a humanidade.<\/p>\n<p>Ap\u00f3s a Eucaristia, os vocacionados foram conduzidos pelo animador vocacional, Frei Nazareno Jos\u00e9 L\u00fcdtke, para a sala de recrea\u00e7\u00e3o. L\u00e1, com alegria, ouviram-se hist\u00f3rias e as conversas giravam em torno de alguns assuntos pertinentes da atualidade: elei\u00e7\u00f5es, Copa do mundo, corrup\u00e7\u00e3o, comportamentos, crise das voca\u00e7\u00f5es religiosas etc.<\/p>\n<p>Com a Fraternidade do Convento, os vocacionados participaram do almo\u00e7o e, \u00e0s 14 horas, Frei Nazareno apresentou dois textos para a reflex\u00e3o. O primeiro \u201cVem e segue-me, segundo S\u00e3o Francisco\u201d, de Frei Dorvalino Fassini; e o segundo \u201cSer franciscano hoje\u201d, de Frei Neylor Tonin.<\/p>\n<p>Cada candidato \u00e0 vida religiosa franciscana inferiu dos escritos \u00e0quilo que mais tocou o seu cora\u00e7\u00e3o. Sendo assim, evidenciaram-se a gratuidade, a minoridade, a cordialidade, a alegria e o di\u00e1logo que permearam a vida de S\u00e3o Francisco e que devem ser os selos identificadores de todo aquele que se prop\u00f5e a seguir o Pobrezinho de Assis.<\/p>\n<div id=\"attachment_58759\" style=\"width: 460px\" class=\"wp-caption alignleft\"><a href=\"http:\/\/franciscanos.org.br\/wp-content\/uploads\/2014\/05\/capela_22.jpg\"><img aria-describedby=\"caption-attachment-58759\" loading=\"lazy\" class=\"size-full wp-image-58759\" src=\"http:\/\/franciscanos.org.br\/wp-content\/uploads\/2014\/05\/capela_22.jpg\" alt=\"Capela\" width=\"450\" height=\"338\" \/><\/a><p id=\"caption-attachment-58759\" class=\"wp-caption-text\">Capela interna do Convento Santo Ant\u00f4nio<\/p><\/div>\n<p>Em suma: esp\u00edrito de humildade, ou seja, diminuir-se cada vez mais para que Cristo cres\u00e7a na vida de cada um. Em outras palavras, experienciar o que Frei Francisco pede em sua Regra: viver o Santo Evangelho (Rb1,1). Ap\u00f3s este momento de partilha, foi realizada uma ora\u00e7\u00e3o em agradecimento por este dia para que se realize verdadeiramente a vontade de Deus na vida de cada um. O encontro foi encerrado \u00e0s 17 horas em clima de ora\u00e7\u00e3o e gratid\u00e3o a Nosso Senhor Jesus Cristo.<\/p>\n<p>Que S\u00e3o Francisco e Santa Clara de Assis intercedam a favor desses jovens que almejam abra\u00e7ar a vida de frade menor.<\/p>\n<p>&nbsp;<\/p>\n","protected":false},"excerpt":{"rendered":"<p>SAV-Rio<\/p>\n","protected":false},"author":1,"featured_media":218956,"comment_status":"closed","ping_status":"open","sticky":false,"template":"","format":"standard","meta":[],"categories":[1],"tags":[],"acf":[],"yoast_head":"<!-- This site is optimized with the Yoast SEO plugin v19.2 - https:\/\/yoast.com\/wordpress\/plugins\/seo\/ -->\n<title>O seguimento franciscano no 4\u00ba Encontro Vocacional - Not\u00edcias - Franciscanos<\/title>\n<meta name=\"robots\" content=\"index, follow, max-snippet:-1, max-image-preview:large, max-video-preview:-1\" \/>\n<link rel=\"canonical\" href=\"https:\/\/franciscanos.org.br\/noticias\/o-seguimento-franciscano-no-4o-encontro-vocacional.html\" \/>\n<meta property=\"og:locale\" content=\"pt_BR\" \/>\n<meta property=\"og:type\" content=\"article\" \/>\n<meta property=\"og:title\" content=\"O seguimento franciscano no 4\u00ba Encontro Vocacional - Not\u00edcias - Franciscanos\" \/>\n<meta property=\"og:description\" content=\"SAV-Rio\" \/>\n<meta property=\"og:url\" content=\"https:\/\/franciscanos.org.br\/noticias\/o-seguimento-franciscano-no-4o-encontro-vocacional.html\" \/>\n<meta property=\"og:site_name\" content=\"Not\u00edcias - Franciscanos\" \/>\n<meta property=\"article:published_time\" content=\"2014-05-22T11:39:13+00:00\" \/>\n<meta property=\"article:modified_time\" content=\"2020-02-11T12:49:57+00:00\" \/>\n<meta property=\"og:image\" content=\"https:\/\/franciscanos.org.br\/noticias\/wp-content\/uploads\/2014\/05\/rio_22.jpg\" \/>\n\t<meta property=\"og:image:width\" content=\"273\" \/>\n\t<meta property=\"og:image:height\" content=\"181\" \/>\n\t<meta property=\"og:image:type\" content=\"image\/jpeg\" \/>\n<meta name=\"author\" content=\"admin\" \/>\n<meta name=\"twitter:card\" content=\"summary_large_image\" \/>\n<meta name=\"twitter:label1\" content=\"Escrito por\" \/>\n\t<meta name=\"twitter:data1\" content=\"admin\" \/>\n\t<meta name=\"twitter:label2\" content=\"Est. tempo de leitura\" \/>\n\t<meta name=\"twitter:data2\" content=\"2 minutos\" \/>\n<script type=\"application\/ld+json\" class=\"yoast-schema-graph\">{\"@context\":\"https:\/\/schema.org\",\"@graph\":[{\"@type\":\"WebSite\",\"@id\":\"https:\/\/franciscanos.org.br\/noticias\/#website\",\"url\":\"https:\/\/franciscanos.org.br\/noticias\/\",\"name\":\"Not\u00edcias - Franciscanos\",\"description\":\"Prov\u00edncia Franciscana da Imaculada Concei\u00e7\u00e3o do Brasil - Ordem dos Frades Menores - OFM\",\"potentialAction\":[{\"@type\":\"SearchAction\",\"target\":{\"@type\":\"EntryPoint\",\"urlTemplate\":\"https:\/\/franciscanos.org.br\/noticias\/?s={search_term_string}\"},\"query-input\":\"required name=search_term_string\"}],\"inLanguage\":\"pt-BR\"},{\"@type\":\"ImageObject\",\"inLanguage\":\"pt-BR\",\"@id\":\"https:\/\/franciscanos.org.br\/noticias\/o-seguimento-franciscano-no-4o-encontro-vocacional.html#primaryimage\",\"url\":\"https:\/\/franciscanos.org.br\/noticias\/wp-content\/uploads\/2014\/05\/rio_22.jpg\",\"contentUrl\":\"https:\/\/franciscanos.org.br\/noticias\/wp-content\/uploads\/2014\/05\/rio_22.jpg\",\"width\":273,\"height\":181},{\"@type\":\"WebPage\",\"@id\":\"https:\/\/franciscanos.org.br\/noticias\/o-seguimento-franciscano-no-4o-encontro-vocacional.html#webpage\",\"url\":\"https:\/\/franciscanos.org.br\/noticias\/o-seguimento-franciscano-no-4o-encontro-vocacional.html\",\"name\":\"O seguimento franciscano no 4\u00ba Encontro Vocacional - Not\u00edcias - Franciscanos\",\"isPartOf\":{\"@id\":\"https:\/\/franciscanos.org.br\/noticias\/#website\"},\"primaryImageOfPage\":{\"@id\":\"https:\/\/franciscanos.org.br\/noticias\/o-seguimento-franciscano-no-4o-encontro-vocacional.html#primaryimage\"},\"datePublished\":\"2014-05-22T11:39:13+00:00\",\"dateModified\":\"2020-02-11T12:49:57+00:00\",\"author\":{\"@id\":\"https:\/\/franciscanos.org.br\/noticias\/#\/schema\/person\/b38fbf43118f02820bd932f2e4b14ad3\"},\"breadcrumb\":{\"@id\":\"https:\/\/franciscanos.org.br\/noticias\/o-seguimento-franciscano-no-4o-encontro-vocacional.html#breadcrumb\"},\"inLanguage\":\"pt-BR\",\"potentialAction\":[{\"@type\":\"ReadAction\",\"target\":[\"https:\/\/franciscanos.org.br\/noticias\/o-seguimento-franciscano-no-4o-encontro-vocacional.html\"]}]},{\"@type\":\"BreadcrumbList\",\"@id\":\"https:\/\/franciscanos.org.br\/noticias\/o-seguimento-franciscano-no-4o-encontro-vocacional.html#breadcrumb\",\"itemListElement\":[{\"@type\":\"ListItem\",\"position\":1,\"name\":\"Home\",\"item\":\"https:\/\/franciscanos.org.br\/noticias\"},{\"@type\":\"ListItem\",\"position\":2,\"name\":\"O seguimento franciscano no 4\u00ba Encontro Vocacional\"}]},{\"@type\":\"Person\",\"@id\":\"https:\/\/franciscanos.org.br\/noticias\/#\/schema\/person\/b38fbf43118f02820bd932f2e4b14ad3\",\"name\":\"admin\",\"image\":{\"@type\":\"ImageObject\",\"inLanguage\":\"pt-BR\",\"@id\":\"https:\/\/franciscanos.org.br\/noticias\/#\/schema\/person\/image\/\",\"url\":\"https:\/\/secure.gravatar.com\/avatar\/e8495742d34d0ba6448ea1c628263b3e?s=96&d=mm&r=g\",\"contentUrl\":\"https:\/\/secure.gravatar.com\/avatar\/e8495742d34d0ba6448ea1c628263b3e?s=96&d=mm&r=g\",\"caption\":\"admin\"},\"url\":\"https:\/\/franciscanos.org.br\/noticias\/author\/admin\"}]}<\/script>\n<!-- \/ Yoast SEO plugin. -->","yoast_head_json":{"title":"O seguimento franciscano no 4\u00ba Encontro Vocacional - Not\u00edcias - Franciscanos","robots":{"index":"index","follow":"follow","max-snippet":"max-snippet:-1","max-image-preview":"max-image-preview:large","max-video-preview":"max-video-preview:-1"},"canonical":"https:\/\/franciscanos.org.br\/noticias\/o-seguimento-franciscano-no-4o-encontro-vocacional.html","og_locale":"pt_BR","og_type":"article","og_title":"O seguimento franciscano no 4\u00ba Encontro Vocacional - Not\u00edcias - Franciscanos","og_description":"SAV-Rio","og_url":"https:\/\/franciscanos.org.br\/noticias\/o-seguimento-franciscano-no-4o-encontro-vocacional.html","og_site_name":"Not\u00edcias - Franciscanos","article_published_time":"2014-05-22T11:39:13+00:00","article_modified_time":"2020-02-11T12:49:57+00:00","og_image":[{"width":273,"height":181,"url":"https:\/\/franciscanos.org.br\/noticias\/wp-content\/uploads\/2014\/05\/rio_22.jpg","type":"image\/jpeg"}],"author":"admin","twitter_card":"summary_large_image","twitter_misc":{"Escrito por":"admin","Est. tempo de leitura":"2 minutos"},"schema":{"@context":"https:\/\/schema.org","@graph":[{"@type":"WebSite","@id":"https:\/\/franciscanos.org.br\/noticias\/#website","url":"https:\/\/franciscanos.org.br\/noticias\/","name":"Not\u00edcias - Franciscanos","description":"Prov\u00edncia Franciscana da Imaculada Concei\u00e7\u00e3o do Brasil - Ordem dos Frades Menores - OFM","potentialAction":[{"@type":"SearchAction","target":{"@type":"EntryPoint","urlTemplate":"https:\/\/franciscanos.org.br\/noticias\/?s={search_term_string}"},"query-input":"required name=search_term_string"}],"inLanguage":"pt-BR"},{"@type":"ImageObject","inLanguage":"pt-BR","@id":"https:\/\/franciscanos.org.br\/noticias\/o-seguimento-franciscano-no-4o-encontro-vocacional.html#primaryimage","url":"https:\/\/franciscanos.org.br\/noticias\/wp-content\/uploads\/2014\/05\/rio_22.jpg","contentUrl":"https:\/\/franciscanos.org.br\/noticias\/wp-content\/uploads\/2014\/05\/rio_22.jpg","width":273,"height":181},{"@type":"WebPage","@id":"https:\/\/franciscanos.org.br\/noticias\/o-seguimento-franciscano-no-4o-encontro-vocacional.html#webpage","url":"https:\/\/franciscanos.org.br\/noticias\/o-seguimento-franciscano-no-4o-encontro-vocacional.html","name":"O seguimento franciscano no 4\u00ba Encontro Vocacional - Not\u00edcias - Franciscanos","isPartOf":{"@id":"https:\/\/franciscanos.org.br\/noticias\/#website"},"primaryImageOfPage":{"@id":"https:\/\/franciscanos.org.br\/noticias\/o-seguimento-franciscano-no-4o-encontro-vocacional.html#primaryimage"},"datePublished":"2014-05-22T11:39:13+00:00","dateModified":"2020-02-11T12:49:57+00:00","author":{"@id":"https:\/\/franciscanos.org.br\/noticias\/#\/schema\/person\/b38fbf43118f02820bd932f2e4b14ad3"},"breadcrumb":{"@id":"https:\/\/franciscanos.org.br\/noticias\/o-seguimento-franciscano-no-4o-encontro-vocacional.html#breadcrumb"},"inLanguage":"pt-BR","potentialAction":[{"@type":"ReadAction","target":["https:\/\/franciscanos.org.br\/noticias\/o-seguimento-franciscano-no-4o-encontro-vocacional.html"]}]},{"@type":"BreadcrumbList","@id":"https:\/\/franciscanos.org.br\/noticias\/o-seguimento-franciscano-no-4o-encontro-vocacional.html#breadcrumb","itemListElement":[{"@type":"ListItem","position":1,"name":"Home","item":"https:\/\/franciscanos.org.br\/noticias"},{"@type":"ListItem","position":2,"name":"O seguimento franciscano no 4\u00ba Encontro Vocacional"}]},{"@type":"Person","@id":"https:\/\/franciscanos.org.br\/noticias\/#\/schema\/person\/b38fbf43118f02820bd932f2e4b14ad3","name":"admin","image":{"@type":"ImageObject","inLanguage":"pt-BR","@id":"https:\/\/franciscanos.org.br\/noticias\/#\/schema\/person\/image\/","url":"https:\/\/secure.gravatar.com\/avatar\/e8495742d34d0ba6448ea1c628263b3e?s=96&d=mm&r=g","contentUrl":"https:\/\/secure.gravatar.com\/avatar\/e8495742d34d0ba6448ea1c628263b3e?s=96&d=mm&r=g","caption":"admin"},"url":"https:\/\/franciscanos.org.br\/noticias\/author\/admin"}]}},"_links":{"self":[{"href":"https:\/\/franciscanos.org.br\/noticias\/wp-json\/wp\/v2\/posts\/58757"}],"collection":[{"href":"https:\/\/franciscanos.org.br\/noticias\/wp-json\/wp\/v2\/posts"}],"about":[{"href":"https:\/\/franciscanos.org.br\/noticias\/wp-json\/wp\/v2\/types\/post"}],"author":[{"embeddable":true,"href":"https:\/\/franciscanos.org.br\/noticias\/wp-json\/wp\/v2\/users\/1"}],"replies":[{"embeddable":true,"href":"https:\/\/franciscanos.org.br\/noticias\/wp-json\/wp\/v2\/comments?post=58757"}],"version-history":[{"count":0,"href":"https:\/\/franciscanos.org.br\/noticias\/wp-json\/wp\/v2\/posts\/58757\/revisions"}],"wp:featuredmedia":[{"embeddable":true,"href":"https:\/\/franciscanos.org.br\/noticias\/wp-json\/wp\/v2\/media\/218956"}],"wp:attachment":[{"href":"https:\/\/franciscanos.org.br\/noticias\/wp-json\/wp\/v2\/media?parent=58757"}],"wp:term":[{"taxonomy":"category","embeddable":true,"href":"https:\/\/franciscanos.org.br\/noticias\/wp-json\/wp\/v2\/categories?post=58757"},{"taxonomy":"post_tag","embeddable":true,"href":"https:\/\/franciscanos.org.br\/noticias\/wp-json\/wp\/v2\/tags?post=58757"}],"curies":[{"name":"wp","href":"https:\/\/api.w.org\/{rel}","templated":true}]}}