{"id":58747,"date":"2014-05-22T08:04:34","date_gmt":"2014-05-22T11:04:34","guid":{"rendered":"http:\/\/new.franciscanos.org.br\/?p=58747"},"modified":"2020-11-11T11:25:15","modified_gmt":"2020-11-11T14:25:15","slug":"regional-sao-joao-realiza-vigilia-pelos-mortos-da-aids","status":"publish","type":"post","link":"https:\/\/franciscanos.org.br\/noticias\/regional-sao-joao-realiza-vigilia-pelos-mortos-da-aids.html","title":{"rendered":"Regional S\u00e3o Jo\u00e3o realiza vig\u00edlia pelos mortos da Aids"},"content":{"rendered":"<p><strong><a href=\"http:\/\/franciscanos.org.br\/wp-content\/uploads\/2014\/05\/aids.jpg\"><img loading=\"lazy\" class=\"alignright size-full wp-image-58748\" src=\"http:\/\/franciscanos.org.br\/wp-content\/uploads\/2014\/05\/aids.jpg\" alt=\"aids\" width=\"402\" height=\"500\" \/><\/a><\/strong><strong>S\u00e3o Jo\u00e3o de Meriti (RJ)<\/strong> &#8211;\u00a0A epidemia da Aids \u00e9 uma realidade desde 1980. Muitas pessoas, organiza\u00e7\u00f5es e setores da sociedade empenham suas energias h\u00e1 muitos anos no controle da epidemia. Esta realidade e a necessidade de envolver um n\u00famero sempre maior de for\u00e7as para lutar contra a doen\u00e7a aproximou tamb\u00e9m o Minist\u00e9rio da Sa\u00fade e a Igreja com a finalidade de contribuir na luta contra a epidemia.<\/p>\n<p>Para manter o foco na Aids, a Pastoral DST\/Aids realizou no \u00faltimo dia 17, na Par\u00f3quia Nossa Senhora das Gra\u00e7as, no distrito de \u00c9den, S\u00e3o Jo\u00e3o de Meriti, a 31\u00ba Vig\u00edlia pelos mortos de Aids, com o tema \u201c\u00c9 preciso manter o foco: Aids\u201d.<\/p>\n<p>A Vig\u00edlia pelos mortos de Aids \u00e9 um movimento internacional que se iniciou em maio de 1983, em Nova York por um grupo de m\u00e3es, parentes e amigos de pessoas que faleceram por causa da Aids. Al\u00e9m de manifestar solidariedade \u00e0s fam\u00edlias que perderam pessoas para a Aids, o movimento busca transformar essa mem\u00f3ria em compromisso para sensibilizar e mobilizar a sociedade para a problem\u00e1tica do HIV e Aids e mostrar que vidas est\u00e3o sendo perdidas.<\/p>\n<p>A lembran\u00e7a dos mortos torna-se um grito de preven\u00e7\u00e3o, pois sensibiliza os crist\u00e3os para o engajamento na luta contra a Aids e para o acolhimento e o cuidado com aqueles que vivem com HIV, superando a discrimina\u00e7\u00e3o e o preconceito contra aqueles que vivem com a doen\u00e7a.<\/p>\n<p>A Vig\u00edlia tem como s\u00edmbolo m\u00e1ximo velas acesas. Simbolizam nosso estado de vigil\u00e2ncia. Cada vela acesa simboliza uma vida impedida de brilhar por causa da Aids. A colcha de retalhos tamb\u00e9m \u00e9 um s\u00edmbolo forte da mem\u00f3ria das v\u00edtimas da Aids. Como a vida se tece nas rela\u00e7\u00f5es e com a ajuda de muitos, a colcha lembra quantas pessoas nos deixaram. Por isso, \u00e9 confeccionada com peda\u00e7os de panos que representam as pessoas que faleceram.<\/p>\n<p><a href=\"http:\/\/franciscanos.org.br\/wp-content\/uploads\/2014\/05\/aids_2.jpg\"><img loading=\"lazy\" class=\"alignleft size-full wp-image-58749\" src=\"http:\/\/franciscanos.org.br\/wp-content\/uploads\/2014\/05\/aids_2.jpg\" alt=\"aids_2\" width=\"400\" height=\"300\" \/><\/a>O Estado do Rio registrou 92.178 casos de Aids entre os anos de 2000 e 2012. A taxa de incid\u00eancia da doen\u00e7a aumentou de 29,9 casos por 100 mil habitantes, em 2000, para 32 por 100 mil habitantes, em 2011. Na regi\u00e3o metropolitana, a incid\u00eancia sobe para 37,3 casos por 100 mil pessoas. Os dados foram divulgados no final de 2013 pela Secretaria Estadual de Sa\u00fade.<\/p>\n<p>Em 1984, a propor\u00e7\u00e3o eram 14 homens infectados para cada mulher infectada, e em 2012, passou para 14 homens a cada dez mulheres. A maior parte dos casos ocorre entre homens homossexuais e mulheres heterossexuais. Para ambos os sexos, os casos se concentram na faixa et\u00e1ria dos 20 aos 49 anos.<\/p>\n<p>De acordo com a secretaria, o diagn\u00f3stico tardio ainda \u00e9 preocupante e atrapalha no combate \u00e0 doen\u00e7a, pois cerca de 40% das mortes relacionadas \u00e0 Aids poderiam ser evitadas se o paciente descobrisse ter o v\u00edrus HIV antes do aparecimento dos primeiros sintomas.<\/p>\n<p>No Estado, 30% das gestantes com a doen\u00e7a n\u00e3o usaram medicamentos antirretrovirais, o que poderia ter evitado a transmiss\u00e3o para o beb\u00ea, e 24% s\u00f3 souberam do diagn\u00f3stico durante a gesta\u00e7\u00e3o. A tuberculose \u00e9 a principal causa de morte de pessoas com Aids, respons\u00e1vel por 20% das mortes no Estado.<\/p>\n<p>Segundo o Minist\u00e9rio da Sa\u00fade, estima-se que 655 mil pessoas vivem com Aids. A doen\u00e7a continua um desafio e ainda n\u00e3o foi vencida e muitas pessoas se infectam e morrem por causa do HIV, apesar dos avan\u00e7os da medicina.<\/p>\n<p>&nbsp;<\/p>\n","protected":false},"excerpt":{"rendered":"<p>Pastoral DST\/Aids<\/p>\n","protected":false},"author":1,"featured_media":218949,"comment_status":"closed","ping_status":"open","sticky":false,"template":"","format":"standard","meta":[],"categories":[1],"tags":[],"acf":[],"yoast_head":"<!-- This site is optimized with the Yoast SEO plugin v19.2 - https:\/\/yoast.com\/wordpress\/plugins\/seo\/ -->\n<title>Regional S\u00e3o Jo\u00e3o realiza vig\u00edlia pelos mortos da Aids - Not\u00edcias - Franciscanos<\/title>\n<meta name=\"robots\" content=\"index, follow, max-snippet:-1, max-image-preview:large, max-video-preview:-1\" \/>\n<link rel=\"canonical\" href=\"https:\/\/franciscanos.org.br\/noticias\/regional-sao-joao-realiza-vigilia-pelos-mortos-da-aids.html\" \/>\n<meta property=\"og:locale\" content=\"pt_BR\" \/>\n<meta property=\"og:type\" content=\"article\" \/>\n<meta property=\"og:title\" content=\"Regional S\u00e3o Jo\u00e3o realiza vig\u00edlia pelos mortos da Aids - Not\u00edcias - Franciscanos\" \/>\n<meta property=\"og:description\" content=\"Pastoral DST\/Aids\" \/>\n<meta property=\"og:url\" content=\"https:\/\/franciscanos.org.br\/noticias\/regional-sao-joao-realiza-vigilia-pelos-mortos-da-aids.html\" \/>\n<meta property=\"og:site_name\" content=\"Not\u00edcias - Franciscanos\" \/>\n<meta property=\"article:published_time\" content=\"2014-05-22T11:04:34+00:00\" \/>\n<meta property=\"article:modified_time\" content=\"2020-11-11T14:25:15+00:00\" \/>\n<meta property=\"og:image\" content=\"https:\/\/franciscanos.org.br\/noticias\/wp-content\/uploads\/2014\/05\/aids.jpg\" \/>\n\t<meta property=\"og:image:width\" content=\"273\" \/>\n\t<meta property=\"og:image:height\" content=\"181\" \/>\n\t<meta property=\"og:image:type\" content=\"image\/jpeg\" \/>\n<meta name=\"author\" content=\"admin\" \/>\n<meta name=\"twitter:card\" content=\"summary_large_image\" \/>\n<meta name=\"twitter:label1\" content=\"Escrito por\" \/>\n\t<meta name=\"twitter:data1\" content=\"admin\" \/>\n\t<meta name=\"twitter:label2\" content=\"Est. tempo de leitura\" \/>\n\t<meta name=\"twitter:data2\" content=\"3 minutos\" \/>\n<script type=\"application\/ld+json\" class=\"yoast-schema-graph\">{\"@context\":\"https:\/\/schema.org\",\"@graph\":[{\"@type\":\"WebSite\",\"@id\":\"https:\/\/franciscanos.org.br\/noticias\/#website\",\"url\":\"https:\/\/franciscanos.org.br\/noticias\/\",\"name\":\"Not\u00edcias - Franciscanos\",\"description\":\"Prov\u00edncia Franciscana da Imaculada Concei\u00e7\u00e3o do Brasil - Ordem dos Frades Menores - OFM\",\"potentialAction\":[{\"@type\":\"SearchAction\",\"target\":{\"@type\":\"EntryPoint\",\"urlTemplate\":\"https:\/\/franciscanos.org.br\/noticias\/?s={search_term_string}\"},\"query-input\":\"required name=search_term_string\"}],\"inLanguage\":\"pt-BR\"},{\"@type\":\"ImageObject\",\"inLanguage\":\"pt-BR\",\"@id\":\"https:\/\/franciscanos.org.br\/noticias\/regional-sao-joao-realiza-vigilia-pelos-mortos-da-aids.html#primaryimage\",\"url\":\"https:\/\/franciscanos.org.br\/noticias\/wp-content\/uploads\/2014\/05\/aids.jpg\",\"contentUrl\":\"https:\/\/franciscanos.org.br\/noticias\/wp-content\/uploads\/2014\/05\/aids.jpg\",\"width\":273,\"height\":181},{\"@type\":\"WebPage\",\"@id\":\"https:\/\/franciscanos.org.br\/noticias\/regional-sao-joao-realiza-vigilia-pelos-mortos-da-aids.html#webpage\",\"url\":\"https:\/\/franciscanos.org.br\/noticias\/regional-sao-joao-realiza-vigilia-pelos-mortos-da-aids.html\",\"name\":\"Regional S\u00e3o Jo\u00e3o realiza vig\u00edlia pelos mortos da Aids - Not\u00edcias - Franciscanos\",\"isPartOf\":{\"@id\":\"https:\/\/franciscanos.org.br\/noticias\/#website\"},\"primaryImageOfPage\":{\"@id\":\"https:\/\/franciscanos.org.br\/noticias\/regional-sao-joao-realiza-vigilia-pelos-mortos-da-aids.html#primaryimage\"},\"datePublished\":\"2014-05-22T11:04:34+00:00\",\"dateModified\":\"2020-11-11T14:25:15+00:00\",\"author\":{\"@id\":\"https:\/\/franciscanos.org.br\/noticias\/#\/schema\/person\/b38fbf43118f02820bd932f2e4b14ad3\"},\"breadcrumb\":{\"@id\":\"https:\/\/franciscanos.org.br\/noticias\/regional-sao-joao-realiza-vigilia-pelos-mortos-da-aids.html#breadcrumb\"},\"inLanguage\":\"pt-BR\",\"potentialAction\":[{\"@type\":\"ReadAction\",\"target\":[\"https:\/\/franciscanos.org.br\/noticias\/regional-sao-joao-realiza-vigilia-pelos-mortos-da-aids.html\"]}]},{\"@type\":\"BreadcrumbList\",\"@id\":\"https:\/\/franciscanos.org.br\/noticias\/regional-sao-joao-realiza-vigilia-pelos-mortos-da-aids.html#breadcrumb\",\"itemListElement\":[{\"@type\":\"ListItem\",\"position\":1,\"name\":\"Home\",\"item\":\"https:\/\/franciscanos.org.br\/noticias\"},{\"@type\":\"ListItem\",\"position\":2,\"name\":\"Regional S\u00e3o Jo\u00e3o realiza vig\u00edlia pelos mortos da Aids\"}]},{\"@type\":\"Person\",\"@id\":\"https:\/\/franciscanos.org.br\/noticias\/#\/schema\/person\/b38fbf43118f02820bd932f2e4b14ad3\",\"name\":\"admin\",\"image\":{\"@type\":\"ImageObject\",\"inLanguage\":\"pt-BR\",\"@id\":\"https:\/\/franciscanos.org.br\/noticias\/#\/schema\/person\/image\/\",\"url\":\"https:\/\/secure.gravatar.com\/avatar\/e8495742d34d0ba6448ea1c628263b3e?s=96&d=mm&r=g\",\"contentUrl\":\"https:\/\/secure.gravatar.com\/avatar\/e8495742d34d0ba6448ea1c628263b3e?s=96&d=mm&r=g\",\"caption\":\"admin\"},\"url\":\"https:\/\/franciscanos.org.br\/noticias\/author\/admin\"}]}<\/script>\n<!-- \/ Yoast SEO plugin. -->","yoast_head_json":{"title":"Regional S\u00e3o Jo\u00e3o realiza vig\u00edlia pelos mortos da Aids - Not\u00edcias - Franciscanos","robots":{"index":"index","follow":"follow","max-snippet":"max-snippet:-1","max-image-preview":"max-image-preview:large","max-video-preview":"max-video-preview:-1"},"canonical":"https:\/\/franciscanos.org.br\/noticias\/regional-sao-joao-realiza-vigilia-pelos-mortos-da-aids.html","og_locale":"pt_BR","og_type":"article","og_title":"Regional S\u00e3o Jo\u00e3o realiza vig\u00edlia pelos mortos da Aids - Not\u00edcias - Franciscanos","og_description":"Pastoral DST\/Aids","og_url":"https:\/\/franciscanos.org.br\/noticias\/regional-sao-joao-realiza-vigilia-pelos-mortos-da-aids.html","og_site_name":"Not\u00edcias - Franciscanos","article_published_time":"2014-05-22T11:04:34+00:00","article_modified_time":"2020-11-11T14:25:15+00:00","og_image":[{"width":273,"height":181,"url":"https:\/\/franciscanos.org.br\/noticias\/wp-content\/uploads\/2014\/05\/aids.jpg","type":"image\/jpeg"}],"author":"admin","twitter_card":"summary_large_image","twitter_misc":{"Escrito por":"admin","Est. tempo de leitura":"3 minutos"},"schema":{"@context":"https:\/\/schema.org","@graph":[{"@type":"WebSite","@id":"https:\/\/franciscanos.org.br\/noticias\/#website","url":"https:\/\/franciscanos.org.br\/noticias\/","name":"Not\u00edcias - Franciscanos","description":"Prov\u00edncia Franciscana da Imaculada Concei\u00e7\u00e3o do Brasil - Ordem dos Frades Menores - OFM","potentialAction":[{"@type":"SearchAction","target":{"@type":"EntryPoint","urlTemplate":"https:\/\/franciscanos.org.br\/noticias\/?s={search_term_string}"},"query-input":"required name=search_term_string"}],"inLanguage":"pt-BR"},{"@type":"ImageObject","inLanguage":"pt-BR","@id":"https:\/\/franciscanos.org.br\/noticias\/regional-sao-joao-realiza-vigilia-pelos-mortos-da-aids.html#primaryimage","url":"https:\/\/franciscanos.org.br\/noticias\/wp-content\/uploads\/2014\/05\/aids.jpg","contentUrl":"https:\/\/franciscanos.org.br\/noticias\/wp-content\/uploads\/2014\/05\/aids.jpg","width":273,"height":181},{"@type":"WebPage","@id":"https:\/\/franciscanos.org.br\/noticias\/regional-sao-joao-realiza-vigilia-pelos-mortos-da-aids.html#webpage","url":"https:\/\/franciscanos.org.br\/noticias\/regional-sao-joao-realiza-vigilia-pelos-mortos-da-aids.html","name":"Regional S\u00e3o Jo\u00e3o realiza vig\u00edlia pelos mortos da Aids - Not\u00edcias - Franciscanos","isPartOf":{"@id":"https:\/\/franciscanos.org.br\/noticias\/#website"},"primaryImageOfPage":{"@id":"https:\/\/franciscanos.org.br\/noticias\/regional-sao-joao-realiza-vigilia-pelos-mortos-da-aids.html#primaryimage"},"datePublished":"2014-05-22T11:04:34+00:00","dateModified":"2020-11-11T14:25:15+00:00","author":{"@id":"https:\/\/franciscanos.org.br\/noticias\/#\/schema\/person\/b38fbf43118f02820bd932f2e4b14ad3"},"breadcrumb":{"@id":"https:\/\/franciscanos.org.br\/noticias\/regional-sao-joao-realiza-vigilia-pelos-mortos-da-aids.html#breadcrumb"},"inLanguage":"pt-BR","potentialAction":[{"@type":"ReadAction","target":["https:\/\/franciscanos.org.br\/noticias\/regional-sao-joao-realiza-vigilia-pelos-mortos-da-aids.html"]}]},{"@type":"BreadcrumbList","@id":"https:\/\/franciscanos.org.br\/noticias\/regional-sao-joao-realiza-vigilia-pelos-mortos-da-aids.html#breadcrumb","itemListElement":[{"@type":"ListItem","position":1,"name":"Home","item":"https:\/\/franciscanos.org.br\/noticias"},{"@type":"ListItem","position":2,"name":"Regional S\u00e3o Jo\u00e3o realiza vig\u00edlia pelos mortos da Aids"}]},{"@type":"Person","@id":"https:\/\/franciscanos.org.br\/noticias\/#\/schema\/person\/b38fbf43118f02820bd932f2e4b14ad3","name":"admin","image":{"@type":"ImageObject","inLanguage":"pt-BR","@id":"https:\/\/franciscanos.org.br\/noticias\/#\/schema\/person\/image\/","url":"https:\/\/secure.gravatar.com\/avatar\/e8495742d34d0ba6448ea1c628263b3e?s=96&d=mm&r=g","contentUrl":"https:\/\/secure.gravatar.com\/avatar\/e8495742d34d0ba6448ea1c628263b3e?s=96&d=mm&r=g","caption":"admin"},"url":"https:\/\/franciscanos.org.br\/noticias\/author\/admin"}]}},"_links":{"self":[{"href":"https:\/\/franciscanos.org.br\/noticias\/wp-json\/wp\/v2\/posts\/58747"}],"collection":[{"href":"https:\/\/franciscanos.org.br\/noticias\/wp-json\/wp\/v2\/posts"}],"about":[{"href":"https:\/\/franciscanos.org.br\/noticias\/wp-json\/wp\/v2\/types\/post"}],"author":[{"embeddable":true,"href":"https:\/\/franciscanos.org.br\/noticias\/wp-json\/wp\/v2\/users\/1"}],"replies":[{"embeddable":true,"href":"https:\/\/franciscanos.org.br\/noticias\/wp-json\/wp\/v2\/comments?post=58747"}],"version-history":[{"count":1,"href":"https:\/\/franciscanos.org.br\/noticias\/wp-json\/wp\/v2\/posts\/58747\/revisions"}],"predecessor-version":[{"id":229313,"href":"https:\/\/franciscanos.org.br\/noticias\/wp-json\/wp\/v2\/posts\/58747\/revisions\/229313"}],"wp:featuredmedia":[{"embeddable":true,"href":"https:\/\/franciscanos.org.br\/noticias\/wp-json\/wp\/v2\/media\/218949"}],"wp:attachment":[{"href":"https:\/\/franciscanos.org.br\/noticias\/wp-json\/wp\/v2\/media?parent=58747"}],"wp:term":[{"taxonomy":"category","embeddable":true,"href":"https:\/\/franciscanos.org.br\/noticias\/wp-json\/wp\/v2\/categories?post=58747"},{"taxonomy":"post_tag","embeddable":true,"href":"https:\/\/franciscanos.org.br\/noticias\/wp-json\/wp\/v2\/tags?post=58747"}],"curies":[{"name":"wp","href":"https:\/\/api.w.org\/{rel}","templated":true}]}}