{"id":58735,"date":"2014-05-21T07:07:36","date_gmt":"2014-05-21T10:07:36","guid":{"rendered":"http:\/\/new.franciscanos.org.br\/?p=58735"},"modified":"2020-11-11T11:26:17","modified_gmt":"2020-11-11T14:26:17","slug":"congresso-celebra-a-graca-das-origens","status":"publish","type":"post","link":"https:\/\/franciscanos.org.br\/noticias\/congresso-celebra-a-graca-das-origens.html","title":{"rendered":"Congresso celebra a \u201cGra\u00e7a das Origens\u201d"},"content":{"rendered":"<p><img loading=\"lazy\" class=\"size-full wp-image-197520 aligncenter\" src=\"https:\/\/franciscanos.org.br\/noticias\/wp-content\/uploads\/2014\/05\/CONGRESSO-1-1.jpg\" alt=\"\" width=\"830\" height=\"431\" srcset=\"https:\/\/franciscanos.org.br\/noticias\/wp-content\/uploads\/2014\/05\/CONGRESSO-1-1.jpg 830w, https:\/\/franciscanos.org.br\/noticias\/wp-content\/uploads\/2014\/05\/CONGRESSO-1-1-450x234.jpg 450w, https:\/\/franciscanos.org.br\/noticias\/wp-content\/uploads\/2014\/05\/CONGRESSO-1-1-768x399.jpg 768w, https:\/\/franciscanos.org.br\/noticias\/wp-content\/uploads\/2014\/05\/CONGRESSO-1-1-150x78.jpg 150w\" sizes=\"(max-width: 830px) 100vw, 830px\" \/><\/p>\n<p>&nbsp;<\/p>\n<p><strong>Frei Toni Michels<\/strong><\/p>\n<p><strong>Roma (It\u00e1lia)<\/strong>\u00a0&#8211;\u00a0O segundo dia do Primeiro Congresso Internacional para as Miss\u00f5es e a Evangeliza\u00e7\u00e3o da Ordem dos Frades Menores, emplacado como \u201cDia da gra\u00e7a das origens \u2013 a valiosa heran\u00e7a de nossa hist\u00f3ria\u201d, foi dia de sol e clima ameno aqui em Sassone, Roma. A liturgia esteve por conta das Confer\u00eancias do M\u00e9xico e do Cone Sul. Come\u00e7amos os trabalhos ouvindo o \u201cespecialista em franciscanismo\u201d, o italiano Frei Cesare Vaiani, que nos falou sobre o tema \u201cS\u00e3o Francisco evangelizador \u2013 identidade e novidade evang\u00e9lica em S\u00e3o Francisco\u201d.<\/p>\n<p>Na segunda parte da manh\u00e3 nos foram apresentados tr\u00eas documentos da Ordem sobre diferentes formas de presen\u00e7a evangelizadora dos frades. O primeiro \u00e9 um documento novo, que ainda n\u00e3o chegou na Prov\u00edncia, e que trata das \u201cnovas formas\u201d de presen\u00e7a evangelizadora, e que tem como t\u00edtulo \u201cIde, anunciai \u2013 Diretrizes sobre as Novas Formas de vida e miss\u00e3o na Ordem dos Irm\u00e3os Menores\u201d.Em seguida foram recordados os documentos lan\u00e7ados j\u00e1 em 2009 sobre a presen\u00e7a nas Par\u00f3quias e na Educa\u00e7\u00e3o, respectivamente, \u201cEnviados a evangelizar em fraternidade e minoridade na par\u00f3quia\u201d e \u201cIde e ensinai \u2013 diretrizes gerais para a Educa\u00e7\u00e3o Franciscana\u201d.<\/p>\n<p>Na primeira parte da tarde ouvimos palestra sobre \u201cA miss\u00e3o evangelizadora da Ordem hoje\u201d. Frei Gerardo Crespo, mexicano, recordou o conte\u00fado do cap\u00edtulo V das Constitui\u00e7\u00f5es Gerais para depois dizer como a Ordem tem se organizado em vista da miss\u00e3o evangelizadora em chave franciscana. Terminou apresentando um r\u00e1pido panorama das 14 confer\u00eancias da Ordem no mundo: n\u00famero de irm\u00e3os, suas diferentes atividades evangelizadoras, desafios etc.<\/p>\n<p>Na segunda parte da tarde come\u00e7aram os laborat\u00f3rios que, segundo nos disseram na abertura do Congresso, ser\u00e3o parte importante dos trabalhos. S\u00e3o seis os temas dos laborat\u00f3rios: Nova Evangeliza\u00e7\u00e3o; Miss\u00e3o Compartida com os Leigos; Evangeliza\u00e7\u00e3o Ordin\u00e1ria (par\u00f3quias, col\u00e9gios etc); Evangeliza\u00e7\u00e3o e Di\u00e1logo; Evangeliza\u00e7\u00e3o e Juventude e Evangeliza\u00e7\u00e3o Mission\u00e1ria.<\/p>\n<p>O Senhor lhes d\u00ea a paz!<\/p>\n","protected":false},"excerpt":{"rendered":"<p>OFM<\/p>\n","protected":false},"author":1,"featured_media":202218,"comment_status":"closed","ping_status":"open","sticky":false,"template":"","format":"standard","meta":[],"categories":[1],"tags":[128],"acf":[],"yoast_head":"<!-- This site is optimized with the Yoast SEO plugin v19.2 - https:\/\/yoast.com\/wordpress\/plugins\/seo\/ -->\n<title>Congresso celebra a \u201cGra\u00e7a das Origens\u201d - Not\u00edcias - Franciscanos<\/title>\n<meta name=\"robots\" content=\"index, follow, max-snippet:-1, max-image-preview:large, max-video-preview:-1\" \/>\n<link rel=\"canonical\" href=\"https:\/\/franciscanos.org.br\/noticias\/congresso-celebra-a-graca-das-origens.html\" \/>\n<meta property=\"og:locale\" content=\"pt_BR\" \/>\n<meta property=\"og:type\" content=\"article\" \/>\n<meta property=\"og:title\" content=\"Congresso celebra a \u201cGra\u00e7a das Origens\u201d - Not\u00edcias - Franciscanos\" \/>\n<meta property=\"og:description\" content=\"OFM\" \/>\n<meta property=\"og:url\" content=\"https:\/\/franciscanos.org.br\/noticias\/congresso-celebra-a-graca-das-origens.html\" \/>\n<meta property=\"og:site_name\" content=\"Not\u00edcias - Franciscanos\" \/>\n<meta property=\"article:published_time\" content=\"2014-05-21T10:07:36+00:00\" \/>\n<meta property=\"article:modified_time\" content=\"2020-11-11T14:26:17+00:00\" \/>\n<meta property=\"og:image\" content=\"https:\/\/franciscanos.org.br\/noticias\/wp-content\/uploads\/2014\/05\/CONGRESSO-1-1-1.jpg\" \/>\n\t<meta property=\"og:image:width\" content=\"273\" \/>\n\t<meta property=\"og:image:height\" content=\"181\" \/>\n\t<meta property=\"og:image:type\" content=\"image\/jpeg\" \/>\n<meta name=\"author\" content=\"admin\" \/>\n<meta name=\"twitter:card\" content=\"summary_large_image\" \/>\n<meta name=\"twitter:label1\" content=\"Escrito por\" \/>\n\t<meta name=\"twitter:data1\" content=\"admin\" \/>\n\t<meta name=\"twitter:label2\" content=\"Est. tempo de leitura\" \/>\n\t<meta name=\"twitter:data2\" content=\"2 minutos\" \/>\n<script type=\"application\/ld+json\" class=\"yoast-schema-graph\">{\"@context\":\"https:\/\/schema.org\",\"@graph\":[{\"@type\":\"WebSite\",\"@id\":\"https:\/\/franciscanos.org.br\/noticias\/#website\",\"url\":\"https:\/\/franciscanos.org.br\/noticias\/\",\"name\":\"Not\u00edcias - Franciscanos\",\"description\":\"Prov\u00edncia Franciscana da Imaculada Concei\u00e7\u00e3o do Brasil - Ordem dos Frades Menores - OFM\",\"potentialAction\":[{\"@type\":\"SearchAction\",\"target\":{\"@type\":\"EntryPoint\",\"urlTemplate\":\"https:\/\/franciscanos.org.br\/noticias\/?s={search_term_string}\"},\"query-input\":\"required name=search_term_string\"}],\"inLanguage\":\"pt-BR\"},{\"@type\":\"ImageObject\",\"inLanguage\":\"pt-BR\",\"@id\":\"https:\/\/franciscanos.org.br\/noticias\/congresso-celebra-a-graca-das-origens.html#primaryimage\",\"url\":\"https:\/\/franciscanos.org.br\/noticias\/wp-content\/uploads\/2014\/05\/CONGRESSO-1-1-1.jpg\",\"contentUrl\":\"https:\/\/franciscanos.org.br\/noticias\/wp-content\/uploads\/2014\/05\/CONGRESSO-1-1-1.jpg\",\"width\":273,\"height\":181},{\"@type\":\"WebPage\",\"@id\":\"https:\/\/franciscanos.org.br\/noticias\/congresso-celebra-a-graca-das-origens.html#webpage\",\"url\":\"https:\/\/franciscanos.org.br\/noticias\/congresso-celebra-a-graca-das-origens.html\",\"name\":\"Congresso celebra a \u201cGra\u00e7a das Origens\u201d - Not\u00edcias - Franciscanos\",\"isPartOf\":{\"@id\":\"https:\/\/franciscanos.org.br\/noticias\/#website\"},\"primaryImageOfPage\":{\"@id\":\"https:\/\/franciscanos.org.br\/noticias\/congresso-celebra-a-graca-das-origens.html#primaryimage\"},\"datePublished\":\"2014-05-21T10:07:36+00:00\",\"dateModified\":\"2020-11-11T14:26:17+00:00\",\"author\":{\"@id\":\"https:\/\/franciscanos.org.br\/noticias\/#\/schema\/person\/b38fbf43118f02820bd932f2e4b14ad3\"},\"breadcrumb\":{\"@id\":\"https:\/\/franciscanos.org.br\/noticias\/congresso-celebra-a-graca-das-origens.html#breadcrumb\"},\"inLanguage\":\"pt-BR\",\"potentialAction\":[{\"@type\":\"ReadAction\",\"target\":[\"https:\/\/franciscanos.org.br\/noticias\/congresso-celebra-a-graca-das-origens.html\"]}]},{\"@type\":\"BreadcrumbList\",\"@id\":\"https:\/\/franciscanos.org.br\/noticias\/congresso-celebra-a-graca-das-origens.html#breadcrumb\",\"itemListElement\":[{\"@type\":\"ListItem\",\"position\":1,\"name\":\"Home\",\"item\":\"https:\/\/franciscanos.org.br\/noticias\"},{\"@type\":\"ListItem\",\"position\":2,\"name\":\"Congresso celebra a \u201cGra\u00e7a das Origens\u201d\"}]},{\"@type\":\"Person\",\"@id\":\"https:\/\/franciscanos.org.br\/noticias\/#\/schema\/person\/b38fbf43118f02820bd932f2e4b14ad3\",\"name\":\"admin\",\"image\":{\"@type\":\"ImageObject\",\"inLanguage\":\"pt-BR\",\"@id\":\"https:\/\/franciscanos.org.br\/noticias\/#\/schema\/person\/image\/\",\"url\":\"https:\/\/secure.gravatar.com\/avatar\/e8495742d34d0ba6448ea1c628263b3e?s=96&d=mm&r=g\",\"contentUrl\":\"https:\/\/secure.gravatar.com\/avatar\/e8495742d34d0ba6448ea1c628263b3e?s=96&d=mm&r=g\",\"caption\":\"admin\"},\"url\":\"https:\/\/franciscanos.org.br\/noticias\/author\/admin\"}]}<\/script>\n<!-- \/ Yoast SEO plugin. -->","yoast_head_json":{"title":"Congresso celebra a \u201cGra\u00e7a das Origens\u201d - Not\u00edcias - Franciscanos","robots":{"index":"index","follow":"follow","max-snippet":"max-snippet:-1","max-image-preview":"max-image-preview:large","max-video-preview":"max-video-preview:-1"},"canonical":"https:\/\/franciscanos.org.br\/noticias\/congresso-celebra-a-graca-das-origens.html","og_locale":"pt_BR","og_type":"article","og_title":"Congresso celebra a \u201cGra\u00e7a das Origens\u201d - Not\u00edcias - Franciscanos","og_description":"OFM","og_url":"https:\/\/franciscanos.org.br\/noticias\/congresso-celebra-a-graca-das-origens.html","og_site_name":"Not\u00edcias - Franciscanos","article_published_time":"2014-05-21T10:07:36+00:00","article_modified_time":"2020-11-11T14:26:17+00:00","og_image":[{"width":273,"height":181,"url":"https:\/\/franciscanos.org.br\/noticias\/wp-content\/uploads\/2014\/05\/CONGRESSO-1-1-1.jpg","type":"image\/jpeg"}],"author":"admin","twitter_card":"summary_large_image","twitter_misc":{"Escrito por":"admin","Est. tempo de leitura":"2 minutos"},"schema":{"@context":"https:\/\/schema.org","@graph":[{"@type":"WebSite","@id":"https:\/\/franciscanos.org.br\/noticias\/#website","url":"https:\/\/franciscanos.org.br\/noticias\/","name":"Not\u00edcias - Franciscanos","description":"Prov\u00edncia Franciscana da Imaculada Concei\u00e7\u00e3o do Brasil - Ordem dos Frades Menores - OFM","potentialAction":[{"@type":"SearchAction","target":{"@type":"EntryPoint","urlTemplate":"https:\/\/franciscanos.org.br\/noticias\/?s={search_term_string}"},"query-input":"required name=search_term_string"}],"inLanguage":"pt-BR"},{"@type":"ImageObject","inLanguage":"pt-BR","@id":"https:\/\/franciscanos.org.br\/noticias\/congresso-celebra-a-graca-das-origens.html#primaryimage","url":"https:\/\/franciscanos.org.br\/noticias\/wp-content\/uploads\/2014\/05\/CONGRESSO-1-1-1.jpg","contentUrl":"https:\/\/franciscanos.org.br\/noticias\/wp-content\/uploads\/2014\/05\/CONGRESSO-1-1-1.jpg","width":273,"height":181},{"@type":"WebPage","@id":"https:\/\/franciscanos.org.br\/noticias\/congresso-celebra-a-graca-das-origens.html#webpage","url":"https:\/\/franciscanos.org.br\/noticias\/congresso-celebra-a-graca-das-origens.html","name":"Congresso celebra a \u201cGra\u00e7a das Origens\u201d - Not\u00edcias - Franciscanos","isPartOf":{"@id":"https:\/\/franciscanos.org.br\/noticias\/#website"},"primaryImageOfPage":{"@id":"https:\/\/franciscanos.org.br\/noticias\/congresso-celebra-a-graca-das-origens.html#primaryimage"},"datePublished":"2014-05-21T10:07:36+00:00","dateModified":"2020-11-11T14:26:17+00:00","author":{"@id":"https:\/\/franciscanos.org.br\/noticias\/#\/schema\/person\/b38fbf43118f02820bd932f2e4b14ad3"},"breadcrumb":{"@id":"https:\/\/franciscanos.org.br\/noticias\/congresso-celebra-a-graca-das-origens.html#breadcrumb"},"inLanguage":"pt-BR","potentialAction":[{"@type":"ReadAction","target":["https:\/\/franciscanos.org.br\/noticias\/congresso-celebra-a-graca-das-origens.html"]}]},{"@type":"BreadcrumbList","@id":"https:\/\/franciscanos.org.br\/noticias\/congresso-celebra-a-graca-das-origens.html#breadcrumb","itemListElement":[{"@type":"ListItem","position":1,"name":"Home","item":"https:\/\/franciscanos.org.br\/noticias"},{"@type":"ListItem","position":2,"name":"Congresso celebra a \u201cGra\u00e7a das Origens\u201d"}]},{"@type":"Person","@id":"https:\/\/franciscanos.org.br\/noticias\/#\/schema\/person\/b38fbf43118f02820bd932f2e4b14ad3","name":"admin","image":{"@type":"ImageObject","inLanguage":"pt-BR","@id":"https:\/\/franciscanos.org.br\/noticias\/#\/schema\/person\/image\/","url":"https:\/\/secure.gravatar.com\/avatar\/e8495742d34d0ba6448ea1c628263b3e?s=96&d=mm&r=g","contentUrl":"https:\/\/secure.gravatar.com\/avatar\/e8495742d34d0ba6448ea1c628263b3e?s=96&d=mm&r=g","caption":"admin"},"url":"https:\/\/franciscanos.org.br\/noticias\/author\/admin"}]}},"_links":{"self":[{"href":"https:\/\/franciscanos.org.br\/noticias\/wp-json\/wp\/v2\/posts\/58735"}],"collection":[{"href":"https:\/\/franciscanos.org.br\/noticias\/wp-json\/wp\/v2\/posts"}],"about":[{"href":"https:\/\/franciscanos.org.br\/noticias\/wp-json\/wp\/v2\/types\/post"}],"author":[{"embeddable":true,"href":"https:\/\/franciscanos.org.br\/noticias\/wp-json\/wp\/v2\/users\/1"}],"replies":[{"embeddable":true,"href":"https:\/\/franciscanos.org.br\/noticias\/wp-json\/wp\/v2\/comments?post=58735"}],"version-history":[{"count":2,"href":"https:\/\/franciscanos.org.br\/noticias\/wp-json\/wp\/v2\/posts\/58735\/revisions"}],"predecessor-version":[{"id":229315,"href":"https:\/\/franciscanos.org.br\/noticias\/wp-json\/wp\/v2\/posts\/58735\/revisions\/229315"}],"wp:featuredmedia":[{"embeddable":true,"href":"https:\/\/franciscanos.org.br\/noticias\/wp-json\/wp\/v2\/media\/202218"}],"wp:attachment":[{"href":"https:\/\/franciscanos.org.br\/noticias\/wp-json\/wp\/v2\/media?parent=58735"}],"wp:term":[{"taxonomy":"category","embeddable":true,"href":"https:\/\/franciscanos.org.br\/noticias\/wp-json\/wp\/v2\/categories?post=58735"},{"taxonomy":"post_tag","embeddable":true,"href":"https:\/\/franciscanos.org.br\/noticias\/wp-json\/wp\/v2\/tags?post=58735"}],"curies":[{"name":"wp","href":"https:\/\/api.w.org\/{rel}","templated":true}]}}